{"id":14068,"date":"2016-06-04T04:15:17","date_gmt":"2016-06-04T04:15:17","guid":{"rendered":"http:\/\/www.grieta.org.mx\/?p=14068"},"modified":"2016-06-12T04:17:41","modified_gmt":"2016-06-12T04:17:41","slug":"cambian-mando-policial-en-ezequiel-montes","status":"publish","type":"post","link":"http:\/\/www.grieta.org.mx\/index.php\/2016\/06\/04\/cambian-mando-policial-en-ezequiel-montes\/","title":{"rendered":"Cambian mando policial en Ezequiel Montes"},"content":{"rendered":"<p>Guillermo Contreras\/AM Quer\u00e9taro<\/p>\n<p>Elementos de la corporaci\u00f3n policial en Ezequiel Montes confirmaron cambio en el mando, con la salida Jes\u00fas C\u00f3rdova Cruz, y quien asumi\u00f3 el cargo como director interino es el polic\u00eda primero, Francisco Fern\u00e1ndez Rico, quien tiene 20 a\u00f1os en la dependencia municipal.<\/p>\n<p>Luego del paro de actividades que promovieron los 34 elementos el 21 de mayo, donde la principal exigencia era el cambio del mando, el gobierno encabezado por Luz Mar\u00eda Quintanar inici\u00f3 negociaciones con los polic\u00edas para conocer las necesidades que enfrentaban y es que adem\u00e1s carecen de equipamiento para realizar adecuadamente sus funciones. De acuerdo a informaci\u00f3n proporcionada por la administraci\u00f3n municipal el hoy exdirector de la corporaci\u00f3n, Jes\u00fas C\u00f3rdova, present\u00f3 su renuncia voluntaria desde la semana pasada.<\/p>\n<p>    \u201cEl se\u00f1or ni siquiera era de Ezequiel Montes, habr\u00e1 tenido todo el curr\u00edculum, pero adem\u00e1s de desconocer la problem\u00e1tica que enfrentaba el municipio, ignoraba las quejas que formul\u00e1bamos como miembros de la corporaci\u00f3n. Durante la reuni\u00f3n que tuvimos con la alcaldesa, se molest\u00f3 mucho porque asegur\u00f3 que nunca se le inform\u00f3 de la problem\u00e1tica que ten\u00edamos; ahora, entr\u00f3 el compa\u00f1ero Francisco Hern\u00e1ndez Rico como interino y quien lo ratificar\u00e1 en pr\u00f3ximos d\u00edas ser\u00e1 el cabildo\u201d, explic\u00f3 uno de los elementos policiales.<\/p>\n<p>En lo que respecta a los ajustes de horario, quienes mantienen horarios de 24 horas de trabajo, por 24 de descanso, los entrevistados dijeron que el tema no ha sido resuelto por parte de la administraci\u00f3n y es que no hay polic\u00edas suficientes para generar horarios de 12 horas de trabajo por 24 de descanso como lo recomiendan organismos internacionales.<\/p>\n<p>    \u201cLa principal exigencia se cumpli\u00f3. Lo que sigue es modificar los horarios, ya sea de 12 por 24 o de 24 por 48. El Municipio dice que no hay elementos suficientes y que est\u00e1n a d\u00edas de iniciar la contrataci\u00f3n de 20 nuevos polic\u00edas con apoyo de la Secretar\u00eda de Seguridad Ciudadana. S\u00ed hay presencia por parte de la Polic\u00eda Estatal que vigila las carreteras federales y estatales\u201d.<\/p>\n<p>Los oficiales recordaron que el 6 de junio habr\u00e1 una nueva reuni\u00f3n con la alcaldesa para que ofrezca detalles sobre el avance que hay en mejorar las condiciones de trabajo de los polic\u00edas y aunque reconocieron que se han visto algunos avances, mantendr\u00e1n \u201cla guardia en alto\u201d hasta que se cumplan sus necesidades.<\/p>\n<p><a href=\"http:\/\/amqueretaro.com\/queretaro\/2016\/06\/04\/cambian-mando-policial-en-ezequiel-montes\" target=\"_blank\">http:\/\/amqueretaro.com\/queretaro\/2016\/06\/04\/cambian-mando-policial-en-ezequiel-montes<\/a><\/p>\n","protected":false},"excerpt":{"rendered":"<p>Guillermo Contreras\/AM Quer\u00e9taro Elementos de la corporaci\u00f3n policial en Ezequiel Montes confirmaron cambio en el mando, con la salida Jes\u00fas C\u00f3rdova Cruz, y quien asumi\u00f3 el cargo como director interino &hellip; <a href=\"http:\/\/www.grieta.org.mx\/index.php\/2016\/06\/04\/cambian-mando-policial-en-ezequiel-montes\/\" class=\"more-link\">Leer m\u00e1s<\/a><\/p>\n","protected":false},"author":2,"featured_media":21928,"comment_status":"closed","ping_status":"closed","sticky":false,"template":"","format":"standard","meta":{"ngg_post_thumbnail":0,"_jetpack_newsletter_access":"","_jetpack_dont_email_post_to_subs":false,"_jetpack_newsletter_tier_id":0,"_jetpack_memberships_contains_paywalled_content":false,"_jetpack_memberships_contains_paid_content":false,"footnotes":""},"categories":[80],"tags":[113],"class_list":["post-14068","post","type-post","status-publish","format-standard","has-post-thumbnail","hentry","category-cintillo","tag-conflictos-laborales","entry"],"jetpack_featured_media_url":"http:\/\/www.grieta.org.mx\/wp-content\/uploads\/2018\/03\/14524434_1106112876131411_958039263622046936_o.jpg","jetpack_sharing_enabled":true,"jetpack_shortlink":"https:\/\/wp.me\/p7ZJR4-3EU","jetpack_likes_enabled":false,"jetpack-related-posts":[{"id":12784,"url":"http:\/\/www.grieta.org.mx\/index.php\/2016\/05\/21\/hacen-paro-policias-en-ezequiel-montes\/","url_meta":{"origin":14068,"position":0},"title":"Hacen paro polic\u00edas en Ezequiel Montes","author":"grieta","date":"21 mayo, 2016","format":false,"excerpt":"Guillermo Contreras\/AM Quer\u00e9taro Elementos de la Secretar\u00eda de Seguridad P\u00fablica (SSPM) en el municipio de Ezequiel Montes hicieron paro de actividades a las 8:30 horas Elementos de la Secretar\u00eda de Seguridad P\u00fablica (SSPM) en el municipio de Ezequiel Montes hicieron paro de actividades a las 8:30 horas y se concentraron\u2026","rel":"","context":"En &quot;CINTILLO&quot;","block_context":{"text":"CINTILLO","link":"http:\/\/www.grieta.org.mx\/index.php\/category\/cintillo\/"},"img":{"alt_text":"","src":"https:\/\/i0.wp.com\/www.grieta.org.mx\/wp-content\/uploads\/2018\/03\/14524434_1106112876131411_958039263622046936_o.jpg?resize=350%2C200","width":350,"height":200,"srcset":"https:\/\/i0.wp.com\/www.grieta.org.mx\/wp-content\/uploads\/2018\/03\/14524434_1106112876131411_958039263622046936_o.jpg?resize=350%2C200 1x, https:\/\/i0.wp.com\/www.grieta.org.mx\/wp-content\/uploads\/2018\/03\/14524434_1106112876131411_958039263622046936_o.jpg?resize=525%2C300 1.5x, https:\/\/i0.wp.com\/www.grieta.org.mx\/wp-content\/uploads\/2018\/03\/14524434_1106112876131411_958039263622046936_o.jpg?resize=700%2C400 2x"},"classes":[]},{"id":10254,"url":"http:\/\/www.grieta.org.mx\/index.php\/2016\/07\/25\/conflictos-laborales-en-queretaro\/","url_meta":{"origin":14068,"position":1},"title":"Conflictos laborales en Quer\u00e9taro","author":"grieta","date":"25 julio, 2016","format":false,"excerpt":"Temas laborales en Quer\u00e9taro 25\/07\/16. Municipio de Cadereyta emplazado a huelga para 29 de agosto Diario Rotativo 04\/07\/16. Van 500 trabajadores despedidos en el municipio de Quer\u00e9taro AM Quer\u00e9taro 21\/06\/16. Un sinn\u00famero de trabajadores ser\u00e1n despedidos para reducir n\u00f3mina AM Quer\u00e9taro 14\/05\/16. Trabajadores del municipio de Quer\u00e9taro, a la espera\u2026","rel":"","context":"En &quot;Quer\u00e9taro&quot;","block_context":{"text":"Quer\u00e9taro","link":"http:\/\/www.grieta.org.mx\/index.php\/category\/noticias-nacionales\/queretaro\/"},"img":{"alt_text":"","src":"https:\/\/i0.wp.com\/www.grieta.org.mx\/wp-content\/uploads\/2018\/03\/14524434_1106112876131411_958039263622046936_o.jpg?resize=350%2C200","width":350,"height":200,"srcset":"https:\/\/i0.wp.com\/www.grieta.org.mx\/wp-content\/uploads\/2018\/03\/14524434_1106112876131411_958039263622046936_o.jpg?resize=350%2C200 1x, https:\/\/i0.wp.com\/www.grieta.org.mx\/wp-content\/uploads\/2018\/03\/14524434_1106112876131411_958039263622046936_o.jpg?resize=525%2C300 1.5x, https:\/\/i0.wp.com\/www.grieta.org.mx\/wp-content\/uploads\/2018\/03\/14524434_1106112876131411_958039263622046936_o.jpg?resize=700%2C400 2x"},"classes":[]},{"id":10292,"url":"http:\/\/www.grieta.org.mx\/index.php\/2016\/03\/31\/se-manifiestan-policias-municipales-y-entregan-pliego-petitorio\/","url_meta":{"origin":14068,"position":2},"title":"Se manifiestan polic\u00edas municipales y entregan pliego petitorio","author":"grieta","date":"31 marzo, 2016","format":false,"excerpt":"Cecilia Conde\/AM Quer\u00e9taro Se manifiestan polic\u00edas municipales y entregan pliego petitorio Solicitan el despido del secretario de Seguridad P\u00fablica Municipal y el director de la Guardia Municipal. Elementos de la Secretar\u00eda de Seguridad P\u00fablica del Municipio de Quer\u00e9taro entregaron un pliego petitorio en que denuncian violaciones a derechos humanos Elementos\u2026","rel":"","context":"En &quot;CINTILLO&quot;","block_context":{"text":"CINTILLO","link":"http:\/\/www.grieta.org.mx\/index.php\/category\/cintillo\/"},"img":{"alt_text":"","src":"https:\/\/i0.wp.com\/www.grieta.org.mx\/wp-content\/uploads\/2018\/03\/14524434_1106112876131411_958039263622046936_o.jpg?resize=350%2C200","width":350,"height":200,"srcset":"https:\/\/i0.wp.com\/www.grieta.org.mx\/wp-content\/uploads\/2018\/03\/14524434_1106112876131411_958039263622046936_o.jpg?resize=350%2C200 1x, https:\/\/i0.wp.com\/www.grieta.org.mx\/wp-content\/uploads\/2018\/03\/14524434_1106112876131411_958039263622046936_o.jpg?resize=525%2C300 1.5x, https:\/\/i0.wp.com\/www.grieta.org.mx\/wp-content\/uploads\/2018\/03\/14524434_1106112876131411_958039263622046936_o.jpg?resize=700%2C400 2x"},"classes":[]},{"id":23308,"url":"http:\/\/www.grieta.org.mx\/index.php\/2018\/03\/10\/dealojan-a-indigenas-ezequiel-montes-queretaro\/","url_meta":{"origin":14068,"position":3},"title":"Desalojan a ind\u00edgenas (Ezequiel Montes, Quer\u00e9taro)","author":"grieta","date":"10 marzo, 2018","format":false,"excerpt":"Fernando Venegas \/ Plaza de Armas Habitantes de la comunidad ind\u00edgena de El Coyote, en el Municipio de Ezequiel Montes, con m\u00e1s de 100 a\u00f1os de antig\u00fcedad, denunciaron el despojo de sus tierras, a pesar de tener una suspensi\u00f3n dictada por el juez IV de Distrito contra la orden de\u2026","rel":"","context":"En &quot;CINTILLO&quot;","block_context":{"text":"CINTILLO","link":"http:\/\/www.grieta.org.mx\/index.php\/category\/cintillo\/"},"img":{"alt_text":"","src":"https:\/\/i0.wp.com\/www.grieta.org.mx\/wp-content\/uploads\/2018\/05\/e6cc77da-7fd4-49b4-9776-f7dd2a9ca7b5.jpeg?resize=350%2C200","width":350,"height":200,"srcset":"https:\/\/i0.wp.com\/www.grieta.org.mx\/wp-content\/uploads\/2018\/05\/e6cc77da-7fd4-49b4-9776-f7dd2a9ca7b5.jpeg?resize=350%2C200 1x, https:\/\/i0.wp.com\/www.grieta.org.mx\/wp-content\/uploads\/2018\/05\/e6cc77da-7fd4-49b4-9776-f7dd2a9ca7b5.jpeg?resize=525%2C300 1.5x, https:\/\/i0.wp.com\/www.grieta.org.mx\/wp-content\/uploads\/2018\/05\/e6cc77da-7fd4-49b4-9776-f7dd2a9ca7b5.jpeg?resize=700%2C400 2x"},"classes":[]},{"id":2558,"url":"http:\/\/www.grieta.org.mx\/index.php\/2015\/09\/17\/liberaron-alcaldia-de-huehuetla\/","url_meta":{"origin":14068,"position":4},"title":"Liberaron alcald\u00eda de Huehuetla","author":"grieta","date":"17 septiembre, 2015","format":false,"excerpt":"Mar\u00eda Antonieta Islas La destituci\u00f3n del director y toda la plantilla policial de Seguridad P\u00fablica, separar del cargo al director de Obras P\u00fablicas y dar seguimiento a las \u00f3rdenes de aprehensi\u00f3n derivadas de la averiguaci\u00f3n previa por el homicidio de Antonio Quirino fueron parte de los acuerdos que la madrugada\u2026","rel":"","context":"En &quot;CINTILLO&quot;","block_context":{"text":"CINTILLO","link":"http:\/\/www.grieta.org.mx\/index.php\/category\/cintillo\/"},"img":{"alt_text":"","src":"https:\/\/i0.wp.com\/www.grieta.org.mx\/wp-content\/uploads\/2018\/03\/14524434_1106112876131411_958039263622046936_o.jpg?resize=350%2C200","width":350,"height":200,"srcset":"https:\/\/i0.wp.com\/www.grieta.org.mx\/wp-content\/uploads\/2018\/03\/14524434_1106112876131411_958039263622046936_o.jpg?resize=350%2C200 1x, https:\/\/i0.wp.com\/www.grieta.org.mx\/wp-content\/uploads\/2018\/03\/14524434_1106112876131411_958039263622046936_o.jpg?resize=525%2C300 1.5x, https:\/\/i0.wp.com\/www.grieta.org.mx\/wp-content\/uploads\/2018\/03\/14524434_1106112876131411_958039263622046936_o.jpg?resize=700%2C400 2x"},"classes":[]},{"id":31977,"url":"http:\/\/www.grieta.org.mx\/index.php\/2019\/03\/27\/atenta-fuerza-civil-contra-fotoperiodista-durante-cobertura-en-penal-del-topo-chico-nuevo-leon\/","url_meta":{"origin":14068,"position":5},"title":"ATENTA FUERZA CIVIL CONTRA FOTOPERIODISTA DURANTE COBERTURA EN PENAL DEL TOPO CHICO (Nuevo Le\u00f3n)","author":"grieta","date":"27 marzo, 2019","format":false,"excerpt":"Jes\u00fas Padilla \/ Reporte \u00cdndigo La Asociaci\u00f3n Periodistas de Nuevo Le\u00f3n A.C. reprueba firmemente la dolosa actitud de elementos de Fuerza Civil, al no ser el primer incidente El fotoperiodista del peri\u00f3dico Milenio Monterrey, Ra\u00fal Palacios, fue obligado por elementos de Fuerza Civil a borrar gr\u00e1ficas durante la cobertura del\u2026","rel":"","context":"En &quot;CINTILLO&quot;","block_context":{"text":"CINTILLO","link":"http:\/\/www.grieta.org.mx\/index.php\/category\/cintillo\/"},"img":{"alt_text":"","src":"https:\/\/i0.wp.com\/www.grieta.org.mx\/wp-content\/uploads\/2019\/04\/ATENTA-FUERZA-CIVIL-CONTRA-FOTOPERIODISTA-DURANTE-COBERTURA-EN-PENAL-DEL-TOPO-CHICO-nl-abr.jpeg?resize=350%2C200","width":350,"height":200,"srcset":"https:\/\/i0.wp.com\/www.grieta.org.mx\/wp-content\/uploads\/2019\/04\/ATENTA-FUERZA-CIVIL-CONTRA-FOTOPERIODISTA-DURANTE-COBERTURA-EN-PENAL-DEL-TOPO-CHICO-nl-abr.jpeg?resize=350%2C200 1x, https:\/\/i0.wp.com\/www.grieta.org.mx\/wp-content\/uploads\/2019\/04\/ATENTA-FUERZA-CIVIL-CONTRA-FOTOPERIODISTA-DURANTE-COBERTURA-EN-PENAL-DEL-TOPO-CHICO-nl-abr.jpeg?resize=525%2C300 1.5x, https:\/\/i0.wp.com\/www.grieta.org.mx\/wp-content\/uploads\/2019\/04\/ATENTA-FUERZA-CIVIL-CONTRA-FOTOPERIODISTA-DURANTE-COBERTURA-EN-PENAL-DEL-TOPO-CHICO-nl-abr.jpeg?resize=700%2C400 2x"},"classes":[]}],"_links":{"self":[{"href":"http:\/\/www.grieta.org.mx\/index.php\/wp-json\/wp\/v2\/posts\/14068","targetHints":{"allow":["GET"]}}],"collection":[{"href":"http:\/\/www.grieta.org.mx\/index.php\/wp-json\/wp\/v2\/posts"}],"about":[{"href":"http:\/\/www.grieta.org.mx\/index.php\/wp-json\/wp\/v2\/types\/post"}],"author":[{"embeddable":true,"href":"http:\/\/www.grieta.org.mx\/index.php\/wp-json\/wp\/v2\/users\/2"}],"replies":[{"embeddable":true,"href":"http:\/\/www.grieta.org.mx\/index.php\/wp-json\/wp\/v2\/comments?post=14068"}],"version-history":[{"count":1,"href":"http:\/\/www.grieta.org.mx\/index.php\/wp-json\/wp\/v2\/posts\/14068\/revisions"}],"predecessor-version":[{"id":14070,"href":"http:\/\/www.grieta.org.mx\/index.php\/wp-json\/wp\/v2\/posts\/14068\/revisions\/14070"}],"wp:featuredmedia":[{"embeddable":true,"href":"http:\/\/www.grieta.org.mx\/index.php\/wp-json\/wp\/v2\/media\/21928"}],"wp:attachment":[{"href":"http:\/\/www.grieta.org.mx\/index.php\/wp-json\/wp\/v2\/media?parent=14068"}],"wp:term":[{"taxonomy":"category","embeddable":true,"href":"http:\/\/www.grieta.org.mx\/index.php\/wp-json\/wp\/v2\/categories?post=14068"},{"taxonomy":"post_tag","embeddable":true,"href":"http:\/\/www.grieta.org.mx\/index.php\/wp-json\/wp\/v2\/tags?post=14068"}],"curies":[{"name":"wp","href":"https:\/\/api.w.org\/{rel}","templated":true}]}}