{"id":14011,"date":"2015-01-03T02:35:21","date_gmt":"2015-01-03T02:35:21","guid":{"rendered":"http:\/\/www.grieta.org.mx\/?p=14011"},"modified":"2016-06-11T23:54:16","modified_gmt":"2016-06-11T23:54:16","slug":"palabras-de-familiares-de-ayotzinapa-en-la-plenaria-del-festival-de-las-resistencias-y-las-rebeldias","status":"publish","type":"post","link":"http:\/\/www.grieta.org.mx\/index.php\/2015\/01\/03\/palabras-de-familiares-de-ayotzinapa-en-la-plenaria-del-festival-de-las-resistencias-y-las-rebeldias\/","title":{"rendered":"Palabras de familiares de Ayotzinapa en la plenaria del Festival de las Resistencias y las Rebeld\u00edas"},"content":{"rendered":"<p>Videos participaci\u00f3n de familiares de Ayotzinapa en Festival de las Resistencias y las Rebeld\u00edas<\/p>\n<p>Seminarios CIDECI (<a href=\"http:\/\/seminarioscideci.org\">http:\/\/seminarioscideci.org<\/a>)<\/p>\n<p>Don Bernab\u00e9 Abraham<\/p>\n<div class=\"jetpack-video-wrapper\"><iframe loading=\"lazy\" title=\"Inauguraci\u00f3n Plenaria #FestivalRyR - Bernabe Abraham - Ayotzinapa\" width=\"1170\" height=\"658\" src=\"https:\/\/www.youtube.com\/embed\/aAbRAtSXym8?feature=oembed\" frameborder=\"0\" allow=\"accelerometer; autoplay; clipboard-write; encrypted-media; gyroscope; picture-in-picture\" allowfullscreen><\/iframe><\/div>\n<p>Do\u00f1a Bertha Nava<\/p>\n<div class=\"jetpack-video-wrapper\"><iframe loading=\"lazy\" title=\"Inauguraci\u00f3n Plenaria #FestivalRyR - Bertha Nava - Ayotzinapa\" width=\"1170\" height=\"658\" src=\"https:\/\/www.youtube.com\/embed\/LSDntJFeWj4?feature=oembed\" frameborder=\"0\" allow=\"accelerometer; autoplay; clipboard-write; encrypted-media; gyroscope; picture-in-picture\" allowfullscreen><\/iframe><\/div>\n<p>Don Lambertino Cruz<\/p>\n<div class=\"jetpack-video-wrapper\"><iframe loading=\"lazy\" title=\"Inauguraci\u00f3n Plenaria #FestivalRyR - Lambertino Cruz - Ayotzinapa\" width=\"1170\" height=\"658\" src=\"https:\/\/www.youtube.com\/embed\/T5S-XsxcqM8?feature=oembed\" frameborder=\"0\" allow=\"accelerometer; autoplay; clipboard-write; encrypted-media; gyroscope; picture-in-picture\" allowfullscreen><\/iframe><\/div>\n<blockquote class=\"wp-embedded-content\" data-secret=\"Q1VUDdcQzY\"><p><a href=\"https:\/\/komanilel.org\/2015\/01\/06\/video-participaciones-en-la-inauguracion-de-la-plenaria-del-festivalryr-en-cideci\/\">#VIDEO Participaciones en la inauguraci\u00f3n de la plenaria del #FestivalRyR en CIDECI<\/a><\/p><\/blockquote>\n<p><iframe loading=\"lazy\" class=\"wp-embedded-content\" sandbox=\"allow-scripts\" security=\"restricted\" style=\"position: absolute; clip: rect(1px, 1px, 1px, 1px);\" title=\"&#171;#VIDEO Participaciones en la inauguraci\u00f3n de la plenaria del #FestivalRyR en CIDECI&#187; &#8212; KOMAN ILEL &quot;Mirada Colectiva&quot;\" src=\"https:\/\/komanilel.org\/2015\/01\/06\/video-participaciones-en-la-inauguracion-de-la-plenaria-del-festivalryr-en-cideci\/embed\/#?secret=Q1VUDdcQzY\" data-secret=\"Q1VUDdcQzY\" width=\"600\" height=\"338\" frameborder=\"0\" marginwidth=\"0\" marginheight=\"0\" scrolling=\"no\"><\/iframe><\/p>\n","protected":false},"excerpt":{"rendered":"<p>Videos participaci\u00f3n de familiares de Ayotzinapa en Festival de las Resistencias y las Rebeld\u00edas Seminarios CIDECI (http:\/\/seminarioscideci.org) Don Bernab\u00e9 Abraham Do\u00f1a Bertha Nava Don Lambertino Cruz #VIDEO Participaciones en la &hellip; <a href=\"http:\/\/www.grieta.org.mx\/index.php\/2015\/01\/03\/palabras-de-familiares-de-ayotzinapa-en-la-plenaria-del-festival-de-las-resistencias-y-las-rebeldias\/\" class=\"more-link\">Leer m\u00e1s<\/a><\/p>\n","protected":false},"author":2,"featured_media":21928,"comment_status":"closed","ping_status":"closed","sticky":false,"template":"","format":"standard","meta":{"ngg_post_thumbnail":0,"_jetpack_newsletter_access":"","_jetpack_dont_email_post_to_subs":false,"_jetpack_newsletter_tier_id":0,"_jetpack_memberships_contains_paywalled_content":false,"_jetpack_memberships_contains_paid_content":false,"footnotes":""},"categories":[80],"tags":[],"class_list":["post-14011","post","type-post","status-publish","format-standard","has-post-thumbnail","hentry","category-cintillo","entry"],"jetpack_featured_media_url":"http:\/\/www.grieta.org.mx\/wp-content\/uploads\/2018\/03\/14524434_1106112876131411_958039263622046936_o.jpg","jetpack_sharing_enabled":true,"jetpack_shortlink":"https:\/\/wp.me\/p7ZJR4-3DZ","jetpack_likes_enabled":false,"jetpack-related-posts":[{"id":13990,"url":"http:\/\/www.grieta.org.mx\/index.php\/2016\/07\/09\/ayotzinapa-la-palabra-de-los-familiares\/","url_meta":{"origin":14011,"position":0},"title":"Ayotzinapa: palabras de los familiares","author":"grieta","date":"9 julio, 2016","format":false,"excerpt":"09\/07\/16. Familiares de normalistas desaparecidos protestan con un paso libre de carreteras en la M\u00e9xico-CuernavacaNoticias MVS 03\/05\/15. Palabra de familiares de Ayotzinapa en el Semillero Seminarios CIDECI 03\/01\/15. Palabras de familiares de Ayotzinapa en la plenaria del Festival de las Resistencias y las Rebeld\u00edas Seminarios CIDECI","rel":"","context":"En &quot;Desaparecidos&quot;","block_context":{"text":"Desaparecidos","link":"http:\/\/www.grieta.org.mx\/index.php\/category\/temas-nacionales\/desaparecidos\/"},"img":{"alt_text":"","src":"https:\/\/i0.wp.com\/www.grieta.org.mx\/wp-content\/uploads\/2018\/03\/14524434_1106112876131411_958039263622046936_o.jpg?resize=350%2C200","width":350,"height":200,"srcset":"https:\/\/i0.wp.com\/www.grieta.org.mx\/wp-content\/uploads\/2018\/03\/14524434_1106112876131411_958039263622046936_o.jpg?resize=350%2C200 1x, https:\/\/i0.wp.com\/www.grieta.org.mx\/wp-content\/uploads\/2018\/03\/14524434_1106112876131411_958039263622046936_o.jpg?resize=525%2C300 1.5x, https:\/\/i0.wp.com\/www.grieta.org.mx\/wp-content\/uploads\/2018\/03\/14524434_1106112876131411_958039263622046936_o.jpg?resize=700%2C400 2x"},"classes":[]},{"id":70633,"url":"http:\/\/www.grieta.org.mx\/index.php\/2024\/12\/03\/programa-de-la-primera-sesion-de-los-encuentros-internacionales-de-resistencias-y-rebeldias-mesas-y-ponentes\/","url_meta":{"origin":14011,"position":1},"title":"PROGRAMA DE LA PRIMERA SESI\u00d3N DE LOS ENCUENTROS INTERNACIONALES DE RESISTENCIAS Y REBELD\u00cdAS.  Mesas y Ponentes.","author":"grieta","date":"3 diciembre, 2024","format":false,"excerpt":"PROGRAMA DE LA PRIMERA SESI\u00d3N DE LOS ENCUENTROS INTERNACIONALES DE RESISTENCIAS Y REBELD\u00cdAS. Mesas y Ponentes. Aqu\u00ed les ponemos el programa de participaciones: S\u00e1bado 28 de diciembre del 2024. Sede Cideci-Unitierra. SCLC, Chiapas, M\u00e9xico. Mesa I: La tormenta: el crimen, el verdugo y las v\u00edctimas. Participan: Jorge Alonso, John Holloway,\u2026","rel":"","context":"En &quot;CINTILLO&quot;","block_context":{"text":"CINTILLO","link":"http:\/\/www.grieta.org.mx\/index.php\/category\/cintillo\/"},"img":{"alt_text":"","src":"https:\/\/i0.wp.com\/www.grieta.org.mx\/wp-content\/uploads\/2024\/12\/Screenshot-2024-12-03-at-17-09-14-Enlace-Zapatista.png?resize=350%2C200","width":350,"height":200,"srcset":"https:\/\/i0.wp.com\/www.grieta.org.mx\/wp-content\/uploads\/2024\/12\/Screenshot-2024-12-03-at-17-09-14-Enlace-Zapatista.png?resize=350%2C200 1x, https:\/\/i0.wp.com\/www.grieta.org.mx\/wp-content\/uploads\/2024\/12\/Screenshot-2024-12-03-at-17-09-14-Enlace-Zapatista.png?resize=525%2C300 1.5x, https:\/\/i0.wp.com\/www.grieta.org.mx\/wp-content\/uploads\/2024\/12\/Screenshot-2024-12-03-at-17-09-14-Enlace-Zapatista.png?resize=700%2C400 2x, https:\/\/i0.wp.com\/www.grieta.org.mx\/wp-content\/uploads\/2024\/12\/Screenshot-2024-12-03-at-17-09-14-Enlace-Zapatista.png?resize=1050%2C600 3x"},"classes":[]},{"id":70775,"url":"http:\/\/www.grieta.org.mx\/index.php\/2024\/12\/30\/la-cofa-del-vigia-senales-al-manana-capitan-insurgente-marcos-cideci-unitierra-sclc-chiapas-mexico-lunes-30-de-diciembre-del-2024\/","url_meta":{"origin":14011,"position":2},"title":"La Cofa del Vig\u00eda: Se\u00f1ales al ma\u00f1ana Capit\u00e1n Insurgente Marcos Cideci-Unitierra. SCLC, Chiapas, M\u00e9xico Lunes 30 de diciembre del 2024","author":"grieta","date":"30 diciembre, 2024","format":false,"excerpt":"La Cofa del Vig\u00eda: Se\u00f1ales al ma\u00f1ana Capit\u00e1n Insurgente Marcos Cideci-Unitierra. SCLC, Chiapas, M\u00e9xico Lunes 30 de diciembre del 2024 https:\/\/enlacezapatista.ezln.org.mx\/2024\/12\/27\/transmision-en-vivo-de-las-mesas-de-la-primera-sesion-de-los-encuentros-de-resistencia-y-rebeldia\/","rel":"","context":"En &quot;CINTILLO&quot;","block_context":{"text":"CINTILLO","link":"http:\/\/www.grieta.org.mx\/index.php\/category\/cintillo\/"},"img":{"alt_text":"","src":"https:\/\/i0.wp.com\/www.grieta.org.mx\/wp-content\/uploads\/2024\/12\/Screenshot-2024-12-27-at-22-58-54-Enlace-Zapatista.png?resize=350%2C200","width":350,"height":200,"srcset":"https:\/\/i0.wp.com\/www.grieta.org.mx\/wp-content\/uploads\/2024\/12\/Screenshot-2024-12-27-at-22-58-54-Enlace-Zapatista.png?resize=350%2C200 1x, https:\/\/i0.wp.com\/www.grieta.org.mx\/wp-content\/uploads\/2024\/12\/Screenshot-2024-12-27-at-22-58-54-Enlace-Zapatista.png?resize=525%2C300 1.5x, https:\/\/i0.wp.com\/www.grieta.org.mx\/wp-content\/uploads\/2024\/12\/Screenshot-2024-12-27-at-22-58-54-Enlace-Zapatista.png?resize=700%2C400 2x, https:\/\/i0.wp.com\/www.grieta.org.mx\/wp-content\/uploads\/2024\/12\/Screenshot-2024-12-27-at-22-58-54-Enlace-Zapatista.png?resize=1050%2C600 3x"},"classes":[]},{"id":70584,"url":"http:\/\/www.grieta.org.mx\/index.php\/2024\/12\/01\/encuentros-internacionales-de-rebeldias-y-resistencias-2024-2025-fechas-y-sedes-de-la-primera-sesion-diciembre-2024-a-enero-2025\/","url_meta":{"origin":14011,"position":3},"title":"Encuentros Internacionales de Rebeld\u00edas y Resistencias 2024-2025. FECHAS Y SEDES DE LA PRIMERA SESI\u00d3N DICIEMBRE 2024 a ENERO 2025","author":"grieta","date":"1 diciembre, 2024","format":false,"excerpt":"Encuentros Internacionales de Rebeld\u00edas y Resistencias 2024-2025. FECHAS Y SEDES DE LA PRIMERA SESI\u00d3N DICIEMBRE 2024 a ENERO 2025 A todas las personas, grupos, colectivos, organizaciones, movimientos y pueblos originarios que han suscrito la llamada Declaraci\u00f3n por la Vida: A continuaci\u00f3n, les decimos las fechas y las sedes para la\u2026","rel":"","context":"En &quot;CINTILLO&quot;","block_context":{"text":"CINTILLO","link":"http:\/\/www.grieta.org.mx\/index.php\/category\/cintillo\/"},"img":{"alt_text":"","src":"https:\/\/i0.wp.com\/www.grieta.org.mx\/wp-content\/uploads\/2024\/12\/encuentro.jpg?resize=350%2C200","width":350,"height":200,"srcset":"https:\/\/i0.wp.com\/www.grieta.org.mx\/wp-content\/uploads\/2024\/12\/encuentro.jpg?resize=350%2C200 1x, https:\/\/i0.wp.com\/www.grieta.org.mx\/wp-content\/uploads\/2024\/12\/encuentro.jpg?resize=525%2C300 1.5x, https:\/\/i0.wp.com\/www.grieta.org.mx\/wp-content\/uploads\/2024\/12\/encuentro.jpg?resize=700%2C400 2x"},"classes":[]},{"id":14115,"url":"http:\/\/www.grieta.org.mx\/index.php\/2015\/02\/19\/cipog-ez-en-festival-mundial-de-las-resistencias-y-las-rebeldias\/","url_meta":{"origin":14011,"position":4},"title":"CIPOG-EZ en Festival Mundial de las Resistencias y las Rebeld\u00edas","author":"grieta","date":"19 febrero, 2015","format":false,"excerpt":"Publicadopor CentroIntegral de Comunicaci\u00f3n Comunitaria Carta del CIPOG-EZ, 19 de febrero de 2015 Al Ej\u00e9rcito Zapatista de Liberaci\u00f3n Nacional, Al Congreso Nacional Ind\u00edgena, A los familiares de los desaparecidos y asesinados de Ayotzinapa, Al la Sexta nacional e internacional, Les mandamos un solidario y combativo saludo, a continuaci\u00f3n queremos compartirles\u2026","rel":"","context":"En &quot;CINTILLO&quot;","block_context":{"text":"CINTILLO","link":"http:\/\/www.grieta.org.mx\/index.php\/category\/cintillo\/"},"img":{"alt_text":"","src":"https:\/\/i0.wp.com\/www.grieta.org.mx\/wp-content\/uploads\/2018\/03\/14524434_1106112876131411_958039263622046936_o.jpg?resize=350%2C200","width":350,"height":200,"srcset":"https:\/\/i0.wp.com\/www.grieta.org.mx\/wp-content\/uploads\/2018\/03\/14524434_1106112876131411_958039263622046936_o.jpg?resize=350%2C200 1x, https:\/\/i0.wp.com\/www.grieta.org.mx\/wp-content\/uploads\/2018\/03\/14524434_1106112876131411_958039263622046936_o.jpg?resize=525%2C300 1.5x, https:\/\/i0.wp.com\/www.grieta.org.mx\/wp-content\/uploads\/2018\/03\/14524434_1106112876131411_958039263622046936_o.jpg?resize=700%2C400 2x"},"classes":[]},{"id":14006,"url":"http:\/\/www.grieta.org.mx\/index.php\/2016\/05\/03\/semillero-el-pensamiento-critico-frente-a-la-hidra-capitalista\/","url_meta":{"origin":14011,"position":5},"title":"Palabra de familiares de Ayotzinapa en el Semillero","author":"grieta","date":"3 mayo, 2016","format":false,"excerpt":"Primer d\u00eda Semillero \u201cEl Pensamiento Cr\u00edtico Frente a La Hidra Capitalista\u201d Seminarios CIDECI (http:\/\/seminarioscideci.org) Caracol de Ovetik, 3 de mayo de 2015. Palabra de los familiares de los estudiantes de la Normal Rural \u201cRa\u00fal Isidro Burgos\u201d de Ayotzinapa, desaparecidos y asesinados en Iguala el 26 de septiembre de 2014. Palabras\u2026","rel":"","context":"En &quot;CINTILLO&quot;","block_context":{"text":"CINTILLO","link":"http:\/\/www.grieta.org.mx\/index.php\/category\/cintillo\/"},"img":{"alt_text":"","src":"https:\/\/i0.wp.com\/www.grieta.org.mx\/wp-content\/uploads\/2018\/03\/14524434_1106112876131411_958039263622046936_o.jpg?resize=350%2C200","width":350,"height":200,"srcset":"https:\/\/i0.wp.com\/www.grieta.org.mx\/wp-content\/uploads\/2018\/03\/14524434_1106112876131411_958039263622046936_o.jpg?resize=350%2C200 1x, https:\/\/i0.wp.com\/www.grieta.org.mx\/wp-content\/uploads\/2018\/03\/14524434_1106112876131411_958039263622046936_o.jpg?resize=525%2C300 1.5x, https:\/\/i0.wp.com\/www.grieta.org.mx\/wp-content\/uploads\/2018\/03\/14524434_1106112876131411_958039263622046936_o.jpg?resize=700%2C400 2x"},"classes":[]}],"_links":{"self":[{"href":"http:\/\/www.grieta.org.mx\/index.php\/wp-json\/wp\/v2\/posts\/14011","targetHints":{"allow":["GET"]}}],"collection":[{"href":"http:\/\/www.grieta.org.mx\/index.php\/wp-json\/wp\/v2\/posts"}],"about":[{"href":"http:\/\/www.grieta.org.mx\/index.php\/wp-json\/wp\/v2\/types\/post"}],"author":[{"embeddable":true,"href":"http:\/\/www.grieta.org.mx\/index.php\/wp-json\/wp\/v2\/users\/2"}],"replies":[{"embeddable":true,"href":"http:\/\/www.grieta.org.mx\/index.php\/wp-json\/wp\/v2\/comments?post=14011"}],"version-history":[{"count":1,"href":"http:\/\/www.grieta.org.mx\/index.php\/wp-json\/wp\/v2\/posts\/14011\/revisions"}],"predecessor-version":[{"id":14038,"href":"http:\/\/www.grieta.org.mx\/index.php\/wp-json\/wp\/v2\/posts\/14011\/revisions\/14038"}],"wp:featuredmedia":[{"embeddable":true,"href":"http:\/\/www.grieta.org.mx\/index.php\/wp-json\/wp\/v2\/media\/21928"}],"wp:attachment":[{"href":"http:\/\/www.grieta.org.mx\/index.php\/wp-json\/wp\/v2\/media?parent=14011"}],"wp:term":[{"taxonomy":"category","embeddable":true,"href":"http:\/\/www.grieta.org.mx\/index.php\/wp-json\/wp\/v2\/categories?post=14011"},{"taxonomy":"post_tag","embeddable":true,"href":"http:\/\/www.grieta.org.mx\/index.php\/wp-json\/wp\/v2\/tags?post=14011"}],"curies":[{"name":"wp","href":"https:\/\/api.w.org\/{rel}","templated":true}]}}