{"id":13978,"date":"2016-06-10T06:32:12","date_gmt":"2016-06-10T06:32:12","guid":{"rendered":"http:\/\/www.grieta.org.mx\/?p=13978"},"modified":"2016-06-10T11:32:02","modified_gmt":"2016-06-10T11:32:02","slug":"movilizaciones-de-ceteg-y-otros-sindicatos-en-chilpancingo-iguala-tecpan-y-ayutla","status":"publish","type":"post","link":"http:\/\/www.grieta.org.mx\/index.php\/2016\/06\/10\/movilizaciones-de-ceteg-y-otros-sindicatos-en-chilpancingo-iguala-tecpan-y-ayutla\/","title":{"rendered":"Movilizaciones de CETEG y otros sindicatos en Chilpancingo, Iguala, Tecpan y Ayutla"},"content":{"rendered":"<p>El Sur,<\/p>\n<p>Destrozan e incendian maestros de la Ceteg oficinas de Educaci\u00f3n B\u00e1sica de la SEG<\/p>\n<p>Alina Navarrete Fern\u00e1ndez <\/p>\n<p>Chilpancingo.- Integrantes de la Coordinadora Estatal de Trabajadores de la Educaci\u00f3n en Guerrero (CETEG) de la facci\u00f3n encabezada por el secretario general Ramos Reyes Guerrero, destrozaron e incendiaron la Subsecretar\u00eda de Educaci\u00f3n B\u00e1sica, de la Secretar\u00eda de Educaci\u00f3n Guerrero (SEG), como parte de las acciones de la lucha nacional en contra de la reforma educativa y de la evaluaci\u00f3n del Servicio Profesional Docente.<\/p>\n<p>Minutos antes del mediod\u00eda unos 200 cetegistas se concentraron en la glorieta del ISSSTE, mientras la avanzada lleg\u00f3 a la Subsecretar\u00eda de Educaci\u00f3n B\u00e1sica, ubicada en la colonia Bur\u00f3cratas, a unas cinco cuadras del plant\u00f3n magisterial frente a las oficinas centrales de la SEG, y desaloj\u00f3 al personal que se encontraba en las instalaciones.<br \/>\nM\u00e1s tarde los maestros llegaron a la Subsecretar\u00eda, ah\u00ed una comisi\u00f3n de los manifestantes ingres\u00f3 al edificio de cinco pisos y destroz\u00f3 el mobiliario, luego incendi\u00f3 el primer y segundo piso de las instalaciones, mientras que los trabajadores de la dependencia observaban los hechos.<\/p>\n<p>La acci\u00f3n dur\u00f3 cerca de 15 minutos y tras quemar las oficinas, los cetegistas regresaron en marcha hacia el plant\u00f3n magisterial, en donde permanecieron reunidos en distintas comisiones.<\/p>\n<p>Poco despu\u00e9s de que los docentes se retiraron, unos 50 polic\u00edas estatales antimotines llegaron a la subsecretar\u00eda para resguardar la zona y los bomberos tambi\u00e9n acudieron, para controlar el fuego, que alarm\u00f3 a los vecinos de la colonia.<\/p>\n<p>La Subsecretar\u00eda de Educaci\u00f3n B\u00e1sica est\u00e1 a cargo de Emiliano D\u00edaz Rom\u00e1n, quien fue dirigente de la secci\u00f3n 14 del Sindicato Nacional de Trabajadores de la Educaci\u00f3n (SNTE), distintos grupos de maestros y padres de familia han tomado de manera constante las oficinas para exigir una audiencia con el subsecretario, aunque \u00e9l no se encuentra en las instalaciones.<\/p>\n<p>Por su parte, representantes de la CETEG declararon que no se dieron cuenta de las acciones en la Subsecretar\u00eda de Educaci\u00f3n B\u00e1sica, aunque tampoco condenaron los hechos ni negaron que alg\u00fan grupo del magisterio disidente haya sido responsable de los hechos.<\/p>\n<p>Est\u00e1n identificados los que quemaron oficinas de la SEG y se proceder\u00e1 contra ellos: Astudillo<\/p>\n<p>Israel Flores y Mariana Labastida<\/p>\n<p>Ciudad Altamirano y Acapulco. El gobernador H\u00e9ctor Astudillo Flores conden\u00f3 los ataques a oficinas de la Secretar\u00eda de Educaci\u00f3n Guerrero por maestros de la CETEG, y dijo que est\u00e1n identificados los participantes y se actuar\u00e1 penalmente en su contra.<\/p>\n<p>\u201cEs reprobable el acto, esto es algo que no se debe de hacer y que no es la manera en la que se van a resolver los problemas de Guerrero\u201d, dijo del incendio causado por maestros en la oficina de la Subsecretar\u00eda de Educaci\u00f3n B\u00e1sica.<\/p>\n<p>Por la noche, en declaraciones a reporteros antes de la inauguraci\u00f3n de la Olimpiada Paralimpica en la Unidad Deportiva de Acapulco, el gobernador se refiri\u00f3 aas\u00ed de lo sucedido el mi\u00e9rcoles en Bodega Aurrer\u00e1, de Chilpancingo: \u201cCreo que los maestros se han encontrado con un rechazo muy marcado, lo que sucedi\u00f3 en la propia tienda comercial, donde los propios trabajadores se les cerraron, los maestros deben ir ponderando echarse a la sociedad encima\u201d.<\/p>\n<p>El gobernador invit\u00f3 a los maestros a reconsiderar estos actos violentos.<\/p>\n<p>De si habr\u00e1 denuncias en contra de quienes causaron el incendio, Astudillo Flores enfatiz\u00f3 que \u201ccon la quemaz\u00f3n del edificio por supuesto que se est\u00e1 procediendo, se tiene identificado qui\u00e9nes lo hicieron y con el secretario General de Gobierno (Florencio Salazar), se ha venido haciendo, junto con el secretario de Educaci\u00f3n (Jos\u00e9 Luis Gonz\u00e1lez de la Vega), un procesamiento de ubicar exactamente qui\u00e9nes son las personas a efecto de hacer lo correspondiente penalmente\u201d.<\/p>\n<p>No ve cosas nuevas en el caso Ayotzinapa<\/p>\n<p>En relaci\u00f3n a la l\u00ednea de investigaci\u00f3n de la que inform\u00f3 el mi\u00e9rcoles el subprocurador de Derechos Humanos de la PGR, Eber Betanzos, que el grupo criminal Guerreros Unidos asesin\u00f3 a los 43 normalistas de Ayotzinapa porque \u00e9stos \u201ccalentaron la plaza\u201d, el gobernador dijo que ya consta en el expediente dicha informaci\u00f3n.<\/p>\n<p>\u201cEl problema de Ayotzinapa es que ya no hay cosas nuevas, colocan cosas que ya constan en el expediente, eso lo o\u00edmos, seguramente ustedes lo escucharon hace a\u00f1os o desde que esto se inici\u00f3\u201d, dijo.<\/p>\n<p>Marchan mil maestros en Iguala contra la reforma; no acepten nombramientos, piden<\/p>\n<p>Alejandro Guerrero,<\/p>\n<p>Iguala. Unos mil maestros de diferentes niveles educativos, alumnos y expresiones sindicales de la zona Norte, marcharon por la ma\u00f1ana y realizaron un mitin en la explanada de las Tres Garant\u00edas para protestar en contra de la reforma educativa y la evaluaci\u00f3n docente \u201cpunitiva\u201d.<br \/>\nEn el acto llamaron a quienes fueron evaluados para que no reciban los nombramientos de permanencia que ofrece la Secretar\u00eda de Educaci\u00f3n Guerrero (SEG), ante el riesgo de que pierdan sus derechos.<\/p>\n<p>Un maestro de la Coordinadora Estatal de Trabajadores de la Educaci\u00f3n en Guerrero (CETEG), dio a conocer que el mi\u00e9rcoles fueron notificados de que los mil 800 amparos anticipados que solicitaron, a los juzgados federales en el estado en contra los despidos y los descuentos por la reforma educativa, fueron rechazados por los jueces.<\/p>\n<p>En el mitin tambi\u00e9n llamaron a una mesa de negociaci\u00f3n con el gobernador H\u00e9ctor Astudillo Flores y con el titular de la Secretar\u00eda de Educaci\u00f3n P\u00fablica (SEP), Aurelio Nu\u00f1o Mayer, y el presidente Enrique Pe\u00f1a Nieto.<\/p>\n<p>En su participaci\u00f3n, la representante de las bases magisteriales de la secci\u00f3n 14 del Sindicato Nacional de Trabajadores de la Educaci\u00f3n, la profesora de educaci\u00f3n especial Ariadna Villalva, llam\u00f3 a sus compa\u00f1eros que fueron notificados, que s\u00ed se presentaron a la evaluaci\u00f3n al despe\u00f1o docente y aprobaron, a que no firmen ni acepten los nombramientos de permanencia que les est\u00e1 ofreciendo la SEG, o sin antes tener asesor\u00eda legal e interponer un recurso legal, \u201cporque si lo firman de recibido, invalidan autom\u00e1ticamente su nombramiento base y pierden todos sus derechos\u201d.<\/p>\n<p>En el mitin convocaron a los maestros, alumnos y padres de familia de la zona Norte a participar en las acciones de protesta contra la reforma educativa y la evaluaci\u00f3n docente, que se tienen previstas este d\u00eda en la cabecera municipal de Teloloapan y el pr\u00f3ximo viernes 17 de junio, en la cabecera municipal de Huitzuco.<\/p>\n<p>La marcha<\/p>\n<p>Minutos despu\u00e9s de las 11 de la ma\u00f1ana, unos mil maestros adheridos a las bases magisteriales, CETEG, SUSPEG, Colegio de Bachilleres, Cecyteg, UAG, jubilados, pensionados y algunos alumnos, como los de la telesecundaria Miguel de Saavedra, de la colonia Acatempan de esta ciudad, marcharon en contra dela reforma educativa y la evaluaci\u00f3n docente.<\/p>\n<p>La marcha sali\u00f3 de la avenida del estudiante, al oriente de la ciudad, hasta llegar a la carretera Iguala-Taxco, donde ocup\u00f3 los dos carriles norte-sur hasta llegar a la avenida Bandera Nacional, la cual tomaron hasta llegar a la explanada de las Tres Garant\u00edas, donde se realiz\u00f3 el mitin que dur\u00f3 unos 45 minutos.<\/p>\n<p>Participaron maestros de Iguala, Taxco, Teloloapan, Cocula, Huitzuco, y Tepecoacuilco. En el caso de algunas escuelas de nivel b\u00e1sico, \u00e9stas suspendieron labores por la participaci\u00f3n en la marcha de la mayor\u00eda de la plantilla de los trabajadores.<\/p>\n<p>Durante la marcha de protesta y el mitin no se registraron incidentes, y minutos despu\u00e9s de la 1 de la tarde, la acci\u00f3n de protesta concluy\u00f3, regresando los maestros a sus lugares de origen.<\/p>\n<p>Protestan maestros y padres de familia de Tecpan contra la reforma educativa<\/p>\n<p>Francisco Maga\u00f1a,<\/p>\n<p>Tecpan. Alrededor de 400 maestros de la Coordinadora Estatal de Trabajadores de la Educaci\u00f3n en Guerrero (CETEG), Sindicato \u00danico de Servidores P\u00fablicos del Estado de Guerrero (SUSPEG), padres de familia y algunos alumnos, marcharon la ma\u00f1ana de este jueves en Tecpan contra de la reforma educativa.<\/p>\n<p>En ella participaron trabajadores de la Delegaci\u00f3n de los Servicios Educativos de la Regi\u00f3n Costa Grande, con sede en Tecpan.<\/p>\n<p>El contingente march\u00f3 por la carretera federal Acapulco-Zihuatanejo, partiendo de las oficinas de Servicios Educativos hacia el z\u00f3calo, donde hicieron un mitin en las escaleras del Ayuntamiento, para demandar la derogaci\u00f3n la reforma educativa, gratuidad en la educaci\u00f3n y en contra de la represi\u00f3n al movimiento magisterial.<\/p>\n<p>Asimismo, en el municipio de Atoyac, maestros de la CETEG realizaron una cooperaci\u00f3n en la carretera federal Acapulco-Zihuatanejo, mientras otro grupo permaneci\u00f3 en el z\u00f3calo. <\/p>\n<p>Marchan 200 padres y maestros en Ayutla contra la reforma; piden que la poblaci\u00f3n se una a la protesta<\/p>\n<p>Jacob Morales Antonio<\/p>\n<p>Maestros, padres de familia, alumnos y jubilados marcharon en contra de la reforma educativa y la evaluaci\u00f3n punitiva en la ciudad de Ayutla.<\/p>\n<p>A las 5 de la tarde, unos 200 manifestantes caminaron de la unidad deportiva del municipio al z\u00f3calo de la ciudad, donde realizaron un mitin contra la nueva Ley de Educaci\u00f3n que el gobierno trata de imponer.<\/p>\n<p>En las mantas y pancartas que llevaban se le\u00eda: \u201cApoyo total a los maestros\u201d y \u201cde un maestro aprend\u00ed a leer\u201d. Por parte de los jubilados, las exigencias son el pago puntual de los bonos y el respeto a sus salarios.<\/p>\n<p>En la protesta participaron maestros de la Coordinadora Estatal de Trabajadores de la Educaci\u00f3n en Guerrero (CETEG), Sindicato \u00danico de Servidores P\u00fablicos del Estado de Guerrero (SUSPEG) y maestros jubilados.<\/p>\n<p>Los manifestantes caminaron por las principales calles de la cabecera municipal, donde usando altavoces llamaron a la poblaci\u00f3n a unirse a sus movilizaciones, porque en la ley se establece que el pago de los libros de texto lo har\u00e1n los ciudadanos, lo que significa que la educaci\u00f3n no ser\u00e1 gratuita. Adem\u00e1s de que los padres tendr\u00e1n que hacerse responsables del pago de los servicios de las escuelas.<\/p>\n<p>\u201cPueblo, \u00fanete a la lucha\u201d y \u201cmaestro marchando tambi\u00e9n est\u00e1 educando\u201d, fueron algunas de las expresiones de los manifestantes durante el trayecto. La movilizaci\u00f3n termin\u00f3 alrededor de las 6:50 de la tarde en el z\u00f3calo de la ciudad.<\/p>\n<p>En el mitin, el integrante de la Comisi\u00f3n Pol\u00edtica de la CETEG en Costa Chica, Tom\u00e1s Gonz\u00e1lez, llam\u00f3 a los maestros a seguir la lucha y reproch\u00f3 a las autoridades educativas federales su falta de apertura al di\u00e1logo.<\/p>\n<p>El representante de los jubilados, Jos\u00e9 Manuel Salgado, expres\u00f3 que es muy lamentable que el gobierno emprenda una campa\u00f1a represiva en contra del magisterio, que ha formado a los profesionistas. Dijo que el presiente Pe\u00f1a Nieto comete un acto de terrorismo, porque muchos maestros notificados se han enfermado. Y advirti\u00f3 que tambi\u00e9n pronto habr\u00e1 menos derechos para la poblaci\u00f3n, con la reforma hecha al sector salud.<\/p>\n<p>En su participaci\u00f3n, la promotora de la Uni\u00f3n de Pueblos y Organizaciones de Estado de Guerrero (UPOEG), Eneyda Lozano, a nombre de la organizaci\u00f3n respald\u00f3 el movimiento del magisterio: \u201cLa UPOEG los apoya y estamos con ustedes. Padres de familia, deben de sumarse\u201d.<\/p>\n<p>Los planteles del Cobach comprar\u00e1n con sus recursos el equipo de limpieza, les ordenan<\/p>\n<p>Karina Contreras<\/p>\n<p>Luego de que la direcci\u00f3n general del Colegio de Bachilleres (Cobach) envi\u00f3 un oficio a los directores de los planteles, donde les informa que deber\u00e1n de comprar el material para los trabajos de intendencia y vigilancia con sus propios recursos econ\u00f3micos, el secretario general del Sindicato \u00danico de Trabajadores del Cobach (Sutcobach), Alfredo Ram\u00edrez Garc\u00eda, dijo que rechazan esta situaci\u00f3n y acus\u00f3 que es parte de la reforma educativa para privatizar la educaci\u00f3n.<\/p>\n<p>El pasado 24 de mayo, Jos\u00e9 Luis Odriozola G\u00f3mez, secretario particular del director general del Cobach, Juan Carlos Mart\u00ednez Otero Gallegos, envi\u00f3 el oficio n\u00famero DG\/SP\/0027\/2016 a los directores de los planteles del Colegios de Bachilleres Guerrero, donde dice: \u201cPor este conducto, se les instruye que deber\u00e1n adquirir con recursos propios del plantel o patronato (en su caso), el material y equipo necesario para las actividades y trabajos del personal de intendencia y vigilancia\u201d.<\/p>\n<p>Sobre ello, Ram\u00edrez Garc\u00eda dijo que como sindicato rechazan ese tipo de medidas, porque son privatizadoras, que es responsabilidad de las autoridades educativas dar todo el material para las escuelas, subray\u00f3 que por eso rechazan la reforma educativa y demandan su abrogaci\u00f3n, porque ahora quieren responsabilizar a los padres y a las escuelas de los gastos que se generen.<\/p>\n<p>Agreg\u00f3 el dirigente sindical que \u201crechazamos esas medidas privatizadoras\u201d y anunci\u00f3 manifestaciones con los padres de familia, para exigir a las autoridades que cumplan con su obligaci\u00f3n constitucional.<\/p>\n<p>Insisti\u00f3 en que como sindicato rechazan esas medidas privatizadoras, donde el costo de los servicios educativos \u201cpretenden a toda costa dej\u00e1rselo de responsabilidad a los maestros y los padres de familia\u201d.<\/p>\n<p>Adelant\u00f3 que hoy en Chilpancingo, a las 10 de la ma\u00f1ana, van a participar en la marcha contra la reforma educativa, junto con otras organizaciones sociales y la Coordinadora Estatal de Trabajadores de la Educaci\u00f3n en Guerrero (CETEG).<\/p>\n<p>Inform\u00f3 que convocar\u00e1n a la asambleas de padres de familias en los Cobach, para que \u201cest\u00e9n concientizados de esta situaci\u00f3n que esa impulsando el gobierno en todos sus niveles, principalmente federal y estatal\u201d.<\/p>\n<p>http:\/\/suracapulco.mx\/grafico\/queman-cetegistas-oficinas-de-la-seg-en-chilpancingo\/<\/p>\n","protected":false},"excerpt":{"rendered":"<p>El Sur, Destrozan e incendian maestros de la Ceteg oficinas de Educaci\u00f3n B\u00e1sica de la SEG Alina Navarrete Fern\u00e1ndez Chilpancingo.- Integrantes de la Coordinadora Estatal de Trabajadores de la Educaci\u00f3n &hellip; <a href=\"http:\/\/www.grieta.org.mx\/index.php\/2016\/06\/10\/movilizaciones-de-ceteg-y-otros-sindicatos-en-chilpancingo-iguala-tecpan-y-ayutla\/\" class=\"more-link\">Leer m\u00e1s<\/a><\/p>\n","protected":false},"author":2,"featured_media":21928,"comment_status":"closed","ping_status":"closed","sticky":false,"template":"","format":"standard","meta":{"ngg_post_thumbnail":0,"_jetpack_newsletter_access":"","_jetpack_dont_email_post_to_subs":false,"_jetpack_newsletter_tier_id":0,"_jetpack_memberships_contains_paywalled_content":false,"_jetpack_memberships_contains_paid_content":false,"footnotes":""},"categories":[80],"tags":[668,674,135],"class_list":["post-13978","post","type-post","status-publish","format-standard","has-post-thumbnail","hentry","category-cintillo","tag-ceteg","tag-movilizaciones-maestros","tag-reforma-educativa","entry"],"jetpack_featured_media_url":"http:\/\/www.grieta.org.mx\/wp-content\/uploads\/2018\/03\/14524434_1106112876131411_958039263622046936_o.jpg","jetpack_sharing_enabled":true,"jetpack_shortlink":"https:\/\/wp.me\/p7ZJR4-3Ds","jetpack_likes_enabled":false,"jetpack-related-posts":[{"id":12528,"url":"http:\/\/www.grieta.org.mx\/index.php\/2016\/09\/09\/movilizaciones-de-maestros-en-guerrero\/","url_meta":{"origin":13978,"position":0},"title":"Movilizaciones contra la Reforma educativa en Guerrero","author":"grieta","date":"9 septiembre, 2016","format":false,"excerpt":"08\/09\/16. CETEG toma una hora caseta de Palo Blanco, GuerreroMilenio 24\/08\/16. Contin\u00faan movilizaciones de Ceteg en Guerrero para abrogar la reforma educativa La Jornada 04\/08\/16. Antimotines repliegan a maestros de Guerrero sobre la autopista del sol El Financiero 01\/08\/16. La CETEG cierra dos gasolineras en la Cuernavaca-Acapulco en protesta contra\u2026","rel":"","context":"En &quot;Guerrero&quot;","block_context":{"text":"Guerrero","link":"http:\/\/www.grieta.org.mx\/index.php\/category\/noticias-nacionales\/guerrero\/"},"img":{"alt_text":"","src":"https:\/\/i0.wp.com\/www.grieta.org.mx\/wp-content\/uploads\/2018\/03\/14524434_1106112876131411_958039263622046936_o.jpg?resize=350%2C200","width":350,"height":200,"srcset":"https:\/\/i0.wp.com\/www.grieta.org.mx\/wp-content\/uploads\/2018\/03\/14524434_1106112876131411_958039263622046936_o.jpg?resize=350%2C200 1x, https:\/\/i0.wp.com\/www.grieta.org.mx\/wp-content\/uploads\/2018\/03\/14524434_1106112876131411_958039263622046936_o.jpg?resize=525%2C300 1.5x, https:\/\/i0.wp.com\/www.grieta.org.mx\/wp-content\/uploads\/2018\/03\/14524434_1106112876131411_958039263622046936_o.jpg?resize=700%2C400 2x"},"classes":[]},{"id":13325,"url":"http:\/\/www.grieta.org.mx\/index.php\/2016\/05\/31\/irrumpen-y-destrozan-integrantes-de-la-ceteg-equipo-en-dos-sedes-de-la-seg\/","url_meta":{"origin":13978,"position":1},"title":"Irrumpen y destrozan integrantes de la CETEG equipo en dos sedes de la SEG","author":"grieta","date":"31 mayo, 2016","format":false,"excerpt":"El Sur Alfonso Mar\u00edn Amezcua Chilpancingo. Un grupo de integrantes de la Coordinadora Estatal de Trabajadores de la Educaci\u00f3n en Guerrero (CETEG) con el rostro cubierto, incorporados a la facci\u00f3n de Ramos Reyes Guerrero, irrumpieron en dos oficinas de la Secretar\u00eda de Educaci\u00f3n Guerrero (SEG), donde hicieron destrozos en los\u2026","rel":"","context":"En &quot;CINTILLO&quot;","block_context":{"text":"CINTILLO","link":"http:\/\/www.grieta.org.mx\/index.php\/category\/cintillo\/"},"img":{"alt_text":"","src":"https:\/\/i0.wp.com\/www.grieta.org.mx\/wp-content\/uploads\/2018\/03\/14524434_1106112876131411_958039263622046936_o.jpg?resize=350%2C200","width":350,"height":200,"srcset":"https:\/\/i0.wp.com\/www.grieta.org.mx\/wp-content\/uploads\/2018\/03\/14524434_1106112876131411_958039263622046936_o.jpg?resize=350%2C200 1x, https:\/\/i0.wp.com\/www.grieta.org.mx\/wp-content\/uploads\/2018\/03\/14524434_1106112876131411_958039263622046936_o.jpg?resize=525%2C300 1.5x, https:\/\/i0.wp.com\/www.grieta.org.mx\/wp-content\/uploads\/2018\/03\/14524434_1106112876131411_958039263622046936_o.jpg?resize=700%2C400 2x"},"classes":[]},{"id":12846,"url":"http:\/\/www.grieta.org.mx\/index.php\/2016\/05\/19\/maestros-de-la-ceteg-causan-destrozos-en-oficinas-de-educacion-en-guerrero\/","url_meta":{"origin":13978,"position":2},"title":"Ceteg causa destrozos en oficinas de Educaci\u00f3n en Guerrero","author":"grieta","date":"19 mayo, 2016","format":false,"excerpt":"Proceso Ezequiel Flores Contreras Chilpancingo (apro). Integrantes de la Coordinadora Estatal de Trabajadores de la Educaci\u00f3n en Guerrero (Ceteg) irrumpieron en la sede de la Direcci\u00f3n de Asuntos Jur\u00eddicos de la Secretar\u00eda de Educaci\u00f3n Guerrero (SEG), donde destrozaron mobiliario y quemaron documentaci\u00f3n oficial. Lo anterior en respuesta a las declaraciones\u2026","rel":"","context":"En &quot;CINTILLO&quot;","block_context":{"text":"CINTILLO","link":"http:\/\/www.grieta.org.mx\/index.php\/category\/cintillo\/"},"img":{"alt_text":"","src":"https:\/\/i0.wp.com\/www.grieta.org.mx\/wp-content\/uploads\/2018\/03\/14524434_1106112876131411_958039263622046936_o.jpg?resize=350%2C200","width":350,"height":200,"srcset":"https:\/\/i0.wp.com\/www.grieta.org.mx\/wp-content\/uploads\/2018\/03\/14524434_1106112876131411_958039263622046936_o.jpg?resize=350%2C200 1x, https:\/\/i0.wp.com\/www.grieta.org.mx\/wp-content\/uploads\/2018\/03\/14524434_1106112876131411_958039263622046936_o.jpg?resize=525%2C300 1.5x, https:\/\/i0.wp.com\/www.grieta.org.mx\/wp-content\/uploads\/2018\/03\/14524434_1106112876131411_958039263622046936_o.jpg?resize=700%2C400 2x"},"classes":[]},{"id":15089,"url":"http:\/\/www.grieta.org.mx\/index.php\/2016\/06\/21\/ceteg-y-padres-de-familia-marchan-en-cinco-puntos-de-guerrero-en-repudio-a-violencia-en-oaxaca\/","url_meta":{"origin":13978,"position":3},"title":"CETEG y padres de familia marchan en cinco puntos de Guerrero en repudio a violencia en Oaxaca","author":"grieta","date":"21 junio, 2016","format":false,"excerpt":"Francisca Santiaguez En Chilpancingo, los maestros de la Coordinadora Estatal marcharon por las calles de la ciudad, efectuaron paradas de protesta en Palacio de Gobierno, en la Fiscal\u00eda General del Estado (FGE), y recorrieron algunas tiendas de autoservicio; posteriormente, tomaron un tramo de la Autopista del Sol y retornaron a\u2026","rel":"","context":"En &quot;CINTILLO&quot;","block_context":{"text":"CINTILLO","link":"http:\/\/www.grieta.org.mx\/index.php\/category\/cintillo\/"},"img":{"alt_text":"","src":"https:\/\/i0.wp.com\/www.grieta.org.mx\/wp-content\/uploads\/2018\/03\/14524434_1106112876131411_958039263622046936_o.jpg?resize=350%2C200","width":350,"height":200,"srcset":"https:\/\/i0.wp.com\/www.grieta.org.mx\/wp-content\/uploads\/2018\/03\/14524434_1106112876131411_958039263622046936_o.jpg?resize=350%2C200 1x, https:\/\/i0.wp.com\/www.grieta.org.mx\/wp-content\/uploads\/2018\/03\/14524434_1106112876131411_958039263622046936_o.jpg?resize=525%2C300 1.5x, https:\/\/i0.wp.com\/www.grieta.org.mx\/wp-content\/uploads\/2018\/03\/14524434_1106112876131411_958039263622046936_o.jpg?resize=700%2C400 2x"},"classes":[]},{"id":21306,"url":"http:\/\/www.grieta.org.mx\/index.php\/2016\/09\/08\/ceteg-toma-una-hora-caseta-de-palo-blanco-guerrero\/","url_meta":{"origin":13978,"position":4},"title":"CETEG toma una hora caseta de Palo Blanco, Guerrero","author":"grieta","date":"8 septiembre, 2016","format":false,"excerpt":"Chilpancingo Durante una hora, maestros de la Coordinadora Estatal de Trabajadores de la Educaci\u00f3n de Guerrero (CETEG) se apoderaron de la caseta de peaje de Palo Blanco, en la Autopista del Sol. Los mentores forman parte del grupo que encabeza Ramos Reyes Guerrero, secretario general de la CETEG y se\u2026","rel":"","context":"En &quot;CINTILLO&quot;","block_context":{"text":"CINTILLO","link":"http:\/\/www.grieta.org.mx\/index.php\/category\/cintillo\/"},"img":{"alt_text":"","src":"https:\/\/i0.wp.com\/www.grieta.org.mx\/wp-content\/uploads\/2018\/03\/14524434_1106112876131411_958039263622046936_o.jpg?resize=350%2C200","width":350,"height":200,"srcset":"https:\/\/i0.wp.com\/www.grieta.org.mx\/wp-content\/uploads\/2018\/03\/14524434_1106112876131411_958039263622046936_o.jpg?resize=350%2C200 1x, https:\/\/i0.wp.com\/www.grieta.org.mx\/wp-content\/uploads\/2018\/03\/14524434_1106112876131411_958039263622046936_o.jpg?resize=525%2C300 1.5x, https:\/\/i0.wp.com\/www.grieta.org.mx\/wp-content\/uploads\/2018\/03\/14524434_1106112876131411_958039263622046936_o.jpg?resize=700%2C400 2x"},"classes":[]},{"id":12850,"url":"http:\/\/www.grieta.org.mx\/index.php\/2016\/05\/18\/no-se-permitira-ingreso-de-docentes-a-escuelas-para-reanudar-labores-ceteg\/","url_meta":{"origin":13978,"position":5},"title":"No se permitir\u00e1 ingreso de docentes a escuelas para reanudar labores: Ceteg","author":"grieta","date":"18 mayo, 2016","format":false,"excerpt":"Proceso Ezequiel Flores Contreras Chilpancingo (apro). Miembros de la Coordinadora Estatal de Trabajadores de la Educaci\u00f3n en Guerrero (Ceteg) marcharon por calles de esta capital y desafiaron una vez m\u00e1s al gobierno de Enrique Pe\u00f1a Nieto al expresar su rechazo a la reforma educativa y la evaluaci\u00f3n magisterial. Los manifestantes\u2026","rel":"","context":"En &quot;CINTILLO&quot;","block_context":{"text":"CINTILLO","link":"http:\/\/www.grieta.org.mx\/index.php\/category\/cintillo\/"},"img":{"alt_text":"","src":"https:\/\/i0.wp.com\/www.grieta.org.mx\/wp-content\/uploads\/2018\/03\/14524434_1106112876131411_958039263622046936_o.jpg?resize=350%2C200","width":350,"height":200,"srcset":"https:\/\/i0.wp.com\/www.grieta.org.mx\/wp-content\/uploads\/2018\/03\/14524434_1106112876131411_958039263622046936_o.jpg?resize=350%2C200 1x, https:\/\/i0.wp.com\/www.grieta.org.mx\/wp-content\/uploads\/2018\/03\/14524434_1106112876131411_958039263622046936_o.jpg?resize=525%2C300 1.5x, https:\/\/i0.wp.com\/www.grieta.org.mx\/wp-content\/uploads\/2018\/03\/14524434_1106112876131411_958039263622046936_o.jpg?resize=700%2C400 2x"},"classes":[]}],"_links":{"self":[{"href":"http:\/\/www.grieta.org.mx\/index.php\/wp-json\/wp\/v2\/posts\/13978","targetHints":{"allow":["GET"]}}],"collection":[{"href":"http:\/\/www.grieta.org.mx\/index.php\/wp-json\/wp\/v2\/posts"}],"about":[{"href":"http:\/\/www.grieta.org.mx\/index.php\/wp-json\/wp\/v2\/types\/post"}],"author":[{"embeddable":true,"href":"http:\/\/www.grieta.org.mx\/index.php\/wp-json\/wp\/v2\/users\/2"}],"replies":[{"embeddable":true,"href":"http:\/\/www.grieta.org.mx\/index.php\/wp-json\/wp\/v2\/comments?post=13978"}],"version-history":[{"count":1,"href":"http:\/\/www.grieta.org.mx\/index.php\/wp-json\/wp\/v2\/posts\/13978\/revisions"}],"predecessor-version":[{"id":13979,"href":"http:\/\/www.grieta.org.mx\/index.php\/wp-json\/wp\/v2\/posts\/13978\/revisions\/13979"}],"wp:featuredmedia":[{"embeddable":true,"href":"http:\/\/www.grieta.org.mx\/index.php\/wp-json\/wp\/v2\/media\/21928"}],"wp:attachment":[{"href":"http:\/\/www.grieta.org.mx\/index.php\/wp-json\/wp\/v2\/media?parent=13978"}],"wp:term":[{"taxonomy":"category","embeddable":true,"href":"http:\/\/www.grieta.org.mx\/index.php\/wp-json\/wp\/v2\/categories?post=13978"},{"taxonomy":"post_tag","embeddable":true,"href":"http:\/\/www.grieta.org.mx\/index.php\/wp-json\/wp\/v2\/tags?post=13978"}],"curies":[{"name":"wp","href":"https:\/\/api.w.org\/{rel}","templated":true}]}}