{"id":13963,"date":"2016-05-24T09:40:21","date_gmt":"2016-05-24T09:40:21","guid":{"rendered":"http:\/\/www.grieta.org.mx\/?p=13963"},"modified":"2016-06-11T23:50:42","modified_gmt":"2016-06-11T23:50:42","slug":"en-los-campos-del-opio-mexicano","status":"publish","type":"post","link":"http:\/\/www.grieta.org.mx\/index.php\/2016\/05\/24\/en-los-campos-del-opio-mexicano\/","title":{"rendered":"En los campos del opio mexicano"},"content":{"rendered":"<p>El Pa\u00eds \/ Internacional<\/p>\n<p>Jan Mart\u00ednez Ahrens<\/p>\n<p>Filo de Caballos (Guerrero). Un campesino muestra c\u00f3mo se siembra la amapola entre cultivos de ma\u00edz. Sa\u00fal Ruiz<\/p>\n<p>Las cosas son sencillas en las monta\u00f1as de Guerrero. En la regi\u00f3n m\u00e1s pobre del Estado m\u00e1s violento de M\u00e9xico solo hay una ley. La del opio.<\/p>\n<p>\u2014Si siembras, te persiguen; si siembras, te roban. As\u00ed pasa siempre.<\/p>\n<p>\u2014\u00bfY por qu\u00e9 sigue haci\u00e9ndolo?<\/p>\n<p>\u2014Porque si no siembras, te mueres de hambre. Esa es la ley.<\/p>\n<p>Jaime es un campesino cadencioso. Tiene 33 a\u00f1os y cuatro hijos. Planta amapola desde los ocho. Sabe bien lo que es barbechar, piquear, deshijar y, por supuesto, \u201crayar la bola\u201d para obtener el l\u00e1tex de la adormidera. El tesoro de la monta\u00f1a. Lo hace de sol a sol. En campos comunitarios, ocultos en barrancas abismales a las que se tarda horas en acceder. Ah\u00ed, en la verticalidad, crecen indiferentes a su propia vor\u00e1gine los campos de opio. Mares de delicadas flores blancas y rojas por las cuales se corrompe, se tortura y se mata.<\/p>\n<p>No somos los malos, somos los pobres.<\/p>\n<p>Agricultor de amapola<\/p>\n<p>\u2014Y cuando recoge la goma, \u00bfno piensa en la hero\u00edna y en las muertes que ocasiona?<\/p>\n<p>\u2014Mire usted, nosotros lo hacemos por necesidad. No somos los malos, somos los pobres.<\/p>\n<p>En la sierra caben pocas dobleces. Ah\u00ed arriba, a 2.500 metros de altura, manda el narco. Es el coraz\u00f3n de su imperio. Una accidentada regi\u00f3n, con una orograf\u00eda de cuchillo, cuyas laderas son una bendici\u00f3n para la hermosa papaver somn\u00edferum y una maldici\u00f3n para lo dem\u00e1s. \u201cEn esa zona reina el caos y la violencia pura; ah\u00ed no hay presencia del Estado, ni carreteras ni hospitales; ni siquiera el narco est\u00e1 bien organizado. El mercado de la droga se lo disputan grupos criminales antag\u00f3nicos\u201d, explica el representante de la Oficina de la ONU contra la Droga y el Delito, Antonio Mazzitelli. Este agujero negro se ha convertido en el mayor productor de opio de Am\u00e9rica. De sus profundidades parten los inacabables cargamentos que nutren, por delante del tri\u00e1ngulo de oro de Sinaloa-Durango-Chihuahua, al gran devorador mundial, Estados Unidos. Un territorio, de 1.281 comunidades y 50.000 habitantes, donde cualquier paso en falso se paga con la vida. Jaime lo sabe bien.<\/p>\n<p>Ocurri\u00f3 hace un a\u00f1o, en tiempo de cosecha. Se llamaban Valerio Cipr\u00e9s y Daniel Landa. Hab\u00edan ido a la escuela con Jaime; juntos hab\u00edan jugado con balones descosidos, y juntos, llegados los domingos, hab\u00edan sentido la mordida del mezcal en la frente. Como todos en la monta\u00f1a, tambi\u00e9n cultivaban amapola. Pero un d\u00eda dijeron a algo que no. Y al otro, desaparecieron. Poco despu\u00e9s, sus cuerpos fueron descubiertos minuciosamente desmembrados a lo largo de la carretera que serpentea la sierra.<\/p>\n<p>No hubo detenciones. Nadie m\u00e1s pregunt\u00f3. La se\u00f1al fue entendida en el pueblo. Un a\u00f1o despu\u00e9s, apenas se comenta. Ni fue la primera vez ni ser\u00e1 la \u00faltima. Al narco, en la monta\u00f1a, no se le menciona. El terror borra hasta su nombre. Los campesinos se refieren a una \u201czona tranquila\u201d para decir que est\u00e1 bajo el control de una organizaci\u00f3n criminal; hablan de los \u201ccompradores\u201d como si fueran simples agentes comerciales, y describen id\u00edlicas transacciones regidas por la oferta y demanda. Guerreros Unidos, La Familia, Los Rojos, Los Ardillos\u2026 las decenas de clanes y bandas que estragan a diario la regi\u00f3n no aparecen en sus conversaciones. De eso no se habla. Y menos en voz alta y a un forastero. Solo pasado el tiempo, despu\u00e9s de comer, cuando se camina por la sierra, surgen las indiscreciones.<\/p>\n<p>Jon\u00e1s, un amapolero cincuent\u00f3n y de sombrero vaquero, cuenta c\u00f3mo las organizaciones mafiosas, para ganarse al campesino, pagan por adelantado la goma o prestan al cultivador dinero para sus gastos. \u201cPero si no cumples con la deuda, saquean, secuestran o matan; cuando est\u00e1n a malas no sabes que te pasar\u00e1, incluso se pueden llevar a tus hijos, para hacerlos sicarios\u201d.<\/p>\n<p>Aumento de la violencia<\/p>\n<p>Huir de ese mundo opresivo no es f\u00e1cil. Ninguno de los entrevistados ve un horizonte m\u00e1s all\u00e1 de la sierra. Jorge tiene 23 a\u00f1os. Abandon\u00f3 la escuela en primero de secundaria. Casi todos los d\u00edas, trabaja desde las cuatro de la ma\u00f1ana hasta las seis de la tarde. Reconoce que no sabr\u00eda qu\u00e9 hacer sin el opio: \u201cDe eso comes y vives\u201d. Y cuando se le pregunta por qu\u00e9 no busca empleo en la costa, en Acapulco, la mayor ciudad de Guerrero, ni lo duda: \u201cNo hay trabajo para m\u00ed, te piden secundaria, idiomas, tendr\u00eda que pagar un piso, vestir bien, y no tengo para eso\u201d.<\/p>\n<p>Los campesinos forman la base de una salvaje cadena tr\u00f3fica. Sobre ellos depreda el crimen organizado. Primero las bandas locales, luego los intermediarios y, al final, los grandes c\u00e1rteles. Cuanto m\u00e1s opio, m\u00e1s dinero y m\u00e1s muerte. La agencia antidroga estadounidense (DEA) calcula que la producci\u00f3n de amapola en M\u00e9xico se ha disparado un 50% en los \u00faltimos cinco a\u00f1os. El efecto ha sido devastador. Las muertes por sobredosis se han triplicado desde 2010 en EE UU, y en el sur, en Estados como Guerrero, la negra tierra de Iguala, todo se ha venido abajo. La sangre mana por doquier y Acapulco, la antigua perla del Pac\u00edfico, ya es la tercera ciudad m\u00e1s violenta del mundo. En la sierra, a\u00fan es peor.<br \/>\n\u201cNo valemos nada. Aqu\u00ed nos cazan como conejos, y todo porque el cultivo es ilegal\u201d, explica Jos\u00e9, de 25 a\u00f1os. Vive en una casa de madera y cart\u00f3n, con suelo de tierra. Sabe que sus dos hijos se dedicar\u00e1n a lo mismo que \u00e9l. Desde que la adormidera lleg\u00f3 a las monta\u00f1as hace 40 a\u00f1os, la familia no trabaja en otra cosa. \u201cAqu\u00ed no hay nada m\u00e1s, eso es lo que tienen que entender\u201d, se justifica.<\/p>\n<p>Si no cumples con la deuda, saquean, secuestran o matan; cuando est\u00e1n a malas no sabes que te pasar\u00e1, incluso se pueden llevar a tus hijos, para hacerlos sicario\u201d.<\/p>\n<p>Jos\u00e9 (algunos nombres de este reportaje han sido cambiados por razones de seguridad) no est\u00e1 solo en sus reflexiones. En M\u00e9xico, tras 10 a\u00f1os de extenuante lucha contra el narco, la balanza empieza a moverse. 100.000 muertos y 25.000 desaparecidos han hecho mella. El debate por la legalizaci\u00f3n de las drogas avanza. La Corte Suprema ha avalado, aunque con l\u00edmites, el uso de la marihuana. El gobernador de Guerrero, del gubernamental PRI, ha pedido p\u00fablicamente la legalizaci\u00f3n de los cultivos de opio para uso medicinal. El mismo Gobierno de Enrique Pe\u00f1a Nieto ha anunciado que estudia la propuesta.<\/p>\n<p>En la sierra se siguen con impaciencia estos cambios. Alrededor de una enorme mesa de madera, en una caseta del municipio de Leonardo Bravo, 12 comisarios comunales se han reunido para tratar el asunto. Sue\u00f1an con un modelo como el espa\u00f1ol, con el cultivo legalizado y destinado a fines m\u00e9dicos. \u201cAqu\u00ed nos golpean todos: el crimen, el Gobierno y la pobreza. Que nos dejen cultivar en paz y no habr\u00e1 problemas\u201d, se\u00f1ala Ismael C\u00e1stulo Guzm\u00e1n. \u201cNo somos delincuentes, sino campesinos; si nos ofrecen proyectos sostenibles, cambiamos; de otra forma, es imposible\u201d, explica Crescencio Pacheco Gonz\u00e1lez.<\/p>\n<p>Para protegerse, ocho comunidades se han unido. Cultivan, recogen y venden juntos.<br \/>\nIncluso destinan una parte a pagar obras comunales. O eso dicen. Hay quien duda de que esa sea la soluci\u00f3n. No solo el crimen organizado sigue ah\u00ed, tambi\u00e9n la miseria, la corrupci\u00f3n y la permanente amenaza de destrucci\u00f3n. El terror de los campesinos. Ese que viene del cielo cuando menos se le espera. Son los boludos, los helic\u00f3pteros militares que sobrevuelan a pares la monta\u00f1a, y cuando localizan un cultivo, fumigan todo lo que encuentran a su paso, envenenando los manantiales, quemando los bosques, volviendo los campos pura ceniza donde ya solo crece el odio al Ej\u00e9rcito.<\/p>\n<p>\u2014\u00bfY no tienen forma de evitar la destrucci\u00f3n?<\/p>\n<p>\u2014Bueno, a veces, si vienen a pie y les entregas un chivo o lo que tengas de dinero, te dan tiempo suficiente para acabar la recogida. Aqu\u00ed todo se corrompe.<\/p>\n<p>El Ej\u00e9rcito no anda hoy por la monta\u00f1a. La cosecha est\u00e1 a punto de terminar y los \u00faltimos compradores se est\u00e1n marchando con su mercanc\u00eda. Suelen llegar unas dos semanas antes. No van solos. Furgonetas de hombres armados los protegen. Discretamente van entrando en una caseta para una buena comida. Hay pozole de ma\u00edz, con aguacate y tiras de carne de cerdo. La cerveza y el mezcal corren por las mesas. Afuera llueve mansamente.<\/p>\n<p>Cuando se les pregunta a los campesinos por la cosecha, dos de ellos desaparecen en silencio. Veinte minutos m\u00e1s tarde vuelven con un par de bolsas. Una rezuma una goma negruzca y pegajosa. Hay muchos sue\u00f1os metidos ah\u00ed dentro. Y en la otra, aguarda la sorpresa. Es hero\u00edna. China White, dicen. Cientos de gramos de la variedad m\u00e1s pura mezclada con fentanil. Un pu\u00f1al en la sangre. Al verla se descubre que entre los campesinos se mueve algo m\u00e1s que la sombra del narco. Ah\u00ed dentro, entre las carcajadas y el alcohol, hay quien ya procesa y elabora hero\u00edna para inyectarla en las venas de Am\u00e9rica. Lenta y letal. Afuera sigue lloviendo.<\/p>\n<p>http:\/\/internacional.elpais.com\/internacional\/2016\/05\/25\/mexico\/1464206124_219922.html?autoplay=1<\/p>\n","protected":false},"excerpt":{"rendered":"<p>El Pa\u00eds \/ Internacional Jan Mart\u00ednez Ahrens Filo de Caballos (Guerrero). Un campesino muestra c\u00f3mo se siembra la amapola entre cultivos de ma\u00edz. Sa\u00fal Ruiz Las cosas son sencillas en &hellip; <a href=\"http:\/\/www.grieta.org.mx\/index.php\/2016\/05\/24\/en-los-campos-del-opio-mexicano\/\" class=\"more-link\">Leer m\u00e1s<\/a><\/p>\n","protected":false},"author":2,"featured_media":21928,"comment_status":"closed","ping_status":"closed","sticky":false,"template":"","format":"standard","meta":{"ngg_post_thumbnail":0,"_jetpack_newsletter_access":"","_jetpack_dont_email_post_to_subs":false,"_jetpack_newsletter_tier_id":0,"_jetpack_memberships_contains_paywalled_content":false,"_jetpack_memberships_contains_paid_content":false,"footnotes":""},"categories":[80],"tags":[690],"class_list":["post-13963","post","type-post","status-publish","format-standard","has-post-thumbnail","hentry","category-cintillo","tag-industria-amapola","entry"],"jetpack_featured_media_url":"http:\/\/www.grieta.org.mx\/wp-content\/uploads\/2018\/03\/14524434_1106112876131411_958039263622046936_o.jpg","jetpack_sharing_enabled":true,"jetpack_shortlink":"https:\/\/wp.me\/p7ZJR4-3Dd","jetpack_likes_enabled":false,"jetpack-related-posts":[{"id":13563,"url":"http:\/\/www.grieta.org.mx\/index.php\/2016\/06\/08\/la-industria-de-la-amapola-en-guerrero-2\/","url_meta":{"origin":13963,"position":0},"title":"La industria de la amapola en Guerrero","author":"grieta","date":"8 junio, 2016","format":false,"excerpt":"08\/06\/16. Secuestran ni\u00f1os de Guerrero para cultivar droga: OIT Bajo Palabra 27\/05\/16. Guerrero, el mayor productor de opio en Am\u00e9rica, advierte el diario El Pa\u00eds El Sur \/ Proceso \/ El Pa\u00eds\/ NYT 25\/05\/16. En Guerrero 58 por ciento de narcolaboratorios destruidos por el ej\u00e9rcito El Sur 25\/05\/16. S\u00ed se\u2026","rel":"","context":"En &quot;CINTILLO&quot;","block_context":{"text":"CINTILLO","link":"http:\/\/www.grieta.org.mx\/index.php\/category\/cintillo\/"},"img":{"alt_text":"","src":"https:\/\/i0.wp.com\/www.grieta.org.mx\/wp-content\/uploads\/2018\/03\/14524434_1106112876131411_958039263622046936_o.jpg?resize=350%2C200","width":350,"height":200,"srcset":"https:\/\/i0.wp.com\/www.grieta.org.mx\/wp-content\/uploads\/2018\/03\/14524434_1106112876131411_958039263622046936_o.jpg?resize=350%2C200 1x, https:\/\/i0.wp.com\/www.grieta.org.mx\/wp-content\/uploads\/2018\/03\/14524434_1106112876131411_958039263622046936_o.jpg?resize=525%2C300 1.5x, https:\/\/i0.wp.com\/www.grieta.org.mx\/wp-content\/uploads\/2018\/03\/14524434_1106112876131411_958039263622046936_o.jpg?resize=700%2C400 2x"},"classes":[]},{"id":13554,"url":"http:\/\/www.grieta.org.mx\/index.php\/2016\/05\/27\/la-industria-de-la-amapola-en-guerrero\/","url_meta":{"origin":13963,"position":1},"title":"La industria de la amapola en Guerrero","author":"grieta","date":"27 mayo, 2016","format":false,"excerpt":"27\/05.16. Guerrero, el mayor productor de opio en Am\u00e9rica, advierte el diario El Pa\u00eds El Pa\u00eds, New York Times","rel":"","context":"En &quot;CINTILLO&quot;","block_context":{"text":"CINTILLO","link":"http:\/\/www.grieta.org.mx\/index.php\/category\/cintillo\/"},"img":{"alt_text":"","src":"https:\/\/i0.wp.com\/www.grieta.org.mx\/wp-content\/uploads\/2018\/03\/14524434_1106112876131411_958039263622046936_o.jpg?resize=350%2C200","width":350,"height":200,"srcset":"https:\/\/i0.wp.com\/www.grieta.org.mx\/wp-content\/uploads\/2018\/03\/14524434_1106112876131411_958039263622046936_o.jpg?resize=350%2C200 1x, https:\/\/i0.wp.com\/www.grieta.org.mx\/wp-content\/uploads\/2018\/03\/14524434_1106112876131411_958039263622046936_o.jpg?resize=525%2C300 1.5x, https:\/\/i0.wp.com\/www.grieta.org.mx\/wp-content\/uploads\/2018\/03\/14524434_1106112876131411_958039263622046936_o.jpg?resize=700%2C400 2x"},"classes":[]},{"id":13070,"url":"http:\/\/www.grieta.org.mx\/index.php\/2016\/05\/25\/en-guerrero-58-por-ciento-de-narcolaboratorios-destruidos-por-el-ejercito\/","url_meta":{"origin":13963,"position":2},"title":"En Guerrero 58 por ciento de narcolaboratorios destruidos por el ej\u00e9rcito","author":"grieta","date":"25 mayo, 2016","format":false,"excerpt":"El Sur Rosalba Ram\u00edrez Garc\u00eda Desmantel\u00f3 el Ej\u00e9rcito en Guerrero 18 de 31 laboratorios de goma de opio hallados en el pa\u00eds de 2010 a 2015 El estado ya no es s\u00f3lo productor de amapola, sino tambi\u00e9n de los derivados de la goma de opio, dice la Sedena. Los municipios\u2026","rel":"","context":"En &quot;CINTILLO&quot;","block_context":{"text":"CINTILLO","link":"http:\/\/www.grieta.org.mx\/index.php\/category\/cintillo\/"},"img":{"alt_text":"","src":"https:\/\/i0.wp.com\/www.grieta.org.mx\/wp-content\/uploads\/2018\/03\/14524434_1106112876131411_958039263622046936_o.jpg?resize=350%2C200","width":350,"height":200,"srcset":"https:\/\/i0.wp.com\/www.grieta.org.mx\/wp-content\/uploads\/2018\/03\/14524434_1106112876131411_958039263622046936_o.jpg?resize=350%2C200 1x, https:\/\/i0.wp.com\/www.grieta.org.mx\/wp-content\/uploads\/2018\/03\/14524434_1106112876131411_958039263622046936_o.jpg?resize=525%2C300 1.5x, https:\/\/i0.wp.com\/www.grieta.org.mx\/wp-content\/uploads\/2018\/03\/14524434_1106112876131411_958039263622046936_o.jpg?resize=700%2C400 2x"},"classes":[]},{"id":39308,"url":"http:\/\/www.grieta.org.mx\/index.php\/2019\/07\/25\/sin-hogar-sin-trabajo-y-sin-paz-asi-sobreviven-los-desterrados-de-la-amapola-en-guerrero\/","url_meta":{"origin":13963,"position":3},"title":"Sin hogar, sin trabajo y sin paz: as\u00ed sobreviven los desterrados de la amapola en Guerrero","author":"Admin","date":"25 julio, 2019","format":false,"excerpt":"Vania Pigeonutt \/ Infobae FILO DE CABALLOS, Guerrero, M\u00e9xico \u2014 Francisco Barrag\u00e1n muri\u00f3 de un paro card\u00edaco el 22 marzo casi frente al Palacio Nacional. Barrag\u00e1n, un agricultor de amapola del estado de Guerrero, ten\u00eda 56 a\u00f1os y llevaba 39 d\u00edas acampando frente a la sede del gobierno en Ciudad\u2026","rel":"","context":"En &quot;CINTILLO&quot;","block_context":{"text":"CINTILLO","link":"http:\/\/www.grieta.org.mx\/index.php\/category\/cintillo\/"},"img":{"alt_text":"","src":"https:\/\/i0.wp.com\/www.grieta.org.mx\/wp-content\/uploads\/2019\/09\/Captura-de-pantalla-2019-09-19-13.18.44.png?resize=350%2C200","width":350,"height":200,"srcset":"https:\/\/i0.wp.com\/www.grieta.org.mx\/wp-content\/uploads\/2019\/09\/Captura-de-pantalla-2019-09-19-13.18.44.png?resize=350%2C200 1x, https:\/\/i0.wp.com\/www.grieta.org.mx\/wp-content\/uploads\/2019\/09\/Captura-de-pantalla-2019-09-19-13.18.44.png?resize=525%2C300 1.5x, https:\/\/i0.wp.com\/www.grieta.org.mx\/wp-content\/uploads\/2019\/09\/Captura-de-pantalla-2019-09-19-13.18.44.png?resize=700%2C400 2x"},"classes":[]},{"id":36009,"url":"http:\/\/www.grieta.org.mx\/index.php\/2019\/07\/01\/al-menos-800-nuevos-desplazados-en-el-naranjo-guerrero-por-choque-de-grupos-armados\/","url_meta":{"origin":13963,"position":4},"title":"Al menos 800 nuevos desplazados en El Naranjo, Guerrero, por choque de grupos armados","author":"Admin","date":"1 julio, 2019","format":false,"excerpt":"Ezequiel Flores Contreras \/ PROCESO CHILPANCINGO, Gro. (apro).- Al menos 800 personas fueron desplazadas del poblado de El Naranjo, municipio de Leonardo Bravo, ante la confrontaci\u00f3n que mantienen grupos armados por el control de las zonas de producci\u00f3n de amapola y la industria minera en la Sierra de la entidad.\u2026","rel":"","context":"En &quot;CINTILLO&quot;","block_context":{"text":"CINTILLO","link":"http:\/\/www.grieta.org.mx\/index.php\/category\/cintillo\/"},"img":{"alt_text":"","src":"https:\/\/i0.wp.com\/www.grieta.org.mx\/wp-content\/uploads\/2019\/07\/WhatsApp-Image-2019-07-01-at-18.12.37-1078x640.jpg?resize=350%2C200","width":350,"height":200,"srcset":"https:\/\/i0.wp.com\/www.grieta.org.mx\/wp-content\/uploads\/2019\/07\/WhatsApp-Image-2019-07-01-at-18.12.37-1078x640.jpg?resize=350%2C200 1x, https:\/\/i0.wp.com\/www.grieta.org.mx\/wp-content\/uploads\/2019\/07\/WhatsApp-Image-2019-07-01-at-18.12.37-1078x640.jpg?resize=525%2C300 1.5x, https:\/\/i0.wp.com\/www.grieta.org.mx\/wp-content\/uploads\/2019\/07\/WhatsApp-Image-2019-07-01-at-18.12.37-1078x640.jpg?resize=700%2C400 2x, https:\/\/i0.wp.com\/www.grieta.org.mx\/wp-content\/uploads\/2019\/07\/WhatsApp-Image-2019-07-01-at-18.12.37-1078x640.jpg?resize=1050%2C600 3x"},"classes":[]},{"id":32581,"url":"http:\/\/www.grieta.org.mx\/index.php\/2019\/04\/24\/desplazados-pueden-rentar-pero-no-en-sus-pueblos-guerrero\/","url_meta":{"origin":13963,"position":5},"title":"Desplazados pueden rentar, pero no en sus pueblos (Guerrero)","author":"grieta","date":"24 abril, 2019","format":false,"excerpt":"Margena de la O \/ La Silla Rota Chilpancingo, Guerrero (La Silla Rota). Las familias de la Sierra refugiadas desde noviembre pasado en el auditorio municipal de Chichihualco, cabecera de Leonardo Bravo, logran rentar una casa al ser reconocidos por la Comisi\u00f3n Ejecutiva de Atenci\u00f3n a V\u00edctimas (CEAV), pero no\u2026","rel":"","context":"En &quot;CINTILLO&quot;","block_context":{"text":"CINTILLO","link":"http:\/\/www.grieta.org.mx\/index.php\/category\/cintillo\/"},"img":{"alt_text":"","src":"https:\/\/i0.wp.com\/www.grieta.org.mx\/wp-content\/uploads\/2019\/04\/whatsappimage20190422at17.09.04.jpg?resize=350%2C200","width":350,"height":200,"srcset":"https:\/\/i0.wp.com\/www.grieta.org.mx\/wp-content\/uploads\/2019\/04\/whatsappimage20190422at17.09.04.jpg?resize=350%2C200 1x, https:\/\/i0.wp.com\/www.grieta.org.mx\/wp-content\/uploads\/2019\/04\/whatsappimage20190422at17.09.04.jpg?resize=525%2C300 1.5x, https:\/\/i0.wp.com\/www.grieta.org.mx\/wp-content\/uploads\/2019\/04\/whatsappimage20190422at17.09.04.jpg?resize=700%2C400 2x, https:\/\/i0.wp.com\/www.grieta.org.mx\/wp-content\/uploads\/2019\/04\/whatsappimage20190422at17.09.04.jpg?resize=1050%2C600 3x"},"classes":[]}],"_links":{"self":[{"href":"http:\/\/www.grieta.org.mx\/index.php\/wp-json\/wp\/v2\/posts\/13963","targetHints":{"allow":["GET"]}}],"collection":[{"href":"http:\/\/www.grieta.org.mx\/index.php\/wp-json\/wp\/v2\/posts"}],"about":[{"href":"http:\/\/www.grieta.org.mx\/index.php\/wp-json\/wp\/v2\/types\/post"}],"author":[{"embeddable":true,"href":"http:\/\/www.grieta.org.mx\/index.php\/wp-json\/wp\/v2\/users\/2"}],"replies":[{"embeddable":true,"href":"http:\/\/www.grieta.org.mx\/index.php\/wp-json\/wp\/v2\/comments?post=13963"}],"version-history":[{"count":1,"href":"http:\/\/www.grieta.org.mx\/index.php\/wp-json\/wp\/v2\/posts\/13963\/revisions"}],"predecessor-version":[{"id":14037,"href":"http:\/\/www.grieta.org.mx\/index.php\/wp-json\/wp\/v2\/posts\/13963\/revisions\/14037"}],"wp:featuredmedia":[{"embeddable":true,"href":"http:\/\/www.grieta.org.mx\/index.php\/wp-json\/wp\/v2\/media\/21928"}],"wp:attachment":[{"href":"http:\/\/www.grieta.org.mx\/index.php\/wp-json\/wp\/v2\/media?parent=13963"}],"wp:term":[{"taxonomy":"category","embeddable":true,"href":"http:\/\/www.grieta.org.mx\/index.php\/wp-json\/wp\/v2\/categories?post=13963"},{"taxonomy":"post_tag","embeddable":true,"href":"http:\/\/www.grieta.org.mx\/index.php\/wp-json\/wp\/v2\/tags?post=13963"}],"curies":[{"name":"wp","href":"https:\/\/api.w.org\/{rel}","templated":true}]}}