{"id":13935,"date":"2016-06-02T01:15:39","date_gmt":"2016-06-02T01:15:39","guid":{"rendered":"http:\/\/www.grieta.org.mx\/?p=13935"},"modified":"2016-06-10T01:16:55","modified_gmt":"2016-06-10T01:16:55","slug":"se-plantan-familiares-de-desaparecidos-en-sinaloa-exigen-que-pgr-apresure-expedientes","status":"publish","type":"post","link":"http:\/\/www.grieta.org.mx\/index.php\/2016\/06\/02\/se-plantan-familiares-de-desaparecidos-en-sinaloa-exigen-que-pgr-apresure-expedientes\/","title":{"rendered":"Se plantan familiares de desaparecidos en Sinaloa, exigen que PGR apresure expedientes"},"content":{"rendered":"<p>Marcos Vizcarra, Sinaloa<\/p>\n<p>CULIAC\u00c1N._ El grupo Voces Unidas por la Vida se manifest\u00f3 este jueves en las instalaciones de la Procuradur\u00eda General de Justicia, previo a una reuni\u00f3n con funcionarios de PGR, a quienes les exigir\u00e1n que se apresure la integraci\u00f3n de expedientes de personas desaparecidas.<\/p>\n<p>\u00d3scar Loza Ochoa, enlace de la Comisi\u00f3n de Defensa de Derechos Humanos de Sinaloa, dijo que PGR se comprometi\u00f3 desde julio del 2015 en atraer al menos 50 expedientes, con los que se trabajar\u00eda para haber b\u00fasquedas y crear un registro de ADN, que se utilizar\u00eda para localizar a personas.<\/p>\n<p>Sin embargo, los trabajos de PGR, acus\u00f3 Loza Ochoa, no han sido los que se han prometido por altos funcionarios de la Fiscal\u00eda Federal.<\/p>\n<p><a href=\"http:\/\/beta.noroeste.com.mx\/publicaciones\/view\/se-plantan-familiares-de-desaparecidos-en-sinaloa-exigen-que-pgr-apresure-expedientes-1029346\" target=\"_blank\">http:\/\/beta.noroeste.com.mx\/publicaciones\/view\/se-plantan-familiares-de-desaparecidos-en-sinaloa-exigen-que-pgr-apresure-expedientes-1029346<\/a><\/p>\n","protected":false},"excerpt":{"rendered":"<p>Marcos Vizcarra, Sinaloa CULIAC\u00c1N._ El grupo Voces Unidas por la Vida se manifest\u00f3 este jueves en las instalaciones de la Procuradur\u00eda General de Justicia, previo a una reuni\u00f3n con funcionarios &hellip; <a href=\"http:\/\/www.grieta.org.mx\/index.php\/2016\/06\/02\/se-plantan-familiares-de-desaparecidos-en-sinaloa-exigen-que-pgr-apresure-expedientes\/\" class=\"more-link\">Leer m\u00e1s<\/a><\/p>\n","protected":false},"author":2,"featured_media":21928,"comment_status":"closed","ping_status":"closed","sticky":false,"template":"","format":"standard","meta":{"ngg_post_thumbnail":0,"_jetpack_newsletter_access":"","_jetpack_dont_email_post_to_subs":false,"_jetpack_newsletter_tier_id":0,"_jetpack_memberships_contains_paywalled_content":false,"_jetpack_memberships_contains_paid_content":false,"footnotes":""},"categories":[80,164],"tags":[121,180],"class_list":["post-13935","post","type-post","status-publish","format-standard","has-post-thumbnail","hentry","category-cintillo","category-sinaloa","tag-desaparecidos","tag-protesta","entry"],"jetpack_featured_media_url":"http:\/\/www.grieta.org.mx\/wp-content\/uploads\/2018\/03\/14524434_1106112876131411_958039263622046936_o.jpg","jetpack_sharing_enabled":true,"jetpack_shortlink":"https:\/\/wp.me\/p7ZJR4-3CL","jetpack_likes_enabled":false,"jetpack-related-posts":[{"id":9397,"url":"http:\/\/www.grieta.org.mx\/index.php\/2016\/03\/12\/acusan-a-pgr-de-incumplimiento-en-casos-de-desaparecidos-en-sinaloa\/","url_meta":{"origin":13935,"position":0},"title":"Acusan a PGR de incumplimiento en casos de desaparecidos en Sinaloa","author":"grieta","date":"12 marzo, 2016","format":false,"excerpt":"Marcos Vizcarra, Sinaloa. Grupos de familiares de desaparecidos de Sinaloa acusaron incumplimiento sobre investigaciones, b\u00fasquedas y entrega de resultados que prometi\u00f3 PGR en julio de 2015. \u00d3scar Loza Ochoa, enlace de la Comisi\u00f3n de Defensa de Derechos Humanos de Sinaloa y representante de los grupos de familiares, dijo que el\u2026","rel":"","context":"En &quot;CINTILLO&quot;","block_context":{"text":"CINTILLO","link":"http:\/\/www.grieta.org.mx\/index.php\/category\/cintillo\/"},"img":{"alt_text":"","src":"https:\/\/i0.wp.com\/www.grieta.org.mx\/wp-content\/uploads\/2018\/03\/14524434_1106112876131411_958039263622046936_o.jpg?resize=350%2C200","width":350,"height":200,"srcset":"https:\/\/i0.wp.com\/www.grieta.org.mx\/wp-content\/uploads\/2018\/03\/14524434_1106112876131411_958039263622046936_o.jpg?resize=350%2C200 1x, https:\/\/i0.wp.com\/www.grieta.org.mx\/wp-content\/uploads\/2018\/03\/14524434_1106112876131411_958039263622046936_o.jpg?resize=525%2C300 1.5x, https:\/\/i0.wp.com\/www.grieta.org.mx\/wp-content\/uploads\/2018\/03\/14524434_1106112876131411_958039263622046936_o.jpg?resize=700%2C400 2x"},"classes":[]},{"id":6886,"url":"http:\/\/www.grieta.org.mx\/index.php\/2016\/09\/14\/desaparecidos-en-sinaloa\/","url_meta":{"origin":13935,"position":1},"title":"Desaparecidos en Sinaloa","author":"grieta","date":"14 septiembre, 2016","format":false,"excerpt":"14\/09\/16. Encuentran Las Rastreadoras seis cuerpos en el norte de Sinaloa Noroeste 01\/09\/16. \u201cRastreadoras\u201d encuentran cuatro cuerpos m\u00e1s; llegan a 62. (Sinaloa) Rio Doce 30\/08\/16. Familiares exigen a Malova resultados en casos de desaparecidos en Sinaloa Proceso 03\/08\/16. \u00bfFue desaparecido en Sinaloa y sospechas en d\u00f3nde est\u00e1? Pide un permiso\u2026","rel":"","context":"En &quot;Desaparecidos&quot;","block_context":{"text":"Desaparecidos","link":"http:\/\/www.grieta.org.mx\/index.php\/category\/temas-nacionales\/desaparecidos\/"},"img":{"alt_text":"","src":"https:\/\/i0.wp.com\/www.grieta.org.mx\/wp-content\/uploads\/2018\/03\/14524434_1106112876131411_958039263622046936_o.jpg?resize=350%2C200","width":350,"height":200,"srcset":"https:\/\/i0.wp.com\/www.grieta.org.mx\/wp-content\/uploads\/2018\/03\/14524434_1106112876131411_958039263622046936_o.jpg?resize=350%2C200 1x, https:\/\/i0.wp.com\/www.grieta.org.mx\/wp-content\/uploads\/2018\/03\/14524434_1106112876131411_958039263622046936_o.jpg?resize=525%2C300 1.5x, https:\/\/i0.wp.com\/www.grieta.org.mx\/wp-content\/uploads\/2018\/03\/14524434_1106112876131411_958039263622046936_o.jpg?resize=700%2C400 2x"},"classes":[]},{"id":6758,"url":"http:\/\/www.grieta.org.mx\/index.php\/2016\/01\/26\/protestan-activistas-en-pgr-por-desaparecidos\/","url_meta":{"origin":13935,"position":2},"title":"Protestan activistas en PGR por desaparecidos","author":"grieta","date":"26 enero, 2016","format":false,"excerpt":"Jos\u00e9 Abraham Sanz, Sinaloa. CULIAC\u00c1N._ El llamado Frente Amplio, conformado por varios organismos civiles, acudieron a la delegaci\u00f3n Sinaloa de la Procuradur\u00eda General de la Rep\u00fablica a exigir que se esclarezca la desaparici\u00f3n de los 43 estudiantes de la Normal de Ayotzinapa y por los m\u00e1s de 22 mil desaparecidos\u2026","rel":"","context":"En &quot;CINTILLO&quot;","block_context":{"text":"CINTILLO","link":"http:\/\/www.grieta.org.mx\/index.php\/category\/cintillo\/"},"img":{"alt_text":"","src":"https:\/\/i0.wp.com\/www.grieta.org.mx\/wp-content\/uploads\/2018\/03\/14524434_1106112876131411_958039263622046936_o.jpg?resize=350%2C200","width":350,"height":200,"srcset":"https:\/\/i0.wp.com\/www.grieta.org.mx\/wp-content\/uploads\/2018\/03\/14524434_1106112876131411_958039263622046936_o.jpg?resize=350%2C200 1x, https:\/\/i0.wp.com\/www.grieta.org.mx\/wp-content\/uploads\/2018\/03\/14524434_1106112876131411_958039263622046936_o.jpg?resize=525%2C300 1.5x, https:\/\/i0.wp.com\/www.grieta.org.mx\/wp-content\/uploads\/2018\/03\/14524434_1106112876131411_958039263622046936_o.jpg?resize=700%2C400 2x"},"classes":[]},{"id":12219,"url":"http:\/\/www.grieta.org.mx\/index.php\/2016\/04\/05\/familiares-de-desaparecidos-se-plantan-seguridad-publica\/","url_meta":{"origin":13935,"position":3},"title":"Familiares de desaparecidos se plantan Seguridad P\u00fablica","author":"grieta","date":"5 abril, 2016","format":false,"excerpt":"Miguel Arredondo, Sinaloa. Los Mochis, Sinaloa.- Familiares de personas desaparecidas se manifestaron en las instalaciones de la Direcci\u00f3n General de Seguridad P\u00fablica y Tr\u00e1nsito Municipal de Ahome. Con pancartas en mano con fotograf\u00edas y nombres de sus familiares pidieron al gobierno que d\u00e9 soluci\u00f3n al tema de las desapariciones en\u2026","rel":"","context":"En &quot;CINTILLO&quot;","block_context":{"text":"CINTILLO","link":"http:\/\/www.grieta.org.mx\/index.php\/category\/cintillo\/"},"img":{"alt_text":"","src":"https:\/\/i0.wp.com\/www.grieta.org.mx\/wp-content\/uploads\/2018\/03\/14524434_1106112876131411_958039263622046936_o.jpg?resize=350%2C200","width":350,"height":200,"srcset":"https:\/\/i0.wp.com\/www.grieta.org.mx\/wp-content\/uploads\/2018\/03\/14524434_1106112876131411_958039263622046936_o.jpg?resize=350%2C200 1x, https:\/\/i0.wp.com\/www.grieta.org.mx\/wp-content\/uploads\/2018\/03\/14524434_1106112876131411_958039263622046936_o.jpg?resize=525%2C300 1.5x, https:\/\/i0.wp.com\/www.grieta.org.mx\/wp-content\/uploads\/2018\/03\/14524434_1106112876131411_958039263622046936_o.jpg?resize=700%2C400 2x"},"classes":[]},{"id":25893,"url":"http:\/\/www.grieta.org.mx\/index.php\/2018\/08\/27\/familiares-de-desaparecidos-no-dejaran-de-exigir-justicia-sinaloa\/","url_meta":{"origin":13935,"position":4},"title":"Familiares de desaparecidos no dejar\u00e1n de exigir justicia (Sinaloa)","author":"grieta","date":"27 agosto, 2018","format":false,"excerpt":"Retrato de los 43 estudiantes desaparecidos de Ayotzinapa en la Plazuela \u00c1lvaro Obreg\u00f3n en Culiac\u00e1n, Sinaloa. | Foto: El Debate Al lugar acudieron cientos de familiares de personas desaparecidas en todo el estado Francisca Mart\u00ednez Culiac\u00e1n, Sinaloa.- Unidos por la angustia y el dolor cada 26 de cada mes, decenas\u2026","rel":"","context":"En &quot;CINTILLO&quot;","block_context":{"text":"CINTILLO","link":"http:\/\/www.grieta.org.mx\/index.php\/category\/cintillo\/"},"img":{"alt_text":"","src":"https:\/\/i0.wp.com\/www.grieta.org.mx\/wp-content\/uploads\/2018\/08\/ayotzi_desaparecidos.jpg_539665225.jpg?resize=350%2C200","width":350,"height":200,"srcset":"https:\/\/i0.wp.com\/www.grieta.org.mx\/wp-content\/uploads\/2018\/08\/ayotzi_desaparecidos.jpg_539665225.jpg?resize=350%2C200 1x, https:\/\/i0.wp.com\/www.grieta.org.mx\/wp-content\/uploads\/2018\/08\/ayotzi_desaparecidos.jpg_539665225.jpg?resize=525%2C300 1.5x"},"classes":[]},{"id":4235,"url":"http:\/\/www.grieta.org.mx\/index.php\/2016\/03\/21\/colima-tercer-lugar-nacional-con-mayor-numero-de-desapariciones-forzadas-pgr\/","url_meta":{"origin":13935,"position":5},"title":"Colima tercer lugar nacional con mayor n\u00famero de desapariciones forzadas: PGR","author":"grieta","date":"21 marzo, 2016","format":false,"excerpt":"Diario Avanzada Colima, M\u00e9xico (21 de marzo de 2016).- Colima ocupa el tercer lugar nacional en desapariciones forzadas, as\u00ed lo dio a conocer la PGR en respuesta a una solicitud de informaci\u00f3n. De acuerdo a la informaci\u00f3n, la PGR tiene abiertos 38 expedientes por desaparici\u00f3n forzada de al menos 71\u2026","rel":"","context":"En &quot;CINTILLO&quot;","block_context":{"text":"CINTILLO","link":"http:\/\/www.grieta.org.mx\/index.php\/category\/cintillo\/"},"img":{"alt_text":"","src":"https:\/\/i0.wp.com\/www.grieta.org.mx\/wp-content\/uploads\/2018\/03\/14524434_1106112876131411_958039263622046936_o.jpg?resize=350%2C200","width":350,"height":200,"srcset":"https:\/\/i0.wp.com\/www.grieta.org.mx\/wp-content\/uploads\/2018\/03\/14524434_1106112876131411_958039263622046936_o.jpg?resize=350%2C200 1x, https:\/\/i0.wp.com\/www.grieta.org.mx\/wp-content\/uploads\/2018\/03\/14524434_1106112876131411_958039263622046936_o.jpg?resize=525%2C300 1.5x, https:\/\/i0.wp.com\/www.grieta.org.mx\/wp-content\/uploads\/2018\/03\/14524434_1106112876131411_958039263622046936_o.jpg?resize=700%2C400 2x"},"classes":[]}],"_links":{"self":[{"href":"http:\/\/www.grieta.org.mx\/index.php\/wp-json\/wp\/v2\/posts\/13935","targetHints":{"allow":["GET"]}}],"collection":[{"href":"http:\/\/www.grieta.org.mx\/index.php\/wp-json\/wp\/v2\/posts"}],"about":[{"href":"http:\/\/www.grieta.org.mx\/index.php\/wp-json\/wp\/v2\/types\/post"}],"author":[{"embeddable":true,"href":"http:\/\/www.grieta.org.mx\/index.php\/wp-json\/wp\/v2\/users\/2"}],"replies":[{"embeddable":true,"href":"http:\/\/www.grieta.org.mx\/index.php\/wp-json\/wp\/v2\/comments?post=13935"}],"version-history":[{"count":1,"href":"http:\/\/www.grieta.org.mx\/index.php\/wp-json\/wp\/v2\/posts\/13935\/revisions"}],"predecessor-version":[{"id":13936,"href":"http:\/\/www.grieta.org.mx\/index.php\/wp-json\/wp\/v2\/posts\/13935\/revisions\/13936"}],"wp:featuredmedia":[{"embeddable":true,"href":"http:\/\/www.grieta.org.mx\/index.php\/wp-json\/wp\/v2\/media\/21928"}],"wp:attachment":[{"href":"http:\/\/www.grieta.org.mx\/index.php\/wp-json\/wp\/v2\/media?parent=13935"}],"wp:term":[{"taxonomy":"category","embeddable":true,"href":"http:\/\/www.grieta.org.mx\/index.php\/wp-json\/wp\/v2\/categories?post=13935"},{"taxonomy":"post_tag","embeddable":true,"href":"http:\/\/www.grieta.org.mx\/index.php\/wp-json\/wp\/v2\/tags?post=13935"}],"curies":[{"name":"wp","href":"https:\/\/api.w.org\/{rel}","templated":true}]}}