{"id":13891,"date":"2016-06-01T22:42:52","date_gmt":"2016-06-01T22:42:52","guid":{"rendered":"http:\/\/www.grieta.org.mx\/?p=13891"},"modified":"2018-06-07T19:16:02","modified_gmt":"2018-06-08T00:16:02","slug":"consulta-a-comunidades-zapotecas-para-proyecto-eolicas-del-sur-no-cumplio-con-los-requisitos-de-ley","status":"publish","type":"post","link":"http:\/\/www.grieta.org.mx\/index.php\/2016\/06\/01\/consulta-a-comunidades-zapotecas-para-proyecto-eolicas-del-sur-no-cumplio-con-los-requisitos-de-ley\/","title":{"rendered":"Consulta a comunidades zapotecas para proyecto E\u00f3licas del Sur no cumpli\u00f3 con los requisitos de ley"},"content":{"rendered":"<p>Diario Oaxaca<\/p>\n<p>Redacci\u00f3n, Oaxaca, M\u00e9xico.- En Amicus Curiae presentado al Juzgado S\u00e9ptimo en Salina Cruz organizaciones y expertos piden que, debido a que \u00e9sta no fue previa, los permisos otorgados deben quedar sin efecto.<\/p>\n<p>Los proyectos de energ\u00edas renovables deben garantizar el respeto irrestricto de los derechos humanos de las comunidades donde pretenden llevarse a cabo.<br \/>\nOrganizaciones de la sociedad civil y expertos en materia de derecho a la consulta presentaron al Juzgado S\u00e9ptimo de Distrito en Salina Cruz, Oaxaca, un Amicus Curiae (opini\u00f3n t\u00e9cnica-jur\u00eddica) relacionado con el Amparo (454\/2015) promovido por integrantes del Pueblo Binniza en el caso contra el proyecto E\u00f3lica del Sur donde se\u00f1alan que el proceso de Consulta no cumpli\u00f3 con todos los requisitos de ley y, por tanto, los permisos otorgados deben anularse.<\/p>\n<p>En v\u00edsperas de la decisi\u00f3n final del caso que \u2013es posible- se discuta en la Audiencia Constitucional del pr\u00f3ximo 9 de junio, el Centro Mexicano de Derecho Ambiental, A.C. (CEMDA), Fundar, Centro de An\u00e1lisis e Investigaci\u00f3n, A.C. y el Centro de Derechos Humanos Tepeyac del Istmo de Tehuantepec, explicaron que el Amicus brinda argumentos para sustentar que el proceso de consulta llevado a cabo con la comunidad ind\u00edgena de Juchit\u00e1n de Zaragoza no reuni\u00f3 los elementos necesarios se\u00f1alados tanto por la legislaci\u00f3n nacional como por los tratados internacionales[1], entre ellos no fue previa, \u201cpor lo que no asegura la protecci\u00f3n de los derechos humanos del pueblo ind\u00edgena\u201d.<\/p>\n<p>En la conferencia de prensa llevada a cabo en la Biblioteca p\u00fablica municipal \u00c1vila Camacho, del municipio de Salina Cruz, Oaxaca, Felipe Romero, abogado del CEMDA, se\u00f1al\u00f3 que  &#8220;es fundamental que la autoridad judicial reconozca que el derecho a la consulta de las comunidades ind\u00edgenas en contextos de proyectos de desarrollo que afectan su territorio, recursos naturales, costumbres y forma de vida no puede limitarse tan s\u00f3lo a un mero procedimiento, sino que debe entenderse como un derecho que busca proteger derechos esencial\u00edsimos para la preservaci\u00f3n de la vida y la cultura ancestral de los pueblos&#8221;<br \/>\nCabe recordar que en octubre de 2014 el gobierno de Oaxaca y la Secretar\u00eda de Energ\u00eda (Sener) del gobierno federal publicaron en la comunidad de Juchit\u00e1n de Zaragoza, Oaxaca, el desplegado de inicio de la Consulta Previa sobre el megaproyecto E\u00f3lica del Sur, dando a conocer el Protocolo para la implementaci\u00f3n del proceso para llevarla a cabo. Dicho proyecto implica la generaci\u00f3n de energ\u00eda eoloel\u00e9ctrica (generada por viento) en modalidad de autoabastecimiento, mediante la instalaci\u00f3n de 132 aerogeneradores en los municipios de Juchit\u00e1n y El Espinal, en el estado de Oaxaca.<\/p>\n<p>De acuerdo con el Protocolo para la realizaci\u00f3n de la consulta, \u00e9sta debe ser previa, libre e informada. Sin embargo, como se expone en el texto del Amicus, antes de que se diera la consulta, el proyecto ya contaba con una autorizaci\u00f3n en materia de impacto ambiental. Posteriormente, durante el proceso de consulta, la empresa obtuvo el resto de los permisos, tales como el de autoabastecimiento y las autorizaciones de cambio de uso de suelo en terrenos forestales.<\/p>\n<p>\u201cLos permisos y autorizaciones para la implementaci\u00f3n del proyecto E\u00f3licas del Sur se emitieron con anterioridad a la realizaci\u00f3n de la consulta o sin que este proceso estuviera concluido, lo que evidencia la violaci\u00f3n clara al car\u00e1cter previo de la consulta a la comunidad Zapoteca de Juchit\u00e1n, as\u00ed como una violaci\u00f3n al derecho a la consulta en sentido general\u201d, estableci\u00f3 Edmundo del Pozo, abogado de Fundar.<\/p>\n<p>Las organizaciones plantean a la autoridad judicial que la violaci\u00f3n al car\u00e1cter previo de la consulta debe implicar una declaratoria de nulidad de los permisos y autorizaciones impugnados, a trav\u00e9s del juicio de amparo interpuesto por esta comunidad, lo que en los hechos debe dejar inexistentes dichos permisos.<\/p>\n<p>Coincidieron en que los proyectos de energ\u00edas renovables que pretendan llevarse a cabo en toda la Rep\u00fablica mexicana deben garantizar y respetar en todo momento los derechos humanos de las comunidades ind\u00edgenas donde se llevan a cabo, esto con el fin de brindar certidumbre jur\u00eddica a todos los actores y garantizar que efectivamente sean sustentables, tanto desde el punto de vista ambiental como social.<\/p>\n<p>En conclusi\u00f3n, el Amicus Curiae hace un respetuoso llamado al Juzgado para que a) Se declare la nulidad de las autorizaciones y permisos con los que cuenta el proyecto E\u00f3lica del Sur por haber sido emitidos en violaci\u00f3n al car\u00e1cter previo de la consulta;[2] b) Se exhorte a las autoridades responsables y dem\u00e1s instituciones competentes que cualquier medida susceptible de afectar derechos de pueblos y comunidades ind\u00edgenas en M\u00e9xico sea previamente consultada con \u00e9stos, de conformidad con las obligaciones internacionales de M\u00e9xico y sus normas constitucionales; y c) Asegure que los procesos de consulta previa que se lleven a cabo en M\u00e9xico sean inclusivos y garanticen el derecho a la participaci\u00f3n de las comunidades en un sentido amplio puesto que se trata no s\u00f3lo de la consulta, sino de la protecci\u00f3n de otros derechos como el territorio y la cultura.<\/p>\n<p><a href=\"http:\/\/www.diarioaxaca.com\/regiones\/8-oaxaca\/100561-consulta-a-comunidades-zapotecas-para-proyecto-eolicas-del-sur-no-cumplio-con-los-requisitos-de-ley\" target=\"_blank\">http:\/\/www.diarioaxaca.com\/regiones\/8-oaxaca\/100561-consulta-a-comunidades-zapotecas-para-proyecto-eolicas-del-sur-no-cumplio-con-los-requisitos-de-ley<\/a><\/p>\n","protected":false},"excerpt":{"rendered":"<p>Diario Oaxaca Redacci\u00f3n, Oaxaca, M\u00e9xico.- En Amicus Curiae presentado al Juzgado S\u00e9ptimo en Salina Cruz organizaciones y expertos piden que, debido a que \u00e9sta no fue previa, los permisos otorgados &hellip; <a href=\"http:\/\/www.grieta.org.mx\/index.php\/2016\/06\/01\/consulta-a-comunidades-zapotecas-para-proyecto-eolicas-del-sur-no-cumplio-con-los-requisitos-de-ley\/\" class=\"more-link\">Leer m\u00e1s<\/a><\/p>\n","protected":false},"author":2,"featured_media":21928,"comment_status":"closed","ping_status":"closed","sticky":false,"template":"","format":"standard","meta":{"ngg_post_thumbnail":0,"_jetpack_newsletter_access":"","_jetpack_dont_email_post_to_subs":false,"_jetpack_newsletter_tier_id":0,"_jetpack_memberships_contains_paywalled_content":false,"_jetpack_memberships_contains_paid_content":false,"footnotes":""},"categories":[80,1306,2,25],"tags":[361,214,93],"class_list":["post-13891","post","type-post","status-publish","format-standard","has-post-thumbnail","hentry","category-cintillo","category-conflictos-por-parques-eolicos-en-oaxaca","category-noticias-nacionales","category-oaxaca","tag-consulta-publica","tag-eolicas","tag-oaxaca","entry"],"jetpack_featured_media_url":"http:\/\/www.grieta.org.mx\/wp-content\/uploads\/2018\/03\/14524434_1106112876131411_958039263622046936_o.jpg","jetpack_sharing_enabled":true,"jetpack_shortlink":"https:\/\/wp.me\/p7ZJR4-3C3","jetpack_likes_enabled":false,"jetpack-related-posts":[{"id":31559,"url":"http:\/\/www.grieta.org.mx\/index.php\/2019\/04\/01\/consulta-en-el-istmo-es-una-simulacion-acusa-ucizoni-oaxaca\/","url_meta":{"origin":13891,"position":0},"title":"Consulta en el Istmo es una &#8220;simulaci\u00f3n&#8221;, acusa Ucizoni (Oaxaca)","author":"grieta","date":"1 abril, 2019","format":false,"excerpt":"Noticias. Gerardo Valdivieso Parada, La consulta sobre el corredor trans\u00edstmico en San Pedro Huamelula. Juchit\u00e1n, Oaxaca.- L\u00edderes que se han opuesto a los megaproyectos en la regi\u00f3n del Istmo de Tehuantepec, en sus diversas denominaciones retomados por los diferentes gobiernos federales, cuestionan las Asambleas Regionales Consultivas sobre el Programa de\u2026","rel":"","context":"En &quot;CINTILLO&quot;","block_context":{"text":"CINTILLO","link":"http:\/\/www.grieta.org.mx\/index.php\/category\/cintillo\/"},"img":{"alt_text":"","src":"https:\/\/i0.wp.com\/www.grieta.org.mx\/wp-content\/uploads\/2019\/04\/image_22_360.jpg?resize=350%2C200","width":350,"height":200,"srcset":"https:\/\/i0.wp.com\/www.grieta.org.mx\/wp-content\/uploads\/2019\/04\/image_22_360.jpg?resize=350%2C200 1x, https:\/\/i0.wp.com\/www.grieta.org.mx\/wp-content\/uploads\/2019\/04\/image_22_360.jpg?resize=525%2C300 1.5x, https:\/\/i0.wp.com\/www.grieta.org.mx\/wp-content\/uploads\/2019\/04\/image_22_360.jpg?resize=700%2C400 2x, https:\/\/i0.wp.com\/www.grieta.org.mx\/wp-content\/uploads\/2019\/04\/image_22_360.jpg?resize=1050%2C600 3x"},"classes":[]},{"id":31423,"url":"http:\/\/www.grieta.org.mx\/index.php\/2019\/03\/31\/rechazan-consulta-sobre-plan-para-el-istmo\/","url_meta":{"origin":13891,"position":1},"title":"Rechazan consulta sobre plan para el Istmo","author":"grieta","date":"31 marzo, 2019","format":false,"excerpt":"Noticias, El Plan para el Istmo incluye la rehabilitaci\u00f3n de la v\u00eda del ferrocarril para favorecer la comunicaci\u00f3n y posibilidades log\u00edsticas entre los puertos de Coatzacoalcos, Veracruz y Salina Cruz, Oaxaca. Por Redacci\u00f3n, Pueblos organizados en El Congreso Nacional Ind\u00edgena rechazaron la consulta por el programa de desarrollo del Istmo\u2026","rel":"","context":"En &quot;CINTILLO&quot;","block_context":{"text":"CINTILLO","link":"http:\/\/www.grieta.org.mx\/index.php\/category\/cintillo\/"},"img":{"alt_text":"","src":"https:\/\/i0.wp.com\/www.grieta.org.mx\/wp-content\/uploads\/2019\/03\/image_16.jpg?resize=350%2C200","width":350,"height":200,"srcset":"https:\/\/i0.wp.com\/www.grieta.org.mx\/wp-content\/uploads\/2019\/03\/image_16.jpg?resize=350%2C200 1x, https:\/\/i0.wp.com\/www.grieta.org.mx\/wp-content\/uploads\/2019\/03\/image_16.jpg?resize=525%2C300 1.5x, https:\/\/i0.wp.com\/www.grieta.org.mx\/wp-content\/uploads\/2019\/03\/image_16.jpg?resize=700%2C400 2x, https:\/\/i0.wp.com\/www.grieta.org.mx\/wp-content\/uploads\/2019\/03\/image_16.jpg?resize=1050%2C600 3x"},"classes":[]},{"id":1859,"url":"http:\/\/www.grieta.org.mx\/index.php\/2015\/09\/01\/pese-a-protestas-arranca-proyecto-eolica-del-sur-en-oaxaca\/","url_meta":{"origin":13891,"position":2},"title":"Pese a protestas arranca proyecto \u201cE\u00f3lica del Sur\u201d en Oaxaca","author":"grieta","date":"1 septiembre, 2015","format":false,"excerpt":"Proceso. Pedro Mat\u00edas, Oaxaca. (apro).- Pese a que zapotecas de Juchit\u00e1n presentaron una demanda de amparo ante el Juzgado S\u00e9ptimo de Distrito en contra de los tres niveles de gobierno por violaciones graves al derecho a la consulta, las Secretar\u00edas de Gobernaci\u00f3n y de Energ\u00eda firmaron hoy un acuerdo para\u2026","rel":"","context":"En &quot;CINTILLO&quot;","block_context":{"text":"CINTILLO","link":"http:\/\/www.grieta.org.mx\/index.php\/category\/cintillo\/"},"img":{"alt_text":"","src":"https:\/\/i0.wp.com\/www.grieta.org.mx\/wp-content\/uploads\/2018\/03\/14524434_1106112876131411_958039263622046936_o.jpg?resize=350%2C200","width":350,"height":200,"srcset":"https:\/\/i0.wp.com\/www.grieta.org.mx\/wp-content\/uploads\/2018\/03\/14524434_1106112876131411_958039263622046936_o.jpg?resize=350%2C200 1x, https:\/\/i0.wp.com\/www.grieta.org.mx\/wp-content\/uploads\/2018\/03\/14524434_1106112876131411_958039263622046936_o.jpg?resize=525%2C300 1.5x, https:\/\/i0.wp.com\/www.grieta.org.mx\/wp-content\/uploads\/2018\/03\/14524434_1106112876131411_958039263622046936_o.jpg?resize=700%2C400 2x"},"classes":[]},{"id":1869,"url":"http:\/\/www.grieta.org.mx\/index.php\/2015\/08\/03\/preparan-juicio-y-asamblea-popular-contra-eolicas\/","url_meta":{"origin":13891,"position":3},"title":"Preparan juicio y asamblea popular contra e\u00f3licas","author":"grieta","date":"3 agosto, 2015","format":false,"excerpt":"Noticias Net. Roselia Chaca, Juchit\u00e1n, Oaxaca.- Las dos fracciones que integran la Asamblea Popular del Pueblo Juchiteco (APPJ) mostraron su rechazo a la aprobaci\u00f3n de la instalaci\u00f3n del parque e\u00f3lico de la empresa \u2018E\u00f3lica del Sur\u2019, que se llev\u00f3 a cabo en la Consulta Ind\u00edgena, en el marco del Convenio\u2026","rel":"","context":"En &quot;CINTILLO&quot;","block_context":{"text":"CINTILLO","link":"http:\/\/www.grieta.org.mx\/index.php\/category\/cintillo\/"},"img":{"alt_text":"","src":"https:\/\/i0.wp.com\/www.grieta.org.mx\/wp-content\/uploads\/2018\/03\/14524434_1106112876131411_958039263622046936_o.jpg?resize=350%2C200","width":350,"height":200,"srcset":"https:\/\/i0.wp.com\/www.grieta.org.mx\/wp-content\/uploads\/2018\/03\/14524434_1106112876131411_958039263622046936_o.jpg?resize=350%2C200 1x, https:\/\/i0.wp.com\/www.grieta.org.mx\/wp-content\/uploads\/2018\/03\/14524434_1106112876131411_958039263622046936_o.jpg?resize=525%2C300 1.5x, https:\/\/i0.wp.com\/www.grieta.org.mx\/wp-content\/uploads\/2018\/03\/14524434_1106112876131411_958039263622046936_o.jpg?resize=700%2C400 2x"},"classes":[]},{"id":1862,"url":"http:\/\/www.grieta.org.mx\/index.php\/2015\/08\/21\/consulta-eolica-viciada-sin-informacion-previa-sin-traduccion-y-con-participacion-de-empresarios-pobladores\/","url_meta":{"origin":13891,"position":4},"title":"Consulta e\u00f3lica viciada: sin informaci\u00f3n previa, sin traducci\u00f3n y con participaci\u00f3n de empresarios: pobladores","author":"grieta","date":"21 agosto, 2015","format":false,"excerpt":"Revoluci\u00f3n 3.0 Cecilia Balderas, Oaxaca Integrantes de la Asamblea Popular del Pueblo Juchiteco (APPJ) interpusieron un juicio de amparo en contra de la consulta a trav\u00e9s de la que, supuestamente, la comunidad aprob\u00f3 la construcci\u00f3n del parque e\u00f3lico de la empresa E\u00f3lica del Sur, en Juchit\u00e1n y El Espinal, municipios\u2026","rel":"","context":"En &quot;CINTILLO&quot;","block_context":{"text":"CINTILLO","link":"http:\/\/www.grieta.org.mx\/index.php\/category\/cintillo\/"},"img":{"alt_text":"","src":"https:\/\/i0.wp.com\/www.grieta.org.mx\/wp-content\/uploads\/2018\/03\/14524434_1106112876131411_958039263622046936_o.jpg?resize=350%2C200","width":350,"height":200,"srcset":"https:\/\/i0.wp.com\/www.grieta.org.mx\/wp-content\/uploads\/2018\/03\/14524434_1106112876131411_958039263622046936_o.jpg?resize=350%2C200 1x, https:\/\/i0.wp.com\/www.grieta.org.mx\/wp-content\/uploads\/2018\/03\/14524434_1106112876131411_958039263622046936_o.jpg?resize=525%2C300 1.5x, https:\/\/i0.wp.com\/www.grieta.org.mx\/wp-content\/uploads\/2018\/03\/14524434_1106112876131411_958039263622046936_o.jpg?resize=700%2C400 2x"},"classes":[]},{"id":68531,"url":"http:\/\/www.grieta.org.mx\/index.php\/2024\/02\/18\/colonos-denuncian-represion-de-edil-de-salina-cruz-por-oponerse-a-obra-que-afecta-agua-potable-oaxaca\/","url_meta":{"origin":13891,"position":5},"title":"Colonos denuncian represi\u00f3n de edil de Salina Cruz por oponerse a obra que afecta agua potable (Oaxaca)","author":"grieta","date":"18 febrero, 2024","format":false,"excerpt":"Imagen: Pagina 3 Diana Manzo \/ P\u00e1gina 3 Salina Cruz, Oaxaca.- Polic\u00edas municipales de este puerto oaxaque\u00f1o y elementos de la Marina reprimieron una protesta que encabezaban vecinos de la colonia \u201cBenito Ju\u00e1rez\u201d al exigir una mesa de di\u00e1logo con el presidente municipal, Daniel M\u00e9ndez. Los colonos denunciaron que la\u2026","rel":"","context":"En &quot;Brutalidad polic\u00edaca en Oaxaca&quot;","block_context":{"text":"Brutalidad polic\u00edaca en Oaxaca","link":"http:\/\/www.grieta.org.mx\/index.php\/category\/noticias-nacionales\/oaxaca\/brutalidad-policiaca-en-oaxaca\/"},"img":{"alt_text":"","src":"https:\/\/i0.wp.com\/www.grieta.org.mx\/wp-content\/uploads\/2024\/02\/3ff939b7-7749-4115-8603-5767a11dd32d.webp?resize=350%2C200","width":350,"height":200,"srcset":"https:\/\/i0.wp.com\/www.grieta.org.mx\/wp-content\/uploads\/2024\/02\/3ff939b7-7749-4115-8603-5767a11dd32d.webp?resize=350%2C200 1x, https:\/\/i0.wp.com\/www.grieta.org.mx\/wp-content\/uploads\/2024\/02\/3ff939b7-7749-4115-8603-5767a11dd32d.webp?resize=525%2C300 1.5x"},"classes":[]}],"_links":{"self":[{"href":"http:\/\/www.grieta.org.mx\/index.php\/wp-json\/wp\/v2\/posts\/13891","targetHints":{"allow":["GET"]}}],"collection":[{"href":"http:\/\/www.grieta.org.mx\/index.php\/wp-json\/wp\/v2\/posts"}],"about":[{"href":"http:\/\/www.grieta.org.mx\/index.php\/wp-json\/wp\/v2\/types\/post"}],"author":[{"embeddable":true,"href":"http:\/\/www.grieta.org.mx\/index.php\/wp-json\/wp\/v2\/users\/2"}],"replies":[{"embeddable":true,"href":"http:\/\/www.grieta.org.mx\/index.php\/wp-json\/wp\/v2\/comments?post=13891"}],"version-history":[{"count":1,"href":"http:\/\/www.grieta.org.mx\/index.php\/wp-json\/wp\/v2\/posts\/13891\/revisions"}],"predecessor-version":[{"id":23500,"href":"http:\/\/www.grieta.org.mx\/index.php\/wp-json\/wp\/v2\/posts\/13891\/revisions\/23500"}],"wp:featuredmedia":[{"embeddable":true,"href":"http:\/\/www.grieta.org.mx\/index.php\/wp-json\/wp\/v2\/media\/21928"}],"wp:attachment":[{"href":"http:\/\/www.grieta.org.mx\/index.php\/wp-json\/wp\/v2\/media?parent=13891"}],"wp:term":[{"taxonomy":"category","embeddable":true,"href":"http:\/\/www.grieta.org.mx\/index.php\/wp-json\/wp\/v2\/categories?post=13891"},{"taxonomy":"post_tag","embeddable":true,"href":"http:\/\/www.grieta.org.mx\/index.php\/wp-json\/wp\/v2\/tags?post=13891"}],"curies":[{"name":"wp","href":"https:\/\/api.w.org\/{rel}","templated":true}]}}