{"id":13876,"date":"2016-05-19T17:32:12","date_gmt":"2016-05-19T17:32:12","guid":{"rendered":"http:\/\/www.grieta.org.mx\/?p=13876"},"modified":"2016-06-09T17:33:58","modified_gmt":"2016-06-09T17:33:58","slug":"cnte-bloquea-casetas-en-zacatecas-que-nos-despidan-reta-a-sep","status":"publish","type":"post","link":"http:\/\/www.grieta.org.mx\/index.php\/2016\/05\/19\/cnte-bloquea-casetas-en-zacatecas-que-nos-despidan-reta-a-sep\/","title":{"rendered":"CNTE bloquea casetas en Zacatecas; que nos despidan, reta a SEP"},"content":{"rendered":"<blockquote><p>V\u00edctor Hugo Montoya, secretario general del movimiento democr\u00e1tico dijo que ya fueron separados 26 maestros; realizan boteo en favor de los maestros cesados<\/p><\/blockquote>\n<p>OMAR HERN\u00c1NDEZ<\/p>\n<p>Maestros del movimiento disidente adscritos a la CNTE, en Zacatecas, tomaron las casetas de cobro permitiendo el libre paso de veh\u00edculos mediante cooperaci\u00f3n de boteo en los accesos hacia el norte del pa\u00eds, as\u00ed como con el vecino estado de Aguascalientes. <\/p>\n<p>La ley marca que al tercer d\u00eda de inasistencia de un maestro en un mes ha de ser separado del servicio y de ese tama\u00f1o es el reto. Aurelio Nu\u00f1o ha vociferado, a lo mejor un t\u00e9rmino poco adecuado, ha vociferado que \u00e9l va despedir a los maestros que acumulen \u00e9stas faltas, entonces hoy se cumple el cuarto d\u00eda y esperamos la reacci\u00f3n del estado\u201d, explic\u00f3 V\u00edctor Hugo Montoya, secretario general del movimiento democr\u00e1tico del CNTE en Zacatecas<\/p>\n<p>Tras la toma de casetas, el secretario general del movimiento democr\u00e1tico de la CNTE, en Zacatecas, inform\u00f3 que se tendr\u00e1 una reuni\u00f3n para definir la participaci\u00f3n del contingente en las manifestaciones nacionales.<\/p>\n<p>Est\u00e1 el enojo del magisterio zacatecano, est\u00e1 la preocupaci\u00f3n, y yo espero que esa preocupaci\u00f3n, ese enojo se manifieste en las actividades que se convoquen\u201d.<\/p>\n<p>Inform\u00f3 que lo recolectado en el boteo ser\u00e1 repartido entre los maestros que han sido cesados de su cargo tras no cumplir con el proceso de evaluaci\u00f3n o por faltas reiterativas con motivo de las protestas.<\/p>\n<p>(Hay) 26 compa\u00f1eros ya separados del servicio, que no cobran su salario; a eso obedece el boteo para el respaldo de los compa\u00f1eros. Desde el d\u00eda 15 no cobran compa\u00f1eros maestros zacatecanos por oponerse a la reforma y en particular a la evaluaci\u00f3n\u201d, coment\u00f3.<\/p>\n<p>En la entidad persiste la divisi\u00f3n entre maestros que se presentaron a la evaluaci\u00f3n docente y apoya la Reforma Educativa y los integrantes de la Coordinadora Nacional de la Educaci\u00f3n.<\/p>\n<p><a href=\"http:\/\/www.excelsior.com.mx\/nacional\/2016\/05\/19\/1093743\" target=\"_blank\">http:\/\/www.excelsior.com.mx\/nacional\/2016\/05\/19\/1093743<\/a><\/p>\n","protected":false},"excerpt":{"rendered":"<p>V\u00edctor Hugo Montoya, secretario general del movimiento democr\u00e1tico dijo que ya fueron separados 26 maestros; realizan boteo en favor de los maestros cesados OMAR HERN\u00c1NDEZ Maestros del movimiento disidente adscritos &hellip; <a href=\"http:\/\/www.grieta.org.mx\/index.php\/2016\/05\/19\/cnte-bloquea-casetas-en-zacatecas-que-nos-despidan-reta-a-sep\/\" class=\"more-link\">Leer m\u00e1s<\/a><\/p>\n","protected":false},"author":2,"featured_media":21928,"comment_status":"closed","ping_status":"closed","sticky":false,"template":"","format":"standard","meta":{"ngg_post_thumbnail":0,"_jetpack_newsletter_access":"","_jetpack_dont_email_post_to_subs":false,"_jetpack_newsletter_tier_id":0,"_jetpack_memberships_contains_paywalled_content":false,"_jetpack_memberships_contains_paid_content":false,"footnotes":""},"categories":[80,139],"tags":[134,480,135],"class_list":["post-13876","post","type-post","status-publish","format-standard","has-post-thumbnail","hentry","category-cintillo","category-zacatecas","tag-cnte","tag-evaluacion-magisterial","tag-reforma-educativa","entry"],"jetpack_featured_media_url":"http:\/\/www.grieta.org.mx\/wp-content\/uploads\/2018\/03\/14524434_1106112876131411_958039263622046936_o.jpg","jetpack_sharing_enabled":true,"jetpack_shortlink":"https:\/\/wp.me\/p7ZJR4-3BO","jetpack_likes_enabled":false,"jetpack-related-posts":[{"id":16878,"url":"http:\/\/www.grieta.org.mx\/index.php\/2016\/07\/07\/volanteo-y-boteo-de-maestros-democraticos-en-caseta-de-halacho-campeche\/","url_meta":{"origin":13876,"position":0},"title":"Volanteo y boteo de maestros democr\u00e1ticos en caseta de Halach\u00f3 (Campeche)","author":"grieta","date":"7 julio, 2016","format":false,"excerpt":"BECAL, CALKINI, Cam. 7 de julio del 2016.- Integrantes de la Coordinadora Estatal de los Trabajadores de la Educaci\u00f3n de Campeche (CETEC-CNTE), en el marco de las actividades programadas a nivel nacional, realizaron las actividades de volanteo y boteo, para informar a la ciudadan\u00eda de la lucha que a nivel\u2026","rel":"","context":"En &quot;campeche&quot;","block_context":{"text":"campeche","link":"http:\/\/www.grieta.org.mx\/index.php\/category\/campeche\/"},"img":{"alt_text":"","src":"https:\/\/i0.wp.com\/www.grieta.org.mx\/wp-content\/uploads\/2018\/03\/14524434_1106112876131411_958039263622046936_o.jpg?resize=350%2C200","width":350,"height":200,"srcset":"https:\/\/i0.wp.com\/www.grieta.org.mx\/wp-content\/uploads\/2018\/03\/14524434_1106112876131411_958039263622046936_o.jpg?resize=350%2C200 1x, https:\/\/i0.wp.com\/www.grieta.org.mx\/wp-content\/uploads\/2018\/03\/14524434_1106112876131411_958039263622046936_o.jpg?resize=525%2C300 1.5x, https:\/\/i0.wp.com\/www.grieta.org.mx\/wp-content\/uploads\/2018\/03\/14524434_1106112876131411_958039263622046936_o.jpg?resize=700%2C400 2x"},"classes":[]},{"id":18837,"url":"http:\/\/www.grieta.org.mx\/index.php\/2016\/08\/02\/policia-de-zacatecas-repliega-marcha-de-la-cnte\/","url_meta":{"origin":13876,"position":1},"title":"Polic\u00eda de Zacatecas repliega marcha de la CNTE","author":"grieta","date":"2 agosto, 2016","format":false,"excerpt":"Alfredo Valadez Rodr\u00edguez, corresponsal | martes, 02 ago 2016 Zacatecas, Zac. Un peque\u00f1o grupo de maestros disidentes fueron replegados a golpes, toletazos y con aparatos de toques el\u00e9ctricos por decenas de agentes de la Polic\u00eda Estatal Preventiva, corporaci\u00f3n que resguard\u00f3 este martes el Palacio de Convenciones, en donde, ante m\u00e1s\u2026","rel":"","context":"En &quot;CINTILLO&quot;","block_context":{"text":"CINTILLO","link":"http:\/\/www.grieta.org.mx\/index.php\/category\/cintillo\/"},"img":{"alt_text":"","src":"https:\/\/i0.wp.com\/www.grieta.org.mx\/wp-content\/uploads\/2018\/03\/14524434_1106112876131411_958039263622046936_o.jpg?resize=350%2C200","width":350,"height":200,"srcset":"https:\/\/i0.wp.com\/www.grieta.org.mx\/wp-content\/uploads\/2018\/03\/14524434_1106112876131411_958039263622046936_o.jpg?resize=350%2C200 1x, https:\/\/i0.wp.com\/www.grieta.org.mx\/wp-content\/uploads\/2018\/03\/14524434_1106112876131411_958039263622046936_o.jpg?resize=525%2C300 1.5x, https:\/\/i0.wp.com\/www.grieta.org.mx\/wp-content\/uploads\/2018\/03\/14524434_1106112876131411_958039263622046936_o.jpg?resize=700%2C400 2x"},"classes":[]},{"id":18024,"url":"http:\/\/www.grieta.org.mx\/index.php\/2016\/07\/29\/liberara-la-cnte-tres-casetas-en-morelos\/","url_meta":{"origin":13876,"position":2},"title":"Liberar\u00e1 la CNTE tres casetas en Morelos","author":"grieta","date":"29 julio, 2016","format":false,"excerpt":"M\u00d3NICA GONZ\u00c1LEZ, Morelos En el marco de la lucha magisterial de la Coordinadora Nacional de Trabajadores de la Educaci\u00f3n (CNTE), maestros determinaron \"liberar\" hoy a las 15:00 horas, las casetas de Oacalco, Tepoztl\u00e1n y Alpuyeca, porque no han sido suficientes las medidas tomadas por la autoridad en el tema de\u2026","rel":"","context":"En &quot;CINTILLO&quot;","block_context":{"text":"CINTILLO","link":"http:\/\/www.grieta.org.mx\/index.php\/category\/cintillo\/"},"img":{"alt_text":"","src":"https:\/\/i0.wp.com\/www.grieta.org.mx\/wp-content\/uploads\/2018\/03\/14524434_1106112876131411_958039263622046936_o.jpg?resize=350%2C200","width":350,"height":200,"srcset":"https:\/\/i0.wp.com\/www.grieta.org.mx\/wp-content\/uploads\/2018\/03\/14524434_1106112876131411_958039263622046936_o.jpg?resize=350%2C200 1x, https:\/\/i0.wp.com\/www.grieta.org.mx\/wp-content\/uploads\/2018\/03\/14524434_1106112876131411_958039263622046936_o.jpg?resize=525%2C300 1.5x, https:\/\/i0.wp.com\/www.grieta.org.mx\/wp-content\/uploads\/2018\/03\/14524434_1106112876131411_958039263622046936_o.jpg?resize=700%2C400 2x"},"classes":[]},{"id":571,"url":"http:\/\/www.grieta.org.mx\/index.php\/2016\/09\/12\/movilizaciones-de-maestros-en-campeche-por-evaluacion-al-desempeno-y-reforma-educativa\/","url_meta":{"origin":13876,"position":3},"title":"Movilizaciones contra la Reforma Educativa y evaluaci\u00f3n magisterial en Campeche","author":"grieta","date":"12 septiembre, 2016","format":false,"excerpt":"12\/09\/16. Protestan en contra de reforma educativa (Campeche) El Expreso 24\/07\/16. Maestros vuelven a manifestarse contra Reforma Educativa (Campeche) P\u00e1gin@bierta 17\/07\/16. Maestros de Cetec exigen abrogar reforma educativa (Campeche) Tribuna 12\/07\/16. Campeche presente en las negociaciones de CNTE con Gobernaci\u00f3n P\u00e1gin@bierta 07\/07\/16. Volanteo y boteo de maestros democr\u00e1ticos en caseta\u2026","rel":"","context":"En &quot;Campeche&quot;","block_context":{"text":"Campeche","link":"http:\/\/www.grieta.org.mx\/index.php\/category\/noticias-nacionales\/campeche\/"},"img":{"alt_text":"","src":"https:\/\/i0.wp.com\/www.grieta.org.mx\/wp-content\/uploads\/2018\/03\/14524434_1106112876131411_958039263622046936_o.jpg?resize=350%2C200","width":350,"height":200,"srcset":"https:\/\/i0.wp.com\/www.grieta.org.mx\/wp-content\/uploads\/2018\/03\/14524434_1106112876131411_958039263622046936_o.jpg?resize=350%2C200 1x, https:\/\/i0.wp.com\/www.grieta.org.mx\/wp-content\/uploads\/2018\/03\/14524434_1106112876131411_958039263622046936_o.jpg?resize=525%2C300 1.5x, https:\/\/i0.wp.com\/www.grieta.org.mx\/wp-content\/uploads\/2018\/03\/14524434_1106112876131411_958039263622046936_o.jpg?resize=700%2C400 2x"},"classes":[]},{"id":6263,"url":"http:\/\/www.grieta.org.mx\/index.php\/2015\/10\/12\/chocan-maestros-de-cnte-y-policias-en-tabasco\/","url_meta":{"origin":13876,"position":4},"title":"Chocan maestros de CNTE y polic\u00edas en Tabasco","author":"grieta","date":"12 octubre, 2015","format":false,"excerpt":"Con informaci\u00f3n de Luna L\u00f3pez Antimotines desalojan a docentes en la caseta de cobro de Villahermosa-Macuspana Elementos antimotines de la Secretar\u00eda de Seguridad P\u00fablica de Tabasco (SSP) desalojaron con gas lacrim\u00f3geno a maestros que se apostaron en la caseta de cobro de la carretera Villahermosa-Macuspana. Desde temprano, los docentes se\u2026","rel":"","context":"En &quot;CINTILLO&quot;","block_context":{"text":"CINTILLO","link":"http:\/\/www.grieta.org.mx\/index.php\/category\/cintillo\/"},"img":{"alt_text":"","src":"https:\/\/i0.wp.com\/www.grieta.org.mx\/wp-content\/uploads\/2018\/03\/14524434_1106112876131411_958039263622046936_o.jpg?resize=350%2C200","width":350,"height":200,"srcset":"https:\/\/i0.wp.com\/www.grieta.org.mx\/wp-content\/uploads\/2018\/03\/14524434_1106112876131411_958039263622046936_o.jpg?resize=350%2C200 1x, https:\/\/i0.wp.com\/www.grieta.org.mx\/wp-content\/uploads\/2018\/03\/14524434_1106112876131411_958039263622046936_o.jpg?resize=525%2C300 1.5x, https:\/\/i0.wp.com\/www.grieta.org.mx\/wp-content\/uploads\/2018\/03\/14524434_1106112876131411_958039263622046936_o.jpg?resize=700%2C400 2x"},"classes":[]},{"id":9156,"url":"http:\/\/www.grieta.org.mx\/index.php\/2016\/09\/02\/movilizaciones-de-la-cnte-en-morelos\/","url_meta":{"origin":13876,"position":5},"title":"Movilizaciones contra la Reforma educativa y evaluaci\u00f3n magisterial en Morelos","author":"grieta","date":"2 septiembre, 2016","format":false,"excerpt":"02\/09\/16. Demandan en marcha reinstalaci\u00f3n de maestros despedidos La Uni\u00f3n de Morelos 30\/08\/16. Mantendr\u00e1n lucha por reinstalaci\u00f3n de profes El Sol de Cuernavaca 29\/07\/16. Liberar\u00e1 la CNTE tres casetas en Morelos El Sol de Cuernavaca 21\/07\/16. No pagaron quincenas atrasadas a maestros cesados: MMB (Morelos) La Uni\u00f3n de Morelos 21\/07\/16.\u2026","rel":"","context":"En &quot;Morelos&quot;","block_context":{"text":"Morelos","link":"http:\/\/www.grieta.org.mx\/index.php\/category\/noticias-nacionales\/morelos\/"},"img":{"alt_text":"","src":"https:\/\/i0.wp.com\/www.grieta.org.mx\/wp-content\/uploads\/2018\/03\/14524434_1106112876131411_958039263622046936_o.jpg?resize=350%2C200","width":350,"height":200,"srcset":"https:\/\/i0.wp.com\/www.grieta.org.mx\/wp-content\/uploads\/2018\/03\/14524434_1106112876131411_958039263622046936_o.jpg?resize=350%2C200 1x, https:\/\/i0.wp.com\/www.grieta.org.mx\/wp-content\/uploads\/2018\/03\/14524434_1106112876131411_958039263622046936_o.jpg?resize=525%2C300 1.5x, https:\/\/i0.wp.com\/www.grieta.org.mx\/wp-content\/uploads\/2018\/03\/14524434_1106112876131411_958039263622046936_o.jpg?resize=700%2C400 2x"},"classes":[]}],"_links":{"self":[{"href":"http:\/\/www.grieta.org.mx\/index.php\/wp-json\/wp\/v2\/posts\/13876","targetHints":{"allow":["GET"]}}],"collection":[{"href":"http:\/\/www.grieta.org.mx\/index.php\/wp-json\/wp\/v2\/posts"}],"about":[{"href":"http:\/\/www.grieta.org.mx\/index.php\/wp-json\/wp\/v2\/types\/post"}],"author":[{"embeddable":true,"href":"http:\/\/www.grieta.org.mx\/index.php\/wp-json\/wp\/v2\/users\/2"}],"replies":[{"embeddable":true,"href":"http:\/\/www.grieta.org.mx\/index.php\/wp-json\/wp\/v2\/comments?post=13876"}],"version-history":[{"count":1,"href":"http:\/\/www.grieta.org.mx\/index.php\/wp-json\/wp\/v2\/posts\/13876\/revisions"}],"predecessor-version":[{"id":13877,"href":"http:\/\/www.grieta.org.mx\/index.php\/wp-json\/wp\/v2\/posts\/13876\/revisions\/13877"}],"wp:featuredmedia":[{"embeddable":true,"href":"http:\/\/www.grieta.org.mx\/index.php\/wp-json\/wp\/v2\/media\/21928"}],"wp:attachment":[{"href":"http:\/\/www.grieta.org.mx\/index.php\/wp-json\/wp\/v2\/media?parent=13876"}],"wp:term":[{"taxonomy":"category","embeddable":true,"href":"http:\/\/www.grieta.org.mx\/index.php\/wp-json\/wp\/v2\/categories?post=13876"},{"taxonomy":"post_tag","embeddable":true,"href":"http:\/\/www.grieta.org.mx\/index.php\/wp-json\/wp\/v2\/tags?post=13876"}],"curies":[{"name":"wp","href":"https:\/\/api.w.org\/{rel}","templated":true}]}}