{"id":13784,"date":"2016-05-30T03:55:02","date_gmt":"2016-05-30T03:55:02","guid":{"rendered":"http:\/\/www.grieta.org.mx\/?p=13784"},"modified":"2016-06-07T04:10:58","modified_gmt":"2016-06-07T04:10:58","slug":"voces-de-la-desaparicion-en-tamaulipas","status":"publish","type":"post","link":"http:\/\/www.grieta.org.mx\/index.php\/2016\/05\/30\/voces-de-la-desaparicion-en-tamaulipas\/","title":{"rendered":"Voces de la desaparici\u00f3n en Tamaulipas"},"content":{"rendered":"<p>\nPor Cristian Leyva y Heriberto Paredes<\/p>\n<div class=\"jetpack-video-wrapper\"><iframe loading=\"lazy\" title=\"Tercer testimonio sobre desaparici\u00f3n en Tamaulipas\" width=\"1170\" height=\"658\" src=\"https:\/\/www.youtube.com\/embed\/W4J1KVjwniE?feature=oembed\" frameborder=\"0\" allow=\"accelerometer; autoplay; clipboard-write; encrypted-media; gyroscope; picture-in-picture\" allowfullscreen><\/iframe><\/div>\n<p>El supuesto secuestro del que fue v\u00edctima el reconocido futbolista Alan Pulido, no es m\u00e1s que una burla. Una farsa para burlarse de todas las familias que buscan a sus familiares desaparecidos. Particularmente, el mensaje para la poblaci\u00f3n de Tamaulipas es muy claro: si no se es alguien con fama y fortuna, la procuraci\u00f3n de justicia no existe; si no se tiene a los medios encima, las leyes no se aceleran, las respuestas del gobierno del Estado nunca llegan; si no se es un futbolista millonario, el gobernador no atender\u00e1 la denuncia.<\/p>\n<p>Sin embargo, en el caso de Pulido, de inmediato Egidio Torre Cant\u00fa \u2013gobernador de Tamaulipas\u2013 se puso en contacto con la familia, hizo las declaraciones t\u00edpicas para estas ocasiones: \u00abharemos todo lo que est\u00e9 en nuestras manos para localizarlo\u00bb. E instruy\u00f3 a Ismael Quintanilla Acosta, procurador de justicia estatal para que se realizaran operativos y b\u00fasquedas. \u00bfCu\u00e1ndo se han tomado acciones similares para otros casos de secuestro y desaparici\u00f3n? \u00bfes que acaso los dem\u00e1s habitantes de Tamaulipas \u2013por no decir de todo el pa\u00eds\u2013 no merecen un trato expedito en la procuraci\u00f3n de justicia?<\/p>\n<div class=\"jetpack-video-wrapper\"><iframe loading=\"lazy\" title=\"Primer testimonio sobre desaparici\u00f3n en Tamaulipas\" width=\"1170\" height=\"658\" src=\"https:\/\/www.youtube.com\/embed\/3DZyw6Q3m_Y?feature=oembed\" frameborder=\"0\" allow=\"accelerometer; autoplay; clipboard-write; encrypted-media; gyroscope; picture-in-picture\" allowfullscreen><\/iframe><\/div>\n<p>En contraste con este caso de famoso secuestro, presentamos tres historias de desaparici\u00f3n, tres historias duras, en las que ning\u00fan medio de comunicaci\u00f3n intervino hasta ahora, en las que los procesos jur\u00eddicos son largos y tediosos, aumentan el dolor y la incertidumebre, pero sobre todo, demuestran que el sistema de justicia protege a los que s\u00ed cuentan con dinero, no a los que no cuentan con los recursos econ\u00f3micos que esto demanda. En las palabras de cada una de las personas est\u00e1n expresadas las contradicciones, tan evidentes y burdas, que la rabia se intensifica.<\/p>\n<p>El noreste mexicano (Nuevo Le\u00f3n, Tamaulipas y Cohahuila) pasa actualmente por una reconfiguraci\u00f3n de los grupos criminales que han asolado esta zona desde ha ya varias d\u00e9cadas. El surgimiento de la escici\u00f3n conocida como Zetas Vieja Escuela y del C\u00e1rtel de Noreste y su consolidaci\u00f3n dentro del contexto criminal significa la existencia de nuevas alianzas entre \u00e9stos y distintas partes de la estructura de gobierno. La necropol\u00edtica ha generado que los \u00fanicos cambios existentes sean los movimientos que organizaciones criminales llevan a cabo junto con sus contrapartes funcionarios p\u00fablicos. El esc\u00e1ndalo que signific\u00f3 el presunto secuestro del futbolista es tan s\u00f3lo un se\u00f1uelo, un mensaje, algo que, como document\u00f3 el semanario Proceso, leyeron los Zetas Vieja Escuela: \u00abUstedes putos Estatales que sepan todos que ayer en el secuestro del futbolista le cubrieron la retirada al Tiki Tiki\u00bb. sin mencionar que el pr\u00f3ximo domingo 5 de junio se celebrar\u00e1n elecciones estatales.<\/p>\n<p>Tras la detenci\u00f3n de Miguel \u00c1ngel Trevi\u00f1o, el pasado 15 de julio de 2013, uno de sus sobrinos, identificado como Juan Francisco Trevi\u00f1o, \u00abKiko Trevi\u00f1o\u00bb, se convierte en una figura clave para entender los movimientos, las fracturas y las peleas que se desatan entre los distintos grupos criminales. El noreste vuelve a vivir una escalada en los niveles de violencia, particularmente en tres aspectos: la presencia reforzada de la polic\u00eda militar en las calles, el aumento de las desapariciones en los tres estados que componen la regi\u00f3n y las agresiones a la prensa escrita y de medios digitales.<\/p>\n<div class=\"jetpack-video-wrapper\"><iframe loading=\"lazy\" title=\"Segundo testimonio sobre desaparici\u00f3n en Tamaulipas\" width=\"1170\" height=\"658\" src=\"https:\/\/www.youtube.com\/embed\/flIUGjfS-uQ?feature=oembed\" frameborder=\"0\" allow=\"accelerometer; autoplay; clipboard-write; encrypted-media; gyroscope; picture-in-picture\" allowfullscreen><\/iframe><\/div>\n<p>El pacto entre los cuerpos de seguridad del Estado y las fuerzas criminales ha llegado a niveles de fusi\u00f3n, fen\u00f3meno que se ha dado en otros estados como Guerrero y Michoac\u00e1n. En el caso del noreste, tanto polic\u00eda militar como polic\u00eda estatal y polic\u00eda ministerial han sido piezas clave en un gran n\u00famero de casos denunciados, en donde son estos cuerpos los responsables de la desaparici\u00f3n o del encubrimiento. Son los testimonios que presentamos, voces que explican la situaci\u00f3n que se vive en Tamaulipas, sin embargo, que queden estos an\u00e1lisis como parte de las investigaciones que han de continuarse en otras partes del pa\u00eds.<\/p>\n<p>Ya lo dir\u00eda el EZLN en su m\u00e1s reciente comunicado, las palabras adecuadas para carcterizar al PRI en Tamaulipas y que esto nos ayude a comprender porqu\u00e9 un supuestro secuestro de alguien famoso s\u00ed es importante y las miles de denuncias sobre desaparici\u00f3n simplemente no son escuchadas o son relegadas a la burocracia ministerial: \u00abel PRI es el brazo institucional del crimen organizado\u00bb.<\/p>\n<p>Les invitamos a escuchar atentamente las tres historias que presentamos en esta publicaci\u00f3n. Las tres muestran rostros del horror que se vive en Tamaulipas y que se ha repetido en muchas geograf\u00edas mexicanas. A petici\u00f3n de las personas entrevistadas hemos omitido sus nombres y sus lugares de origen, ya que temen que adem\u00e1s de entorpecer sus lentos procesos de b\u00fasqueda sean v\u00edctimas de represalias.<\/p>\n<p><a href=\"http:\/\/subversiones.org\/archivos\/123917\" target=\"_blank\">http:\/\/subversiones.org\/archivos\/123917<\/a><\/p>\n","protected":false},"excerpt":{"rendered":"<p>Por Cristian Leyva y Heriberto Paredes El supuesto secuestro del que fue v\u00edctima el reconocido futbolista Alan Pulido, no es m\u00e1s que una burla. Una farsa para burlarse de todas &hellip; <a href=\"http:\/\/www.grieta.org.mx\/index.php\/2016\/05\/30\/voces-de-la-desaparicion-en-tamaulipas\/\" class=\"more-link\">Leer m\u00e1s<\/a><\/p>\n","protected":false},"author":2,"featured_media":21928,"comment_status":"closed","ping_status":"closed","sticky":false,"template":"","format":"standard","meta":{"ngg_post_thumbnail":0,"_jetpack_newsletter_access":"","_jetpack_dont_email_post_to_subs":false,"_jetpack_newsletter_tier_id":0,"_jetpack_memberships_contains_paywalled_content":false,"_jetpack_memberships_contains_paid_content":false,"footnotes":""},"categories":[80],"tags":[121],"class_list":["post-13784","post","type-post","status-publish","format-standard","has-post-thumbnail","hentry","category-cintillo","tag-desaparecidos","entry"],"jetpack_featured_media_url":"http:\/\/www.grieta.org.mx\/wp-content\/uploads\/2018\/03\/14524434_1106112876131411_958039263622046936_o.jpg","jetpack_sharing_enabled":true,"jetpack_shortlink":"https:\/\/wp.me\/p7ZJR4-3Ak","jetpack_likes_enabled":false,"jetpack-related-posts":[{"id":14075,"url":"http:\/\/www.grieta.org.mx\/index.php\/2016\/06\/09\/carta-abierta-al-gobernador-de-tamaulipas-en-busca-de-luis-alberto-ceron-hernandez\/","url_meta":{"origin":13784,"position":0},"title":"Carta abierta al gobernador de Tamaulipas: En busca de Luis Alberto Cer\u00f3n Hern\u00e1ndez","author":"grieta","date":"9 junio, 2016","format":false,"excerpt":"Foto: Erika Lozano \/ @Kururh Replicamos \u00edntegra la carta de Lizbeth Marisol Cer\u00f3n Hern\u00e1ndez y Karen Jazm\u00edn God\u00ednez Hinojosa, quienes desde el pasado 25 de mayo buscan a Luis Alberto Cer\u00f3n Hern\u00e1ndez, desaparecido en Nuevo Laredo, Tamaulipas: 2 de junio de 2016 Luis Alberto Cer\u00f3n Hern\u00e1ndez, de 30 a\u00f1os, es\u2026","rel":"","context":"En &quot;CINTILLO&quot;","block_context":{"text":"CINTILLO","link":"http:\/\/www.grieta.org.mx\/index.php\/category\/cintillo\/"},"img":{"alt_text":"","src":"https:\/\/i0.wp.com\/www.grieta.org.mx\/wp-content\/uploads\/2018\/03\/14524434_1106112876131411_958039263622046936_o.jpg?resize=350%2C200","width":350,"height":200,"srcset":"https:\/\/i0.wp.com\/www.grieta.org.mx\/wp-content\/uploads\/2018\/03\/14524434_1106112876131411_958039263622046936_o.jpg?resize=350%2C200 1x, https:\/\/i0.wp.com\/www.grieta.org.mx\/wp-content\/uploads\/2018\/03\/14524434_1106112876131411_958039263622046936_o.jpg?resize=525%2C300 1.5x, https:\/\/i0.wp.com\/www.grieta.org.mx\/wp-content\/uploads\/2018\/03\/14524434_1106112876131411_958039263622046936_o.jpg?resize=700%2C400 2x"},"classes":[]},{"id":13340,"url":"http:\/\/www.grieta.org.mx\/index.php\/2016\/05\/31\/en-tamaulipas-la-mayor-cifra-de-desaparecidos\/","url_meta":{"origin":13784,"position":1},"title":"En Tamaulipas, la mayor cifra de desaparecidos","author":"grieta","date":"31 mayo, 2016","format":false,"excerpt":"Rafael L\u00f3pez Nuevo Laredo, Reynosa y Tampico son las alcald\u00edas que registran el mayor n\u00famero de desaparecidos en el pa\u00eds. Entre estos tres municipios suman 3 mil 286 personas sin localizar, de acuerdo con el Registro Nacional de Datos de Personas Extraviadas o Desaparecidas del Sistema Nacional de Seguridad P\u00fablica.La\u2026","rel":"","context":"En &quot;CINTILLO&quot;","block_context":{"text":"CINTILLO","link":"http:\/\/www.grieta.org.mx\/index.php\/category\/cintillo\/"},"img":{"alt_text":"","src":"https:\/\/i0.wp.com\/www.grieta.org.mx\/wp-content\/uploads\/2018\/03\/14524434_1106112876131411_958039263622046936_o.jpg?resize=350%2C200","width":350,"height":200,"srcset":"https:\/\/i0.wp.com\/www.grieta.org.mx\/wp-content\/uploads\/2018\/03\/14524434_1106112876131411_958039263622046936_o.jpg?resize=350%2C200 1x, https:\/\/i0.wp.com\/www.grieta.org.mx\/wp-content\/uploads\/2018\/03\/14524434_1106112876131411_958039263622046936_o.jpg?resize=525%2C300 1.5x, https:\/\/i0.wp.com\/www.grieta.org.mx\/wp-content\/uploads\/2018\/03\/14524434_1106112876131411_958039263622046936_o.jpg?resize=700%2C400 2x"},"classes":[]},{"id":33490,"url":"http:\/\/www.grieta.org.mx\/index.php\/2019\/05\/13\/piden-a-cdv-declarar-a-tamaulipas-en-emergencia-estatal-forense\/","url_meta":{"origin":13784,"position":2},"title":"Piden a CDV declarar a Tamaulipas en emergencia estatal forense","author":"grieta","date":"13 mayo, 2019","format":false,"excerpt":"Lupita \u00c1lvarez \/ Gaceta Cd. Victoria, Tamaulipas.- El Colectivo de Familiares y Amigos de Personas Desaparecidas pidi\u00f3 al gobernador Francisco Garc\u00eda Cabeza de Vaca declarar a Tamaulipas en emergencia estatal forense, considerando que la Procuradur\u00eda General de Justicia del Estado tiene ocho mil cuerpos que no ha podido identificar. El\u2026","rel":"","context":"En &quot;CINTILLO&quot;","block_context":{"text":"CINTILLO","link":"http:\/\/www.grieta.org.mx\/index.php\/category\/cintillo\/"},"img":{"alt_text":"","src":"https:\/\/i0.wp.com\/www.grieta.org.mx\/wp-content\/uploads\/2019\/05\/Piden-a-CDV-declarar-a-Tamaulipas-en-emergencia-estatal-forense-tama-may.jpg?resize=350%2C200","width":350,"height":200},"classes":[]},{"id":2410,"url":"http:\/\/www.grieta.org.mx\/index.php\/2016\/09\/10\/desaparecidos-en-tamaulipas\/","url_meta":{"origin":13784,"position":3},"title":"Desaparecidos en Tamaulipas","author":"grieta","date":"10 septiembre, 2016","format":false,"excerpt":"06\/09\/16. Abrir\u00e1n fosas en Reynosa; buscan a desaparecidosEl Debate 02\/08\/16. Desaparecen en Tamaulipas 6 mil personasMilenio Tamaulipas 22\/07\/16. Registra Tamaulipas 6 mil desaparecidosCentro Noticias Tamaulipas 09\/06\/16. Carta abierta al gobernador de Tamaulipas: En busca de Luis Alberto Cer\u00f3n Hern\u00e1ndezM\u00e1s de 131 31\/05\/16. En Tamaulipas, la mayor cifra de desaparecidos Milenio\u2026","rel":"","context":"En &quot;Desaparecidos&quot;","block_context":{"text":"Desaparecidos","link":"http:\/\/www.grieta.org.mx\/index.php\/category\/temas-nacionales\/desaparecidos\/"},"img":{"alt_text":"","src":"https:\/\/i0.wp.com\/www.grieta.org.mx\/wp-content\/uploads\/2018\/03\/14524434_1106112876131411_958039263622046936_o.jpg?resize=350%2C200","width":350,"height":200,"srcset":"https:\/\/i0.wp.com\/www.grieta.org.mx\/wp-content\/uploads\/2018\/03\/14524434_1106112876131411_958039263622046936_o.jpg?resize=350%2C200 1x, https:\/\/i0.wp.com\/www.grieta.org.mx\/wp-content\/uploads\/2018\/03\/14524434_1106112876131411_958039263622046936_o.jpg?resize=525%2C300 1.5x, https:\/\/i0.wp.com\/www.grieta.org.mx\/wp-content\/uploads\/2018\/03\/14524434_1106112876131411_958039263622046936_o.jpg?resize=700%2C400 2x"},"classes":[]},{"id":12355,"url":"http:\/\/www.grieta.org.mx\/index.php\/2016\/05\/09\/lidera-tamaulipas-en-numero-de-desaparecidos-sesnsp\/","url_meta":{"origin":13784,"position":4},"title":"Lidera Tamaulipas en n\u00famero de desaparecidos: SESNSP","author":"grieta","date":"9 mayo, 2016","format":false,"excerpt":"Octavio Garc\u00eda Seg\u00fan sus cifras, en nuestro pa\u00eds hay 28 mil 158 personas no localizadas, de las cuales cinco mil 750 desaparecieron en alguno de los 43 municipios del estado. Una de cada cinco personas reportadas como desaparecidas en M\u00e9xico, fue vista por \u00faltima vez en el estado de Tamaulipas,\u2026","rel":"","context":"En &quot;CINTILLO&quot;","block_context":{"text":"CINTILLO","link":"http:\/\/www.grieta.org.mx\/index.php\/category\/cintillo\/"},"img":{"alt_text":"","src":"https:\/\/i0.wp.com\/www.grieta.org.mx\/wp-content\/uploads\/2018\/03\/14524434_1106112876131411_958039263622046936_o.jpg?resize=350%2C200","width":350,"height":200,"srcset":"https:\/\/i0.wp.com\/www.grieta.org.mx\/wp-content\/uploads\/2018\/03\/14524434_1106112876131411_958039263622046936_o.jpg?resize=350%2C200 1x, https:\/\/i0.wp.com\/www.grieta.org.mx\/wp-content\/uploads\/2018\/03\/14524434_1106112876131411_958039263622046936_o.jpg?resize=525%2C300 1.5x, https:\/\/i0.wp.com\/www.grieta.org.mx\/wp-content\/uploads\/2018\/03\/14524434_1106112876131411_958039263622046936_o.jpg?resize=700%2C400 2x"},"classes":[]},{"id":22952,"url":"http:\/\/www.grieta.org.mx\/index.php\/2017\/04\/20\/estiman-80-mil-desaparecidos-en-tamaulipas\/","url_meta":{"origin":13784,"position":5},"title":"Estiman 80 mil desaparecidos en Tamaulipas","author":"grieta","date":"20 abril, 2017","format":false,"excerpt":"Lupita Dom\u00ednguez\/El Mercurio En Tamaulipas al menos son 80 mil las personas desaparecidas estim\u00f3 Guillermo Guti\u00e9rrez Riestra, Representante del Colectivo \u201cSemillas\u201d de Tamaulipas. Refiri\u00f3 que la cifra es incalculable, ya que hay organizaciones que hablan de 300 mil personas desaparecidas en el pa\u00eds, cuando las cifras oficiales solo llegan a\u2026","rel":"","context":"En &quot;CINTILLO&quot;","block_context":{"text":"CINTILLO","link":"http:\/\/www.grieta.org.mx\/index.php\/category\/cintillo\/"},"img":{"alt_text":"","src":"https:\/\/i0.wp.com\/www.grieta.org.mx\/wp-content\/uploads\/2018\/05\/d2.jpg?resize=350%2C200","width":350,"height":200},"classes":[]}],"_links":{"self":[{"href":"http:\/\/www.grieta.org.mx\/index.php\/wp-json\/wp\/v2\/posts\/13784","targetHints":{"allow":["GET"]}}],"collection":[{"href":"http:\/\/www.grieta.org.mx\/index.php\/wp-json\/wp\/v2\/posts"}],"about":[{"href":"http:\/\/www.grieta.org.mx\/index.php\/wp-json\/wp\/v2\/types\/post"}],"author":[{"embeddable":true,"href":"http:\/\/www.grieta.org.mx\/index.php\/wp-json\/wp\/v2\/users\/2"}],"replies":[{"embeddable":true,"href":"http:\/\/www.grieta.org.mx\/index.php\/wp-json\/wp\/v2\/comments?post=13784"}],"version-history":[{"count":1,"href":"http:\/\/www.grieta.org.mx\/index.php\/wp-json\/wp\/v2\/posts\/13784\/revisions"}],"predecessor-version":[{"id":13785,"href":"http:\/\/www.grieta.org.mx\/index.php\/wp-json\/wp\/v2\/posts\/13784\/revisions\/13785"}],"wp:featuredmedia":[{"embeddable":true,"href":"http:\/\/www.grieta.org.mx\/index.php\/wp-json\/wp\/v2\/media\/21928"}],"wp:attachment":[{"href":"http:\/\/www.grieta.org.mx\/index.php\/wp-json\/wp\/v2\/media?parent=13784"}],"wp:term":[{"taxonomy":"category","embeddable":true,"href":"http:\/\/www.grieta.org.mx\/index.php\/wp-json\/wp\/v2\/categories?post=13784"},{"taxonomy":"post_tag","embeddable":true,"href":"http:\/\/www.grieta.org.mx\/index.php\/wp-json\/wp\/v2\/tags?post=13784"}],"curies":[{"name":"wp","href":"https:\/\/api.w.org\/{rel}","templated":true}]}}