{"id":13747,"date":"2016-06-04T00:19:28","date_gmt":"2016-06-04T00:19:28","guid":{"rendered":"http:\/\/www.grieta.org.mx\/?p=13747"},"modified":"2016-06-07T00:21:50","modified_gmt":"2016-06-07T00:21:50","slug":"locatarios-del-centro-historico-respaldan-a-mariachis","status":"publish","type":"post","link":"http:\/\/www.grieta.org.mx\/index.php\/2016\/06\/04\/locatarios-del-centro-historico-respaldan-a-mariachis\/","title":{"rendered":"Locatarios del Centro Hist\u00f3rico respaldan a Mariachis"},"content":{"rendered":"<p>F\u00e1tima Alfaro<\/p>\n<p>MORELIA, Mich., 04 de junio de 2016.-A pesar de que los mariachis no generan inconformidad o molestias a comerciantes instalados en las inmediaciones de la plaza Melchor Ocampo, coincidieron en que s\u00ed es necesario destinar un espacio digno y especializado para la operaci\u00f3n de los m\u00fasicos, as\u00ed como para mejorar el posicionamiento de esta actividad como un atractivo tur\u00edstico de la ciudad, se\u00f1alaron locatarios del Centro Hist\u00f3rico. <\/p>\n<p>\u201cNo afecta la presencia de los mariachis a la actividad comercial del Centro Hist\u00f3rico, inclusive, proporciona una buena vista para los paseantes\u201d, afirm\u00f3 Natalia, de profesi\u00f3n psic\u00f3loga, quien labora en un negocio de telefon\u00eda celular. \u201cNo son groseros, est\u00e1n en la calle, trabajando, brindan sus servicios, y adem\u00e1s de que la m\u00fasica de mariachi es un patrimonio cultural de la humanidad son parte de los atractivos que demandan los turistas, que llegan a conocer la regional y la m\u00fasica no puede faltar\u201d, reiter\u00f3 M\u00edriam Zamora, comerciante en el primer cuadro de Morelia. <\/p>\n<p>Esta ausencia de afectaciones genera que \u201cno tenga caso\u201d reubicar a los int\u00e9rpretes, quienes \u201cno hacen nada malo, s\u00f3lo buscan un medio para mantener a sus familias\u201d, explic\u00f3 Natalia Hern\u00e1ndez, pasante de Biolog\u00eda y empleada en una paleter\u00eda. <\/p>\n<p>Sin embargo, si hay perjuicios que, aunque no son ocasionados directamente por los m\u00fasicos s\u00ed se derivan de su presencia. <\/p>\n<p>\u201cTenemos quien cuidar las estructuras coloniales de la ciudad, que se da\u00f1a por la contaminaci\u00f3n que causan los clientes de los mariachis\u201d, acot\u00f3 Isabel, operadora de una caseta telef\u00f3nica. Reubicaci\u00f3n, solo por acuerdo con mariachis Aunque los m\u00fasicos, que se encuentran en las inmediaciones de la plaza Melchor Ocampo, en particular en las calles Corregidora, Virrey de Mendoza, Garc\u00eda Obeso, adem\u00e1s de las avenidas Morelos Sur y Madero Poniente, no ocasionan impacto negativo en el desempe\u00f1o de las labores de los comercios del \u00e1rea, si la reubicaci\u00f3n de los int\u00e9rpretes puede ayudar a que dispongan de un espacio digno para trabajar, con acceso a servicios b\u00e1sicos, sobre todo ba\u00f1os, y logren conservar sus clientes ser\u00e1 un proceso positivo, expresaron las entrevistadas. <\/p>\n<p>Para ello es indispensable contar con el consenso de los m\u00fasicos, quienes son los principales proveedores de informaci\u00f3n referente a sus necesidades. \u201cEn algunas otras ciudades existen plazas y sitios espec\u00edficos para los mariachis, aunque a m\u00ed no me afecta como comerciante su actividad, si fuese necesario reubicarlos creo que deber\u00edan estar en un lugar que la gente identifique como propio de los mariachis\u201d, expuso Natalia. <\/p>\n<p>\u201cSi hay que mejorar las condiciones en las que trabajan los m\u00fasicos, podr\u00edan destinar una plaza p\u00fablica, pero dentro del Centro Hist\u00f3rico\u201d, coincidi\u00f3 Isabel Hern\u00e1ndez. Asimismo, la instalaci\u00f3n de un m\u00f3dulo que informe y oriente a los potenciales clientes de los m\u00fasicos podr\u00eda ayudar a incrementar sus ingresos a pesar de que deban ser reubicados, agreg\u00f3 Isabel. <\/p>\n<p>No obstante, cualquier determinaci\u00f3n deber\u00e1 contar con la participaci\u00f3n en la toma de decisiones sobre su reubicaci\u00f3n, ya que ellos son los adecuados para informar y se\u00f1alar lo que necesitan\u201d, manifest\u00f3 M\u00edriam Zamora. <\/p>\n<p>Promoci\u00f3n y apoyos, pendientes La selecci\u00f3n del sitio donde ser\u00e1n reubicados los m\u00fasicos, las plazas El Carmen, Carrillo y San Agust\u00edn, al momento, comprende la adecuaci\u00f3n de espacios para sanitarios y un escenario con miras a la realizaci\u00f3n de presentaciones semanales de mariachis, dio a conocer Jes\u00fas \u00c1valos Plata, secretario del Ayuntamiento; sin embargo, a\u00fan no se han determinado montos espec\u00edficos para apoyos en promoci\u00f3n y difusi\u00f3n. <\/p>\n<p>La concreci\u00f3n de una propuesta de intervenciones favorecer la actividad de los mariachis requiere de la precisi\u00f3n del sitio donde ser\u00e1n instalados, una decisi\u00f3n que se espera tomar, en conjunto con los int\u00e9rpretes, la siguiente semana.<\/p>\n<p><a href=\"https:\/\/www.quadratin.com.mx\/morelia\/locatarios-del-centro-historico-respaldan-a-mariachis\/\" target=\"_blank\">https:\/\/www.quadratin.com.mx\/morelia\/locatarios-del-centro-historico-respaldan-a-mariachis\/<\/a><\/p>\n","protected":false},"excerpt":{"rendered":"<p>F\u00e1tima Alfaro MORELIA, Mich., 04 de junio de 2016.-A pesar de que los mariachis no generan inconformidad o molestias a comerciantes instalados en las inmediaciones de la plaza Melchor Ocampo, &hellip; <a href=\"http:\/\/www.grieta.org.mx\/index.php\/2016\/06\/04\/locatarios-del-centro-historico-respaldan-a-mariachis\/\" class=\"more-link\">Leer m\u00e1s<\/a><\/p>\n","protected":false},"author":2,"featured_media":21928,"comment_status":"closed","ping_status":"closed","sticky":false,"template":"","format":"standard","meta":{"ngg_post_thumbnail":0,"_jetpack_newsletter_access":"","_jetpack_dont_email_post_to_subs":false,"_jetpack_newsletter_tier_id":0,"_jetpack_memberships_contains_paywalled_content":false,"_jetpack_memberships_contains_paid_content":false,"footnotes":""},"categories":[80,82],"tags":[657,248],"class_list":["post-13747","post","type-post","status-publish","format-standard","has-post-thumbnail","hentry","category-cintillo","category-michoacan","tag-comerciantes","tag-desalojo","entry"],"jetpack_featured_media_url":"http:\/\/www.grieta.org.mx\/wp-content\/uploads\/2018\/03\/14524434_1106112876131411_958039263622046936_o.jpg","jetpack_sharing_enabled":true,"jetpack_shortlink":"https:\/\/wp.me\/p7ZJR4-3zJ","jetpack_likes_enabled":false,"jetpack-related-posts":[{"id":13742,"url":"http:\/\/www.grieta.org.mx\/index.php\/2016\/06\/04\/desalojos-de-comerciantes-y-artesanos-en-el-centro-de-morelia-michoacan\/","url_meta":{"origin":13747,"position":0},"title":"Desalojos de comerciantes ambulantes, trabajadores sexuales y artesanos en el centro de Morelia, Michoac\u00e1n","author":"grieta","date":"4 junio, 2016","format":false,"excerpt":"Protesta de mariachis en contra de reubicaci\u00f3n forzada 04\/06\/16. Locatarios del Centro Hist\u00f3rico respaldan a Mariachis Quadrat\u00edn 01\/06\/16. Mariachis se manifiestan de forma \u201cpeculiar\u201d en Palacio Municipal Mi Morelia Trabajadores sexuales ser\u00e1n \"reubicados\" del primer cuadro de la ciudad de Morelia 03\/06\/16. En Morelia, trabajadores sexuales tambi\u00e9n ser\u00e1n reubicados Cambio\u2026","rel":"","context":"En &quot;Michoac\u00e1n&quot;","block_context":{"text":"Michoac\u00e1n","link":"http:\/\/www.grieta.org.mx\/index.php\/category\/noticias-nacionales\/michoacan\/"},"img":{"alt_text":"","src":"https:\/\/i0.wp.com\/www.grieta.org.mx\/wp-content\/uploads\/2018\/03\/14524434_1106112876131411_958039263622046936_o.jpg?resize=350%2C200","width":350,"height":200,"srcset":"https:\/\/i0.wp.com\/www.grieta.org.mx\/wp-content\/uploads\/2018\/03\/14524434_1106112876131411_958039263622046936_o.jpg?resize=350%2C200 1x, https:\/\/i0.wp.com\/www.grieta.org.mx\/wp-content\/uploads\/2018\/03\/14524434_1106112876131411_958039263622046936_o.jpg?resize=525%2C300 1.5x, https:\/\/i0.wp.com\/www.grieta.org.mx\/wp-content\/uploads\/2018\/03\/14524434_1106112876131411_958039263622046936_o.jpg?resize=700%2C400 2x"},"classes":[]},{"id":13743,"url":"http:\/\/www.grieta.org.mx\/index.php\/2016\/06\/01\/mariachis-se-manifiestan-de-forma-peculiar-en-palacio-municipal\/","url_meta":{"origin":13747,"position":1},"title":"Mariachis se manifiestan de forma \u201cpeculiar\u201d en Palacio Municipal","author":"grieta","date":"1 junio, 2016","format":false,"excerpt":"Este mi\u00e9rcoles decenas de mariachis se manifestaron en Palacio Municipal, a donde llegaron vestidos de gala y con sus instrumentos para interpretar varias melod\u00edas en el patio del edificio Morelia, Michoac\u00e1n (MiMorelia.com).- Luego de que fueran notificados que ser\u00edan reubicados en la Plaza Carrillo, a unas cuadras de donde normalmente\u2026","rel":"","context":"En &quot;CINTILLO&quot;","block_context":{"text":"CINTILLO","link":"http:\/\/www.grieta.org.mx\/index.php\/category\/cintillo\/"},"img":{"alt_text":"","src":"https:\/\/i0.wp.com\/www.grieta.org.mx\/wp-content\/uploads\/2018\/03\/14524434_1106112876131411_958039263622046936_o.jpg?resize=350%2C200","width":350,"height":200,"srcset":"https:\/\/i0.wp.com\/www.grieta.org.mx\/wp-content\/uploads\/2018\/03\/14524434_1106112876131411_958039263622046936_o.jpg?resize=350%2C200 1x, https:\/\/i0.wp.com\/www.grieta.org.mx\/wp-content\/uploads\/2018\/03\/14524434_1106112876131411_958039263622046936_o.jpg?resize=525%2C300 1.5x, https:\/\/i0.wp.com\/www.grieta.org.mx\/wp-content\/uploads\/2018\/03\/14524434_1106112876131411_958039263622046936_o.jpg?resize=700%2C400 2x"},"classes":[]},{"id":10739,"url":"http:\/\/www.grieta.org.mx\/index.php\/2016\/05\/31\/desalojo-de-puestos-de-trabajo-de-comerciantes-en-la-ciudad-de-mexico\/","url_meta":{"origin":13747,"position":2},"title":"Desalojos de comerciantes en la Ciudad de M\u00e9xico","author":"grieta","date":"31 mayo, 2016","format":false,"excerpt":"31\/05\/16. Denuncian comerciantes cacer\u00eda para quitarlos del paradero de CULa Jornada 11\/05\/16. Crean frente contra obras en paradero ChapultepecEl Universal 04\/05\/16. Se enfrentan granaderos y comerciantes frente al Z\u00f3calo (CDMX)Cr\u00f3nica del Poder 03\/05\/16. Retiran ambulantes del paradero Metro Chapultepec; SSP-CDMX vigila la zona24 Horas 28\/04\/16. Represi\u00f3n contra locatarios del mercado\u2026","rel":"","context":"En &quot;Ciudad de M\u00e9xico&quot;","block_context":{"text":"Ciudad de M\u00e9xico","link":"http:\/\/www.grieta.org.mx\/index.php\/category\/noticias-nacionales\/ciudad-de-mexico\/"},"img":{"alt_text":"","src":"https:\/\/i0.wp.com\/www.grieta.org.mx\/wp-content\/uploads\/2018\/03\/14524434_1106112876131411_958039263622046936_o.jpg?resize=350%2C200","width":350,"height":200,"srcset":"https:\/\/i0.wp.com\/www.grieta.org.mx\/wp-content\/uploads\/2018\/03\/14524434_1106112876131411_958039263622046936_o.jpg?resize=350%2C200 1x, https:\/\/i0.wp.com\/www.grieta.org.mx\/wp-content\/uploads\/2018\/03\/14524434_1106112876131411_958039263622046936_o.jpg?resize=525%2C300 1.5x, https:\/\/i0.wp.com\/www.grieta.org.mx\/wp-content\/uploads\/2018\/03\/14524434_1106112876131411_958039263622046936_o.jpg?resize=700%2C400 2x"},"classes":[]},{"id":12998,"url":"http:\/\/www.grieta.org.mx\/index.php\/2016\/04\/21\/locatarios-bloquean-la-circulacion-de-rojo-gomez\/","url_meta":{"origin":13747,"position":3},"title":"Locatarios bloquean la circulaci\u00f3n de Rojo G\u00f3mez","author":"grieta","date":"21 abril, 2016","format":false,"excerpt":"Redacci\u00f3n Comerciantes del mercado Agr\u00edcola Oriental bloquean la circulaci\u00f3n en ambos sentidos de Rojo G\u00f3mez, a la altura de Sur 16, inform\u00f3 la Secretar\u00eda de Seguridad P\u00fablica capitalina. Los locatarios protestan por la construcci\u00f3n de un supermercado en la zona. http:\/\/www.eluniversal.com.mx\/articulo\/metropoli\/cdmx\/2016\/04\/21\/locatarios-bloquean-la-circulacion-de-rojo-gomez","rel":"","context":"En &quot;cdmx&quot;","block_context":{"text":"cdmx","link":"http:\/\/www.grieta.org.mx\/index.php\/category\/cdmx\/"},"img":{"alt_text":"","src":"https:\/\/i0.wp.com\/www.grieta.org.mx\/wp-content\/uploads\/2018\/03\/14524434_1106112876131411_958039263622046936_o.jpg?resize=350%2C200","width":350,"height":200,"srcset":"https:\/\/i0.wp.com\/www.grieta.org.mx\/wp-content\/uploads\/2018\/03\/14524434_1106112876131411_958039263622046936_o.jpg?resize=350%2C200 1x, https:\/\/i0.wp.com\/www.grieta.org.mx\/wp-content\/uploads\/2018\/03\/14524434_1106112876131411_958039263622046936_o.jpg?resize=525%2C300 1.5x, https:\/\/i0.wp.com\/www.grieta.org.mx\/wp-content\/uploads\/2018\/03\/14524434_1106112876131411_958039263622046936_o.jpg?resize=700%2C400 2x"},"classes":[]},{"id":10740,"url":"http:\/\/www.grieta.org.mx\/index.php\/2016\/04\/19\/protestan-locatarios-del-mercado-rio-frio-por-desalojo\/","url_meta":{"origin":13747,"position":4},"title":"Protestan locatarios del mercado R\u00edo Fr\u00edo por desalojo","author":"grieta","date":"19 abril, 2016","format":false,"excerpt":"Daniel Flores Comerciantes del mercado R\u00edo Fr\u00edo en la delegaci\u00f3n Iztacalco bloquearon Eje 4 y Circuito Interior por m\u00e1s de una hora, tras un operativo de la Secretar\u00eda de Seguridad P\u00fablica de la Ciudad de M\u00e9xico (SSPCDMX), donde se retiraron m\u00e1s de 20 puestos del centro de abasto popular. Los\u2026","rel":"","context":"En &quot;CINTILLO&quot;","block_context":{"text":"CINTILLO","link":"http:\/\/www.grieta.org.mx\/index.php\/category\/cintillo\/"},"img":{"alt_text":"","src":"https:\/\/i0.wp.com\/www.grieta.org.mx\/wp-content\/uploads\/2018\/03\/14524434_1106112876131411_958039263622046936_o.jpg?resize=350%2C200","width":350,"height":200,"srcset":"https:\/\/i0.wp.com\/www.grieta.org.mx\/wp-content\/uploads\/2018\/03\/14524434_1106112876131411_958039263622046936_o.jpg?resize=350%2C200 1x, https:\/\/i0.wp.com\/www.grieta.org.mx\/wp-content\/uploads\/2018\/03\/14524434_1106112876131411_958039263622046936_o.jpg?resize=525%2C300 1.5x, https:\/\/i0.wp.com\/www.grieta.org.mx\/wp-content\/uploads\/2018\/03\/14524434_1106112876131411_958039263622046936_o.jpg?resize=700%2C400 2x"},"classes":[]},{"id":13750,"url":"http:\/\/www.grieta.org.mx\/index.php\/2016\/06\/03\/en-morelia-trabajadores-sexuales-tambien-seran-reubicados\/","url_meta":{"origin":13747,"position":5},"title":"En Morelia, trabajadores sexuales tambi\u00e9n ser\u00e1n reubicados","author":"grieta","date":"3 junio, 2016","format":false,"excerpt":"Sayra Casillas Mendoza Morelia, Michoac\u00e1n.- Como parte de la continuidad al reordenamiento del Centro Hist\u00f3rico de la Ciudad, plante\u00f3 el secretario del Ayuntamiento, Jes\u00fas \u00c1valos Plata, la posible implementaci\u00f3n de zonas de tolerancia para quienes ejercen el trabajo sexual, en \u00e1reas cercanas a la zona de monumentos. \u201cHay que buscar\u2026","rel":"","context":"En &quot;CINTILLO&quot;","block_context":{"text":"CINTILLO","link":"http:\/\/www.grieta.org.mx\/index.php\/category\/cintillo\/"},"img":{"alt_text":"","src":"https:\/\/i0.wp.com\/www.grieta.org.mx\/wp-content\/uploads\/2018\/03\/14524434_1106112876131411_958039263622046936_o.jpg?resize=350%2C200","width":350,"height":200,"srcset":"https:\/\/i0.wp.com\/www.grieta.org.mx\/wp-content\/uploads\/2018\/03\/14524434_1106112876131411_958039263622046936_o.jpg?resize=350%2C200 1x, https:\/\/i0.wp.com\/www.grieta.org.mx\/wp-content\/uploads\/2018\/03\/14524434_1106112876131411_958039263622046936_o.jpg?resize=525%2C300 1.5x, https:\/\/i0.wp.com\/www.grieta.org.mx\/wp-content\/uploads\/2018\/03\/14524434_1106112876131411_958039263622046936_o.jpg?resize=700%2C400 2x"},"classes":[]}],"_links":{"self":[{"href":"http:\/\/www.grieta.org.mx\/index.php\/wp-json\/wp\/v2\/posts\/13747","targetHints":{"allow":["GET"]}}],"collection":[{"href":"http:\/\/www.grieta.org.mx\/index.php\/wp-json\/wp\/v2\/posts"}],"about":[{"href":"http:\/\/www.grieta.org.mx\/index.php\/wp-json\/wp\/v2\/types\/post"}],"author":[{"embeddable":true,"href":"http:\/\/www.grieta.org.mx\/index.php\/wp-json\/wp\/v2\/users\/2"}],"replies":[{"embeddable":true,"href":"http:\/\/www.grieta.org.mx\/index.php\/wp-json\/wp\/v2\/comments?post=13747"}],"version-history":[{"count":1,"href":"http:\/\/www.grieta.org.mx\/index.php\/wp-json\/wp\/v2\/posts\/13747\/revisions"}],"predecessor-version":[{"id":13748,"href":"http:\/\/www.grieta.org.mx\/index.php\/wp-json\/wp\/v2\/posts\/13747\/revisions\/13748"}],"wp:featuredmedia":[{"embeddable":true,"href":"http:\/\/www.grieta.org.mx\/index.php\/wp-json\/wp\/v2\/media\/21928"}],"wp:attachment":[{"href":"http:\/\/www.grieta.org.mx\/index.php\/wp-json\/wp\/v2\/media?parent=13747"}],"wp:term":[{"taxonomy":"category","embeddable":true,"href":"http:\/\/www.grieta.org.mx\/index.php\/wp-json\/wp\/v2\/categories?post=13747"},{"taxonomy":"post_tag","embeddable":true,"href":"http:\/\/www.grieta.org.mx\/index.php\/wp-json\/wp\/v2\/tags?post=13747"}],"curies":[{"name":"wp","href":"https:\/\/api.w.org\/{rel}","templated":true}]}}