{"id":13733,"date":"2016-05-17T23:41:46","date_gmt":"2016-05-17T23:41:46","guid":{"rendered":"http:\/\/www.grieta.org.mx\/?p=13733"},"modified":"2016-06-06T23:47:37","modified_gmt":"2016-06-06T23:47:37","slug":"pobladores-de-nahuatzen-desarman-a-policias-y-les-quitan-patrullas","status":"publish","type":"post","link":"http:\/\/www.grieta.org.mx\/index.php\/2016\/05\/17\/pobladores-de-nahuatzen-desarman-a-policias-y-les-quitan-patrullas\/","title":{"rendered":"Pobladores de Nahuatzen desarman a polic\u00edas y les quitan patrullas"},"content":{"rendered":"<p>FRANCISCO CASTELLANOS J<\/p>\n<p>NAHUATZEN, Mich. (apro).- Las primeras horas de este martes pobladores ind\u00edgenas de Nahuatzen, en la Meseta Pur\u00e9pecha, desarmaron a la Polic\u00eda de Michoac\u00e1n y les quitaron las patrullas, inconformes porque habitantes del poblado no han sido acreditados como polic\u00edas pese a haber pasado las pruebas.<\/p>\n<p>El 4 de febrero pasado, comuneros del municipio quemaron un auto de los que utilizan para mantener bloqueadas las entradas al pueblo, debido a que no han tenido respuesta del gobierno estatal a su demanda de incorporarlos a los cuerpos policiacos.<\/p>\n<p>Seg\u00fan los pobladores la anterior polic\u00eda estaba coludida con el crimen organizado y sus integrantes fueron echados del pueblo. El problema en Nahuatzen data de hace m\u00e1s de seis meses.<\/p>\n<p>La madrugada del 20 de octubre de 2015, un grupo de encapuchados vestidos de negro y con supuestas armas de fuego dispar\u00f3 contra los manifestantes que ten\u00edan tomada la Presidencia Municipal. Ah\u00ed exig\u00edan la destituci\u00f3n del director de Seguridad P\u00fablica y la devoluci\u00f3n de un poblador que se manten\u00eda desaparecido.<\/p>\n<p>Tal hecho provoc\u00f3 la retenci\u00f3n de funcionarios del ayuntamiento y un enfrentamiento la noche del 22 de octubre. En la revuelta expulsaron al alcalde Miguel Prado Morales y al director de Seguridad Silvano Murgu\u00eda Gonz\u00e1lez, acusados de extorsionar y secuestrar a la poblaci\u00f3n.<\/p>\n<p>En aquella ocasi\u00f3n retuvieron polic\u00edas y amenazaron con quemarlos vivos, por lo que el gobierno de Michoac\u00e1n y la Secretar\u00eda de Seguridad P\u00fablica del estado se comprometieron a capacitar a un grupo de pobladores para que formaran parte de la polic\u00eda municipal, una de las demandas m\u00e1s sentidas de la comunidad, pero no cumplieron lo prometido.<\/p>\n<p>Tras una exhaustiva selecci\u00f3n, 10 ind\u00edgenas que acreditaron las evaluaciones de control y confianza fueron capacitados en el Instituto de Estudios Superiores en Seguridad y Profesionalizaci\u00f3n Policial de Michoac\u00e1n.<\/p>\n<p>Sin embargo, pese a haber concluido la capacitaci\u00f3n, los aspirantes a polic\u00edas no fueron acreditados, lo que indign\u00f3 a los habitantes de Nahuatzen.<\/p>\n<p>Ante esa situaci\u00f3n, en las primeras horas de este martes desarmaron a los polic\u00edas encargados de la seguridad en el municipio y se apoderaron de patrullas. La situaci\u00f3n es tensa.<\/p>\n<p><a href=\"http:\/\/www.proceso.com.mx\/440882\/pobladores-de-nahuatzen-desarman-a-policias-y-les-quitan-patrullas\" target=\"_blank\">http:\/\/www.proceso.com.mx\/440882\/pobladores-de-nahuatzen-desarman-a-policias-y-les-quitan-patrullas<\/a><\/p>\n","protected":false},"excerpt":{"rendered":"<p>FRANCISCO CASTELLANOS J NAHUATZEN, Mich. (apro).- Las primeras horas de este martes pobladores ind\u00edgenas de Nahuatzen, en la Meseta Pur\u00e9pecha, desarmaron a la Polic\u00eda de Michoac\u00e1n y les quitaron las &hellip; <a href=\"http:\/\/www.grieta.org.mx\/index.php\/2016\/05\/17\/pobladores-de-nahuatzen-desarman-a-policias-y-les-quitan-patrullas\/\" class=\"more-link\">Leer m\u00e1s<\/a><\/p>\n","protected":false},"author":2,"featured_media":21928,"comment_status":"closed","ping_status":"closed","sticky":false,"template":"","format":"standard","meta":{"ngg_post_thumbnail":0,"_jetpack_newsletter_access":"","_jetpack_dont_email_post_to_subs":false,"_jetpack_newsletter_tier_id":0,"_jetpack_memberships_contains_paywalled_content":false,"_jetpack_memberships_contains_paid_content":false,"footnotes":""},"categories":[80,82],"tags":[700,699],"class_list":["post-13733","post","type-post","status-publish","format-standard","has-post-thumbnail","hentry","category-cintillo","category-michoacan","tag-nahuatzen","tag-policias-comunitarias","entry"],"jetpack_featured_media_url":"http:\/\/www.grieta.org.mx\/wp-content\/uploads\/2018\/03\/14524434_1106112876131411_958039263622046936_o.jpg","jetpack_sharing_enabled":true,"jetpack_shortlink":"https:\/\/wp.me\/p7ZJR4-3zv","jetpack_likes_enabled":false,"jetpack-related-posts":[{"id":13732,"url":"http:\/\/www.grieta.org.mx\/index.php\/2016\/05\/30\/protestas-en-nahuatzen-michoacan-en-demanda-de-acreditacion-de-policias-de-la-comunidad\/","url_meta":{"origin":13733,"position":0},"title":"Protestas en Nahuatzen, Michoac\u00e1n, en demanda de acreditaci\u00f3n de polic\u00edas de la comunidad","author":"grieta","date":"30 mayo, 2016","format":false,"excerpt":"30\/05\/16. Entrevista a Enrique Capiz, integrante del Consejo Mayor de Nahuatzen, Michoac\u00e1n Subversiones 23\/05\/16. Entregan documentaci\u00f3n y patrulla a habitantes de Nahuatzen, Michoac\u00e1n Noventa Grados 17\/05\/16. Pobladores de Nahuatzen desarman a polic\u00edas y les quitan patrullas Proceso","rel":"","context":"En &quot;Michoac\u00e1n&quot;","block_context":{"text":"Michoac\u00e1n","link":"http:\/\/www.grieta.org.mx\/index.php\/category\/noticias-nacionales\/michoacan\/"},"img":{"alt_text":"","src":"https:\/\/i0.wp.com\/www.grieta.org.mx\/wp-content\/uploads\/2018\/03\/14524434_1106112876131411_958039263622046936_o.jpg?resize=350%2C200","width":350,"height":200,"srcset":"https:\/\/i0.wp.com\/www.grieta.org.mx\/wp-content\/uploads\/2018\/03\/14524434_1106112876131411_958039263622046936_o.jpg?resize=350%2C200 1x, https:\/\/i0.wp.com\/www.grieta.org.mx\/wp-content\/uploads\/2018\/03\/14524434_1106112876131411_958039263622046936_o.jpg?resize=525%2C300 1.5x, https:\/\/i0.wp.com\/www.grieta.org.mx\/wp-content\/uploads\/2018\/03\/14524434_1106112876131411_958039263622046936_o.jpg?resize=700%2C400 2x"},"classes":[]},{"id":13735,"url":"http:\/\/www.grieta.org.mx\/index.php\/2016\/05\/23\/entregan-documentacion-y-patrulla-a-habitantes-de-nahuatzen-michoacan\/","url_meta":{"origin":13733,"position":1},"title":"Entregan documentaci\u00f3n y patrulla a habitantes de Nahuatzen, Michoac\u00e1n","author":"grieta","date":"23 mayo, 2016","format":false,"excerpt":"Nahuatzen, Mich., a 23 de mayo de 2016.- Los diez habitantes de Nahuatzen que fueron capacitados para formar parte de los cuerpos de seguridad p\u00fablica en el municipio, recibieron este lunes su documentaci\u00f3n y una patrulla, con la que regresaron a Nahuatzen. Los ahora polic\u00edas pasaron una rigurosa selecci\u00f3n, tras\u2026","rel":"","context":"En &quot;CINTILLO&quot;","block_context":{"text":"CINTILLO","link":"http:\/\/www.grieta.org.mx\/index.php\/category\/cintillo\/"},"img":{"alt_text":"","src":"https:\/\/i0.wp.com\/www.grieta.org.mx\/wp-content\/uploads\/2018\/03\/14524434_1106112876131411_958039263622046936_o.jpg?resize=350%2C200","width":350,"height":200,"srcset":"https:\/\/i0.wp.com\/www.grieta.org.mx\/wp-content\/uploads\/2018\/03\/14524434_1106112876131411_958039263622046936_o.jpg?resize=350%2C200 1x, https:\/\/i0.wp.com\/www.grieta.org.mx\/wp-content\/uploads\/2018\/03\/14524434_1106112876131411_958039263622046936_o.jpg?resize=525%2C300 1.5x, https:\/\/i0.wp.com\/www.grieta.org.mx\/wp-content\/uploads\/2018\/03\/14524434_1106112876131411_958039263622046936_o.jpg?resize=700%2C400 2x"},"classes":[]},{"id":13737,"url":"http:\/\/www.grieta.org.mx\/index.php\/2016\/05\/30\/entrevista-a-enrique-capiz-integrante-del-consejo-mayor-de-nahuatzen-michoacan\/","url_meta":{"origin":13733,"position":2},"title":"Entrevista a Enrique Capiz, integrante del Consejo Mayor de Nahuatzen, Michoac\u00e1n","author":"grieta","date":"30 mayo, 2016","format":false,"excerpt":"Alejandro Amado https:\/\/youtu.be\/SmhWLNyewxU El pasado 27 de mayo, profesores que rechazan la reforma educativa repudiaron a Silvano Aureloes al finalizar su r\u00edspido encuentro con la poblaci\u00f3n de Nahuatzen, por lo que el gobernador y sus colaboradores tuvieron que salir a prisa de la plaza, escapando de m\u00e1s de 200 profesores\u2026","rel":"","context":"En &quot;CINTILLO&quot;","block_context":{"text":"CINTILLO","link":"http:\/\/www.grieta.org.mx\/index.php\/category\/cintillo\/"},"img":{"alt_text":"","src":"https:\/\/i0.wp.com\/www.grieta.org.mx\/wp-content\/uploads\/2018\/03\/14524434_1106112876131411_958039263622046936_o.jpg?resize=350%2C200","width":350,"height":200,"srcset":"https:\/\/i0.wp.com\/www.grieta.org.mx\/wp-content\/uploads\/2018\/03\/14524434_1106112876131411_958039263622046936_o.jpg?resize=350%2C200 1x, https:\/\/i0.wp.com\/www.grieta.org.mx\/wp-content\/uploads\/2018\/03\/14524434_1106112876131411_958039263622046936_o.jpg?resize=525%2C300 1.5x, https:\/\/i0.wp.com\/www.grieta.org.mx\/wp-content\/uploads\/2018\/03\/14524434_1106112876131411_958039263622046936_o.jpg?resize=700%2C400 2x"},"classes":[]},{"id":24033,"url":"http:\/\/www.grieta.org.mx\/index.php\/2018\/06\/29\/comunicado-de-prensa-declaracion-de-alerta-roja-en-la-comunidad-de-nahuatzen-michoacan\/","url_meta":{"origin":13733,"position":3},"title":"COMUNICADO DE PRENSA: DECLARACI\u00d3N DE ALERTA ROJA EN LA COMUNIDAD DE NAHUATZ\u00c9N (Michoac\u00e1n)","author":"grieta","date":"29 junio, 2018","format":false,"excerpt":"Nahuatz\u00e9n, Michoac\u00e1n. 29 de junio de 2018 COMUNICADO DE PRENSA: DECLARACI\u00d3N DE ALERTA ROJA EN LA COMUNIDAD DE NAHUATZ\u00c9N A TODOS LOS PUEBLOS DE LA MESETA P\u2019URH\u00c9PECHA AL CONCEJO IND\u00cdGENA DE GOBIERNO DEL CONGRESO NACIONAL IND\u00cdGENA A LOS CONCEJOS COMUNITARIOS, COMUNALES Y AUT\u00d3NOMOS DE MICHOAC\u00c1N Y M\u00c9XICO A LOS DEFENSORES\u2026","rel":"","context":"En &quot;CINTILLO&quot;","block_context":{"text":"CINTILLO","link":"http:\/\/www.grieta.org.mx\/index.php\/category\/cintillo\/"},"img":{"alt_text":"","src":"https:\/\/i0.wp.com\/www.grieta.org.mx\/wp-content\/uploads\/2018\/03\/14524434_1106112876131411_958039263622046936_o.jpg?resize=350%2C200","width":350,"height":200,"srcset":"https:\/\/i0.wp.com\/www.grieta.org.mx\/wp-content\/uploads\/2018\/03\/14524434_1106112876131411_958039263622046936_o.jpg?resize=350%2C200 1x, https:\/\/i0.wp.com\/www.grieta.org.mx\/wp-content\/uploads\/2018\/03\/14524434_1106112876131411_958039263622046936_o.jpg?resize=525%2C300 1.5x, https:\/\/i0.wp.com\/www.grieta.org.mx\/wp-content\/uploads\/2018\/03\/14524434_1106112876131411_958039263622046936_o.jpg?resize=700%2C400 2x"},"classes":[]},{"id":43137,"url":"http:\/\/www.grieta.org.mx\/index.php\/2020\/01\/15\/consejo-supremo-indigena-de-michoacan-denuncia-represion-y-amenazas-de-muerte-en-contra-de-concejos-comunales-de-comachuen-sevina-y-nahuatzen\/","url_meta":{"origin":13733,"position":4},"title":"Consejo Supremo Ind\u00edgena de Michoac\u00e1n denuncia represi\u00f3n y amenazas de muerte en contra de Concejos Comunales de Comachu\u00e9n, Sevina y Nahuatzen","author":"grieta","date":"15 enero, 2020","format":false,"excerpt":"Por:Patricia Torres \/ Noventa Grados, 15 de Enero de 2020 Comunidades P`urh\u00e9pecha a 15 de enero del 2020. A trav\u00e9s de un comunicado, el Consejo Supremo Ind\u00edgena de Michoac\u00e1n (CSIM), consejo de autoridades civiles, comunales y tradicionales que agrupa alrededor de 60 comunidades, denunci\u00f3 la represi\u00f3n de comuneros, mujeres y\u2026","rel":"","context":"En &quot;CINTILLO&quot;","block_context":{"text":"CINTILLO","link":"http:\/\/www.grieta.org.mx\/index.php\/category\/cintillo\/"},"img":{"alt_text":"","src":"https:\/\/i0.wp.com\/www.grieta.org.mx\/wp-content\/uploads\/2020\/01\/0-grande.jpg?resize=350%2C200","width":350,"height":200,"srcset":"https:\/\/i0.wp.com\/www.grieta.org.mx\/wp-content\/uploads\/2020\/01\/0-grande.jpg?resize=350%2C200 1x, https:\/\/i0.wp.com\/www.grieta.org.mx\/wp-content\/uploads\/2020\/01\/0-grande.jpg?resize=525%2C300 1.5x, https:\/\/i0.wp.com\/www.grieta.org.mx\/wp-content\/uploads\/2020\/01\/0-grande.jpg?resize=700%2C400 2x"},"classes":[]},{"id":43391,"url":"http:\/\/www.grieta.org.mx\/index.php\/2020\/01\/23\/desmiente-concejo-indigena-a-alcaldesa-de-nahuatzen-y-la-retan-a-que-muestre-pruebas-michoacan\/","url_meta":{"origin":13733,"position":5},"title":"Desmiente Concejo Ind\u00edgena a alcaldesa de Nahuatzen y la retan a que muestre pruebas (Michoac\u00e1n)","author":"grieta","date":"23 enero, 2020","format":false,"excerpt":"Por Patricia Torres \/ Noventa Grados, 21 de enerp de 2020 Morelia, mich., a 21 de enero del 2020. Pavel Ulianov Guzm\u00e1n Macario, integrante del Concejo Ind\u00edgena de Michoac\u00e1n lament\u00f3 en rueda de prensa que la presidenta municipal de Nahuatzen los haya acusado como culpables por la violencia ocasionada en\u2026","rel":"","context":"En &quot;CINTILLO&quot;","block_context":{"text":"CINTILLO","link":"http:\/\/www.grieta.org.mx\/index.php\/category\/cintillo\/"},"img":{"alt_text":"","src":"https:\/\/i0.wp.com\/www.grieta.org.mx\/wp-content\/uploads\/2020\/01\/0-grande-1.jpg?resize=350%2C200","width":350,"height":200,"srcset":"https:\/\/i0.wp.com\/www.grieta.org.mx\/wp-content\/uploads\/2020\/01\/0-grande-1.jpg?resize=350%2C200 1x, https:\/\/i0.wp.com\/www.grieta.org.mx\/wp-content\/uploads\/2020\/01\/0-grande-1.jpg?resize=525%2C300 1.5x, https:\/\/i0.wp.com\/www.grieta.org.mx\/wp-content\/uploads\/2020\/01\/0-grande-1.jpg?resize=700%2C400 2x"},"classes":[]}],"_links":{"self":[{"href":"http:\/\/www.grieta.org.mx\/index.php\/wp-json\/wp\/v2\/posts\/13733","targetHints":{"allow":["GET"]}}],"collection":[{"href":"http:\/\/www.grieta.org.mx\/index.php\/wp-json\/wp\/v2\/posts"}],"about":[{"href":"http:\/\/www.grieta.org.mx\/index.php\/wp-json\/wp\/v2\/types\/post"}],"author":[{"embeddable":true,"href":"http:\/\/www.grieta.org.mx\/index.php\/wp-json\/wp\/v2\/users\/2"}],"replies":[{"embeddable":true,"href":"http:\/\/www.grieta.org.mx\/index.php\/wp-json\/wp\/v2\/comments?post=13733"}],"version-history":[{"count":1,"href":"http:\/\/www.grieta.org.mx\/index.php\/wp-json\/wp\/v2\/posts\/13733\/revisions"}],"predecessor-version":[{"id":13734,"href":"http:\/\/www.grieta.org.mx\/index.php\/wp-json\/wp\/v2\/posts\/13733\/revisions\/13734"}],"wp:featuredmedia":[{"embeddable":true,"href":"http:\/\/www.grieta.org.mx\/index.php\/wp-json\/wp\/v2\/media\/21928"}],"wp:attachment":[{"href":"http:\/\/www.grieta.org.mx\/index.php\/wp-json\/wp\/v2\/media?parent=13733"}],"wp:term":[{"taxonomy":"category","embeddable":true,"href":"http:\/\/www.grieta.org.mx\/index.php\/wp-json\/wp\/v2\/categories?post=13733"},{"taxonomy":"post_tag","embeddable":true,"href":"http:\/\/www.grieta.org.mx\/index.php\/wp-json\/wp\/v2\/tags?post=13733"}],"curies":[{"name":"wp","href":"https:\/\/api.w.org\/{rel}","templated":true}]}}