{"id":1373,"date":"2015-10-28T16:10:40","date_gmt":"2015-10-28T16:10:40","guid":{"rendered":"http:\/\/50.22.11.12\/~grietaor\/?p=1373"},"modified":"2016-03-05T16:13:46","modified_gmt":"2016-03-05T16:13:46","slug":"monsanto-se-enfrenta-a-apicultores-de-yucatan-en-la-suprema-corte-entrevistas-en-cnn","status":"publish","type":"post","link":"http:\/\/www.grieta.org.mx\/index.php\/2015\/10\/28\/monsanto-se-enfrenta-a-apicultores-de-yucatan-en-la-suprema-corte-entrevistas-en-cnn\/","title":{"rendered":"Monsanto se enfrenta a apicultores de Yucat\u00e1n en la Suprema Corte (Entrevistas en CNN)"},"content":{"rendered":"<p>La Suprema Corte de Justicia de la Naci\u00f3n va a resolver siete recursos en revisi\u00f3n, sobre la soya gen\u00e9ticamente modificada, que present\u00f3 la empresa Monsanto as\u00ed como el Servicio Nacional de Sanidad, Inocuidad y Calidad Agroalimentaria (Senasica) y en algunos casos el Ministerio P\u00fablico Federal, contra tres sentencias de amparo, dos emitidas por un juez federal en Campeche, la otra por un juez federal en Yucat\u00e1n, que declararon inconstitucional el permiso otorgado por la Senasica a Monsanto, para la siembra en fase comercial de soya gen\u00e9ticamente modificada, explic\u00f3 Jorge Fern\u00e1ndez Mendiburu, asesor jur\u00eddico de los apicultores mayas.<\/p>\n<p>En entrevista para Aristegui CNN, dijo que \u201clos juzgados determinaron dos violaciones, una que tiene que ver con la violaci\u00f3n del derecho a la consulta libre, previa e informada de los pueblos ind\u00edgenas de la Pen\u00ednsula de Yucat\u00e1n y otro punto que tiene que ver con la violaci\u00f3n al procedimiento puesto que los permisos se otorgaron desoyendo tres dict\u00e1menes importantes que desaconsejaban la siembra de la soya gen\u00e9ticamente modificada\u201d.<\/p>\n<p>\u201cUno de los argumentos principales que utiliza el Tribunal Colegiado de Campeche y Yucat\u00e1n para remitir el caso a la Corte es el tema del derecho al medio ambiente sano, lo que dice el Tribunal es: \u2018Estamos en un caso donde efectivamente se tendr\u00e1 que determinar si hay una legitimidad de comunidades ind\u00edgenas para poder impugnar este tipo de permisos\u2018\u201d, apunt\u00f3.<\/p>\n<p>Por otra parte \u201chay un tema que va m\u00e1s all\u00e1 del tema de los pueblos originarios, es el derecho al medio ambiente sano\u2026 el debate es mucho m\u00e1s amplio. Es un tema de inter\u00e9s leg\u00edtimo porque ese fue el planteamiento que hicieron los impugnantes, pero es un tema tambi\u00e9n de afectaciones al medio ambiente\u201d.<\/p>\n<p>\u201cEl planteamiento y la oportunidad es bastante abierta para que la Corte le pueda entrar a si es indispensable aplicar el principio precautorio a partir de los riesgos que est\u00e1n se\u00f1alados en los informes que obran en los expedienes del amparo, y adem\u00e1s porque el tema vinculado por los ind\u00edgenas no puede desligarse del tema del medio ambiente. Estamos hablando del patrimonio bicultural\u201d, destac\u00f3.<\/p>\n<p>\u201cCreemos que hay elementos suficientes para que se establezcan elementos, est\u00e1ndares y precedentes que hablen de una vez por todas del principio precautorio en M\u00e9xico, adem\u00e1s del tema de la consulta\u201d, cont\u00f3.<\/p>\n<p>Expuso que \u201cla consulta establecida en la ley de bioseguridad es muy distinta a la consulta en materia ind\u00edgena. Los quejosos no participaron en esa consulta, habr\u00e1n participado algunas de las asociaciones que acompa\u00f1a, los quejosos como tal no.<\/p>\n<p>Adem\u00e1s, \u201cla consulta en materia ind\u00edgena es distinta, implica todo un proceso, hay toda una serie de requisitos. No podemos pretender que los pueblos originarios tengan acceso a los mecanismos de consulta que tien la ley de bioseguridad\u201d.<\/p>\n<p>\u201cHay toda una serie de consecuencias ambientales, que no pueden estar desligadas\u201d, refiri\u00f3.<\/p>\n<p>\u201cLa utilizaci\u00f3n de glisofato implica un riesgo de resistencia de malezas, implica un riesgo por el tema de la polinizaci\u00f3n\u201d, indic\u00f3.<\/p>\n<p>La comisi\u00f3n de \u00e1reas naturales protegidas ha dicho que los permisos se otorgaron en \u00e1reas que no son agr\u00edcolas, esto implica riesgo de deforestaci\u00f3n, record\u00f3.<\/p>\n<p>Monsanto<\/p>\n<p>Por su parte Rodrigo Ojeda, director jur\u00eddico de Monsanto, asever\u00f3 que \u201cconsideramos que el asunto tiene que ver m\u00e1s con la procedencia del amparo (un grupo de ind\u00edgenas)\u201d.<\/p>\n<p>\u201cSe tiene en juego c\u00f3mo va a proceder cualquier amparo respecto de cualquier persona que levante la mano para decir que tiene una supuesta afectaci\u00f3n, lo cual es trascendente para los efectos de la administraci\u00f3n p\u00fablica\u201d, detall\u00f3.<\/p>\n<p>Dijo que \u201clo que tendr\u00e1 que resolver la SCJN desde el punto legal es, si procede, c\u00f3mo se concibi\u00f3 el amparo o si no procede\u201d.<\/p>\n<p>\u201cLa Corte no va a entrar a un debate de si los transg\u00e9nicos y la soya son buenos o malos\u2026 No va a ser un pronunciamiento de si la soya gen\u00e9ticamente modificada es buena o mala\u201c, recalc\u00f3.<\/p>\n<p>\u201cAl final del d\u00eda la Corte va a tener la decisi\u00f3n de irse hacia la apreciaci\u00f3n de los jueces de distrito de la Pen\u00ednsula de Yucat\u00e1n que establecieron que no se sigui\u00f3 una fase de los procesos de otorgamiento, o por otro lado conforme a los argumentos presentados por la autoridad, el Ministerio P\u00fablico y Monsanto en el sentido de que las personas que presentaron el amparo no acreditaron el inter\u00e9s leg\u00edtimo\u201d, precis\u00f3.<\/p>\n<p>\u201cNosotros seguimos el procedimiento establecido en la ley de bioseguridad de organismos gen\u00e9ticamente modificados\u2026 obtuvimos el permiso despu\u00e9s de seguir ese procedimiento y comenzamos la comercializaci\u00f3n de soya, dentro de ese procedimiento se sigui\u00f3 una consulta p\u00fablica, hay que se\u00f1alar que incluso las mismas personas que est\u00e1n hoy demandando, participaron en parte de estas consultas p\u00fablicas\u201d, revir\u00f3.<\/p>\n<p>\u201cLlevamos dos-tres a\u00f1os con esos permisos comercializando el producto a los agricultores de la zona que nos lo han solicitado. No hay nada en este momento que evite que Monsanto pueda seguir comercializando este producto\u201d, justific\u00f3.<\/p>\n<p><a href=\"http:\/\/aristeguinoticias.com\/2810\/mexico\/monsanto-se-enfrenta-a-apicultores-de-yucatan-en-la-suprema-corte-entrevistas-en-cnn\/?utm_source=rss&#038;utm_medium=rss&#038;utm_campaign=monsanto-se-enfrenta-a-apicultores-de-yucatan-en-la-suprema-corte-entrevistas-en-cnn\" target=\"_blank\">aristeguinoticias.com\/2810\/mexico\/monsanto-se-enfrenta-a-apicultores-de-yucatan-en-la-suprema-corte-entrevistas-en-cnn\/?utm_source=rss&#038;utm_medium=rss&#038;utm_campaign=monsanto-se-enfrenta-a-apicultores-de-yucatan-en-la-suprema-corte-entrevistas-en-cnn<\/a><\/p>\n","protected":false},"excerpt":{"rendered":"<p>La Suprema Corte de Justicia de la Naci\u00f3n va a resolver siete recursos en revisi\u00f3n, sobre la soya gen\u00e9ticamente modificada, que present\u00f3 la empresa Monsanto as\u00ed como el Servicio Nacional &hellip; <a href=\"http:\/\/www.grieta.org.mx\/index.php\/2015\/10\/28\/monsanto-se-enfrenta-a-apicultores-de-yucatan-en-la-suprema-corte-entrevistas-en-cnn\/\" class=\"more-link\">Leer m\u00e1s<\/a><\/p>\n","protected":false},"author":2,"featured_media":21928,"comment_status":"closed","ping_status":"open","sticky":false,"template":"","format":"standard","meta":{"ngg_post_thumbnail":0,"_jetpack_newsletter_access":"","_jetpack_dont_email_post_to_subs":false,"_jetpack_newsletter_tier_id":0,"_jetpack_memberships_contains_paywalled_content":false,"_jetpack_memberships_contains_paid_content":false,"footnotes":""},"categories":[80],"tags":[160,161,159],"class_list":["post-1373","post","type-post","status-publish","format-standard","has-post-thumbnail","hentry","category-cintillo","tag-apicultores","tag-monsanto","tag-transgenicos","entry"],"jetpack_featured_media_url":"http:\/\/www.grieta.org.mx\/wp-content\/uploads\/2018\/03\/14524434_1106112876131411_958039263622046936_o.jpg","jetpack_sharing_enabled":true,"jetpack_shortlink":"https:\/\/wp.me\/p7ZJR4-m9","jetpack_likes_enabled":false,"jetpack-related-posts":[{"id":912,"url":"http:\/\/www.grieta.org.mx\/index.php\/2016\/09\/13\/se-organizan-para-frenar-avance-de-transgenicos-en-yucatan-campeche-y-quintana-roo\/","url_meta":{"origin":1373,"position":0},"title":"Se organizan para frenar avance de transg\u00e9nicos en Yucat\u00e1n, Campeche y Quintana Roo","author":"grieta","date":"13 septiembre, 2016","format":false,"excerpt":"13\/04\/16. Conformaci\u00f3n de la Misi\u00f3n de Observaci\u00f3n de la Consulta al pueblo Maya sobre la siembra de soya gen\u00e9ticamente modificada de la empresa Monsanto Cayacyucatan 01\/04\/16. Irregularidades en Consulta Ind\u00edgena sobre la siembra de soya gen\u00e9ticamente en Campeche Infolliteras 22\/02\/16. Campeche, en mapa global sobre Riesgos Ambientales. Lo catalogan por\u2026","rel":"","context":"En &quot;16. Pueblo Maya&quot;","block_context":{"text":"16. Pueblo Maya","link":"http:\/\/www.grieta.org.mx\/index.php\/category\/espejos-de-la-resistencia\/16-pueblo-maya\/"},"img":{"alt_text":"","src":"https:\/\/i0.wp.com\/www.grieta.org.mx\/wp-content\/uploads\/2018\/03\/14524434_1106112876131411_958039263622046936_o.jpg?resize=350%2C200","width":350,"height":200,"srcset":"https:\/\/i0.wp.com\/www.grieta.org.mx\/wp-content\/uploads\/2018\/03\/14524434_1106112876131411_958039263622046936_o.jpg?resize=350%2C200 1x, https:\/\/i0.wp.com\/www.grieta.org.mx\/wp-content\/uploads\/2018\/03\/14524434_1106112876131411_958039263622046936_o.jpg?resize=525%2C300 1.5x, https:\/\/i0.wp.com\/www.grieta.org.mx\/wp-content\/uploads\/2018\/03\/14524434_1106112876131411_958039263622046936_o.jpg?resize=700%2C400 2x"},"classes":[]},{"id":15975,"url":"http:\/\/www.grieta.org.mx\/index.php\/2016\/06\/22\/sagarpa-quiere-abrir-siembra-de-soya-transgenica-en-zonas-donde-no-hay-suspension-judicial-al-cultivo\/","url_meta":{"origin":1373,"position":1},"title":"Sagarpa quiere abrir siembra de soya transg\u00e9nica en zonas donde no hay suspensi\u00f3n judicial al cultivo","author":"grieta","date":"22 junio, 2016","format":false,"excerpt":"La Sagarpa inform\u00f3 que mantiene conversaciones con el Servicio Nacional de Sanidad, Inocuidad y Calidad Agroalimentaria (Senasica) y los productores de soya para abrir la siembra de soya gen\u00e9ticamente modificada en aquellos lugares que no est\u00e1n incluidos en la orden de suspensi\u00f3n al cultivo determinada por la Suprema Corte. El\u2026","rel":"","context":"En &quot;16. Pueblo Maya&quot;","block_context":{"text":"16. Pueblo Maya","link":"http:\/\/www.grieta.org.mx\/index.php\/category\/espejos-de-la-resistencia\/16-pueblo-maya\/"},"img":{"alt_text":"","src":"https:\/\/i0.wp.com\/www.grieta.org.mx\/wp-content\/uploads\/2018\/03\/14524434_1106112876131411_958039263622046936_o.jpg?resize=350%2C200","width":350,"height":200,"srcset":"https:\/\/i0.wp.com\/www.grieta.org.mx\/wp-content\/uploads\/2018\/03\/14524434_1106112876131411_958039263622046936_o.jpg?resize=350%2C200 1x, https:\/\/i0.wp.com\/www.grieta.org.mx\/wp-content\/uploads\/2018\/03\/14524434_1106112876131411_958039263622046936_o.jpg?resize=525%2C300 1.5x, https:\/\/i0.wp.com\/www.grieta.org.mx\/wp-content\/uploads\/2018\/03\/14524434_1106112876131411_958039263622046936_o.jpg?resize=700%2C400 2x"},"classes":[]},{"id":1366,"url":"http:\/\/www.grieta.org.mx\/index.php\/2015\/11\/13\/insisten-en-siembra-de-soya-transgenica-en-la-peninsula\/","url_meta":{"origin":1373,"position":2},"title":"Insisten en siembra de soya transg\u00e9nica en la Pen\u00ednsula","author":"grieta","date":"13 noviembre, 2015","format":false,"excerpt":"A pesar del amparo federal que suspende la siembra de soya transg\u00e9nica en el pa\u00eds, el director general de Inocuidad Agroalimentaria, Acu\u00edcola y Pesquera del Senasica, Hugo Fragoso S\u00e1nchez, advirti\u00f3 que continuar\u00e1 el proyecto que se suspendi\u00f3 en la Pen\u00ednsula de Yucat\u00e1n, toda vez que conf\u00eda obtener fallo favorable de\u2026","rel":"","context":"En &quot;16. Pueblo Maya&quot;","block_context":{"text":"16. Pueblo Maya","link":"http:\/\/www.grieta.org.mx\/index.php\/category\/espejos-de-la-resistencia\/16-pueblo-maya\/"},"img":{"alt_text":"","src":"https:\/\/i0.wp.com\/www.grieta.org.mx\/wp-content\/uploads\/2018\/03\/14524434_1106112876131411_958039263622046936_o.jpg?resize=350%2C200","width":350,"height":200,"srcset":"https:\/\/i0.wp.com\/www.grieta.org.mx\/wp-content\/uploads\/2018\/03\/14524434_1106112876131411_958039263622046936_o.jpg?resize=350%2C200 1x, https:\/\/i0.wp.com\/www.grieta.org.mx\/wp-content\/uploads\/2018\/03\/14524434_1106112876131411_958039263622046936_o.jpg?resize=525%2C300 1.5x, https:\/\/i0.wp.com\/www.grieta.org.mx\/wp-content\/uploads\/2018\/03\/14524434_1106112876131411_958039263622046936_o.jpg?resize=700%2C400 2x"},"classes":[]},{"id":15367,"url":"http:\/\/www.grieta.org.mx\/index.php\/2016\/06\/19\/suspenden-a-monsanto-permiso-de-siembra-de-soya-modificada-en-yucatan\/","url_meta":{"origin":1373,"position":3},"title":"Suspenden a Monsanto permiso de siembra de soya modificada en Yucat\u00e1n","author":"grieta","date":"19 junio, 2016","format":false,"excerpt":"La trasnacional recibi\u00f3 el aviso de parte del sector agropecuario el pasado martes 14 de junio, luego de una resoluci\u00f3n de un juzgado con sede en Yucat\u00e1n; estim\u00f3 que habr\u00eda alrededor de 6 mil agricultores afectados. La empresa productora de semillas Monsanto inform\u00f3 que el pasado martes recibi\u00f3 una notificaci\u00f3n\u2026","rel":"","context":"En &quot;16. Pueblo Maya&quot;","block_context":{"text":"16. Pueblo Maya","link":"http:\/\/www.grieta.org.mx\/index.php\/category\/espejos-de-la-resistencia\/16-pueblo-maya\/"},"img":{"alt_text":"","src":"https:\/\/i0.wp.com\/www.grieta.org.mx\/wp-content\/uploads\/2018\/03\/14524434_1106112876131411_958039263622046936_o.jpg?resize=350%2C200","width":350,"height":200,"srcset":"https:\/\/i0.wp.com\/www.grieta.org.mx\/wp-content\/uploads\/2018\/03\/14524434_1106112876131411_958039263622046936_o.jpg?resize=350%2C200 1x, https:\/\/i0.wp.com\/www.grieta.org.mx\/wp-content\/uploads\/2018\/03\/14524434_1106112876131411_958039263622046936_o.jpg?resize=525%2C300 1.5x, https:\/\/i0.wp.com\/www.grieta.org.mx\/wp-content\/uploads\/2018\/03\/14524434_1106112876131411_958039263622046936_o.jpg?resize=700%2C400 2x"},"classes":[]},{"id":1368,"url":"http:\/\/www.grieta.org.mx\/index.php\/2015\/11\/02\/video-lucha-contra-monsanto-apicultor-de-campeche-llama-a-los-ministros-de-la-suprema-corte-a-votar-por-la-vida-y-no-por-la-muerte\/","url_meta":{"origin":1373,"position":4},"title":"(VIDEO) Lucha contra Monsanto: Apicultor de Campeche llama a los ministros de la Suprema Corte a votar \u201cpor la vida y no por la muerte\u201d","author":"grieta","date":"2 noviembre, 2015","format":false,"excerpt":"Por segunda vez en el transcurso del mes de octubre, tres apicultores del municipio de Holpech\u00e9n en Campeche, hicieron el viaje hasta la Ciudad de M\u00e9xico el pasado mi\u00e9rcoles 28 para acudir a la Segunda Sala de la Suprema Corte de Justicia de la Naci\u00f3n (SCJN). Y por segunda vez\u2026","rel":"","context":"En &quot;CINTILLO&quot;","block_context":{"text":"CINTILLO","link":"http:\/\/www.grieta.org.mx\/index.php\/category\/cintillo\/"},"img":{"alt_text":"","src":"https:\/\/i0.wp.com\/www.grieta.org.mx\/wp-content\/uploads\/2018\/03\/14524434_1106112876131411_958039263622046936_o.jpg?resize=350%2C200","width":350,"height":200,"srcset":"https:\/\/i0.wp.com\/www.grieta.org.mx\/wp-content\/uploads\/2018\/03\/14524434_1106112876131411_958039263622046936_o.jpg?resize=350%2C200 1x, https:\/\/i0.wp.com\/www.grieta.org.mx\/wp-content\/uploads\/2018\/03\/14524434_1106112876131411_958039263622046936_o.jpg?resize=525%2C300 1.5x, https:\/\/i0.wp.com\/www.grieta.org.mx\/wp-content\/uploads\/2018\/03\/14524434_1106112876131411_958039263622046936_o.jpg?resize=700%2C400 2x"},"classes":[]},{"id":1457,"url":"http:\/\/www.grieta.org.mx\/index.php\/2015\/10\/22\/selva-y-apicultura-de-yucatan-en-riesgo-por-soya-transgenica\/","url_meta":{"origin":1373,"position":5},"title":"Selva y apicultura de Yucat\u00e1n, \u201cen riesgo\u201d por soya transg\u00e9nica","author":"grieta","date":"22 octubre, 2015","format":false,"excerpt":"La siembra de soya transg\u00e9nica en la pen\u00ednsula de Yucat\u00e1n pone en riesgo la selva, la cultura de los pueblos mayas y la producci\u00f3n de miel, afirmaron apicultores e integrantes de las organizaciones Ma OGM, Grupo Indignaci\u00f3n de la Comunidad y Greenpeace. Esa siembra responde a intereses comerciales e industriales,\u2026","rel":"","context":"En &quot;CINTILLO&quot;","block_context":{"text":"CINTILLO","link":"http:\/\/www.grieta.org.mx\/index.php\/category\/cintillo\/"},"img":{"alt_text":"","src":"https:\/\/i0.wp.com\/www.grieta.org.mx\/wp-content\/uploads\/2018\/03\/14524434_1106112876131411_958039263622046936_o.jpg?resize=350%2C200","width":350,"height":200,"srcset":"https:\/\/i0.wp.com\/www.grieta.org.mx\/wp-content\/uploads\/2018\/03\/14524434_1106112876131411_958039263622046936_o.jpg?resize=350%2C200 1x, https:\/\/i0.wp.com\/www.grieta.org.mx\/wp-content\/uploads\/2018\/03\/14524434_1106112876131411_958039263622046936_o.jpg?resize=525%2C300 1.5x, https:\/\/i0.wp.com\/www.grieta.org.mx\/wp-content\/uploads\/2018\/03\/14524434_1106112876131411_958039263622046936_o.jpg?resize=700%2C400 2x"},"classes":[]}],"_links":{"self":[{"href":"http:\/\/www.grieta.org.mx\/index.php\/wp-json\/wp\/v2\/posts\/1373","targetHints":{"allow":["GET"]}}],"collection":[{"href":"http:\/\/www.grieta.org.mx\/index.php\/wp-json\/wp\/v2\/posts"}],"about":[{"href":"http:\/\/www.grieta.org.mx\/index.php\/wp-json\/wp\/v2\/types\/post"}],"author":[{"embeddable":true,"href":"http:\/\/www.grieta.org.mx\/index.php\/wp-json\/wp\/v2\/users\/2"}],"replies":[{"embeddable":true,"href":"http:\/\/www.grieta.org.mx\/index.php\/wp-json\/wp\/v2\/comments?post=1373"}],"version-history":[{"count":1,"href":"http:\/\/www.grieta.org.mx\/index.php\/wp-json\/wp\/v2\/posts\/1373\/revisions"}],"predecessor-version":[{"id":1374,"href":"http:\/\/www.grieta.org.mx\/index.php\/wp-json\/wp\/v2\/posts\/1373\/revisions\/1374"}],"wp:featuredmedia":[{"embeddable":true,"href":"http:\/\/www.grieta.org.mx\/index.php\/wp-json\/wp\/v2\/media\/21928"}],"wp:attachment":[{"href":"http:\/\/www.grieta.org.mx\/index.php\/wp-json\/wp\/v2\/media?parent=1373"}],"wp:term":[{"taxonomy":"category","embeddable":true,"href":"http:\/\/www.grieta.org.mx\/index.php\/wp-json\/wp\/v2\/categories?post=1373"},{"taxonomy":"post_tag","embeddable":true,"href":"http:\/\/www.grieta.org.mx\/index.php\/wp-json\/wp\/v2\/tags?post=1373"}],"curies":[{"name":"wp","href":"https:\/\/api.w.org\/{rel}","templated":true}]}}