{"id":13726,"date":"2016-05-27T23:31:38","date_gmt":"2016-05-27T23:31:38","guid":{"rendered":"http:\/\/www.grieta.org.mx\/?p=13726"},"modified":"2016-06-06T23:34:17","modified_gmt":"2016-06-06T23:34:17","slug":"universitarios-en-veracruz-reiteran-exigencia-a-duarte-para-que-pague-adeudos","status":"publish","type":"post","link":"http:\/\/www.grieta.org.mx\/index.php\/2016\/05\/27\/universitarios-en-veracruz-reiteran-exigencia-a-duarte-para-que-pague-adeudos\/","title":{"rendered":"Universitarios en Veracruz reiteran exigencia a Duarte para que pague adeudos"},"content":{"rendered":"<p>XALAPA, Ver (apro).- Bajo la consigna de \u201cDuarte ratero, regresa el dinero\u201d, alrededor de diez mil universitarios, docentes, investigadores y exalumnos de la Universidad Veracruzana (UV) salieron a las calles para exigirle al gobierno del priista Javier Duarte que pague los mil 165 millones de pesos de deuda restante con la m\u00e1xima casa de estudios de Veracruz.<\/p>\n<p>Con los contingentes concentrados en rector\u00eda de la UV, los universitarios recriminaron con cartulinas, lonas y con gritos que los programas acad\u00e9micos y diversas acciones de infraestructura ya se encuentran en riesgo por el impago de la Secretaria de Finanzas y Planeaci\u00f3n (Sefiplan).<\/p>\n<p>Sara Ladr\u00f3n de Guevara, rectora de la UV, reproch\u00f3 que en muchas ocasiones el gobierno de Duarte y sus funcionarios han ca\u00eddo en la palabra vana: \u201cse dice y se contradice, la que no corresponde con los hechos. Hay palabras que carecen de honor. Hubo el tiempo de imaginar a la Universidad Veracruzana; de construirla, de darle autonom\u00eda. Hoy, es el tiempo de defender a la Universidad Veracruzana. Todav\u00eda nos deben el derecho a so\u00f1ar\u201d.<\/p>\n<p>El discurso de Sara Ladr\u00f3n de Guevara volvi\u00f3 a llevarse a cabo enfrente a Palacio de Gobierno, mientras las oficinas de la mayor\u00eda de la dependencias estatales se cerraban de par en par, incluyendo las ventanillas; en contraste, unos cinco orejas de la Subsecretaria de Gobierno y de la Direcci\u00f3n de Pol\u00edtica Regional grababan a detalle con c\u00e1maras de tel\u00e9fonos celulares, el discurso de la autoridad universitaria.<\/p>\n<p>El acto fue empa\u00f1ado por propios empleados de rector\u00eda de la UV, que quisieron intimidar a alumnos de la Facultad de Humanidades quienes portaban una enorme lona en letras negras: \u201cDefiendo a la Universidad, pero no a Sara\u201d. Los administrativos universitarios los acusaban de \u201cser priistas\u201d.<\/p>\n<p>Alumnos de la facultad de Sociolog\u00eda quienes se quejaron que la actual administraci\u00f3n universitaria tambi\u00e9n ha sido participe de la corrupci\u00f3n.<\/p>\n<p>La marcha de hoy fue denominada como #TodosSomosUV y se realiza a diez d\u00edas de que se lleve el proceso electoral para renovar la gubernatura, multitudinaria marcha en donde cientos de j\u00f3venes recriminaron que a\u00fan no saben por qui\u00e9n sufragar, pero que es un hecho que no lo har\u00e1n por el PRI.<\/p>\n<p>Apenas ayer, Ladr\u00f3n de Guevara confirm\u00f3 que la Secretar\u00eda de Finanzas y Planeaci\u00f3n (Sefiplan ), se har\u00e1 responsable del pago por mil 154 millones de pesos, ante el Servicio de Administraci\u00f3n Tributaria (SAT), por lo que restaran mil 165 millones restantes por depositar.<\/p>\n<p>Al gobierno de Duarte \u00fanicamente le restan seis meses para poder cumplir con el pago de este recurso destinado para la educaci\u00f3n superior de Veracruz.<\/p>\n<p>El resto de la marcha universitaria se caracteriz\u00f3 por los c\u00e1nticos y gritos de consigna de los universitarios: \u201cporque te queremos, te defendemos\u201d, \u201cesta semana, regr\u00e9sanos la lana\u201d, \u201cla UV marchando, tambi\u00e9n est\u00e1 ense\u00f1ando\u201d, \u201cDuarte ratero, regresa el dinero\u201d.<\/p>\n<p><a href=\"http:\/\/www.proceso.com.mx\/441962\/universitarios-en-veracruz-reiteran-exigencia-a-duarte-pague-adeudos\" target=\"_blank\">http:\/\/www.proceso.com.mx\/441962\/universitarios-en-veracruz-reiteran-exigencia-a-duarte-pague-adeudos<\/a><\/p>\n","protected":false},"excerpt":{"rendered":"<p>XALAPA, Ver (apro).- Bajo la consigna de \u201cDuarte ratero, regresa el dinero\u201d, alrededor de diez mil universitarios, docentes, investigadores y exalumnos de la Universidad Veracruzana (UV) salieron a las calles &hellip; <a href=\"http:\/\/www.grieta.org.mx\/index.php\/2016\/05\/27\/universitarios-en-veracruz-reiteran-exigencia-a-duarte-para-que-pague-adeudos\/\" class=\"more-link\">Leer m\u00e1s<\/a><\/p>\n","protected":false},"author":2,"featured_media":21928,"comment_status":"closed","ping_status":"closed","sticky":false,"template":"","format":"standard","meta":{"ngg_post_thumbnail":0,"_jetpack_newsletter_access":"","_jetpack_dont_email_post_to_subs":false,"_jetpack_newsletter_tier_id":0,"_jetpack_memberships_contains_paywalled_content":false,"_jetpack_memberships_contains_paid_content":false,"footnotes":""},"categories":[80,257],"tags":[450],"class_list":["post-13726","post","type-post","status-publish","format-standard","has-post-thumbnail","hentry","category-cintillo","category-veracruz","tag-universidad-veracruzana","entry"],"jetpack_featured_media_url":"http:\/\/www.grieta.org.mx\/wp-content\/uploads\/2018\/03\/14524434_1106112876131411_958039263622046936_o.jpg","jetpack_sharing_enabled":true,"jetpack_shortlink":"https:\/\/wp.me\/p7ZJR4-3zo","jetpack_likes_enabled":false,"jetpack-related-posts":[{"id":7342,"url":"http:\/\/www.grieta.org.mx\/index.php\/2016\/07\/06\/conflictos-en-la-universidad-veracruzana\/","url_meta":{"origin":13726,"position":0},"title":"Conflictos en la Universidad Veracruzana","author":"Admin","date":"6 julio, 2016","format":false,"excerpt":"Movilizaciones de la comunidad universitaria exigiendo el pago del adeudo del gobierno con la Universidad 06\/07\/16. La deuda de Javier Duarte con la Universidad Veracruzana crece 223 mdp en seis meses Animal Pol\u00edtico 31\/05\/16. Estudiantes toman sede Totonacapan de la Universidad Veracruzana Intercultural? Desinform\u00e9monos 27\/05\/16. Universitarios en Veracruz reiteran exigencia\u2026","rel":"","context":"En &quot;NOTICIAS NACIONALES&quot;","block_context":{"text":"NOTICIAS NACIONALES","link":"http:\/\/www.grieta.org.mx\/index.php\/category\/noticias-nacionales\/"},"img":{"alt_text":"","src":"https:\/\/i0.wp.com\/www.grieta.org.mx\/wp-content\/uploads\/2018\/03\/14524434_1106112876131411_958039263622046936_o.jpg?resize=350%2C200","width":350,"height":200,"srcset":"https:\/\/i0.wp.com\/www.grieta.org.mx\/wp-content\/uploads\/2018\/03\/14524434_1106112876131411_958039263622046936_o.jpg?resize=350%2C200 1x, https:\/\/i0.wp.com\/www.grieta.org.mx\/wp-content\/uploads\/2018\/03\/14524434_1106112876131411_958039263622046936_o.jpg?resize=525%2C300 1.5x, https:\/\/i0.wp.com\/www.grieta.org.mx\/wp-content\/uploads\/2018\/03\/14524434_1106112876131411_958039263622046936_o.jpg?resize=700%2C400 2x"},"classes":[]},{"id":10553,"url":"http:\/\/www.grieta.org.mx\/index.php\/2016\/04\/04\/entregan-mas-de-60-mil-firmas-para-que-duarte-pague-adeudos-de-universidad-veracruzana\/","url_meta":{"origin":13726,"position":1},"title":"Entregan m\u00e1s de 60 mil firmas para que Duarte pague adeudos de Universidad Veracruzana","author":"grieta","date":"4 abril, 2016","format":false,"excerpt":"Al d\u00eda de hoy, la Secretar\u00eda de Finanzas y planeaci\u00f3n adeuda a la m\u00e1xima casa de estudios 2 mil 76 millones de pesos, de \u00e9sos, mil 625 corresponden al subsidio estatal y 451 millones al federal\u201d, as\u00ed lo denunciaron los integrantes del colectivo en defensa de la UV. Leticia V\u00e1zquez\u2026","rel":"","context":"En &quot;CINTILLO&quot;","block_context":{"text":"CINTILLO","link":"http:\/\/www.grieta.org.mx\/index.php\/category\/cintillo\/"},"img":{"alt_text":"","src":"https:\/\/i0.wp.com\/www.grieta.org.mx\/wp-content\/uploads\/2018\/03\/14524434_1106112876131411_958039263622046936_o.jpg?resize=350%2C200","width":350,"height":200,"srcset":"https:\/\/i0.wp.com\/www.grieta.org.mx\/wp-content\/uploads\/2018\/03\/14524434_1106112876131411_958039263622046936_o.jpg?resize=350%2C200 1x, https:\/\/i0.wp.com\/www.grieta.org.mx\/wp-content\/uploads\/2018\/03\/14524434_1106112876131411_958039263622046936_o.jpg?resize=525%2C300 1.5x, https:\/\/i0.wp.com\/www.grieta.org.mx\/wp-content\/uploads\/2018\/03\/14524434_1106112876131411_958039263622046936_o.jpg?resize=700%2C400 2x"},"classes":[]},{"id":16693,"url":"http:\/\/www.grieta.org.mx\/index.php\/2016\/07\/06\/la-deuda-de-javier-duarte-con-la-universidad-veracruzana-crece-223-mdp-en-seis-meses\/","url_meta":{"origin":13726,"position":2},"title":"La deuda de Javier Duarte con la Universidad Veracruzana crece 223 mdp en seis meses","author":"Admin","date":"6 julio, 2016","format":false,"excerpt":"El monto del adeudo que el gobierno de Javier Duarte mantiene con la Universidad es mayor al presupuesto que el gobierno veracruzano autoriz\u00f3 a esa casa de estudios para este a\u00f1o Sandra Isabel Jim\u00e9nez Mateos La Universidad Veracruzana (UV) sigue en el limbo presupuestal: la actual administraci\u00f3n del gobernador Javier\u2026","rel":"","context":"En &quot;CINTILLO&quot;","block_context":{"text":"CINTILLO","link":"http:\/\/www.grieta.org.mx\/index.php\/category\/cintillo\/"},"img":{"alt_text":"","src":"https:\/\/i0.wp.com\/www.grieta.org.mx\/wp-content\/uploads\/2018\/03\/14524434_1106112876131411_958039263622046936_o.jpg?resize=350%2C200","width":350,"height":200,"srcset":"https:\/\/i0.wp.com\/www.grieta.org.mx\/wp-content\/uploads\/2018\/03\/14524434_1106112876131411_958039263622046936_o.jpg?resize=350%2C200 1x, https:\/\/i0.wp.com\/www.grieta.org.mx\/wp-content\/uploads\/2018\/03\/14524434_1106112876131411_958039263622046936_o.jpg?resize=525%2C300 1.5x, https:\/\/i0.wp.com\/www.grieta.org.mx\/wp-content\/uploads\/2018\/03\/14524434_1106112876131411_958039263622046936_o.jpg?resize=700%2C400 2x"},"classes":[]},{"id":7343,"url":"http:\/\/www.grieta.org.mx\/index.php\/2016\/03\/10\/marchan-mas-de-30-mil-contra-duarte-por-deuda-con-la-universidad-veracruzana\/","url_meta":{"origin":13726,"position":3},"title":"Marchan m\u00e1s de 30 mil contra Duarte por deuda con la Universidad Veracruzana","author":"Admin","date":"10 marzo, 2016","format":false,"excerpt":"No\u00e9 Zavaleta XALAPA, Ver. (apro).- Ni las bajas temperaturas ni la llovizna inhibieron a los m\u00e1s de 30 mil universitarios, acad\u00e9micos, investigadores, exalumnos y familiares de trabajadores de la Universidad Veracruzana para salir a las calles de Xalapa, Coatzacoalcos, Veracruz, Boca del R\u00edo, Poza Rica, C\u00f3rdoba, Orizaba y Tuxpan a\u2026","rel":"","context":"En &quot;CINTILLO&quot;","block_context":{"text":"CINTILLO","link":"http:\/\/www.grieta.org.mx\/index.php\/category\/cintillo\/"},"img":{"alt_text":"","src":"https:\/\/i0.wp.com\/www.grieta.org.mx\/wp-content\/uploads\/2018\/03\/14524434_1106112876131411_958039263622046936_o.jpg?resize=350%2C200","width":350,"height":200,"srcset":"https:\/\/i0.wp.com\/www.grieta.org.mx\/wp-content\/uploads\/2018\/03\/14524434_1106112876131411_958039263622046936_o.jpg?resize=350%2C200 1x, https:\/\/i0.wp.com\/www.grieta.org.mx\/wp-content\/uploads\/2018\/03\/14524434_1106112876131411_958039263622046936_o.jpg?resize=525%2C300 1.5x, https:\/\/i0.wp.com\/www.grieta.org.mx\/wp-content\/uploads\/2018\/03\/14524434_1106112876131411_958039263622046936_o.jpg?resize=700%2C400 2x"},"classes":[]},{"id":7355,"url":"http:\/\/www.grieta.org.mx\/index.php\/2015\/10\/02\/ataca-grupo-de-hombres-armados-a-estudiantes-de-la-universidad-veracruzana\/","url_meta":{"origin":13726,"position":4},"title":"Ataca grupo de hombres armados a estudiantes de la Universidad Veracruzana","author":"Admin","date":"2 octubre, 2015","format":false,"excerpt":"02\/10\/15. 5 de junio no se olvida: universitarios en marcha por el 2 de octubre (VIDEO) Zapateando 02\/10\/15. 5 de Junio, no se olvida (VIDEO) Zapateando 13\/07\/15. El Estado categoriza al activismo como un foco de desestabilizaci\u00f3n social: estudiantes golpeados de Xalapa Peri\u00f3dico Activista 16\/06\/15. Estudiantes agredidos en Veracruz denuncian\u2026","rel":"","context":"En &quot;NOTICIAS NACIONALES&quot;","block_context":{"text":"NOTICIAS NACIONALES","link":"http:\/\/www.grieta.org.mx\/index.php\/category\/noticias-nacionales\/"},"img":{"alt_text":"","src":"https:\/\/i0.wp.com\/www.grieta.org.mx\/wp-content\/uploads\/2018\/03\/14524434_1106112876131411_958039263622046936_o.jpg?resize=350%2C200","width":350,"height":200,"srcset":"https:\/\/i0.wp.com\/www.grieta.org.mx\/wp-content\/uploads\/2018\/03\/14524434_1106112876131411_958039263622046936_o.jpg?resize=350%2C200 1x, https:\/\/i0.wp.com\/www.grieta.org.mx\/wp-content\/uploads\/2018\/03\/14524434_1106112876131411_958039263622046936_o.jpg?resize=525%2C300 1.5x, https:\/\/i0.wp.com\/www.grieta.org.mx\/wp-content\/uploads\/2018\/03\/14524434_1106112876131411_958039263622046936_o.jpg?resize=700%2C400 2x"},"classes":[]},{"id":7370,"url":"http:\/\/www.grieta.org.mx\/index.php\/2015\/10\/02\/en-veracruz-marcha-por-desaparecidos-golpeados-y-asesinados-en-sexenio-de-duarte\/","url_meta":{"origin":13726,"position":5},"title":"En Veracruz, marcha por desaparecidos, golpeados y asesinados en sexenio de Duarte","author":"Admin","date":"2 octubre, 2015","format":false,"excerpt":"XALAPA, Ver. (apro).- Con la consigna de \u201cno somos frutsis, no somos ping\u00fcinos, somos estudiantes desaparecidos\u201d, medio centenar de estudiantes de la Facultad de Humanidades de la Universidad Veracruzana (UV) salieron a las calles para rememorar la matanza de Tlatelolco del 68, pero tambi\u00e9n para recordar la golpiza a j\u00f3venes\u2026","rel":"","context":"En &quot;CINTILLO&quot;","block_context":{"text":"CINTILLO","link":"http:\/\/www.grieta.org.mx\/index.php\/category\/cintillo\/"},"img":{"alt_text":"","src":"https:\/\/i0.wp.com\/www.grieta.org.mx\/wp-content\/uploads\/2018\/03\/14524434_1106112876131411_958039263622046936_o.jpg?resize=350%2C200","width":350,"height":200,"srcset":"https:\/\/i0.wp.com\/www.grieta.org.mx\/wp-content\/uploads\/2018\/03\/14524434_1106112876131411_958039263622046936_o.jpg?resize=350%2C200 1x, https:\/\/i0.wp.com\/www.grieta.org.mx\/wp-content\/uploads\/2018\/03\/14524434_1106112876131411_958039263622046936_o.jpg?resize=525%2C300 1.5x, https:\/\/i0.wp.com\/www.grieta.org.mx\/wp-content\/uploads\/2018\/03\/14524434_1106112876131411_958039263622046936_o.jpg?resize=700%2C400 2x"},"classes":[]}],"_links":{"self":[{"href":"http:\/\/www.grieta.org.mx\/index.php\/wp-json\/wp\/v2\/posts\/13726","targetHints":{"allow":["GET"]}}],"collection":[{"href":"http:\/\/www.grieta.org.mx\/index.php\/wp-json\/wp\/v2\/posts"}],"about":[{"href":"http:\/\/www.grieta.org.mx\/index.php\/wp-json\/wp\/v2\/types\/post"}],"author":[{"embeddable":true,"href":"http:\/\/www.grieta.org.mx\/index.php\/wp-json\/wp\/v2\/users\/2"}],"replies":[{"embeddable":true,"href":"http:\/\/www.grieta.org.mx\/index.php\/wp-json\/wp\/v2\/comments?post=13726"}],"version-history":[{"count":1,"href":"http:\/\/www.grieta.org.mx\/index.php\/wp-json\/wp\/v2\/posts\/13726\/revisions"}],"predecessor-version":[{"id":13728,"href":"http:\/\/www.grieta.org.mx\/index.php\/wp-json\/wp\/v2\/posts\/13726\/revisions\/13728"}],"wp:featuredmedia":[{"embeddable":true,"href":"http:\/\/www.grieta.org.mx\/index.php\/wp-json\/wp\/v2\/media\/21928"}],"wp:attachment":[{"href":"http:\/\/www.grieta.org.mx\/index.php\/wp-json\/wp\/v2\/media?parent=13726"}],"wp:term":[{"taxonomy":"category","embeddable":true,"href":"http:\/\/www.grieta.org.mx\/index.php\/wp-json\/wp\/v2\/categories?post=13726"},{"taxonomy":"post_tag","embeddable":true,"href":"http:\/\/www.grieta.org.mx\/index.php\/wp-json\/wp\/v2\/tags?post=13726"}],"curies":[{"name":"wp","href":"https:\/\/api.w.org\/{rel}","templated":true}]}}