{"id":13723,"date":"2016-05-26T23:28:15","date_gmt":"2016-05-26T23:28:15","guid":{"rendered":"http:\/\/www.grieta.org.mx\/?p=13723"},"modified":"2016-06-06T23:29:13","modified_gmt":"2016-06-06T23:29:13","slug":"sobran-los-motivos-para-ir-a-la-huelga-estudiantes-y-docentes-de-la-uv-se-desmarcan-de-la-rectoria","status":"publish","type":"post","link":"http:\/\/www.grieta.org.mx\/index.php\/2016\/05\/26\/sobran-los-motivos-para-ir-a-la-huelga-estudiantes-y-docentes-de-la-uv-se-desmarcan-de-la-rectoria\/","title":{"rendered":"Sobran los motivos para ir a la huelga: estudiantes y docentes de la UV se desmarcan de la rector\u00eda"},"content":{"rendered":"<p>En la Universidad Veracruzana las paredes tiemblan. Por debajo de la pelea por el cobro de la deuda que el gobierno del estado tiene hace a\u00f1os (2500 millones de pesos en seis a\u00f1os y contando) otras disputan surcan el aire y las conversaciones.<\/p>\n<p>Mar\u00eda Elena Roca tiene una carrera a prueba de rumores, que la respalda en las palabras que vertir\u00e1 a continuaci\u00f3n. Es licenciada en antropolog\u00eda, maestra en sociolog\u00eda pol\u00edtica por el Instituto de Investigaciones Luis Mora, y tiene un doctorado en historia regional, en la Universidad Veracruzana, su casa desde el a\u00f1o 2000, en que trabaja como \u201cmaestra por horas\u201d en la Facultad de Humanidades.<\/p>\n<p>\u201cAlgunos universitarios no estamos de acuerdo en la homogeneizacion del movimiento Yo Soy UV, que no tiene en cuenta los problemas internos que tenemos en la Universidad y que buscan que esas diferencias no se vean\u201d<\/p>\n<p>Es, en definitiva, una forma de apagar ciertos reclamos bajo la aplastante pata de la deuda. Roca se\u00f1ala que la situaci\u00f3n en la Universidad est\u00e1 \u201cmuy mal\u201d y que quienes trabajan lo hacen en condiciones precarias e inestables, adem\u00e1s de mal pagas.<\/p>\n<p>El r\u00e9gimen de \u201cmaestra por horas\u201d es uno de los escalones del medio para abajo en la vertical estructura en que se organizan los cargos docentes en la UV. Algo por debajo en la escalera de la seguridad laboral est\u00e1n quienes ofrecen \u201ccursos autofinanciables\u201d, en su mayor\u00eda de idiomas, a los que cualquier persona puede llegarle y con quienes el docente tiene trato directo. Suelen ganar unos 50 pesos la hora.<\/p>\n<p>\u201cNo tienen derecho a vacaciones ni d\u00edas festivos, nada m\u00e1s ganan por las horas que est\u00e1n frente al sal\u00f3n. El resto, entre un 70 y 80 por ciento somos maestros por hora, que t\u00e9cnicamente cada semestre nos quedamos sin trabajo. Cada semestre debemos concursar por los puestos y eso te hace vivir sometido a una presi\u00f3n porque no puedes planear tu calidad de vida. Muy pocos son los docentes que tienen materias de base, la mayor\u00eda trabajamos cubriendo interinatos. Yo lo hago hace 16 a\u00f1os.\u201d<br \/>\nEl otro gran tema que agita las aguas es, como se sabe, lo que concierne a la deuda de Duarte. Sin embargo, el conflicto es c\u00f3mo se debe pelear esa batalla por recuperar los recursos que le corresponden y no le fueron entregados a la mayor casa de estudios del estado.<\/p>\n<p>\u201cAlgunos consideramos que se deber\u00eda ejercer una posici\u00f3n m\u00e1s fuerte frente al gobierno. Las marchas no han dado resultado y consideramos que deber\u00eda de hacerse m\u00e1s presi\u00f3n. Sin embargo, la Rector\u00eda dio marcha atr\u00e1s a estas propuestas\u201d<\/p>\n<p>La docente se refiere una propuesta de Huelga, que se llev\u00f3 al Consejo rector de la Universidad salida del Instituto de Investigaci\u00f3n en Educaci\u00f3n. En esto, hay m\u00e1s de uno aliado.<\/p>\n<p>Mientras las Facultades y los Institutos discuten c\u00f3mo plantar posici\u00f3n disidente, que no tenga en cuenta el tiempo electoral sino las propias necesidades de la Instituci\u00f3n, dicen, ni de las personas que la hacen. Grupos de estudiantes se han manifestado a favor del paro indefinido y nuevas agrupaciones se han formado para colectivizar una voz disidente. Es el caso del Colectivo Arco Sur, que congrega estudiantes de licenciatura, maestr\u00eda y posgrado, que este mi\u00e9rcoles se manifestaron y montaron las mantas que ilustran este art\u00edculo.<\/p>\n<p>Indignarse no es suficiente, s\u00ed al paro en la UV, es el reclamo con el que una parte de la Universidad dice basta. Lo que viene a se\u00f1alar este sector es que sobran los motivos para intensificar las acciones de protesta.<\/p>\n<p><a href=\"http:\/\/desinformemonos.org.mx\/sobran-los-motivos-para-ir-a-la-huelga-estudiantes-y-docentes-de-la-uv-se-desmarcan-de-la-rectoria\/\" target=\"_blank\">http:\/\/desinformemonos.org.mx\/sobran-los-motivos-para-ir-a-la-huelga-estudiantes-y-docentes-de-la-uv-se-desmarcan-de-la-rectoria\/<\/a><\/p>\n","protected":false},"excerpt":{"rendered":"<p>En la Universidad Veracruzana las paredes tiemblan. Por debajo de la pelea por el cobro de la deuda que el gobierno del estado tiene hace a\u00f1os (2500 millones de pesos &hellip; <a href=\"http:\/\/www.grieta.org.mx\/index.php\/2016\/05\/26\/sobran-los-motivos-para-ir-a-la-huelga-estudiantes-y-docentes-de-la-uv-se-desmarcan-de-la-rectoria\/\" class=\"more-link\">Leer m\u00e1s<\/a><\/p>\n","protected":false},"author":2,"featured_media":21928,"comment_status":"closed","ping_status":"closed","sticky":false,"template":"","format":"standard","meta":{"ngg_post_thumbnail":0,"_jetpack_newsletter_access":"","_jetpack_dont_email_post_to_subs":false,"_jetpack_newsletter_tier_id":0,"_jetpack_memberships_contains_paywalled_content":false,"_jetpack_memberships_contains_paid_content":false,"footnotes":""},"categories":[80,257],"tags":[450],"class_list":["post-13723","post","type-post","status-publish","format-standard","has-post-thumbnail","hentry","category-cintillo","category-veracruz","tag-universidad-veracruzana","entry"],"jetpack_featured_media_url":"http:\/\/www.grieta.org.mx\/wp-content\/uploads\/2018\/03\/14524434_1106112876131411_958039263622046936_o.jpg","jetpack_sharing_enabled":true,"jetpack_shortlink":"https:\/\/wp.me\/p7ZJR4-3zl","jetpack_likes_enabled":false,"jetpack-related-posts":[{"id":7342,"url":"http:\/\/www.grieta.org.mx\/index.php\/2016\/07\/06\/conflictos-en-la-universidad-veracruzana\/","url_meta":{"origin":13723,"position":0},"title":"Conflictos en la Universidad Veracruzana","author":"Admin","date":"6 julio, 2016","format":false,"excerpt":"Movilizaciones de la comunidad universitaria exigiendo el pago del adeudo del gobierno con la Universidad 06\/07\/16. La deuda de Javier Duarte con la Universidad Veracruzana crece 223 mdp en seis meses Animal Pol\u00edtico 31\/05\/16. Estudiantes toman sede Totonacapan de la Universidad Veracruzana Intercultural? Desinform\u00e9monos 27\/05\/16. Universitarios en Veracruz reiteran exigencia\u2026","rel":"","context":"En &quot;NOTICIAS NACIONALES&quot;","block_context":{"text":"NOTICIAS NACIONALES","link":"http:\/\/www.grieta.org.mx\/index.php\/category\/noticias-nacionales\/"},"img":{"alt_text":"","src":"https:\/\/i0.wp.com\/www.grieta.org.mx\/wp-content\/uploads\/2018\/03\/14524434_1106112876131411_958039263622046936_o.jpg?resize=350%2C200","width":350,"height":200,"srcset":"https:\/\/i0.wp.com\/www.grieta.org.mx\/wp-content\/uploads\/2018\/03\/14524434_1106112876131411_958039263622046936_o.jpg?resize=350%2C200 1x, https:\/\/i0.wp.com\/www.grieta.org.mx\/wp-content\/uploads\/2018\/03\/14524434_1106112876131411_958039263622046936_o.jpg?resize=525%2C300 1.5x, https:\/\/i0.wp.com\/www.grieta.org.mx\/wp-content\/uploads\/2018\/03\/14524434_1106112876131411_958039263622046936_o.jpg?resize=700%2C400 2x"},"classes":[]},{"id":10553,"url":"http:\/\/www.grieta.org.mx\/index.php\/2016\/04\/04\/entregan-mas-de-60-mil-firmas-para-que-duarte-pague-adeudos-de-universidad-veracruzana\/","url_meta":{"origin":13723,"position":1},"title":"Entregan m\u00e1s de 60 mil firmas para que Duarte pague adeudos de Universidad Veracruzana","author":"grieta","date":"4 abril, 2016","format":false,"excerpt":"Al d\u00eda de hoy, la Secretar\u00eda de Finanzas y planeaci\u00f3n adeuda a la m\u00e1xima casa de estudios 2 mil 76 millones de pesos, de \u00e9sos, mil 625 corresponden al subsidio estatal y 451 millones al federal\u201d, as\u00ed lo denunciaron los integrantes del colectivo en defensa de la UV. Leticia V\u00e1zquez\u2026","rel":"","context":"En &quot;CINTILLO&quot;","block_context":{"text":"CINTILLO","link":"http:\/\/www.grieta.org.mx\/index.php\/category\/cintillo\/"},"img":{"alt_text":"","src":"https:\/\/i0.wp.com\/www.grieta.org.mx\/wp-content\/uploads\/2018\/03\/14524434_1106112876131411_958039263622046936_o.jpg?resize=350%2C200","width":350,"height":200,"srcset":"https:\/\/i0.wp.com\/www.grieta.org.mx\/wp-content\/uploads\/2018\/03\/14524434_1106112876131411_958039263622046936_o.jpg?resize=350%2C200 1x, https:\/\/i0.wp.com\/www.grieta.org.mx\/wp-content\/uploads\/2018\/03\/14524434_1106112876131411_958039263622046936_o.jpg?resize=525%2C300 1.5x, https:\/\/i0.wp.com\/www.grieta.org.mx\/wp-content\/uploads\/2018\/03\/14524434_1106112876131411_958039263622046936_o.jpg?resize=700%2C400 2x"},"classes":[]},{"id":40855,"url":"http:\/\/www.grieta.org.mx\/index.php\/2019\/10\/09\/violencia-laboral-a-mas-catedraticas-de-la-uv-el-primer-caso-derivo-denuncia-penal-veracruz\/","url_meta":{"origin":13723,"position":2},"title":"Violencia laboral a m\u00e1s catedr\u00e1ticas de la UV; el primer caso deriv\u00f3 denuncia penal (Veracruz)","author":"grieta","date":"9 octubre, 2019","format":false,"excerpt":"Texto: Arantxa Arcos \/ Voz Alterna Dos catedr\u00e1ticas de la Universidad Veracruzana (UV) buscaron a Remedios \u00c1lvarez Santos, maestra en la licenciatura de Filosof\u00eda, para iniciar procesos por tambi\u00e9n ser v\u00edctimas de violencia laboral. Los nombres son omitidos por apenas iniciar el procedimiento. Una de ellas detall\u00f3 su situaci\u00f3n a\u2026","rel":"","context":"En &quot;CINTILLO&quot;","block_context":{"text":"CINTILLO","link":"http:\/\/www.grieta.org.mx\/index.php\/category\/cintillo\/"},"img":{"alt_text":"","src":"https:\/\/i0.wp.com\/www.grieta.org.mx\/wp-content\/uploads\/2019\/11\/recomendaci%C3%B3n-caso-Remedios.jpg?resize=350%2C200","width":350,"height":200,"srcset":"https:\/\/i0.wp.com\/www.grieta.org.mx\/wp-content\/uploads\/2019\/11\/recomendaci%C3%B3n-caso-Remedios.jpg?resize=350%2C200 1x, https:\/\/i0.wp.com\/www.grieta.org.mx\/wp-content\/uploads\/2019\/11\/recomendaci%C3%B3n-caso-Remedios.jpg?resize=525%2C300 1.5x, https:\/\/i0.wp.com\/www.grieta.org.mx\/wp-content\/uploads\/2019\/11\/recomendaci%C3%B3n-caso-Remedios.jpg?resize=700%2C400 2x, https:\/\/i0.wp.com\/www.grieta.org.mx\/wp-content\/uploads\/2019\/11\/recomendaci%C3%B3n-caso-Remedios.jpg?resize=1050%2C600 3x, https:\/\/i0.wp.com\/www.grieta.org.mx\/wp-content\/uploads\/2019\/11\/recomendaci%C3%B3n-caso-Remedios.jpg?resize=1400%2C800 4x"},"classes":[]},{"id":16693,"url":"http:\/\/www.grieta.org.mx\/index.php\/2016\/07\/06\/la-deuda-de-javier-duarte-con-la-universidad-veracruzana-crece-223-mdp-en-seis-meses\/","url_meta":{"origin":13723,"position":3},"title":"La deuda de Javier Duarte con la Universidad Veracruzana crece 223 mdp en seis meses","author":"Admin","date":"6 julio, 2016","format":false,"excerpt":"El monto del adeudo que el gobierno de Javier Duarte mantiene con la Universidad es mayor al presupuesto que el gobierno veracruzano autoriz\u00f3 a esa casa de estudios para este a\u00f1o Sandra Isabel Jim\u00e9nez Mateos La Universidad Veracruzana (UV) sigue en el limbo presupuestal: la actual administraci\u00f3n del gobernador Javier\u2026","rel":"","context":"En &quot;CINTILLO&quot;","block_context":{"text":"CINTILLO","link":"http:\/\/www.grieta.org.mx\/index.php\/category\/cintillo\/"},"img":{"alt_text":"","src":"https:\/\/i0.wp.com\/www.grieta.org.mx\/wp-content\/uploads\/2018\/03\/14524434_1106112876131411_958039263622046936_o.jpg?resize=350%2C200","width":350,"height":200,"srcset":"https:\/\/i0.wp.com\/www.grieta.org.mx\/wp-content\/uploads\/2018\/03\/14524434_1106112876131411_958039263622046936_o.jpg?resize=350%2C200 1x, https:\/\/i0.wp.com\/www.grieta.org.mx\/wp-content\/uploads\/2018\/03\/14524434_1106112876131411_958039263622046936_o.jpg?resize=525%2C300 1.5x, https:\/\/i0.wp.com\/www.grieta.org.mx\/wp-content\/uploads\/2018\/03\/14524434_1106112876131411_958039263622046936_o.jpg?resize=700%2C400 2x"},"classes":[]},{"id":7346,"url":"http:\/\/www.grieta.org.mx\/index.php\/2016\/03\/20\/si-sat-embarga-universidad-veracruzana-parara-el-estado%e2%80%8f\/","url_meta":{"origin":13723,"position":4},"title":"Si SAT embarga; Universidad Veracruzana &#8220;parar\u00e1&#8221; el estado?","author":"Admin","date":"20 marzo, 2016","format":false,"excerpt":"En caso de que la dependencia federal requiera el pago del ISR de los trabajadores, mediante un embargo, UV volver\u00e1 a \u201cmostrar el m\u00fasculo\" Xalapa, Ver.- Ante la posibilidad de que el Sistema de Administraci\u00f3n Tributaria (SAT) pueda requerir el pago correspondiente al Impuesto Sobre la Renta (ISR) de los\u2026","rel":"","context":"En &quot;CINTILLO&quot;","block_context":{"text":"CINTILLO","link":"http:\/\/www.grieta.org.mx\/index.php\/category\/cintillo\/"},"img":{"alt_text":"","src":"https:\/\/i0.wp.com\/www.grieta.org.mx\/wp-content\/uploads\/2018\/03\/14524434_1106112876131411_958039263622046936_o.jpg?resize=350%2C200","width":350,"height":200,"srcset":"https:\/\/i0.wp.com\/www.grieta.org.mx\/wp-content\/uploads\/2018\/03\/14524434_1106112876131411_958039263622046936_o.jpg?resize=350%2C200 1x, https:\/\/i0.wp.com\/www.grieta.org.mx\/wp-content\/uploads\/2018\/03\/14524434_1106112876131411_958039263622046936_o.jpg?resize=525%2C300 1.5x, https:\/\/i0.wp.com\/www.grieta.org.mx\/wp-content\/uploads\/2018\/03\/14524434_1106112876131411_958039263622046936_o.jpg?resize=700%2C400 2x"},"classes":[]},{"id":7343,"url":"http:\/\/www.grieta.org.mx\/index.php\/2016\/03\/10\/marchan-mas-de-30-mil-contra-duarte-por-deuda-con-la-universidad-veracruzana\/","url_meta":{"origin":13723,"position":5},"title":"Marchan m\u00e1s de 30 mil contra Duarte por deuda con la Universidad Veracruzana","author":"Admin","date":"10 marzo, 2016","format":false,"excerpt":"No\u00e9 Zavaleta XALAPA, Ver. (apro).- Ni las bajas temperaturas ni la llovizna inhibieron a los m\u00e1s de 30 mil universitarios, acad\u00e9micos, investigadores, exalumnos y familiares de trabajadores de la Universidad Veracruzana para salir a las calles de Xalapa, Coatzacoalcos, Veracruz, Boca del R\u00edo, Poza Rica, C\u00f3rdoba, Orizaba y Tuxpan a\u2026","rel":"","context":"En &quot;CINTILLO&quot;","block_context":{"text":"CINTILLO","link":"http:\/\/www.grieta.org.mx\/index.php\/category\/cintillo\/"},"img":{"alt_text":"","src":"https:\/\/i0.wp.com\/www.grieta.org.mx\/wp-content\/uploads\/2018\/03\/14524434_1106112876131411_958039263622046936_o.jpg?resize=350%2C200","width":350,"height":200,"srcset":"https:\/\/i0.wp.com\/www.grieta.org.mx\/wp-content\/uploads\/2018\/03\/14524434_1106112876131411_958039263622046936_o.jpg?resize=350%2C200 1x, https:\/\/i0.wp.com\/www.grieta.org.mx\/wp-content\/uploads\/2018\/03\/14524434_1106112876131411_958039263622046936_o.jpg?resize=525%2C300 1.5x, https:\/\/i0.wp.com\/www.grieta.org.mx\/wp-content\/uploads\/2018\/03\/14524434_1106112876131411_958039263622046936_o.jpg?resize=700%2C400 2x"},"classes":[]}],"_links":{"self":[{"href":"http:\/\/www.grieta.org.mx\/index.php\/wp-json\/wp\/v2\/posts\/13723","targetHints":{"allow":["GET"]}}],"collection":[{"href":"http:\/\/www.grieta.org.mx\/index.php\/wp-json\/wp\/v2\/posts"}],"about":[{"href":"http:\/\/www.grieta.org.mx\/index.php\/wp-json\/wp\/v2\/types\/post"}],"author":[{"embeddable":true,"href":"http:\/\/www.grieta.org.mx\/index.php\/wp-json\/wp\/v2\/users\/2"}],"replies":[{"embeddable":true,"href":"http:\/\/www.grieta.org.mx\/index.php\/wp-json\/wp\/v2\/comments?post=13723"}],"version-history":[{"count":1,"href":"http:\/\/www.grieta.org.mx\/index.php\/wp-json\/wp\/v2\/posts\/13723\/revisions"}],"predecessor-version":[{"id":13724,"href":"http:\/\/www.grieta.org.mx\/index.php\/wp-json\/wp\/v2\/posts\/13723\/revisions\/13724"}],"wp:featuredmedia":[{"embeddable":true,"href":"http:\/\/www.grieta.org.mx\/index.php\/wp-json\/wp\/v2\/media\/21928"}],"wp:attachment":[{"href":"http:\/\/www.grieta.org.mx\/index.php\/wp-json\/wp\/v2\/media?parent=13723"}],"wp:term":[{"taxonomy":"category","embeddable":true,"href":"http:\/\/www.grieta.org.mx\/index.php\/wp-json\/wp\/v2\/categories?post=13723"},{"taxonomy":"post_tag","embeddable":true,"href":"http:\/\/www.grieta.org.mx\/index.php\/wp-json\/wp\/v2\/tags?post=13723"}],"curies":[{"name":"wp","href":"https:\/\/api.w.org\/{rel}","templated":true}]}}