{"id":13713,"date":"2016-05-31T23:14:10","date_gmt":"2016-05-31T23:14:10","guid":{"rendered":"http:\/\/www.grieta.org.mx\/?p=13713"},"modified":"2016-06-06T23:18:01","modified_gmt":"2016-06-06T23:18:01","slug":"estudiantes-toman-sede-totonacapan-de-la-universidad-veracruzana-intercultural","status":"publish","type":"post","link":"http:\/\/www.grieta.org.mx\/index.php\/2016\/05\/31\/estudiantes-toman-sede-totonacapan-de-la-universidad-veracruzana-intercultural\/","title":{"rendered":"Estudiantes toman sede Totonacapan de la Universidad Veracruzana Intercultural"},"content":{"rendered":"<p>Eliana Gilet<\/p>\n<p>Desde la ma\u00f1ana de este lunes 30 de mayo, estudiantes de la Universidad Veracruzana Intercultural, con sede en Totonacapan, municipio de Espinal, al norte del estado de Veracruz, tomaron las instalaciones de la casa de estudios, en \u201cdefensa de la educaci\u00f3n p\u00fablica\u201d<\/p>\n<p>En la ma\u00f1ana del lunes colocaron sellos en las puertas de las aulas, con carteles que exigen el pago inmediato de la deuda que el gobierno del estado mantiene con la Universidad Veracruzana y que hace que la situaci\u00f3n tanto para sus trabajadores como para sus estudiantes se haga insostenible. La deuda total asciende a 2500 millones de pesos, que se acumul\u00f3 durante los \u00faltimos 3 a\u00f1os. Cerca de 500 millones corresponden a dineros transferidos por el gobierno federal y que fueron fagocitados por el gobierno del estado, sin que llegaran a la casa de Estudios.<\/p>\n<p>La situaci\u00f3n de las 4 sedes de la Universidad Intercultural es la m\u00e1s cr\u00edtica. Dos de ellas est\u00e1n a medio construir y las que est\u00e1n, tienen graves deficiencias edilicias.<\/p>\n<p>\u201c\u00bfQu\u00e9 pasar\u00e1 con los proyectos para nuestras comunidades? \u00bfSeguiremos teniendo ba\u00f1os sin agua? \u00bfSalones sin luz el\u00e9ctrica? \u00bfNos quedaremos sin experiencias educativas por falta de recursos? \u00bfSin maestros por falta de salarios?\u201d cuestionaron los estudiantes.<\/p>\n<p>Desde hace semanas realizan actividades de informaci\u00f3n en las comunidades , sobre la cr\u00edtica situaci\u00f3n en que se encuentra la UV y el peligro que corren las sedes Interculturales, que ya ven\u00edan en un estado cr\u00edtico.<\/p>\n<p>\u201cLa informaci\u00f3n es una de nuestras mayores armas, por eso hoy saldremos a diferentes comunidades para informar al pueblo sobre el atentado a la educaci\u00f3n p\u00fablica, laica y gratuita. Exigimos el pago inmediato del adeudo millonario que mantiene el gobierno del estado de Veracruz a nuestra m\u00e1xima casa de estudios. Exigimos mayor asignaci\u00f3n presupuestal para las 4 sedes de la ?#?UVI? que atienden a distintas comunidades del estado, con un mayor presupuesto la UVI podra dar mayor cobertura de atenci\u00f3n a los pueblos.\u201d<\/p>\n<p>La toma de la sede Intercultural da el paso que los estudiantes y algunos institutos intentan promover a nivel central, pero que han sido sistem\u00e1ticamente abortados por la Rector\u00eda: que la Universidad Veracruzana entre en paro indefinido y se declare en huelga.<\/p>\n<p>Seg\u00fan pudo saber Desinform\u00e9monos, la situaci\u00f3n es tensa y los estudiantes se encuentran reunidos discutiendo los pasos a seguir. Actualizaremos esta informaci\u00f3n en el correr de la jornada.<\/p>\n<p><a href=\"http:\/\/desinformemonos.org.mx\/estudiantes-toman-sede-totonacan-de-la-universidad-veracruzana-intercultural\/\" target=\"_blank\">http:\/\/desinformemonos.org.mx\/estudiantes-toman-sede-totonacan-de-la-universidad-veracruzana-intercultural\/<\/a><\/p>\n","protected":false},"excerpt":{"rendered":"<p>Eliana Gilet Desde la ma\u00f1ana de este lunes 30 de mayo, estudiantes de la Universidad Veracruzana Intercultural, con sede en Totonacapan, municipio de Espinal, al norte del estado de Veracruz, &hellip; <a href=\"http:\/\/www.grieta.org.mx\/index.php\/2016\/05\/31\/estudiantes-toman-sede-totonacapan-de-la-universidad-veracruzana-intercultural\/\" class=\"more-link\">Leer m\u00e1s<\/a><\/p>\n","protected":false},"author":2,"featured_media":21928,"comment_status":"closed","ping_status":"closed","sticky":false,"template":"","format":"standard","meta":{"ngg_post_thumbnail":0,"_jetpack_newsletter_access":"","_jetpack_dont_email_post_to_subs":false,"_jetpack_newsletter_tier_id":0,"_jetpack_memberships_contains_paywalled_content":false,"_jetpack_memberships_contains_paid_content":false,"footnotes":""},"categories":[80,257],"tags":[450],"class_list":["post-13713","post","type-post","status-publish","format-standard","has-post-thumbnail","hentry","category-cintillo","category-veracruz","tag-universidad-veracruzana","entry"],"jetpack_featured_media_url":"http:\/\/www.grieta.org.mx\/wp-content\/uploads\/2018\/03\/14524434_1106112876131411_958039263622046936_o.jpg","jetpack_sharing_enabled":true,"jetpack_shortlink":"https:\/\/wp.me\/p7ZJR4-3zb","jetpack_likes_enabled":false,"jetpack-related-posts":[{"id":7342,"url":"http:\/\/www.grieta.org.mx\/index.php\/2016\/07\/06\/conflictos-en-la-universidad-veracruzana\/","url_meta":{"origin":13713,"position":0},"title":"Conflictos en la Universidad Veracruzana","author":"Admin","date":"6 julio, 2016","format":false,"excerpt":"Movilizaciones de la comunidad universitaria exigiendo el pago del adeudo del gobierno con la Universidad 06\/07\/16. La deuda de Javier Duarte con la Universidad Veracruzana crece 223 mdp en seis meses Animal Pol\u00edtico 31\/05\/16. Estudiantes toman sede Totonacapan de la Universidad Veracruzana Intercultural? Desinform\u00e9monos 27\/05\/16. Universitarios en Veracruz reiteran exigencia\u2026","rel":"","context":"En &quot;NOTICIAS NACIONALES&quot;","block_context":{"text":"NOTICIAS NACIONALES","link":"http:\/\/www.grieta.org.mx\/index.php\/category\/noticias-nacionales\/"},"img":{"alt_text":"","src":"https:\/\/i0.wp.com\/www.grieta.org.mx\/wp-content\/uploads\/2018\/03\/14524434_1106112876131411_958039263622046936_o.jpg?resize=350%2C200","width":350,"height":200,"srcset":"https:\/\/i0.wp.com\/www.grieta.org.mx\/wp-content\/uploads\/2018\/03\/14524434_1106112876131411_958039263622046936_o.jpg?resize=350%2C200 1x, https:\/\/i0.wp.com\/www.grieta.org.mx\/wp-content\/uploads\/2018\/03\/14524434_1106112876131411_958039263622046936_o.jpg?resize=525%2C300 1.5x, https:\/\/i0.wp.com\/www.grieta.org.mx\/wp-content\/uploads\/2018\/03\/14524434_1106112876131411_958039263622046936_o.jpg?resize=700%2C400 2x"},"classes":[]},{"id":16693,"url":"http:\/\/www.grieta.org.mx\/index.php\/2016\/07\/06\/la-deuda-de-javier-duarte-con-la-universidad-veracruzana-crece-223-mdp-en-seis-meses\/","url_meta":{"origin":13713,"position":1},"title":"La deuda de Javier Duarte con la Universidad Veracruzana crece 223 mdp en seis meses","author":"Admin","date":"6 julio, 2016","format":false,"excerpt":"El monto del adeudo que el gobierno de Javier Duarte mantiene con la Universidad es mayor al presupuesto que el gobierno veracruzano autoriz\u00f3 a esa casa de estudios para este a\u00f1o Sandra Isabel Jim\u00e9nez Mateos La Universidad Veracruzana (UV) sigue en el limbo presupuestal: la actual administraci\u00f3n del gobernador Javier\u2026","rel":"","context":"En &quot;CINTILLO&quot;","block_context":{"text":"CINTILLO","link":"http:\/\/www.grieta.org.mx\/index.php\/category\/cintillo\/"},"img":{"alt_text":"","src":"https:\/\/i0.wp.com\/www.grieta.org.mx\/wp-content\/uploads\/2018\/03\/14524434_1106112876131411_958039263622046936_o.jpg?resize=350%2C200","width":350,"height":200,"srcset":"https:\/\/i0.wp.com\/www.grieta.org.mx\/wp-content\/uploads\/2018\/03\/14524434_1106112876131411_958039263622046936_o.jpg?resize=350%2C200 1x, https:\/\/i0.wp.com\/www.grieta.org.mx\/wp-content\/uploads\/2018\/03\/14524434_1106112876131411_958039263622046936_o.jpg?resize=525%2C300 1.5x, https:\/\/i0.wp.com\/www.grieta.org.mx\/wp-content\/uploads\/2018\/03\/14524434_1106112876131411_958039263622046936_o.jpg?resize=700%2C400 2x"},"classes":[]},{"id":7355,"url":"http:\/\/www.grieta.org.mx\/index.php\/2015\/10\/02\/ataca-grupo-de-hombres-armados-a-estudiantes-de-la-universidad-veracruzana\/","url_meta":{"origin":13713,"position":2},"title":"Ataca grupo de hombres armados a estudiantes de la Universidad Veracruzana","author":"Admin","date":"2 octubre, 2015","format":false,"excerpt":"02\/10\/15. 5 de junio no se olvida: universitarios en marcha por el 2 de octubre (VIDEO) Zapateando 02\/10\/15. 5 de Junio, no se olvida (VIDEO) Zapateando 13\/07\/15. El Estado categoriza al activismo como un foco de desestabilizaci\u00f3n social: estudiantes golpeados de Xalapa Peri\u00f3dico Activista 16\/06\/15. Estudiantes agredidos en Veracruz denuncian\u2026","rel":"","context":"En &quot;NOTICIAS NACIONALES&quot;","block_context":{"text":"NOTICIAS NACIONALES","link":"http:\/\/www.grieta.org.mx\/index.php\/category\/noticias-nacionales\/"},"img":{"alt_text":"","src":"https:\/\/i0.wp.com\/www.grieta.org.mx\/wp-content\/uploads\/2018\/03\/14524434_1106112876131411_958039263622046936_o.jpg?resize=350%2C200","width":350,"height":200,"srcset":"https:\/\/i0.wp.com\/www.grieta.org.mx\/wp-content\/uploads\/2018\/03\/14524434_1106112876131411_958039263622046936_o.jpg?resize=350%2C200 1x, https:\/\/i0.wp.com\/www.grieta.org.mx\/wp-content\/uploads\/2018\/03\/14524434_1106112876131411_958039263622046936_o.jpg?resize=525%2C300 1.5x, https:\/\/i0.wp.com\/www.grieta.org.mx\/wp-content\/uploads\/2018\/03\/14524434_1106112876131411_958039263622046936_o.jpg?resize=700%2C400 2x"},"classes":[]},{"id":7343,"url":"http:\/\/www.grieta.org.mx\/index.php\/2016\/03\/10\/marchan-mas-de-30-mil-contra-duarte-por-deuda-con-la-universidad-veracruzana\/","url_meta":{"origin":13713,"position":3},"title":"Marchan m\u00e1s de 30 mil contra Duarte por deuda con la Universidad Veracruzana","author":"Admin","date":"10 marzo, 2016","format":false,"excerpt":"No\u00e9 Zavaleta XALAPA, Ver. (apro).- Ni las bajas temperaturas ni la llovizna inhibieron a los m\u00e1s de 30 mil universitarios, acad\u00e9micos, investigadores, exalumnos y familiares de trabajadores de la Universidad Veracruzana para salir a las calles de Xalapa, Coatzacoalcos, Veracruz, Boca del R\u00edo, Poza Rica, C\u00f3rdoba, Orizaba y Tuxpan a\u2026","rel":"","context":"En &quot;CINTILLO&quot;","block_context":{"text":"CINTILLO","link":"http:\/\/www.grieta.org.mx\/index.php\/category\/cintillo\/"},"img":{"alt_text":"","src":"https:\/\/i0.wp.com\/www.grieta.org.mx\/wp-content\/uploads\/2018\/03\/14524434_1106112876131411_958039263622046936_o.jpg?resize=350%2C200","width":350,"height":200,"srcset":"https:\/\/i0.wp.com\/www.grieta.org.mx\/wp-content\/uploads\/2018\/03\/14524434_1106112876131411_958039263622046936_o.jpg?resize=350%2C200 1x, https:\/\/i0.wp.com\/www.grieta.org.mx\/wp-content\/uploads\/2018\/03\/14524434_1106112876131411_958039263622046936_o.jpg?resize=525%2C300 1.5x, https:\/\/i0.wp.com\/www.grieta.org.mx\/wp-content\/uploads\/2018\/03\/14524434_1106112876131411_958039263622046936_o.jpg?resize=700%2C400 2x"},"classes":[]},{"id":21831,"url":"http:\/\/www.grieta.org.mx\/index.php\/2018\/02\/22\/denuncian-mas-de-20-desapariciones-de-estudiantes-de-la-universidad-veracruzana\/","url_meta":{"origin":13713,"position":4},"title":"Denuncian m\u00e1s de 20 desapariciones de estudiantes de la Universidad Veracruzana","author":"Admin","date":"22 febrero, 2018","format":false,"excerpt":"Por No\u00e9 Zavaleta XALAPA, Ver. (apro).- La investigadora del Instituto de Investigaciones Hist\u00f3rico-Sociales de la Universidad Veracruzana (UV), Ros\u00edo C\u00f3rdova Plaza, inform\u00f3 que se han registrado 20 desapariciones de estudiantes en los \u00faltimos tiempos, adem\u00e1s de que no cesan la violencia, los \u201clevantones\u201d y robos contra estudiantes de la comunidad\u2026","rel":"","context":"En &quot;CINTILLO&quot;","block_context":{"text":"CINTILLO","link":"http:\/\/www.grieta.org.mx\/index.php\/category\/cintillo\/"},"img":{"alt_text":"","src":"https:\/\/i0.wp.com\/www.grieta.org.mx\/wp-content\/uploads\/2018\/02\/130d45f8f7c220da22-161010_genesis_yc3-c-702x468.jpg?resize=350%2C200","width":350,"height":200,"srcset":"https:\/\/i0.wp.com\/www.grieta.org.mx\/wp-content\/uploads\/2018\/02\/130d45f8f7c220da22-161010_genesis_yc3-c-702x468.jpg?resize=350%2C200 1x, https:\/\/i0.wp.com\/www.grieta.org.mx\/wp-content\/uploads\/2018\/02\/130d45f8f7c220da22-161010_genesis_yc3-c-702x468.jpg?resize=525%2C300 1.5x, https:\/\/i0.wp.com\/www.grieta.org.mx\/wp-content\/uploads\/2018\/02\/130d45f8f7c220da22-161010_genesis_yc3-c-702x468.jpg?resize=700%2C400 2x"},"classes":[]},{"id":13726,"url":"http:\/\/www.grieta.org.mx\/index.php\/2016\/05\/27\/universitarios-en-veracruz-reiteran-exigencia-a-duarte-para-que-pague-adeudos\/","url_meta":{"origin":13713,"position":5},"title":"Universitarios en Veracruz reiteran exigencia a Duarte para que pague adeudos","author":"grieta","date":"27 mayo, 2016","format":false,"excerpt":"XALAPA, Ver (apro).- Bajo la consigna de \u201cDuarte ratero, regresa el dinero\u201d, alrededor de diez mil universitarios, docentes, investigadores y exalumnos de la Universidad Veracruzana (UV) salieron a las calles para exigirle al gobierno del priista Javier Duarte que pague los mil 165 millones de pesos de deuda restante con\u2026","rel":"","context":"En &quot;CINTILLO&quot;","block_context":{"text":"CINTILLO","link":"http:\/\/www.grieta.org.mx\/index.php\/category\/cintillo\/"},"img":{"alt_text":"","src":"https:\/\/i0.wp.com\/www.grieta.org.mx\/wp-content\/uploads\/2018\/03\/14524434_1106112876131411_958039263622046936_o.jpg?resize=350%2C200","width":350,"height":200,"srcset":"https:\/\/i0.wp.com\/www.grieta.org.mx\/wp-content\/uploads\/2018\/03\/14524434_1106112876131411_958039263622046936_o.jpg?resize=350%2C200 1x, https:\/\/i0.wp.com\/www.grieta.org.mx\/wp-content\/uploads\/2018\/03\/14524434_1106112876131411_958039263622046936_o.jpg?resize=525%2C300 1.5x, https:\/\/i0.wp.com\/www.grieta.org.mx\/wp-content\/uploads\/2018\/03\/14524434_1106112876131411_958039263622046936_o.jpg?resize=700%2C400 2x"},"classes":[]}],"_links":{"self":[{"href":"http:\/\/www.grieta.org.mx\/index.php\/wp-json\/wp\/v2\/posts\/13713","targetHints":{"allow":["GET"]}}],"collection":[{"href":"http:\/\/www.grieta.org.mx\/index.php\/wp-json\/wp\/v2\/posts"}],"about":[{"href":"http:\/\/www.grieta.org.mx\/index.php\/wp-json\/wp\/v2\/types\/post"}],"author":[{"embeddable":true,"href":"http:\/\/www.grieta.org.mx\/index.php\/wp-json\/wp\/v2\/users\/2"}],"replies":[{"embeddable":true,"href":"http:\/\/www.grieta.org.mx\/index.php\/wp-json\/wp\/v2\/comments?post=13713"}],"version-history":[{"count":1,"href":"http:\/\/www.grieta.org.mx\/index.php\/wp-json\/wp\/v2\/posts\/13713\/revisions"}],"predecessor-version":[{"id":13714,"href":"http:\/\/www.grieta.org.mx\/index.php\/wp-json\/wp\/v2\/posts\/13713\/revisions\/13714"}],"wp:featuredmedia":[{"embeddable":true,"href":"http:\/\/www.grieta.org.mx\/index.php\/wp-json\/wp\/v2\/media\/21928"}],"wp:attachment":[{"href":"http:\/\/www.grieta.org.mx\/index.php\/wp-json\/wp\/v2\/media?parent=13713"}],"wp:term":[{"taxonomy":"category","embeddable":true,"href":"http:\/\/www.grieta.org.mx\/index.php\/wp-json\/wp\/v2\/categories?post=13713"},{"taxonomy":"post_tag","embeddable":true,"href":"http:\/\/www.grieta.org.mx\/index.php\/wp-json\/wp\/v2\/tags?post=13713"}],"curies":[{"name":"wp","href":"https:\/\/api.w.org\/{rel}","templated":true}]}}