{"id":1371,"date":"2015-10-29T16:02:52","date_gmt":"2015-10-29T16:02:52","guid":{"rendered":"http:\/\/50.22.11.12\/~grietaor\/?p=1371"},"modified":"2016-03-05T16:08:32","modified_gmt":"2016-03-05T16:08:32","slug":"aplaza-corte-decision-sobre-siembra-de-soya-transgenica-en-yucatan-y-campeche","status":"publish","type":"post","link":"http:\/\/www.grieta.org.mx\/index.php\/2015\/10\/29\/aplaza-corte-decision-sobre-siembra-de-soya-transgenica-en-yucatan-y-campeche\/","title":{"rendered":"Aplaza Corte decisi\u00f3n sobre siembra de soya transg\u00e9nica en Yucat\u00e1n y Campeche"},"content":{"rendered":"<p>Este mi\u00e9rcoles 28 de octubre, los ministros y la ministra que integran la Segunda Sala de la Suprema Corte de Justicia de la Naci\u00f3n (SCJN) decidieron posponer la decisi\u00f3n de los amparos de los apicultores mayas de Yucat\u00e1n y Campeche en contra del permiso de siembra de soya transg\u00e9nica en la Pen\u00ednsula de Yucat\u00e1n.<\/p>\n<p>En un comunicado, difundido por Greenpeace, Indignaci\u00f3n y MAOGM Colectivo, en representaci\u00f3n de 13 organizaciones de la sociedad civil defensoras de derechos humanos, campesinas y ambientalistas reiteraron su llamado a la SCJN para que protejan al pueblo maya y proh\u00edban la siembra de soya transg\u00e9nica en la Pen\u00ednsula de Yucat\u00e1n, despu\u00e9s de que el gobierno federal, a trav\u00e9s de la Sagarpa, entregara un permiso a la trasnacional.<\/p>\n<p>\u201cLos ministros y la ministra no deben omitir las graves violaciones que se han cometido por las autoridades en contra de los derechos humanos del pueblo maya, y que ahora los juzgadores tienen la oportunidad de reparar\u201c, se inform\u00f3.<\/p>\n<p><a href=\"http:\/\/aristeguinoticias.com\/2910\/mexico\/aplaza-corte-decision-sobre-siembra-de-soya-transgenica-en-yucatan-y-campeche\/?utm_source=rss&#038;utm_medium=rss&#038;utm_campaign=aplaza-corte-decision-sobre-siembra-de-soya-transgenica-en-yucatan-y-campeche\" target=\"_blank\">aristeguinoticias.com\/2910\/mexico\/aplaza-corte-decision-sobre-siembra-de-soya-transgenica-en-yucatan-y-campeche\/?utm_source=rss&#038;utm_medium=rss&#038;utm_campaign=aplaza-corte-decision-sobre-siembra-de-soya-transgenica-en-yucatan-y-campeche<\/a><\/p>\n","protected":false},"excerpt":{"rendered":"<p>Este mi\u00e9rcoles 28 de octubre, los ministros y la ministra que integran la Segunda Sala de la Suprema Corte de Justicia de la Naci\u00f3n (SCJN) decidieron posponer la decisi\u00f3n de &hellip; <a href=\"http:\/\/www.grieta.org.mx\/index.php\/2015\/10\/29\/aplaza-corte-decision-sobre-siembra-de-soya-transgenica-en-yucatan-y-campeche\/\" class=\"more-link\">Leer m\u00e1s<\/a><\/p>\n","protected":false},"author":2,"featured_media":21928,"comment_status":"closed","ping_status":"open","sticky":false,"template":"","format":"standard","meta":{"ngg_post_thumbnail":0,"_jetpack_newsletter_access":"","_jetpack_dont_email_post_to_subs":false,"_jetpack_newsletter_tier_id":0,"_jetpack_memberships_contains_paywalled_content":false,"_jetpack_memberships_contains_paid_content":false,"footnotes":""},"categories":[123,80,153],"tags":[160,159],"class_list":["post-1371","post","type-post","status-publish","format-standard","has-post-thumbnail","hentry","category-campeche","category-cintillo","category-yucatan","tag-apicultores","tag-transgenicos","entry"],"jetpack_featured_media_url":"http:\/\/www.grieta.org.mx\/wp-content\/uploads\/2018\/03\/14524434_1106112876131411_958039263622046936_o.jpg","jetpack_sharing_enabled":true,"jetpack_shortlink":"https:\/\/wp.me\/p7ZJR4-m7","jetpack_likes_enabled":false,"jetpack-related-posts":[{"id":912,"url":"http:\/\/www.grieta.org.mx\/index.php\/2016\/09\/13\/se-organizan-para-frenar-avance-de-transgenicos-en-yucatan-campeche-y-quintana-roo\/","url_meta":{"origin":1371,"position":0},"title":"Se organizan para frenar avance de transg\u00e9nicos en Yucat\u00e1n, Campeche y Quintana Roo","author":"grieta","date":"13 septiembre, 2016","format":false,"excerpt":"13\/04\/16. Conformaci\u00f3n de la Misi\u00f3n de Observaci\u00f3n de la Consulta al pueblo Maya sobre la siembra de soya gen\u00e9ticamente modificada de la empresa Monsanto Cayacyucatan 01\/04\/16. Irregularidades en Consulta Ind\u00edgena sobre la siembra de soya gen\u00e9ticamente en Campeche Infolliteras 22\/02\/16. Campeche, en mapa global sobre Riesgos Ambientales. Lo catalogan por\u2026","rel":"","context":"En &quot;16. Pueblo Maya&quot;","block_context":{"text":"16. Pueblo Maya","link":"http:\/\/www.grieta.org.mx\/index.php\/category\/espejos-de-la-resistencia\/16-pueblo-maya\/"},"img":{"alt_text":"","src":"https:\/\/i0.wp.com\/www.grieta.org.mx\/wp-content\/uploads\/2018\/03\/14524434_1106112876131411_958039263622046936_o.jpg?resize=350%2C200","width":350,"height":200,"srcset":"https:\/\/i0.wp.com\/www.grieta.org.mx\/wp-content\/uploads\/2018\/03\/14524434_1106112876131411_958039263622046936_o.jpg?resize=350%2C200 1x, https:\/\/i0.wp.com\/www.grieta.org.mx\/wp-content\/uploads\/2018\/03\/14524434_1106112876131411_958039263622046936_o.jpg?resize=525%2C300 1.5x, https:\/\/i0.wp.com\/www.grieta.org.mx\/wp-content\/uploads\/2018\/03\/14524434_1106112876131411_958039263622046936_o.jpg?resize=700%2C400 2x"},"classes":[]},{"id":1459,"url":"http:\/\/www.grieta.org.mx\/index.php\/2015\/10\/08\/autoridades-mayas-de-yucatan-y-campeche-congelan-avance-de-soya-transgenica-de-monsanto\/","url_meta":{"origin":1371,"position":1},"title":"Autoridades mayas de Yucat\u00e1n y Campeche congelan avance de soya transg\u00e9nica de Monsanto","author":"grieta","date":"8 octubre, 2015","format":false,"excerpt":"(08 de octubre, 2015).- La Suprema Corte de Justicia de la Naci\u00f3n (SCJN) acord\u00f3 que el 28 de octubre discutir\u00e1 en paquete los siete recursos de amparo en revisi\u00f3n interpuestos por apicultores de Yucat\u00e1n y Campeche contra la siembra de soya transg\u00e9nica, inform\u00f3 Jorge Fern\u00e1ndez, abogado que apoya a los\u2026","rel":"","context":"En &quot;16. Pueblo Maya&quot;","block_context":{"text":"16. Pueblo Maya","link":"http:\/\/www.grieta.org.mx\/index.php\/category\/espejos-de-la-resistencia\/16-pueblo-maya\/"},"img":{"alt_text":"","src":"https:\/\/i0.wp.com\/www.grieta.org.mx\/wp-content\/uploads\/2018\/03\/14524434_1106112876131411_958039263622046936_o.jpg?resize=350%2C200","width":350,"height":200,"srcset":"https:\/\/i0.wp.com\/www.grieta.org.mx\/wp-content\/uploads\/2018\/03\/14524434_1106112876131411_958039263622046936_o.jpg?resize=350%2C200 1x, https:\/\/i0.wp.com\/www.grieta.org.mx\/wp-content\/uploads\/2018\/03\/14524434_1106112876131411_958039263622046936_o.jpg?resize=525%2C300 1.5x, https:\/\/i0.wp.com\/www.grieta.org.mx\/wp-content\/uploads\/2018\/03\/14524434_1106112876131411_958039263622046936_o.jpg?resize=700%2C400 2x"},"classes":[]},{"id":1366,"url":"http:\/\/www.grieta.org.mx\/index.php\/2015\/11\/13\/insisten-en-siembra-de-soya-transgenica-en-la-peninsula\/","url_meta":{"origin":1371,"position":2},"title":"Insisten en siembra de soya transg\u00e9nica en la Pen\u00ednsula","author":"grieta","date":"13 noviembre, 2015","format":false,"excerpt":"A pesar del amparo federal que suspende la siembra de soya transg\u00e9nica en el pa\u00eds, el director general de Inocuidad Agroalimentaria, Acu\u00edcola y Pesquera del Senasica, Hugo Fragoso S\u00e1nchez, advirti\u00f3 que continuar\u00e1 el proyecto que se suspendi\u00f3 en la Pen\u00ednsula de Yucat\u00e1n, toda vez que conf\u00eda obtener fallo favorable de\u2026","rel":"","context":"En &quot;16. Pueblo Maya&quot;","block_context":{"text":"16. Pueblo Maya","link":"http:\/\/www.grieta.org.mx\/index.php\/category\/espejos-de-la-resistencia\/16-pueblo-maya\/"},"img":{"alt_text":"","src":"https:\/\/i0.wp.com\/www.grieta.org.mx\/wp-content\/uploads\/2018\/03\/14524434_1106112876131411_958039263622046936_o.jpg?resize=350%2C200","width":350,"height":200,"srcset":"https:\/\/i0.wp.com\/www.grieta.org.mx\/wp-content\/uploads\/2018\/03\/14524434_1106112876131411_958039263622046936_o.jpg?resize=350%2C200 1x, https:\/\/i0.wp.com\/www.grieta.org.mx\/wp-content\/uploads\/2018\/03\/14524434_1106112876131411_958039263622046936_o.jpg?resize=525%2C300 1.5x, https:\/\/i0.wp.com\/www.grieta.org.mx\/wp-content\/uploads\/2018\/03\/14524434_1106112876131411_958039263622046936_o.jpg?resize=700%2C400 2x"},"classes":[]},{"id":41806,"url":"http:\/\/www.grieta.org.mx\/index.php\/2019\/11\/18\/incrementa-contaminacion-por-siembra-de-soya-transgenica-en-mas-de-70-mil-hectareas-de-la-peninsula-de-yucatan-alertan-apicultores\/","url_meta":{"origin":1371,"position":3},"title":"Incrementa contaminaci\u00f3n por siembra de soya transg\u00e9nica en m\u00e1s de 70 mil hect\u00e1reas de la Pen\u00ednsula de Yucat\u00e1n, alertan apicultores","author":"grieta","date":"18 noviembre, 2019","format":false,"excerpt":"Agencia SIM\/ Noticaribe PLAYA DEL CARMEN, MX.- La contaminaci\u00f3n por la siembra ilegal de cultivos transg\u00e9nicos sol\u00eda estar confinada a la zona de Holpech\u00e9n, en Campeche, pero ahora ya se ha expandido a otros puntos, como M\u00e9rida, Yucat\u00e1n y Felipe Carrillo Puerto y Bacalar, en Quintana Roo. Advertisement Anastasio Oliveros\u2026","rel":"","context":"En &quot;Campeche&quot;","block_context":{"text":"Campeche","link":"http:\/\/www.grieta.org.mx\/index.php\/category\/noticias-nacionales\/campeche\/"},"img":{"alt_text":"","src":"https:\/\/i0.wp.com\/www.grieta.org.mx\/wp-content\/uploads\/2019\/12\/ContaminacionSoya-e1575489474127.png?resize=350%2C200","width":350,"height":200,"srcset":"https:\/\/i0.wp.com\/www.grieta.org.mx\/wp-content\/uploads\/2019\/12\/ContaminacionSoya-e1575489474127.png?resize=350%2C200 1x, https:\/\/i0.wp.com\/www.grieta.org.mx\/wp-content\/uploads\/2019\/12\/ContaminacionSoya-e1575489474127.png?resize=525%2C300 1.5x, https:\/\/i0.wp.com\/www.grieta.org.mx\/wp-content\/uploads\/2019\/12\/ContaminacionSoya-e1575489474127.png?resize=700%2C400 2x"},"classes":[]},{"id":1368,"url":"http:\/\/www.grieta.org.mx\/index.php\/2015\/11\/02\/video-lucha-contra-monsanto-apicultor-de-campeche-llama-a-los-ministros-de-la-suprema-corte-a-votar-por-la-vida-y-no-por-la-muerte\/","url_meta":{"origin":1371,"position":4},"title":"(VIDEO) Lucha contra Monsanto: Apicultor de Campeche llama a los ministros de la Suprema Corte a votar \u201cpor la vida y no por la muerte\u201d","author":"grieta","date":"2 noviembre, 2015","format":false,"excerpt":"Por segunda vez en el transcurso del mes de octubre, tres apicultores del municipio de Holpech\u00e9n en Campeche, hicieron el viaje hasta la Ciudad de M\u00e9xico el pasado mi\u00e9rcoles 28 para acudir a la Segunda Sala de la Suprema Corte de Justicia de la Naci\u00f3n (SCJN). Y por segunda vez\u2026","rel":"","context":"En &quot;CINTILLO&quot;","block_context":{"text":"CINTILLO","link":"http:\/\/www.grieta.org.mx\/index.php\/category\/cintillo\/"},"img":{"alt_text":"","src":"https:\/\/i0.wp.com\/www.grieta.org.mx\/wp-content\/uploads\/2018\/03\/14524434_1106112876131411_958039263622046936_o.jpg?resize=350%2C200","width":350,"height":200,"srcset":"https:\/\/i0.wp.com\/www.grieta.org.mx\/wp-content\/uploads\/2018\/03\/14524434_1106112876131411_958039263622046936_o.jpg?resize=350%2C200 1x, https:\/\/i0.wp.com\/www.grieta.org.mx\/wp-content\/uploads\/2018\/03\/14524434_1106112876131411_958039263622046936_o.jpg?resize=525%2C300 1.5x, https:\/\/i0.wp.com\/www.grieta.org.mx\/wp-content\/uploads\/2018\/03\/14524434_1106112876131411_958039263622046936_o.jpg?resize=700%2C400 2x"},"classes":[]},{"id":1457,"url":"http:\/\/www.grieta.org.mx\/index.php\/2015\/10\/22\/selva-y-apicultura-de-yucatan-en-riesgo-por-soya-transgenica\/","url_meta":{"origin":1371,"position":5},"title":"Selva y apicultura de Yucat\u00e1n, \u201cen riesgo\u201d por soya transg\u00e9nica","author":"grieta","date":"22 octubre, 2015","format":false,"excerpt":"La siembra de soya transg\u00e9nica en la pen\u00ednsula de Yucat\u00e1n pone en riesgo la selva, la cultura de los pueblos mayas y la producci\u00f3n de miel, afirmaron apicultores e integrantes de las organizaciones Ma OGM, Grupo Indignaci\u00f3n de la Comunidad y Greenpeace. Esa siembra responde a intereses comerciales e industriales,\u2026","rel":"","context":"En &quot;CINTILLO&quot;","block_context":{"text":"CINTILLO","link":"http:\/\/www.grieta.org.mx\/index.php\/category\/cintillo\/"},"img":{"alt_text":"","src":"https:\/\/i0.wp.com\/www.grieta.org.mx\/wp-content\/uploads\/2018\/03\/14524434_1106112876131411_958039263622046936_o.jpg?resize=350%2C200","width":350,"height":200,"srcset":"https:\/\/i0.wp.com\/www.grieta.org.mx\/wp-content\/uploads\/2018\/03\/14524434_1106112876131411_958039263622046936_o.jpg?resize=350%2C200 1x, https:\/\/i0.wp.com\/www.grieta.org.mx\/wp-content\/uploads\/2018\/03\/14524434_1106112876131411_958039263622046936_o.jpg?resize=525%2C300 1.5x, https:\/\/i0.wp.com\/www.grieta.org.mx\/wp-content\/uploads\/2018\/03\/14524434_1106112876131411_958039263622046936_o.jpg?resize=700%2C400 2x"},"classes":[]}],"_links":{"self":[{"href":"http:\/\/www.grieta.org.mx\/index.php\/wp-json\/wp\/v2\/posts\/1371","targetHints":{"allow":["GET"]}}],"collection":[{"href":"http:\/\/www.grieta.org.mx\/index.php\/wp-json\/wp\/v2\/posts"}],"about":[{"href":"http:\/\/www.grieta.org.mx\/index.php\/wp-json\/wp\/v2\/types\/post"}],"author":[{"embeddable":true,"href":"http:\/\/www.grieta.org.mx\/index.php\/wp-json\/wp\/v2\/users\/2"}],"replies":[{"embeddable":true,"href":"http:\/\/www.grieta.org.mx\/index.php\/wp-json\/wp\/v2\/comments?post=1371"}],"version-history":[{"count":1,"href":"http:\/\/www.grieta.org.mx\/index.php\/wp-json\/wp\/v2\/posts\/1371\/revisions"}],"predecessor-version":[{"id":1372,"href":"http:\/\/www.grieta.org.mx\/index.php\/wp-json\/wp\/v2\/posts\/1371\/revisions\/1372"}],"wp:featuredmedia":[{"embeddable":true,"href":"http:\/\/www.grieta.org.mx\/index.php\/wp-json\/wp\/v2\/media\/21928"}],"wp:attachment":[{"href":"http:\/\/www.grieta.org.mx\/index.php\/wp-json\/wp\/v2\/media?parent=1371"}],"wp:term":[{"taxonomy":"category","embeddable":true,"href":"http:\/\/www.grieta.org.mx\/index.php\/wp-json\/wp\/v2\/categories?post=1371"},{"taxonomy":"post_tag","embeddable":true,"href":"http:\/\/www.grieta.org.mx\/index.php\/wp-json\/wp\/v2\/tags?post=1371"}],"curies":[{"name":"wp","href":"https:\/\/api.w.org\/{rel}","templated":true}]}}