{"id":13695,"date":"2016-05-31T22:36:25","date_gmt":"2016-05-31T22:36:25","guid":{"rendered":"http:\/\/www.grieta.org.mx\/?p=13695"},"modified":"2016-06-06T22:37:57","modified_gmt":"2016-06-06T22:37:57","slug":"cnte-toma-70-alcaldias-en-michoacan","status":"publish","type":"post","link":"http:\/\/www.grieta.org.mx\/index.php\/2016\/05\/31\/cnte-toma-70-alcaldias-en-michoacan\/","title":{"rendered":"CNTE toma 70 alcald\u00edas en Michoac\u00e1n"},"content":{"rendered":"<blockquote><p>La CNTE inform\u00f3 que entre las instalaciones que tomaron est\u00e1 Morelia, Zacapu, Zamora, Zit\u00e1cuaro, Puru\u00e1ndiro, P\u00e1tzcuaro, Uruapan, Maravat\u00edo, La Piedad, Cher\u00e1n, L\u00e1zaro C\u00e1rdenas, entre otras.<\/p><\/blockquote>\n<p>PUERTO L\u00c1ZARO C\u00c1RDENAS.- La Coordinadora Nacional de Trabajadores de la Educaci\u00f3n (CNTE) en Michoac\u00e1n inform\u00f3 que fueron tomadas 70 presidencias municipales de las 113 del estado, para exigir la derogaci\u00f3n de la reforma educativa.<\/p>\n<p>Y en este mismo sentido, la CNTE se\u00f1al\u00f3 que tomaron las instalaciones de las presidencias de Morelia, Zacapu, Zamora, Zit\u00e1cuaro, Puru\u00e1ndiro, P\u00e1tzcuaro, Uruapan, Mararavat\u00edo, La Piedad, Cher\u00e1n, L\u00e1zaro C\u00e1rdenas, entre otras.<\/p>\n<p>En la toma de las presidencias municipales no se registrar\u00edan hechos de violencia, pero s\u00ed fuero paralizadas las actividades administrativas desde las ocho de la ma\u00f1ana hasta las tres de la tarde.<\/p>\n<p>En el puerto de L\u00e1zaro C\u00e1rdenas un grupo de antimotines de la polic\u00eda estatal impidi\u00f3 el paso a maestros de la CNTE, quienes intentaban llegar al recinto portuario, en donde el presidente Enrique Pe\u00f1a Nieto promulg\u00f3 la Ley de Zonas Econ\u00f3micas Especiales.<\/p>\n<p>Centenares de maestros radicales trataron, sin \u00e9xito, de llegar al presidente para solicitarle que la reforma educativa en Michoac\u00e1n quede sin vigencia.<\/p>\n<p>En tanto en el municipio de Cher\u00e1n, el cual se rige por sus usos y por sus costumbres, determin\u00f3 sumarse a la Coordinadora para &#8220;luchar en contra de la reforma educativa&#8221;.<\/p>\n<p>El Concejo Mayor de Cher\u00e1n manifest\u00f3 que en su municipio no permitir\u00e1n que se apliquen los preceptos de la Ley de Educaci\u00f3n, porque constituye &#8220;una contrareforma&#8221;.<\/p>\n<p>Adem\u00e1s, el Concejo Mayor advirti\u00f3 que los habitantes de las comunidades no permitir\u00e1n al gobierno que corran o descuenten salarios a los maestros disidentes.<\/p>\n<p>Posteriormente, los habitantes de Cher\u00e1n convocaron tanto a los autoridades federales como estatales a que la reforma educativa en Michoac\u00e1n sea abolida.<\/p>\n<p>M\u00e1s adelante, los habitantes de las comunidades ind\u00edgenas que conforman el municipio enclavado en la Meseta Pur\u00e9pecha manifestaron que acudir\u00e1n a las marchas y plantones que convoquen la CNTE en el estado.<\/p>\n<p>A 17 d\u00edas de que inici\u00f3 el paro magisterial en el estado, el Concejo Mayor de Cher\u00e1n dijo que el 100 por ciento de las escuelas de nivel b\u00e1sicos est\u00e1n cerradas en su demarcaci\u00f3n municipal.<\/p>\n<p><a href=\"http:\/\/www.elfinanciero.com.mx\/nacional\/inicia-cnte-toma-de-alcaldias-en-michoacan.html\" target=\"_blank\">http:\/\/www.elfinanciero.com.mx\/nacional\/inicia-cnte-toma-de-alcaldias-en-michoacan.html<\/a><\/p>\n","protected":false},"excerpt":{"rendered":"<p>La CNTE inform\u00f3 que entre las instalaciones que tomaron est\u00e1 Morelia, Zacapu, Zamora, Zit\u00e1cuaro, Puru\u00e1ndiro, P\u00e1tzcuaro, Uruapan, Maravat\u00edo, La Piedad, Cher\u00e1n, L\u00e1zaro C\u00e1rdenas, entre otras. PUERTO L\u00c1ZARO C\u00c1RDENAS.- La Coordinadora &hellip; <a href=\"http:\/\/www.grieta.org.mx\/index.php\/2016\/05\/31\/cnte-toma-70-alcaldias-en-michoacan\/\" class=\"more-link\">Leer m\u00e1s<\/a><\/p>\n","protected":false},"author":2,"featured_media":21928,"comment_status":"closed","ping_status":"closed","sticky":false,"template":"","format":"standard","meta":{"ngg_post_thumbnail":0,"_jetpack_newsletter_access":"","_jetpack_dont_email_post_to_subs":false,"_jetpack_newsletter_tier_id":0,"_jetpack_memberships_contains_paywalled_content":false,"_jetpack_memberships_contains_paid_content":false,"footnotes":""},"categories":[80,82],"tags":[134,480,135],"class_list":["post-13695","post","type-post","status-publish","format-standard","has-post-thumbnail","hentry","category-cintillo","category-michoacan","tag-cnte","tag-evaluacion-magisterial","tag-reforma-educativa","entry"],"jetpack_featured_media_url":"http:\/\/www.grieta.org.mx\/wp-content\/uploads\/2018\/03\/14524434_1106112876131411_958039263622046936_o.jpg","jetpack_sharing_enabled":true,"jetpack_shortlink":"https:\/\/wp.me\/p7ZJR4-3yT","jetpack_likes_enabled":false,"jetpack-related-posts":[{"id":15900,"url":"http:\/\/www.grieta.org.mx\/index.php\/2016\/07\/01\/inician-comuneros-movilizaciones-a-favor-de-la-cnte\/","url_meta":{"origin":13695,"position":0},"title":"Inician comuneros movilizaciones a favor de la CNTE","author":"Admin","date":"1 julio, 2016","format":false,"excerpt":"Uriel Morales P\u00e9rez MORELIA, Mich., 1 de julio de 2016.- Habitantes de diferentes comunidades de Michoac\u00e1n emprenden una marcha en las carreteras aleda\u00f1as a sus zonas en apoyo a los profesores de la Coordinadora Nacional de Trabajadores de la Educaci\u00f3n (CNTE). Esto se suma a las acciones que desde temprano\u2026","rel":"","context":"En &quot;CINTILLO&quot;","block_context":{"text":"CINTILLO","link":"http:\/\/www.grieta.org.mx\/index.php\/category\/cintillo\/"},"img":{"alt_text":"","src":"https:\/\/i0.wp.com\/www.grieta.org.mx\/wp-content\/uploads\/2018\/03\/14524434_1106112876131411_958039263622046936_o.jpg?resize=350%2C200","width":350,"height":200,"srcset":"https:\/\/i0.wp.com\/www.grieta.org.mx\/wp-content\/uploads\/2018\/03\/14524434_1106112876131411_958039263622046936_o.jpg?resize=350%2C200 1x, https:\/\/i0.wp.com\/www.grieta.org.mx\/wp-content\/uploads\/2018\/03\/14524434_1106112876131411_958039263622046936_o.jpg?resize=525%2C300 1.5x, https:\/\/i0.wp.com\/www.grieta.org.mx\/wp-content\/uploads\/2018\/03\/14524434_1106112876131411_958039263622046936_o.jpg?resize=700%2C400 2x"},"classes":[]},{"id":12922,"url":"http:\/\/www.grieta.org.mx\/index.php\/2016\/05\/23\/marcha-cnte-al-grito-de-michoacan-no-se-vende\/","url_meta":{"origin":13695,"position":1},"title":"Marcha CNTE al grito de \u00a1Michoac\u00e1n no se vende!","author":"grieta","date":"23 mayo, 2016","format":false,"excerpt":"Uriel Morales P\u00e9rez MORELIA, Mich., 23 de mayo de 2016.- La serie de contingentes de profesores de la Secci\u00f3n XVIII de la Coordinadora Nacional de Trabajadores de la Educaci\u00f3n (CNTE) inici\u00f3 su andar hacia el primer cuadro de la capital michoacana. Organizados por regiones, los profesores conocidos como democr\u00e1ticos avanzaron\u2026","rel":"","context":"En &quot;CINTILLO&quot;","block_context":{"text":"CINTILLO","link":"http:\/\/www.grieta.org.mx\/index.php\/category\/cintillo\/"},"img":{"alt_text":"","src":"https:\/\/i0.wp.com\/www.grieta.org.mx\/wp-content\/uploads\/2018\/03\/14524434_1106112876131411_958039263622046936_o.jpg?resize=350%2C200","width":350,"height":200,"srcset":"https:\/\/i0.wp.com\/www.grieta.org.mx\/wp-content\/uploads\/2018\/03\/14524434_1106112876131411_958039263622046936_o.jpg?resize=350%2C200 1x, https:\/\/i0.wp.com\/www.grieta.org.mx\/wp-content\/uploads\/2018\/03\/14524434_1106112876131411_958039263622046936_o.jpg?resize=525%2C300 1.5x, https:\/\/i0.wp.com\/www.grieta.org.mx\/wp-content\/uploads\/2018\/03\/14524434_1106112876131411_958039263622046936_o.jpg?resize=700%2C400 2x"},"classes":[]},{"id":15868,"url":"http:\/\/www.grieta.org.mx\/index.php\/2016\/07\/02\/cnte-impide-pagos-en-24-municipios-de-michoacan\/","url_meta":{"origin":13695,"position":2},"title":"CNTE impide pagos en 24 municipios de Michoac\u00e1n","author":"grieta","date":"2 julio, 2016","format":false,"excerpt":"La CNTE impidi\u00f3 el pago de la segunda quincena de junio a los docentes en 24 municipios en Michoac\u00e1n para exigir la baja de la reforma educativa. Arturo Estrada MORELIA.- Se elev\u00f3 de 12 a 24 municipios en donde la Coordinadora Nacional de Trabajadores de la Educaci\u00f3n (CNTE) en Michoac\u00e1n\u2026","rel":"","context":"En &quot;CINTILLO&quot;","block_context":{"text":"CINTILLO","link":"http:\/\/www.grieta.org.mx\/index.php\/category\/cintillo\/"},"img":{"alt_text":"","src":"https:\/\/i0.wp.com\/www.grieta.org.mx\/wp-content\/uploads\/2018\/03\/14524434_1106112876131411_958039263622046936_o.jpg?resize=350%2C200","width":350,"height":200,"srcset":"https:\/\/i0.wp.com\/www.grieta.org.mx\/wp-content\/uploads\/2018\/03\/14524434_1106112876131411_958039263622046936_o.jpg?resize=350%2C200 1x, https:\/\/i0.wp.com\/www.grieta.org.mx\/wp-content\/uploads\/2018\/03\/14524434_1106112876131411_958039263622046936_o.jpg?resize=525%2C300 1.5x, https:\/\/i0.wp.com\/www.grieta.org.mx\/wp-content\/uploads\/2018\/03\/14524434_1106112876131411_958039263622046936_o.jpg?resize=700%2C400 2x"},"classes":[]},{"id":16722,"url":"http:\/\/www.grieta.org.mx\/index.php\/2016\/07\/13\/la-cnte-en-michoacan-intenta-boicotear-el-pago-a-docentes\/","url_meta":{"origin":13695,"position":3},"title":"La CNTE en Michoac\u00e1n intenta boicotear el pago a docentes","author":"Admin","date":"13 julio, 2016","format":false,"excerpt":"Maestros de la Coordinadora Nacional de Trabajadores del Educaci\u00f3n (CNTE) se enfrentaron con polic\u00edas que resguardaban la Unidad Deportiva Bicentenario, donde la Secretar\u00eda de Educaci\u00f3n (SE) estatal instal\u00f3 m\u00f3dulos de pago para los docentes. Los maestros disidentes se manifestaron en las inmediaciones de la unidad deportiva para protestar contra la\u2026","rel":"","context":"En &quot;CINTILLO&quot;","block_context":{"text":"CINTILLO","link":"http:\/\/www.grieta.org.mx\/index.php\/category\/cintillo\/"},"img":{"alt_text":"","src":"https:\/\/i0.wp.com\/www.grieta.org.mx\/wp-content\/uploads\/2018\/03\/14524434_1106112876131411_958039263622046936_o.jpg?resize=350%2C200","width":350,"height":200,"srcset":"https:\/\/i0.wp.com\/www.grieta.org.mx\/wp-content\/uploads\/2018\/03\/14524434_1106112876131411_958039263622046936_o.jpg?resize=350%2C200 1x, https:\/\/i0.wp.com\/www.grieta.org.mx\/wp-content\/uploads\/2018\/03\/14524434_1106112876131411_958039263622046936_o.jpg?resize=525%2C300 1.5x, https:\/\/i0.wp.com\/www.grieta.org.mx\/wp-content\/uploads\/2018\/03\/14524434_1106112876131411_958039263622046936_o.jpg?resize=700%2C400 2x"},"classes":[]},{"id":7420,"url":"http:\/\/www.grieta.org.mx\/index.php\/2015\/12\/14\/padres-de-normalistas-detenidos-en-michoacan-protestan-integrantes-de-la-cnte-toman-alcaldias\/","url_meta":{"origin":13695,"position":4},"title":"Padres de normalistas detenidos en Michoac\u00e1n protestan; integrantes de la CNTE toman alcald\u00edas","author":"Admin","date":"14 diciembre, 2015","format":false,"excerpt":"Los familiares de los normalistas se dijeron enga\u00f1ados por el gobernador de Michoac\u00e1n, quien, indicaron, les hab\u00eda prometido un acuerdo para que sus hijos no fueran consignados. Padres de los 52 normalistas de Michoac\u00e1n detenidos el pasado lunes se manifestaron este mi\u00e9rcoles 9 de diciembre, tras enterarse que sus hijos\u2026","rel":"","context":"En &quot;CINTILLO&quot;","block_context":{"text":"CINTILLO","link":"http:\/\/www.grieta.org.mx\/index.php\/category\/cintillo\/"},"img":{"alt_text":"","src":"https:\/\/i0.wp.com\/www.grieta.org.mx\/wp-content\/uploads\/2018\/03\/14524434_1106112876131411_958039263622046936_o.jpg?resize=350%2C200","width":350,"height":200,"srcset":"https:\/\/i0.wp.com\/www.grieta.org.mx\/wp-content\/uploads\/2018\/03\/14524434_1106112876131411_958039263622046936_o.jpg?resize=350%2C200 1x, https:\/\/i0.wp.com\/www.grieta.org.mx\/wp-content\/uploads\/2018\/03\/14524434_1106112876131411_958039263622046936_o.jpg?resize=525%2C300 1.5x, https:\/\/i0.wp.com\/www.grieta.org.mx\/wp-content\/uploads\/2018\/03\/14524434_1106112876131411_958039263622046936_o.jpg?resize=700%2C400 2x"},"classes":[]},{"id":8947,"url":"http:\/\/www.grieta.org.mx\/index.php\/2015\/02\/26\/cnte-toma-presidencias-municipales-en-michoacan-por-accion-ayotzinapa\/","url_meta":{"origin":13695,"position":5},"title":"CNTE toma presidencias municipales en Michoac\u00e1n por acci\u00f3n Ayotzinapa","author":"Admin","date":"26 febrero, 2015","format":false,"excerpt":"Seg\u00fan dirigentes de la secci\u00f3n XVIII, para este mediod\u00eda se reportaba cerrados m\u00e1s del 80% de los ayuntamientos de la entidad MORELIA, 26 de febrero.- Profesores adheridos a la Coordinadora Nacional de Trabajadores de la Educaci\u00f3n (CNTE), se sumaron a la novena acci\u00f3n global por los normalistas de Ayotzinapa, al\u2026","rel":"","context":"En &quot;CINTILLO&quot;","block_context":{"text":"CINTILLO","link":"http:\/\/www.grieta.org.mx\/index.php\/category\/cintillo\/"},"img":{"alt_text":"","src":"https:\/\/i0.wp.com\/www.grieta.org.mx\/wp-content\/uploads\/2018\/03\/14524434_1106112876131411_958039263622046936_o.jpg?resize=350%2C200","width":350,"height":200,"srcset":"https:\/\/i0.wp.com\/www.grieta.org.mx\/wp-content\/uploads\/2018\/03\/14524434_1106112876131411_958039263622046936_o.jpg?resize=350%2C200 1x, https:\/\/i0.wp.com\/www.grieta.org.mx\/wp-content\/uploads\/2018\/03\/14524434_1106112876131411_958039263622046936_o.jpg?resize=525%2C300 1.5x, https:\/\/i0.wp.com\/www.grieta.org.mx\/wp-content\/uploads\/2018\/03\/14524434_1106112876131411_958039263622046936_o.jpg?resize=700%2C400 2x"},"classes":[]}],"_links":{"self":[{"href":"http:\/\/www.grieta.org.mx\/index.php\/wp-json\/wp\/v2\/posts\/13695","targetHints":{"allow":["GET"]}}],"collection":[{"href":"http:\/\/www.grieta.org.mx\/index.php\/wp-json\/wp\/v2\/posts"}],"about":[{"href":"http:\/\/www.grieta.org.mx\/index.php\/wp-json\/wp\/v2\/types\/post"}],"author":[{"embeddable":true,"href":"http:\/\/www.grieta.org.mx\/index.php\/wp-json\/wp\/v2\/users\/2"}],"replies":[{"embeddable":true,"href":"http:\/\/www.grieta.org.mx\/index.php\/wp-json\/wp\/v2\/comments?post=13695"}],"version-history":[{"count":1,"href":"http:\/\/www.grieta.org.mx\/index.php\/wp-json\/wp\/v2\/posts\/13695\/revisions"}],"predecessor-version":[{"id":13696,"href":"http:\/\/www.grieta.org.mx\/index.php\/wp-json\/wp\/v2\/posts\/13695\/revisions\/13696"}],"wp:featuredmedia":[{"embeddable":true,"href":"http:\/\/www.grieta.org.mx\/index.php\/wp-json\/wp\/v2\/media\/21928"}],"wp:attachment":[{"href":"http:\/\/www.grieta.org.mx\/index.php\/wp-json\/wp\/v2\/media?parent=13695"}],"wp:term":[{"taxonomy":"category","embeddable":true,"href":"http:\/\/www.grieta.org.mx\/index.php\/wp-json\/wp\/v2\/categories?post=13695"},{"taxonomy":"post_tag","embeddable":true,"href":"http:\/\/www.grieta.org.mx\/index.php\/wp-json\/wp\/v2\/tags?post=13695"}],"curies":[{"name":"wp","href":"https:\/\/api.w.org\/{rel}","templated":true}]}}