{"id":13668,"date":"2016-06-04T06:46:35","date_gmt":"2016-06-04T06:46:35","guid":{"rendered":"http:\/\/www.grieta.org.mx\/?p=13668"},"modified":"2016-06-06T07:06:34","modified_gmt":"2016-06-06T07:06:34","slug":"el-mapa-del-mal-humor-social","status":"publish","type":"post","link":"http:\/\/www.grieta.org.mx\/index.php\/2016\/06\/04\/el-mapa-del-mal-humor-social\/","title":{"rendered":"El mapa del \u201cmal humor social\u201d"},"content":{"rendered":"<p style=\"text-align: left;\">Proceso<\/p>\n<p style=\"text-align: left;\">Arturo Rodr\u00edguez Mart\u00ednez<\/p>\n<p style=\"text-align: right;\"><img loading=\"lazy\" decoding=\"async\" data-attachment-id=\"13669\" data-permalink=\"http:\/\/www.grieta.org.mx\/index.php\/2016\/06\/04\/el-mapa-del-mal-humor-social\/protestan-maestros-en-chilpancingo\/\" data-orig-file=\"http:\/\/www.grieta.org.mx\/wp-content\/uploads\/2016\/06\/Protestan-Maestros-en-Chilpancingo.jpg\" data-orig-size=\"702,468\" data-comments-opened=\"0\" data-image-meta=\"{&quot;aperture&quot;:&quot;0&quot;,&quot;credit&quot;:&quot;&quot;,&quot;camera&quot;:&quot;&quot;,&quot;caption&quot;:&quot;&quot;,&quot;created_timestamp&quot;:&quot;0&quot;,&quot;copyright&quot;:&quot;&quot;,&quot;focal_length&quot;:&quot;0&quot;,&quot;iso&quot;:&quot;0&quot;,&quot;shutter_speed&quot;:&quot;0&quot;,&quot;title&quot;:&quot;&quot;,&quot;orientation&quot;:&quot;0&quot;}\" data-image-title=\"Protestan Maestros en Chilpancingo\" data-image-description=\"\" data-image-caption=\"\" data-medium-file=\"http:\/\/www.grieta.org.mx\/wp-content\/uploads\/2016\/06\/Protestan-Maestros-en-Chilpancingo-300x200.jpg\" data-large-file=\"http:\/\/www.grieta.org.mx\/wp-content\/uploads\/2016\/06\/Protestan-Maestros-en-Chilpancingo.jpg\" class=\"wp-image-13669 alignleft\" src=\"http:\/\/www.grieta.org.mx\/wp-content\/uploads\/2016\/06\/Protestan-Maestros-en-Chilpancingo.jpg\" alt=\"Protestan Maestros en Chilpancingo\" width=\"808\" height=\"538\" srcset=\"http:\/\/www.grieta.org.mx\/wp-content\/uploads\/2016\/06\/Protestan-Maestros-en-Chilpancingo.jpg 702w, http:\/\/www.grieta.org.mx\/wp-content\/uploads\/2016\/06\/Protestan-Maestros-en-Chilpancingo-300x200.jpg 300w\" sizes=\"auto, (max-width: 808px) 100vw, 808px\" \/><em>\u00a0 Protestan Maestros en Chilpancingo<\/em><\/p>\n<p>Ciudad de M\u00e9xico. El desgarr\u00f3n que padece M\u00e9xico se puede cuantificar: actualmente existen 256 conflictos sociales irresueltos en el pa\u00eds, que van desde guerrillas hasta protestas mineras, de guardias comunitarias a paramilitares, de movilizaciones estudiantiles a desaparici\u00f3n de activistas. Basado en datos oficiales, un an\u00e1lisis de Proceso evidencia la honda descomposici\u00f3n, que el presidente Pe\u00f1a Nieto llam\u00f3 \u201cmal humor social\u201d, y revela fen\u00f3menos doloros\u00edsimos para M\u00e9xico: la administraci\u00f3n federal legitim\u00f3 el uso de la represi\u00f3n, buena parte de la violencia en los conflictos sociales proviene del gobierno, las \u201creformas\u201d del pe\u00f1anietismo detonaron 52 movimientos de repulsa y las detenciones de opositores se duplicaron.<\/p>\n<p>El pa\u00eds est\u00e1 irritado. En los \u00faltimos a\u00f1os, el n\u00famero de conflictos sociales va en aumento, lo mismo en las grandes ciudades que en peque\u00f1as comunidades que se resisten a aceptar ciertas pol\u00edticas p\u00fablicas, a la imposici\u00f3n de grandes proyectos de energ\u00eda o infraestructura o que responsabilizan al gobierno por sus problemas. Es lo que el pasado abril el propio Enrique Pe\u00f1a Nieto calific\u00f3 de \u201cmal humor social\u201d.<\/p>\n<p>M\u00e1s all\u00e1 del movimiento magisterial \u2013que en la Coordinadora Nacional de Trabajadores de la Educaci\u00f3n (CNTE) tiene hoy el rostro m\u00e1s visible y movilizado de la protesta contra el gobierno de Enrique Pe\u00f1a Nieto\u2013 por todo el pa\u00eds se pueden identificar m\u00e1s de 250 conflictos sociales, en su mayor\u00eda inconexos y con objetivos varios.<\/p>\n<p>Transcurrido el primer semestre de la segunda mitad de la administraci\u00f3n pe\u00f1anietista, el balance es revelador: de enero de 2013 a la fecha han surgido o se reactivaron 187 conflictos sociales o comunitarios en todo el pa\u00eds, mientras que, de los heredados al iniciar el sexenio, subsisten 71.<\/p>\n<p>La mayor\u00eda de los casos documentados se pueden fechar en los primeros tres a\u00f1os de administraci\u00f3n, pues s\u00f3lo 16 conflictos han surgido en lo que va de 2016. As\u00ed que, al llegar a la elecci\u00f3n intermedia de 2015, el pa\u00eds ya contaba con 240.<\/p>\n<p>Si bien la estad\u00edstica no tuvo una variaci\u00f3n significativa de la elecci\u00f3n intermedia federal a los comicios de este 5 de junio en 13 entidades federativas, se concentran en \u00e9stas \u00faltimas 88 de los casos de movilizaci\u00f3n y protesta contra el gobierno.<\/p>\n<p>Los estados de la Rep\u00fablica cuyos procesos electorales fueron m\u00e1s polarizados se ubican entre los que m\u00e1s conflictos registran desde hace tiempo: Oaxaca tiene 26 casos, incluido como uno solo el movimiento magisterial; Puebla 13 y Veracruz 11.<\/p>\n<p>Fragmento del reportaje que se publica en la edici\u00f3n 2066, ya en circulaci\u00f3n<\/p>\n<p>http:\/\/www.proceso.com.mx\/442964\/mapa-del-mal-humor-social<\/p>\n","protected":false},"excerpt":{"rendered":"<p>Proceso Arturo Rodr\u00edguez Mart\u00ednez \u00a0 Protestan Maestros en Chilpancingo Ciudad de M\u00e9xico. El desgarr\u00f3n que padece M\u00e9xico se puede cuantificar: actualmente existen 256 conflictos sociales irresueltos en el pa\u00eds, que &hellip; <a href=\"http:\/\/www.grieta.org.mx\/index.php\/2016\/06\/04\/el-mapa-del-mal-humor-social\/\" class=\"more-link\">Leer m\u00e1s<\/a><\/p>\n","protected":false},"author":2,"featured_media":21928,"comment_status":"closed","ping_status":"closed","sticky":false,"template":"","format":"standard","meta":{"ngg_post_thumbnail":0,"_jetpack_newsletter_access":"","_jetpack_dont_email_post_to_subs":false,"_jetpack_newsletter_tier_id":0,"_jetpack_memberships_contains_paywalled_content":false,"_jetpack_memberships_contains_paid_content":false,"footnotes":""},"categories":[80],"tags":[674],"class_list":["post-13668","post","type-post","status-publish","format-standard","has-post-thumbnail","hentry","category-cintillo","tag-movilizaciones-maestros","entry"],"jetpack_featured_media_url":"http:\/\/www.grieta.org.mx\/wp-content\/uploads\/2018\/03\/14524434_1106112876131411_958039263622046936_o.jpg","jetpack_sharing_enabled":true,"jetpack_shortlink":"https:\/\/wp.me\/p7ZJR4-3ys","jetpack_likes_enabled":false,"jetpack-related-posts":[{"id":12528,"url":"http:\/\/www.grieta.org.mx\/index.php\/2016\/09\/09\/movilizaciones-de-maestros-en-guerrero\/","url_meta":{"origin":13668,"position":0},"title":"Movilizaciones contra la Reforma educativa en Guerrero","author":"grieta","date":"9 septiembre, 2016","format":false,"excerpt":"08\/09\/16. CETEG toma una hora caseta de Palo Blanco, GuerreroMilenio 24\/08\/16. Contin\u00faan movilizaciones de Ceteg en Guerrero para abrogar la reforma educativa La Jornada 04\/08\/16. Antimotines repliegan a maestros de Guerrero sobre la autopista del sol El Financiero 01\/08\/16. La CETEG cierra dos gasolineras en la Cuernavaca-Acapulco en protesta contra\u2026","rel":"","context":"En &quot;Guerrero&quot;","block_context":{"text":"Guerrero","link":"http:\/\/www.grieta.org.mx\/index.php\/category\/noticias-nacionales\/guerrero\/"},"img":{"alt_text":"","src":"https:\/\/i0.wp.com\/www.grieta.org.mx\/wp-content\/uploads\/2018\/03\/14524434_1106112876131411_958039263622046936_o.jpg?resize=350%2C200","width":350,"height":200,"srcset":"https:\/\/i0.wp.com\/www.grieta.org.mx\/wp-content\/uploads\/2018\/03\/14524434_1106112876131411_958039263622046936_o.jpg?resize=350%2C200 1x, https:\/\/i0.wp.com\/www.grieta.org.mx\/wp-content\/uploads\/2018\/03\/14524434_1106112876131411_958039263622046936_o.jpg?resize=525%2C300 1.5x, https:\/\/i0.wp.com\/www.grieta.org.mx\/wp-content\/uploads\/2018\/03\/14524434_1106112876131411_958039263622046936_o.jpg?resize=700%2C400 2x"},"classes":[]},{"id":5463,"url":"http:\/\/www.grieta.org.mx\/index.php\/2015\/06\/16\/movilizaciones-por-elecciones-2015-en-oaxaca\/","url_meta":{"origin":13668,"position":1},"title":"Movilizaciones por elecciones 2015 en Oaxaca","author":"grieta","date":"16 junio, 2015","format":false,"excerpt":"16\/06\/15. Marcha la CNTE en Oaxaca y ciudad de M\u00e9xico, ma\u00f1ana regresan a las aulasVoces Oaxaca 15\/06\/15. Gobierno retiene pago a maestros de Oaxaca, asegura la Secci\u00f3n 22 P\u00e1gina 3 07\/06\/15. Gendarmer\u00eda y Ej\u00e9rcito detiene a 88 integrantes de la S-22 y FPR por quema de urnas en Oaxaca Oaxaca\u2026","rel":"","context":"En &quot;NOTICIAS NACIONALES&quot;","block_context":{"text":"NOTICIAS NACIONALES","link":"http:\/\/www.grieta.org.mx\/index.php\/category\/noticias-nacionales\/"},"img":{"alt_text":"","src":"https:\/\/i0.wp.com\/www.grieta.org.mx\/wp-content\/uploads\/2018\/03\/14524434_1106112876131411_958039263622046936_o.jpg?resize=350%2C200","width":350,"height":200,"srcset":"https:\/\/i0.wp.com\/www.grieta.org.mx\/wp-content\/uploads\/2018\/03\/14524434_1106112876131411_958039263622046936_o.jpg?resize=350%2C200 1x, https:\/\/i0.wp.com\/www.grieta.org.mx\/wp-content\/uploads\/2018\/03\/14524434_1106112876131411_958039263622046936_o.jpg?resize=525%2C300 1.5x, https:\/\/i0.wp.com\/www.grieta.org.mx\/wp-content\/uploads\/2018\/03\/14524434_1106112876131411_958039263622046936_o.jpg?resize=700%2C400 2x"},"classes":[]},{"id":14733,"url":"http:\/\/www.grieta.org.mx\/index.php\/2016\/06\/23\/el-repudio-a-la-violencia-en-oaxaca-desperto-el-mal-humor-social-en-tlaxcala\/","url_meta":{"origin":13668,"position":2},"title":"El repudio a la violencia en Oaxaca, despert\u00f3 el &#8220;mal humor social&#8221; en Tlaxcala","author":"grieta","date":"23 junio, 2016","format":false,"excerpt":"Guadalupe Salas La violencia en contra del magisterio en Oaxaca despert\u00f3 el \"mal humor social\" de los tlaxcaltecas. Esta vez el repudio al asesinato de 11 personas -que ni siquiera la resaca del proceso electoral-, despu\u00e9s del recorrido por las principales calles de la ciudad hizo coincidir m\u00e1s de dos\u2026","rel":"","context":"En &quot;CINTILLO&quot;","block_context":{"text":"CINTILLO","link":"http:\/\/www.grieta.org.mx\/index.php\/category\/cintillo\/"},"img":{"alt_text":"","src":"https:\/\/i0.wp.com\/www.grieta.org.mx\/wp-content\/uploads\/2018\/03\/14524434_1106112876131411_958039263622046936_o.jpg?resize=350%2C200","width":350,"height":200,"srcset":"https:\/\/i0.wp.com\/www.grieta.org.mx\/wp-content\/uploads\/2018\/03\/14524434_1106112876131411_958039263622046936_o.jpg?resize=350%2C200 1x, https:\/\/i0.wp.com\/www.grieta.org.mx\/wp-content\/uploads\/2018\/03\/14524434_1106112876131411_958039263622046936_o.jpg?resize=525%2C300 1.5x, https:\/\/i0.wp.com\/www.grieta.org.mx\/wp-content\/uploads\/2018\/03\/14524434_1106112876131411_958039263622046936_o.jpg?resize=700%2C400 2x"},"classes":[]},{"id":9590,"url":"http:\/\/www.grieta.org.mx\/index.php\/2016\/08\/16\/movilizaciones-y-actividades-de-la-cnte-en-la-ciudad-de-mexico\/","url_meta":{"origin":13668,"position":3},"title":"Movilizaciones contra la reforma educativa en la Ciudad de M\u00e9xico","author":"grieta","date":"16 agosto, 2016","format":false,"excerpt":"15\/08\/16. Profesores y sociedad marchan en contra de las Reformas Estructurales (CDMX)Somos el medio 21\/07\/16. Cierran Reforma por marcha de CNTE al Z\u00f3caloEl Universal 20\/07\/16. Maestros protestan en Gobernaci\u00f3nEl Universal 11\/07\/16. Bloquean Calzada Zaragoza en apoyo a la CNTESomos el medio 17\/06\/16. La mega-marcha magisterial y popular en Ciudad Monstruo\u2026","rel":"","context":"En &quot;Ciudad de M\u00e9xico&quot;","block_context":{"text":"Ciudad de M\u00e9xico","link":"http:\/\/www.grieta.org.mx\/index.php\/category\/noticias-nacionales\/ciudad-de-mexico\/"},"img":{"alt_text":"","src":"https:\/\/i0.wp.com\/www.grieta.org.mx\/wp-content\/uploads\/2018\/03\/14524434_1106112876131411_958039263622046936_o.jpg?resize=350%2C200","width":350,"height":200,"srcset":"https:\/\/i0.wp.com\/www.grieta.org.mx\/wp-content\/uploads\/2018\/03\/14524434_1106112876131411_958039263622046936_o.jpg?resize=350%2C200 1x, https:\/\/i0.wp.com\/www.grieta.org.mx\/wp-content\/uploads\/2018\/03\/14524434_1106112876131411_958039263622046936_o.jpg?resize=525%2C300 1.5x, https:\/\/i0.wp.com\/www.grieta.org.mx\/wp-content\/uploads\/2018\/03\/14524434_1106112876131411_958039263622046936_o.jpg?resize=700%2C400 2x"},"classes":[]},{"id":18696,"url":"http:\/\/www.grieta.org.mx\/index.php\/2016\/08\/01\/maestros-realizan-3-bloqueos-en-oaxaca-toman-accesos-a-guelaguetza\/","url_meta":{"origin":13668,"position":4},"title":"Maestros realizan 3 bloqueos en Oaxaca; toman accesos a Guelaguetza","author":"grieta","date":"1 agosto, 2016","format":false,"excerpt":"Redacci\u00f3n Reporte Indigo Varios grupos de integrantes de la Secci\u00f3n 22 de la Coordinadora Nacional de los Trabajadores de la Educaci\u00f3n (CNTE), tomaron varias vialidades de la ciudad de Oaxaca. Los profesores mantienen tomados los 3 accesos principales al Cerro del Fort\u00edn, en tanto polic\u00edas estatales vigilan los cercos portando\u2026","rel":"","context":"En &quot;CINTILLO&quot;","block_context":{"text":"CINTILLO","link":"http:\/\/www.grieta.org.mx\/index.php\/category\/cintillo\/"},"img":{"alt_text":"","src":"https:\/\/i0.wp.com\/www.grieta.org.mx\/wp-content\/uploads\/2018\/03\/14524434_1106112876131411_958039263622046936_o.jpg?resize=350%2C200","width":350,"height":200,"srcset":"https:\/\/i0.wp.com\/www.grieta.org.mx\/wp-content\/uploads\/2018\/03\/14524434_1106112876131411_958039263622046936_o.jpg?resize=350%2C200 1x, https:\/\/i0.wp.com\/www.grieta.org.mx\/wp-content\/uploads\/2018\/03\/14524434_1106112876131411_958039263622046936_o.jpg?resize=525%2C300 1.5x, https:\/\/i0.wp.com\/www.grieta.org.mx\/wp-content\/uploads\/2018\/03\/14524434_1106112876131411_958039263622046936_o.jpg?resize=700%2C400 2x"},"classes":[]},{"id":14808,"url":"http:\/\/www.grieta.org.mx\/index.php\/2016\/09\/11\/movilizaciones-contra-la-reforma-educativa-y-evaluacion-magisterial-2\/","url_meta":{"origin":13668,"position":5},"title":"Movilizaciones contra la Reforma Educativa en Nuevo Le\u00f3n","author":"grieta","date":"11 septiembre, 2016","format":false,"excerpt":"10\/09\/16. Marchan maestros al aeropuerto de Nuevo Le\u00f3nVanguardia Mx 18\/08\/16. Vuelven marchas de maestros; analizan paro de labores (NL) Milenio Monterrey 10\/08\/16. Maestros de Nuevo Le\u00f3n realizan 'funeral de pol\u00edticos' El Horizonte 22\/07\/16. Nuevo Le\u00f3n tambi\u00e9n es M\u00e9xico: \u00a1Chiapas, Aguanta, Nuevo Le\u00f3n se levanta! Centro de Medios Libres 19\/07\/16. Hacen\u2026","rel":"","context":"En &quot;NOTICIAS NACIONALES&quot;","block_context":{"text":"NOTICIAS NACIONALES","link":"http:\/\/www.grieta.org.mx\/index.php\/category\/noticias-nacionales\/"},"img":{"alt_text":"","src":"https:\/\/i0.wp.com\/www.grieta.org.mx\/wp-content\/uploads\/2018\/03\/14524434_1106112876131411_958039263622046936_o.jpg?resize=350%2C200","width":350,"height":200,"srcset":"https:\/\/i0.wp.com\/www.grieta.org.mx\/wp-content\/uploads\/2018\/03\/14524434_1106112876131411_958039263622046936_o.jpg?resize=350%2C200 1x, https:\/\/i0.wp.com\/www.grieta.org.mx\/wp-content\/uploads\/2018\/03\/14524434_1106112876131411_958039263622046936_o.jpg?resize=525%2C300 1.5x, https:\/\/i0.wp.com\/www.grieta.org.mx\/wp-content\/uploads\/2018\/03\/14524434_1106112876131411_958039263622046936_o.jpg?resize=700%2C400 2x"},"classes":[]}],"_links":{"self":[{"href":"http:\/\/www.grieta.org.mx\/index.php\/wp-json\/wp\/v2\/posts\/13668","targetHints":{"allow":["GET"]}}],"collection":[{"href":"http:\/\/www.grieta.org.mx\/index.php\/wp-json\/wp\/v2\/posts"}],"about":[{"href":"http:\/\/www.grieta.org.mx\/index.php\/wp-json\/wp\/v2\/types\/post"}],"author":[{"embeddable":true,"href":"http:\/\/www.grieta.org.mx\/index.php\/wp-json\/wp\/v2\/users\/2"}],"replies":[{"embeddable":true,"href":"http:\/\/www.grieta.org.mx\/index.php\/wp-json\/wp\/v2\/comments?post=13668"}],"version-history":[{"count":1,"href":"http:\/\/www.grieta.org.mx\/index.php\/wp-json\/wp\/v2\/posts\/13668\/revisions"}],"predecessor-version":[{"id":13674,"href":"http:\/\/www.grieta.org.mx\/index.php\/wp-json\/wp\/v2\/posts\/13668\/revisions\/13674"}],"wp:featuredmedia":[{"embeddable":true,"href":"http:\/\/www.grieta.org.mx\/index.php\/wp-json\/wp\/v2\/media\/21928"}],"wp:attachment":[{"href":"http:\/\/www.grieta.org.mx\/index.php\/wp-json\/wp\/v2\/media?parent=13668"}],"wp:term":[{"taxonomy":"category","embeddable":true,"href":"http:\/\/www.grieta.org.mx\/index.php\/wp-json\/wp\/v2\/categories?post=13668"},{"taxonomy":"post_tag","embeddable":true,"href":"http:\/\/www.grieta.org.mx\/index.php\/wp-json\/wp\/v2\/tags?post=13668"}],"curies":[{"name":"wp","href":"https:\/\/api.w.org\/{rel}","templated":true}]}}