{"id":1366,"date":"2015-11-13T15:43:52","date_gmt":"2015-11-13T15:43:52","guid":{"rendered":"http:\/\/50.22.11.12\/~grietaor\/?p=1366"},"modified":"2018-08-05T11:38:38","modified_gmt":"2018-08-05T16:38:38","slug":"insisten-en-siembra-de-soya-transgenica-en-la-peninsula","status":"publish","type":"post","link":"http:\/\/www.grieta.org.mx\/index.php\/2015\/11\/13\/insisten-en-siembra-de-soya-transgenica-en-la-peninsula\/","title":{"rendered":"Insisten en siembra de soya transg\u00e9nica en la Pen\u00ednsula"},"content":{"rendered":"<p>A pesar del amparo federal que suspende la siembra de soya transg\u00e9nica en el pa\u00eds, el director general de Inocuidad Agroalimentaria, Acu\u00edcola y Pesquera del Senasica, Hugo Fragoso S\u00e1nchez, advirti\u00f3 que continuar\u00e1 el proyecto que se suspendi\u00f3 en la Pen\u00ednsula de Yucat\u00e1n, toda vez que conf\u00eda obtener fallo favorable de la Suprema Corte de Justicia de la Naci\u00f3n (SCJN).<\/p>\n<p>Y a los mieleros de Yucat\u00e1n, Campeche y Quintana Roo, dijo que la siembra de la semilla manipulada gen\u00e9ticamente continuar\u00e1, toda vez que el proyecto es nacional.<\/p>\n<p>En 2012, la Sociedad Ap\u00edcola Maya denunci\u00f3 que, en el cono sur, el proyecto de la empresa Monsanto en m\u00e1s de 580 hect\u00e1reas contamin\u00f3 la miel con polen transg\u00e9nico.<\/p>\n<p>Los apicultores se quejaron de que en Alemania, principal comprador del dulce yucateco, hab\u00eda rechazado la miel local por estar contaminada.<\/p>\n<p>Ante ello, pidi\u00f3 la suspensi\u00f3n de ese cultivo, lo que fue avalado por el Gobierno de Ivonne Ortega Pacheco. Los apicultores de esta regi\u00f3n del pa\u00eds se unieron y se ampararon contra los laboratorios de la empresa Monsanto.<\/p>\n<p>Un juzgado federal dio la raz\u00f3n a los productores de esta regi\u00f3n del pa\u00eds y orden\u00f3 la suspensi\u00f3n del cultivo transg\u00e9nico.<\/p>\n<p>Ante ello, la empresa Monsanto y el Senasica acudieron a la SCJN para exigir permiso para la siembra del grano de laboratorio.<br \/>\nDe paso, Fragoso S\u00e1nchez desminti\u00f3 a los productores que se quejan de contaminaci\u00f3n con polen y asegur\u00f3 que la soya transg\u00e9nica no contamina la miel, por lo que buscan revertir el fallo de la Suprema Corte para continuar los cultivos manipulados gen\u00e9ticamente en la regi\u00f3n peninsular.<\/p>\n<p>De hecho, coment\u00f3 que Alemania no ha rechazado nuevamente el alimento por estar supuestamente \u201cimpurificado\u201d.<\/p>\n<p>\u201cEl principal comprador Alemania la adquiere y la comercializa con otros pa\u00edses europeos, que fueron los que se quejaron que la miel estaba alterada\u201d, aclar\u00f3.<\/p>\n<p>Por lo que no hay raz\u00f3n para que no se haga extensivo el cultivo de soya transg\u00e9nica en esta regi\u00f3n del pa\u00eds, en la cual m\u00e1s de 30 mil familias tienen en la miel una fuente de ingresos econ\u00f3micos.<\/p>\n<p>CANCELAN PAGO<\/p>\n<p>En otro asunto, Fragoso S\u00e1nchez declin\u00f3 a responder sobre la decisi\u00f3n del Senasica que orden\u00f3 a la Sagarpa cancelar el pago a los empleados de las casetas de control fitosanitario en el pa\u00eds.<\/p>\n<p>Esta medida tambi\u00e9n se aplic\u00f3 en Yucat\u00e1n porque desde principios de este a\u00f1o, la Sagarpa cancel\u00f3 el pago a 12 empleados en la caseta fitosanitaria de Halach\u00f3 que se encuentra en la carretera federal M\u00e9rida-Campeche.<\/p>\n<p>Reconoci\u00f3 que los m\u00f3dulos de supervisi\u00f3n de la entrada de animales al Estado, para evitar que las granjas se infecten de alguna enfermedad, son importantes para mantener el estatus sanitario animal y vegetal de los estados.<\/p>\n<p>Pero que no le corresponde responder \u201cpues es otra \u00e1rea del Senasica que debe dar una explicaci\u00f3n del por qu\u00e9 se recortaron los recursos a la caseta de control en la entidad\u201d.<\/p>\n<p><a href=\"http:\/\/tribunacampeche.com\/yucatan\/2015\/11\/13\/insisten-en-siembra-de-soya-transgenica-en-la-peninsula\/\" target=\"_blank\">tribunacampeche.com\/yucatan\/2015\/11\/13\/insisten-en-siembra-de-soya-transgenica-en-la-peninsula\/<\/a><\/p>\n","protected":false},"excerpt":{"rendered":"<p>A pesar del amparo federal que suspende la siembra de soya transg\u00e9nica en el pa\u00eds, el director general de Inocuidad Agroalimentaria, Acu\u00edcola y Pesquera del Senasica, Hugo Fragoso S\u00e1nchez, advirti\u00f3 &hellip; <a href=\"http:\/\/www.grieta.org.mx\/index.php\/2015\/11\/13\/insisten-en-siembra-de-soya-transgenica-en-la-peninsula\/\" class=\"more-link\">Leer m\u00e1s<\/a><\/p>\n","protected":false},"author":2,"featured_media":21928,"comment_status":"closed","ping_status":"open","sticky":false,"template":"","format":"standard","meta":{"ngg_post_thumbnail":0,"_jetpack_newsletter_access":"","_jetpack_dont_email_post_to_subs":false,"_jetpack_newsletter_tier_id":0,"_jetpack_memberships_contains_paywalled_content":false,"_jetpack_memberships_contains_paid_content":false,"footnotes":""},"categories":[60,11,80,958,976,984,1,954,2,28,1153,1151,1152,36],"tags":[160,91,159],"class_list":["post-1366","post","type-post","status-publish","format-standard","has-post-thumbnail","hentry","category-16-pueblo-maya","category-campeche","category-cintillo","category-esp-campeche","category-esp-quintana-roo","category-esp-yucatan","category-espejos-de-la-resistencia","category-espejos-estados","category-noticias-nacionales","category-quintana-roo","category-se-organizan-para-frenar-avance-de-transgenicos-en-yucatan-campeche-y-quintana-roo-quintana-roo","category-se-organizan-para-frenar-avance-de-transgenicos-en-yucatan-campeche-y-quintana-roo","category-se-organizan-para-frenar-avance-de-transgenicos-en-yucatan-campeche-y-quintana-roo-yucatan","category-yucatan","tag-apicultores","tag-contaminacion-ambiental","tag-transgenicos","entry"],"jetpack_featured_media_url":"http:\/\/www.grieta.org.mx\/wp-content\/uploads\/2018\/03\/14524434_1106112876131411_958039263622046936_o.jpg","jetpack_sharing_enabled":true,"jetpack_shortlink":"https:\/\/wp.me\/p7ZJR4-m2","jetpack_likes_enabled":false,"jetpack-related-posts":[{"id":17044,"url":"http:\/\/www.grieta.org.mx\/index.php\/2016\/07\/05\/dicen-no-a-transgenicos-campeche\/","url_meta":{"origin":1366,"position":0},"title":"Dicen no a transg\u00e9nicos (Campeche)","author":"grieta","date":"5 julio, 2016","format":false,"excerpt":"Hopelch\u00e9n: En Iturbide no se sembrar\u00e1 ning\u00fan cent\u00edmetro de soya transg\u00e9nica, advirti\u00f3 el comisario ejidal Abelardo Brice\u00f1o Montoy, quien dijo que en asamblea, los ejidatarios acordaron que no se d\u00e9 lugar a cultivos con semillas gen\u00e9ticamente modificadas, pues ponen en riesgo al sector ap\u00edcola. En entrevista con TRIBUNA la autoridad\u2026","rel":"","context":"En &quot;16. Pueblo Maya&quot;","block_context":{"text":"16. Pueblo Maya","link":"http:\/\/www.grieta.org.mx\/index.php\/category\/espejos-de-la-resistencia\/16-pueblo-maya\/"},"img":{"alt_text":"","src":"https:\/\/i0.wp.com\/www.grieta.org.mx\/wp-content\/uploads\/2018\/03\/14524434_1106112876131411_958039263622046936_o.jpg?resize=350%2C200","width":350,"height":200,"srcset":"https:\/\/i0.wp.com\/www.grieta.org.mx\/wp-content\/uploads\/2018\/03\/14524434_1106112876131411_958039263622046936_o.jpg?resize=350%2C200 1x, https:\/\/i0.wp.com\/www.grieta.org.mx\/wp-content\/uploads\/2018\/03\/14524434_1106112876131411_958039263622046936_o.jpg?resize=525%2C300 1.5x, https:\/\/i0.wp.com\/www.grieta.org.mx\/wp-content\/uploads\/2018\/03\/14524434_1106112876131411_958039263622046936_o.jpg?resize=700%2C400 2x"},"classes":[]},{"id":912,"url":"http:\/\/www.grieta.org.mx\/index.php\/2016\/09\/13\/se-organizan-para-frenar-avance-de-transgenicos-en-yucatan-campeche-y-quintana-roo\/","url_meta":{"origin":1366,"position":1},"title":"Se organizan para frenar avance de transg\u00e9nicos en Yucat\u00e1n, Campeche y Quintana Roo","author":"grieta","date":"13 septiembre, 2016","format":false,"excerpt":"13\/04\/16. Conformaci\u00f3n de la Misi\u00f3n de Observaci\u00f3n de la Consulta al pueblo Maya sobre la siembra de soya gen\u00e9ticamente modificada de la empresa Monsanto Cayacyucatan 01\/04\/16. Irregularidades en Consulta Ind\u00edgena sobre la siembra de soya gen\u00e9ticamente en Campeche Infolliteras 22\/02\/16. Campeche, en mapa global sobre Riesgos Ambientales. Lo catalogan por\u2026","rel":"","context":"En &quot;16. Pueblo Maya&quot;","block_context":{"text":"16. Pueblo Maya","link":"http:\/\/www.grieta.org.mx\/index.php\/category\/espejos-de-la-resistencia\/16-pueblo-maya\/"},"img":{"alt_text":"","src":"https:\/\/i0.wp.com\/www.grieta.org.mx\/wp-content\/uploads\/2018\/03\/14524434_1106112876131411_958039263622046936_o.jpg?resize=350%2C200","width":350,"height":200,"srcset":"https:\/\/i0.wp.com\/www.grieta.org.mx\/wp-content\/uploads\/2018\/03\/14524434_1106112876131411_958039263622046936_o.jpg?resize=350%2C200 1x, https:\/\/i0.wp.com\/www.grieta.org.mx\/wp-content\/uploads\/2018\/03\/14524434_1106112876131411_958039263622046936_o.jpg?resize=525%2C300 1.5x, https:\/\/i0.wp.com\/www.grieta.org.mx\/wp-content\/uploads\/2018\/03\/14524434_1106112876131411_958039263622046936_o.jpg?resize=700%2C400 2x"},"classes":[]},{"id":11490,"url":"http:\/\/www.grieta.org.mx\/index.php\/2016\/04\/26\/continua-la-siembra-de-soya-transgenica-en-q-roo\/","url_meta":{"origin":1366,"position":2},"title":"Contin\u00faa la siembra de soya transg\u00e9nica en Q. Roo","author":"grieta","date":"26 abril, 2016","format":false,"excerpt":"Sentencia de amparo no responde la anulaci\u00f3n del permiso que le otorgaron a Monsanto. Javier Ortiz\/SIPSE BACALAR, Q. Roo.- Tras a\u00f1o y medio de esperar resoluci\u00f3n del juez sexto de distrito, productores de ma\u00edz y apicultores de varias comunidades del municipio de Bacalar, se dijeron decepcionados, pues s\u00f3lo recibieron resoluci\u00f3n\u2026","rel":"","context":"En &quot;16. Pueblo Maya&quot;","block_context":{"text":"16. Pueblo Maya","link":"http:\/\/www.grieta.org.mx\/index.php\/category\/espejos-de-la-resistencia\/16-pueblo-maya\/"},"img":{"alt_text":"","src":"https:\/\/i0.wp.com\/www.grieta.org.mx\/wp-content\/uploads\/2018\/03\/14524434_1106112876131411_958039263622046936_o.jpg?resize=350%2C200","width":350,"height":200,"srcset":"https:\/\/i0.wp.com\/www.grieta.org.mx\/wp-content\/uploads\/2018\/03\/14524434_1106112876131411_958039263622046936_o.jpg?resize=350%2C200 1x, https:\/\/i0.wp.com\/www.grieta.org.mx\/wp-content\/uploads\/2018\/03\/14524434_1106112876131411_958039263622046936_o.jpg?resize=525%2C300 1.5x, https:\/\/i0.wp.com\/www.grieta.org.mx\/wp-content\/uploads\/2018\/03\/14524434_1106112876131411_958039263622046936_o.jpg?resize=700%2C400 2x"},"classes":[]},{"id":17435,"url":"http:\/\/www.grieta.org.mx\/index.php\/2016\/07\/20\/firmas-contra-transgenicos-campeche\/","url_meta":{"origin":1366,"position":3},"title":"Firmas contra transg\u00e9nicos (Campeche)","author":"grieta","date":"20 julio, 2016","format":false,"excerpt":"Ejidatarios de Iturbide, Hopelch\u00e9n, entregaron ayer documento con 540 firmas a la Comisi\u00f3n de Derechos Humanos del Estado de Campeche (Codhecam), en que rechazan la siembra de soya transg\u00e9nica, ya que la consideran da\u00f1ina para la salud y de inter\u00e9s exclusivo de menonitas. Los comisarios ejidal y municipal Abelardo Brice\u00f1o\u2026","rel":"","context":"En &quot;16. Pueblo Maya&quot;","block_context":{"text":"16. Pueblo Maya","link":"http:\/\/www.grieta.org.mx\/index.php\/category\/espejos-de-la-resistencia\/16-pueblo-maya\/"},"img":{"alt_text":"","src":"https:\/\/i0.wp.com\/www.grieta.org.mx\/wp-content\/uploads\/2018\/03\/14524434_1106112876131411_958039263622046936_o.jpg?resize=350%2C200","width":350,"height":200,"srcset":"https:\/\/i0.wp.com\/www.grieta.org.mx\/wp-content\/uploads\/2018\/03\/14524434_1106112876131411_958039263622046936_o.jpg?resize=350%2C200 1x, https:\/\/i0.wp.com\/www.grieta.org.mx\/wp-content\/uploads\/2018\/03\/14524434_1106112876131411_958039263622046936_o.jpg?resize=525%2C300 1.5x, https:\/\/i0.wp.com\/www.grieta.org.mx\/wp-content\/uploads\/2018\/03\/14524434_1106112876131411_958039263622046936_o.jpg?resize=700%2C400 2x"},"classes":[]},{"id":1459,"url":"http:\/\/www.grieta.org.mx\/index.php\/2015\/10\/08\/autoridades-mayas-de-yucatan-y-campeche-congelan-avance-de-soya-transgenica-de-monsanto\/","url_meta":{"origin":1366,"position":4},"title":"Autoridades mayas de Yucat\u00e1n y Campeche congelan avance de soya transg\u00e9nica de Monsanto","author":"grieta","date":"8 octubre, 2015","format":false,"excerpt":"(08 de octubre, 2015).- La Suprema Corte de Justicia de la Naci\u00f3n (SCJN) acord\u00f3 que el 28 de octubre discutir\u00e1 en paquete los siete recursos de amparo en revisi\u00f3n interpuestos por apicultores de Yucat\u00e1n y Campeche contra la siembra de soya transg\u00e9nica, inform\u00f3 Jorge Fern\u00e1ndez, abogado que apoya a los\u2026","rel":"","context":"En &quot;16. Pueblo Maya&quot;","block_context":{"text":"16. Pueblo Maya","link":"http:\/\/www.grieta.org.mx\/index.php\/category\/espejos-de-la-resistencia\/16-pueblo-maya\/"},"img":{"alt_text":"","src":"https:\/\/i0.wp.com\/www.grieta.org.mx\/wp-content\/uploads\/2018\/03\/14524434_1106112876131411_958039263622046936_o.jpg?resize=350%2C200","width":350,"height":200,"srcset":"https:\/\/i0.wp.com\/www.grieta.org.mx\/wp-content\/uploads\/2018\/03\/14524434_1106112876131411_958039263622046936_o.jpg?resize=350%2C200 1x, https:\/\/i0.wp.com\/www.grieta.org.mx\/wp-content\/uploads\/2018\/03\/14524434_1106112876131411_958039263622046936_o.jpg?resize=525%2C300 1.5x, https:\/\/i0.wp.com\/www.grieta.org.mx\/wp-content\/uploads\/2018\/03\/14524434_1106112876131411_958039263622046936_o.jpg?resize=700%2C400 2x"},"classes":[]},{"id":1363,"url":"http:\/\/www.grieta.org.mx\/index.php\/2015\/11\/20\/campesinos-votaran-para-decidir-sobre-siembra-de-soya-transgenica\/","url_meta":{"origin":1366,"position":5},"title":"Campesinos votar\u00e1n para decidir sobre siembra de soya transg\u00e9nica","author":"grieta","date":"20 noviembre, 2015","format":false,"excerpt":"M\u00c9RIDA, Yucat\u00e1n, 20 de noviembre.\u2013 Los municipios de Peto, Oxcutzcab,Teabo,Santa Elena, Tekax,Tzucacab y Tizim\u00edn emitar\u00e1n sus votos a favor o en contra sobre el asunto de la siembra de la soya transg\u00e9nica en sus tierras que forma parte del proyecto Monsanto de sembrar y patentar semillas en tierras peninsulares; esto\u2026","rel":"","context":"En &quot;16. Pueblo Maya&quot;","block_context":{"text":"16. Pueblo Maya","link":"http:\/\/www.grieta.org.mx\/index.php\/category\/espejos-de-la-resistencia\/16-pueblo-maya\/"},"img":{"alt_text":"","src":"https:\/\/i0.wp.com\/www.grieta.org.mx\/wp-content\/uploads\/2018\/03\/14524434_1106112876131411_958039263622046936_o.jpg?resize=350%2C200","width":350,"height":200,"srcset":"https:\/\/i0.wp.com\/www.grieta.org.mx\/wp-content\/uploads\/2018\/03\/14524434_1106112876131411_958039263622046936_o.jpg?resize=350%2C200 1x, https:\/\/i0.wp.com\/www.grieta.org.mx\/wp-content\/uploads\/2018\/03\/14524434_1106112876131411_958039263622046936_o.jpg?resize=525%2C300 1.5x, https:\/\/i0.wp.com\/www.grieta.org.mx\/wp-content\/uploads\/2018\/03\/14524434_1106112876131411_958039263622046936_o.jpg?resize=700%2C400 2x"},"classes":[]}],"_links":{"self":[{"href":"http:\/\/www.grieta.org.mx\/index.php\/wp-json\/wp\/v2\/posts\/1366","targetHints":{"allow":["GET"]}}],"collection":[{"href":"http:\/\/www.grieta.org.mx\/index.php\/wp-json\/wp\/v2\/posts"}],"about":[{"href":"http:\/\/www.grieta.org.mx\/index.php\/wp-json\/wp\/v2\/types\/post"}],"author":[{"embeddable":true,"href":"http:\/\/www.grieta.org.mx\/index.php\/wp-json\/wp\/v2\/users\/2"}],"replies":[{"embeddable":true,"href":"http:\/\/www.grieta.org.mx\/index.php\/wp-json\/wp\/v2\/comments?post=1366"}],"version-history":[{"count":1,"href":"http:\/\/www.grieta.org.mx\/index.php\/wp-json\/wp\/v2\/posts\/1366\/revisions"}],"predecessor-version":[{"id":1367,"href":"http:\/\/www.grieta.org.mx\/index.php\/wp-json\/wp\/v2\/posts\/1366\/revisions\/1367"}],"wp:featuredmedia":[{"embeddable":true,"href":"http:\/\/www.grieta.org.mx\/index.php\/wp-json\/wp\/v2\/media\/21928"}],"wp:attachment":[{"href":"http:\/\/www.grieta.org.mx\/index.php\/wp-json\/wp\/v2\/media?parent=1366"}],"wp:term":[{"taxonomy":"category","embeddable":true,"href":"http:\/\/www.grieta.org.mx\/index.php\/wp-json\/wp\/v2\/categories?post=1366"},{"taxonomy":"post_tag","embeddable":true,"href":"http:\/\/www.grieta.org.mx\/index.php\/wp-json\/wp\/v2\/tags?post=1366"}],"curies":[{"name":"wp","href":"https:\/\/api.w.org\/{rel}","templated":true}]}}