{"id":1359,"date":"2015-12-21T00:15:03","date_gmt":"2015-12-21T00:15:03","guid":{"rendered":"http:\/\/50.22.11.12\/~grietaor\/?p=1359"},"modified":"2016-03-05T00:58:10","modified_gmt":"2016-03-05T00:58:10","slug":"reparten-4500-m2-a-tres-asociaciones","status":"publish","type":"post","link":"http:\/\/www.grieta.org.mx\/index.php\/2015\/12\/21\/reparten-4500-m2-a-tres-asociaciones\/","title":{"rendered":"Reparten 4,500 m2 a tres asociaciones"},"content":{"rendered":"<figure id=\"attachment_1360\" aria-describedby=\"caption-attachment-1360\" style=\"width: 680px\" class=\"wp-caption aligncenter\"><img loading=\"lazy\" decoding=\"async\" data-attachment-id=\"1360\" data-permalink=\"http:\/\/www.grieta.org.mx\/index.php\/2015\/12\/21\/reparten-4500-m2-a-tres-asociaciones\/area-natural-regalada-a-ip-durango\/\" data-orig-file=\"http:\/\/www.grieta.org.mx\/wp-content\/uploads\/2016\/03\/area-natural-regalada-a-IP-Durango.jpeg\" data-orig-size=\"720,720\" data-comments-opened=\"0\" data-image-meta=\"{&quot;aperture&quot;:&quot;0&quot;,&quot;credit&quot;:&quot;&quot;,&quot;camera&quot;:&quot;&quot;,&quot;caption&quot;:&quot;&quot;,&quot;created_timestamp&quot;:&quot;0&quot;,&quot;copyright&quot;:&quot;&quot;,&quot;focal_length&quot;:&quot;0&quot;,&quot;iso&quot;:&quot;0&quot;,&quot;shutter_speed&quot;:&quot;0&quot;,&quot;title&quot;:&quot;&quot;,&quot;orientation&quot;:&quot;0&quot;}\" data-image-title=\"\u00c1rea natural regalada a IP Durango\" data-image-description=\"\" data-image-caption=\"&lt;p&gt;Situaci\u00f3n. Al incluir la Conafor, son casi 10 mil metros cuadrados de superficie la que ser\u00e1n quitados a Recursos Naturales.&lt;\/p&gt;\n\" data-medium-file=\"http:\/\/www.grieta.org.mx\/wp-content\/uploads\/2016\/03\/area-natural-regalada-a-IP-Durango-300x300.jpeg\" data-large-file=\"http:\/\/www.grieta.org.mx\/wp-content\/uploads\/2016\/03\/area-natural-regalada-a-IP-Durango.jpeg\" class=\"wp-image-1360\" src=\"http:\/\/grieta.org.mx\/wp-content\/uploads\/2016\/03\/area-natural-regalada-a-IP-Durango-300x300.jpeg\" alt=\"Situaci\u00f3n. Al incluir la Conafor, son casi 10 mil metros cuadrados de superficie la que ser\u00e1n quitados a Recursos Naturales.\" width=\"680\" height=\"680\" srcset=\"http:\/\/www.grieta.org.mx\/wp-content\/uploads\/2016\/03\/area-natural-regalada-a-IP-Durango-300x300.jpeg 300w, http:\/\/www.grieta.org.mx\/wp-content\/uploads\/2016\/03\/area-natural-regalada-a-IP-Durango-150x150.jpeg 150w, http:\/\/www.grieta.org.mx\/wp-content\/uploads\/2016\/03\/area-natural-regalada-a-IP-Durango.jpeg 720w\" sizes=\"auto, (max-width: 680px) 100vw, 680px\" \/><figcaption id=\"caption-attachment-1360\" class=\"wp-caption-text\">Situaci\u00f3n. Al incluir la Conafor, son casi 10 mil metros cuadrados de superficie la que ser\u00e1n quitados a Recursos Naturales.<\/figcaption><\/figure>\n<p><strong>Dan terrenos al CCE, AMMJE y Colegio de Administradores, en las inmediaciones de Recursos Naturales<\/strong><\/p>\n<blockquote><p>El Congreso autoriz\u00f3 al Gobierno del Estado la desincorporaci\u00f3n del r\u00e9gimen de dominio p\u00fablico y la enajenaci\u00f3n a t\u00edtulo gratuito de tres terrenos de la Secretar\u00eda de Recursos Naturales, con una superficie equivalente a cuatro mil 497 metros cuadrados a favor de dos organizaciones empresariales y el Colegio de Licenciados en Administraci\u00f3n.<\/p><\/blockquote>\n<p>Para el Consejo Coordinador Empresarial (CCE) se destin\u00f3 una superficie de tres mil 003.735 metros cuadrados, ubicada en el pol\u00edgono n\u00famero 1 que ser\u00e1 segregada de la superficie de 18-63-92.54 hect\u00e1reas que ocupa la Secretar\u00eda de Recursos Naturales y Medio Ambiente (SRNyMA).<\/p>\n<p>Para la Asociaci\u00f3n Mexicana de Mujeres Empresarias, (AMMJE) Cap\u00edtulo Durango, es una superficie de 746.72 metros cuadrados, tambi\u00e9n en las inmediaciones de la SRNyMA.<\/p>\n<p>A favor del Colegio de Licenciados en Administraci\u00f3n de Durango se dio la desincorporaci\u00f3n del r\u00e9gimen de dominio p\u00fablico y la autorizaci\u00f3n para enajenar a t\u00edtulo gratuito una superficie de 746.74m2 ubicada en la misma zona.<\/p>\n<p>Lo anterior se llev\u00f3 a cabo a trav\u00e9s de las iniciativas presentadas ante la Comisi\u00f3n de Hacienda, Presupuesto y Cuenta P\u00fablica por parte del Ejecutivo Estatal, las cuales fueron discutidas y aprobadas por el Pleno del Legislativo.<\/p>\n<p>El tr\u00e1mite se llev\u00f3 en dos sesiones realizadas el pasado 15 de diciembre, en las que se incluy\u00f3 tambi\u00e9n la desincorporaci\u00f3n del r\u00e9gimen de dominio p\u00fablico y la enajenaci\u00f3n a t\u00edtulo de cinco mil metros cuadrados a favor de la Comisi\u00f3n Nacional Forestal (Conafor), en los mismos terrenos de la SRNyMA.<\/p>\n<p>En este contexto, son casi 10 mil metros cuadrados de superficie la que ser\u00e1 quitada a Recursos Naturales para ser repartida entre las instancias ya mencionadas.<\/p>\n<p>En el caso de los organismos empresariales, los dict\u00e1menes refieren que el objetivo del apoyo para la construcci\u00f3n de un nuevo edificio sede es para fomentar la creaci\u00f3n del empleo, mientras que en el caso del Colegio se busca fortalecer su actuaci\u00f3n a favor de la sociedad.<\/p>\n<p><a href=\"http:\/\/www.elsiglodedurango.com.mx\/noticia\/633697.reparten-4500-m2-a-a-tres-asociaciones.html\" target=\"_blank\">www.elsiglodedurango.com.mx\/noticia\/633697.reparten-4500-m2-a-a-tres-asociaciones.html<\/a><\/p>\n","protected":false},"excerpt":{"rendered":"<p>Dan terrenos al CCE, AMMJE y Colegio de Administradores, en las inmediaciones de Recursos Naturales El Congreso autoriz\u00f3 al Gobierno del Estado la desincorporaci\u00f3n del r\u00e9gimen de dominio p\u00fablico y &hellip; <a href=\"http:\/\/www.grieta.org.mx\/index.php\/2015\/12\/21\/reparten-4500-m2-a-tres-asociaciones\/\" class=\"more-link\">Leer m\u00e1s<\/a><\/p>\n","protected":false},"author":2,"featured_media":21928,"comment_status":"closed","ping_status":"open","sticky":false,"template":"","format":"standard","meta":{"ngg_post_thumbnail":0,"_jetpack_newsletter_access":"","_jetpack_dont_email_post_to_subs":false,"_jetpack_newsletter_tier_id":0,"_jetpack_memberships_contains_paywalled_content":false,"_jetpack_memberships_contains_paid_content":false,"footnotes":""},"categories":[80,173],"tags":[184],"class_list":["post-1359","post","type-post","status-publish","format-standard","has-post-thumbnail","hentry","category-cintillo","category-durango","tag-despojo","entry"],"jetpack_featured_media_url":"http:\/\/www.grieta.org.mx\/wp-content\/uploads\/2018\/03\/14524434_1106112876131411_958039263622046936_o.jpg","jetpack_sharing_enabled":true,"jetpack_shortlink":"https:\/\/wp.me\/p7ZJR4-lV","jetpack_likes_enabled":false,"jetpack-related-posts":[{"id":3868,"url":"http:\/\/www.grieta.org.mx\/index.php\/2016\/03\/04\/clausura-profepa-mina-en-otaez\/","url_meta":{"origin":1359,"position":0},"title":"Clausura Profepa mina en Ot\u00e1ez","author":"grieta","date":"4 marzo, 2016","format":false,"excerpt":"La dependencia federal observ\u00f3 afectaciones de 9 mil 104 metros cuadrados de terreno forestal Por: C\u00e9sar Gayt\u00e1n Gallegos Ot\u00e1ez, Dgo.- Personal de la Procuradur\u00eda Federal de Protecci\u00f3n al Ambiente (Profepa), atendi\u00f3 una denuncia ciudadana en la que se\u00f1alaban supuestos da\u00f1os al ecosistema en el municipio de Ot\u00e1ez y al acudir\u2026","rel":"","context":"En &quot;CINTILLO&quot;","block_context":{"text":"CINTILLO","link":"http:\/\/www.grieta.org.mx\/index.php\/category\/cintillo\/"},"img":{"alt_text":"","src":"https:\/\/i0.wp.com\/www.grieta.org.mx\/wp-content\/uploads\/2018\/03\/14524434_1106112876131411_958039263622046936_o.jpg?resize=350%2C200","width":350,"height":200,"srcset":"https:\/\/i0.wp.com\/www.grieta.org.mx\/wp-content\/uploads\/2018\/03\/14524434_1106112876131411_958039263622046936_o.jpg?resize=350%2C200 1x, https:\/\/i0.wp.com\/www.grieta.org.mx\/wp-content\/uploads\/2018\/03\/14524434_1106112876131411_958039263622046936_o.jpg?resize=525%2C300 1.5x, https:\/\/i0.wp.com\/www.grieta.org.mx\/wp-content\/uploads\/2018\/03\/14524434_1106112876131411_958039263622046936_o.jpg?resize=700%2C400 2x"},"classes":[]},{"id":127,"url":"http:\/\/www.grieta.org.mx\/index.php\/2015\/02\/21\/expropiados-en-total-5-predios-en-ecatepec-para-teleferico\/","url_meta":{"origin":1359,"position":1},"title":"Expropiados en total 5 predios en Ecatepec para telef\u00e9rico","author":"grieta","date":"21 febrero, 2015","format":false,"excerpt":"Javier Salinas Ces\u00e1reo. Ecatepec, Mex. Unos cien granaderos de la polic\u00eda mexiquense desalojaron el jueves pasado dos predios de m\u00e1s de 2 mil metros cuadrados en la comunidad de Santa Clara, en Ecatepec, donde se pretende construir la terminal del sistema de transporte telef\u00e9rico Mexicable El gobierno del estado de\u2026","rel":"","context":"En &quot;CINTILLO&quot;","block_context":{"text":"CINTILLO","link":"http:\/\/www.grieta.org.mx\/index.php\/category\/cintillo\/"},"img":{"alt_text":"","src":"https:\/\/i0.wp.com\/www.grieta.org.mx\/wp-content\/uploads\/2018\/03\/14524434_1106112876131411_958039263622046936_o.jpg?resize=350%2C200","width":350,"height":200,"srcset":"https:\/\/i0.wp.com\/www.grieta.org.mx\/wp-content\/uploads\/2018\/03\/14524434_1106112876131411_958039263622046936_o.jpg?resize=350%2C200 1x, https:\/\/i0.wp.com\/www.grieta.org.mx\/wp-content\/uploads\/2018\/03\/14524434_1106112876131411_958039263622046936_o.jpg?resize=525%2C300 1.5x, https:\/\/i0.wp.com\/www.grieta.org.mx\/wp-content\/uploads\/2018\/03\/14524434_1106112876131411_958039263622046936_o.jpg?resize=700%2C400 2x"},"classes":[]},{"id":1011,"url":"http:\/\/www.grieta.org.mx\/index.php\/2015\/09\/04\/desalojan-predios-por-autopista-que-llegara-al-nuevo-aeropuerto\/","url_meta":{"origin":1359,"position":2},"title":"Desalojan predios por autopista que llegar\u00e1 al nuevo Aeropuerto","author":"grieta","date":"4 septiembre, 2015","format":false,"excerpt":"Javier Salinas Ces\u00e1reo Tezoyuca, Edomex. Unos 400 elementos de la Polic\u00eda Federal y de la Comisi\u00f3n de Seguridad Ciudadana Estatal (CSCE) llevaron a cabo el desalojo de tres predios de mas de 8 mil metros cuadrados que el pasado 21 agosto fueron expropiados por el gobierno federal para las obras\u2026","rel":"","context":"En &quot;CINTILLO&quot;","block_context":{"text":"CINTILLO","link":"http:\/\/www.grieta.org.mx\/index.php\/category\/cintillo\/"},"img":{"alt_text":"","src":"https:\/\/i0.wp.com\/www.grieta.org.mx\/wp-content\/uploads\/2018\/03\/14524434_1106112876131411_958039263622046936_o.jpg?resize=350%2C200","width":350,"height":200,"srcset":"https:\/\/i0.wp.com\/www.grieta.org.mx\/wp-content\/uploads\/2018\/03\/14524434_1106112876131411_958039263622046936_o.jpg?resize=350%2C200 1x, https:\/\/i0.wp.com\/www.grieta.org.mx\/wp-content\/uploads\/2018\/03\/14524434_1106112876131411_958039263622046936_o.jpg?resize=525%2C300 1.5x, https:\/\/i0.wp.com\/www.grieta.org.mx\/wp-content\/uploads\/2018\/03\/14524434_1106112876131411_958039263622046936_o.jpg?resize=700%2C400 2x"},"classes":[]},{"id":35969,"url":"http:\/\/www.grieta.org.mx\/index.php\/2019\/07\/02\/donan-predios-para-construir-base-de-la-guardia-nacional-edomex\/","url_meta":{"origin":1359,"position":3},"title":"Donan predios para construir base de la Guardia Nacional (Edomex)","author":"grieta","date":"2 julio, 2019","format":false,"excerpt":"Foto: 8columnaS El gobierno de Ecatepec don\u00f3 tres terrenos que suman m\u00e1s de 20 mil metros cuadrados para construir una base de la Guardia Nacional, siendo el primer municipio que brinda certeza legal a la instalaci\u00f3n en su territorio. Redacci\u00f3n \/ 8columnas A propuesta del presidente municipal de Ecatepec, Fernando\u2026","rel":"","context":"En &quot;CINTILLO&quot;","block_context":{"text":"CINTILLO","link":"http:\/\/www.grieta.org.mx\/index.php\/category\/cintillo\/"},"img":{"alt_text":"","src":"https:\/\/i0.wp.com\/www.grieta.org.mx\/wp-content\/uploads\/2019\/07\/internet11.gif?resize=350%2C200","width":350,"height":200,"srcset":"https:\/\/i0.wp.com\/www.grieta.org.mx\/wp-content\/uploads\/2019\/07\/internet11.gif?resize=350%2C200 1x, https:\/\/i0.wp.com\/www.grieta.org.mx\/wp-content\/uploads\/2019\/07\/internet11.gif?resize=525%2C300 1.5x"},"classes":[]},{"id":6629,"url":"http:\/\/www.grieta.org.mx\/index.php\/2015\/12\/02\/en-villahermosa-tabasco-rodearan-al-nuevo-convenciones-mega-plaza-hoteles-parque\/","url_meta":{"origin":1359,"position":4},"title":"En Villahermosa, Tabasco, rodear\u00e1n al nuevo convenciones mega plaza, hoteles, parque","author":"grieta","date":"2 diciembre, 2015","format":false,"excerpt":"Flor Garc\u00eda Han pasado 35 a\u00f1os desde que se inaugur\u00f3 el primer y \u00fanico Centro de Convenciones de Tabasco, un edificio que en su momento fue de los m\u00e1s modernos y funcionales del pa\u00eds, pero que con el paso de los a\u00f1os se fue rezagando, relegando a Villahermosa a dejar\u2026","rel":"","context":"En &quot;CINTILLO&quot;","block_context":{"text":"CINTILLO","link":"http:\/\/www.grieta.org.mx\/index.php\/category\/cintillo\/"},"img":{"alt_text":"","src":"https:\/\/i0.wp.com\/www.grieta.org.mx\/wp-content\/uploads\/2018\/03\/14524434_1106112876131411_958039263622046936_o.jpg?resize=350%2C200","width":350,"height":200,"srcset":"https:\/\/i0.wp.com\/www.grieta.org.mx\/wp-content\/uploads\/2018\/03\/14524434_1106112876131411_958039263622046936_o.jpg?resize=350%2C200 1x, https:\/\/i0.wp.com\/www.grieta.org.mx\/wp-content\/uploads\/2018\/03\/14524434_1106112876131411_958039263622046936_o.jpg?resize=525%2C300 1.5x, https:\/\/i0.wp.com\/www.grieta.org.mx\/wp-content\/uploads\/2018\/03\/14524434_1106112876131411_958039263622046936_o.jpg?resize=700%2C400 2x"},"classes":[]},{"id":323,"url":"http:\/\/www.grieta.org.mx\/index.php\/2016\/02\/18\/adquirio-grupo-mexico-terrenos-para-proyecto-minero-en-precios-ventajosos\/","url_meta":{"origin":1359,"position":5},"title":"Adquiri\u00f3 Grupo M\u00e9xico terrenos para proyecto minero en precios ventajosos","author":"grieta","date":"18 febrero, 2016","format":false,"excerpt":"febrero 18, 2016 Antonio Heras, Mexicali, B.C. Ante la alerta ejidatarios del sur de Baja California afectados por el Grupo Minero M\u00e9xico, una comisi\u00f3n del Congreso del Estado realizar\u00e1 un recorrido por la zona de El Arco, donde este grupo empresarial pretende realizar un proyecto de extracci\u00f3n de minerales en\u2026","rel":"","context":"En &quot;CINTILLO&quot;","block_context":{"text":"CINTILLO","link":"http:\/\/www.grieta.org.mx\/index.php\/category\/cintillo\/"},"img":{"alt_text":"","src":"https:\/\/i0.wp.com\/www.grieta.org.mx\/wp-content\/uploads\/2018\/03\/14524434_1106112876131411_958039263622046936_o.jpg?resize=350%2C200","width":350,"height":200,"srcset":"https:\/\/i0.wp.com\/www.grieta.org.mx\/wp-content\/uploads\/2018\/03\/14524434_1106112876131411_958039263622046936_o.jpg?resize=350%2C200 1x, https:\/\/i0.wp.com\/www.grieta.org.mx\/wp-content\/uploads\/2018\/03\/14524434_1106112876131411_958039263622046936_o.jpg?resize=525%2C300 1.5x, https:\/\/i0.wp.com\/www.grieta.org.mx\/wp-content\/uploads\/2018\/03\/14524434_1106112876131411_958039263622046936_o.jpg?resize=700%2C400 2x"},"classes":[]}],"_links":{"self":[{"href":"http:\/\/www.grieta.org.mx\/index.php\/wp-json\/wp\/v2\/posts\/1359","targetHints":{"allow":["GET"]}}],"collection":[{"href":"http:\/\/www.grieta.org.mx\/index.php\/wp-json\/wp\/v2\/posts"}],"about":[{"href":"http:\/\/www.grieta.org.mx\/index.php\/wp-json\/wp\/v2\/types\/post"}],"author":[{"embeddable":true,"href":"http:\/\/www.grieta.org.mx\/index.php\/wp-json\/wp\/v2\/users\/2"}],"replies":[{"embeddable":true,"href":"http:\/\/www.grieta.org.mx\/index.php\/wp-json\/wp\/v2\/comments?post=1359"}],"version-history":[{"count":1,"href":"http:\/\/www.grieta.org.mx\/index.php\/wp-json\/wp\/v2\/posts\/1359\/revisions"}],"predecessor-version":[{"id":1361,"href":"http:\/\/www.grieta.org.mx\/index.php\/wp-json\/wp\/v2\/posts\/1359\/revisions\/1361"}],"wp:featuredmedia":[{"embeddable":true,"href":"http:\/\/www.grieta.org.mx\/index.php\/wp-json\/wp\/v2\/media\/21928"}],"wp:attachment":[{"href":"http:\/\/www.grieta.org.mx\/index.php\/wp-json\/wp\/v2\/media?parent=1359"}],"wp:term":[{"taxonomy":"category","embeddable":true,"href":"http:\/\/www.grieta.org.mx\/index.php\/wp-json\/wp\/v2\/categories?post=1359"},{"taxonomy":"post_tag","embeddable":true,"href":"http:\/\/www.grieta.org.mx\/index.php\/wp-json\/wp\/v2\/tags?post=1359"}],"curies":[{"name":"wp","href":"https:\/\/api.w.org\/{rel}","templated":true}]}}