{"id":13461,"date":"2016-05-28T16:07:41","date_gmt":"2016-05-28T16:07:41","guid":{"rendered":"http:\/\/www.grieta.org.mx\/?p=13461"},"modified":"2018-04-11T12:11:49","modified_gmt":"2018-04-11T17:11:49","slug":"paran-labores-los-obreros-de-pasa-campeche","status":"publish","type":"post","link":"http:\/\/www.grieta.org.mx\/index.php\/2016\/05\/28\/paran-labores-los-obreros-de-pasa-campeche\/","title":{"rendered":"Paran labores los obreros de PASA (Campeche)"},"content":{"rendered":"<p>M\u00e1s de 50 trabajadores de la empresa Promotora Ambiental de la Laguna (PASA) pararon labores en las primeras horas de la ma\u00f1ana de ayer, tras el cese injustificado de 16 de sus compa\u00f1eros, y dejaron sin servicio de recoja de basura a la Isla.<\/p>\n<p>Al mismo tiempo demandaron la renuncia inmediata del gerente Luis Ignacio Avitia Torres, pues aseguran que arregl\u00f3 con los directivos las liquidaciones vergonzantes y de miseria.<\/p>\n<p>El paro laboral inici\u00f3 a las siete de la ma\u00f1ana, cuando los inconformes decidieron \u201cguardar guantes\u201d y reunirse a las puertas del relleno sanitario, ubicado en el kil\u00f3metro 19+500 de la carretera Carmen-Puerto Real.<\/p>\n<p>\u201cA nuestros compa\u00f1eros los cesaron injustificadamente y solo les quieren dar unos cuantos miles de pesos cuando laboraron m\u00e1s de cinco a\u00f1os, lo cual no es justo\u201d, indic\u00f3 Alejandro P\u00e9rez Cruz, uno de los inconformes y quien lideraba al grupo de empleados.<\/p>\n<p>Los trabajadores no dejaron salir las unidades recolectoras de basura, pese a que el gerente Avitia Torres contrat\u00f3 a por lo menos 20 personas externas con quienes pretend\u00eda laborar.<\/p>\n<p>Hasta las 18:00 horas de ayer no hab\u00eda acuerdo entre obreros y empresa, que desde el 2005 fue beneficiada por el entonces alcalde Jorge Rosi\u00f1ol Abreu, con la concesi\u00f3n por 15 a\u00f1os para prestar el servicio de recolecci\u00f3n de basura en la ciudad.<\/p>\n<p>\u201cLamentamos que los m\u00e1s perjudicados son los habitantes, al no poder levantar las bolsas de desperdicios que se encuentran en la v\u00eda p\u00fablica, las cuales representan un foco de infecci\u00f3n.<\/p>\n<p>\u201cPero si no  hay acuerdo, hoy nos presentaremos a la Direcci\u00f3n de Servicios P\u00fablicos y al relleno sanitario donde se realizar\u00edan sendos plantones de inconformidad, porque no vamos a ceder\u201d, recalc\u00f3 P\u00e9rez Cruz.<\/p>\n<p>DESPIDOS<\/p>\n<p>Valdemar Metel\u00edn, quien labor\u00f3 10 a\u00f1os en la empresa, relat\u00f3 que lo llamaron de las oficinas de Recursos Humanos donde le informaron que pese a su antig\u00fcedad solo recibir\u00eda 52 mil pesos, liquidaci\u00f3n que no acept\u00f3.<\/p>\n<p>\u201cEs lamentable que se de este tipo de hechos en una compa\u00f1\u00eda s\u00f3lida y que no tiene ning\u00fan problema financiero, me merezco m\u00e1s, por esa raz\u00f3n luchar\u00e9 y llegar\u00e9 a las \u00faltimas consecuencias, solo me quieren dar esa cantidad, que no aceptar\u00e9, no es justo\u201d.<\/p>\n<p>Otros trabajadores indicaron que el gerente Avitia Torres ha realizado una serie de acuerdos con empresas que brindan diversos servicios en la ciudad como la recolecci\u00f3n de sus desechos, que representa para PASA ganancias de m\u00e1s de dos millones de pesos al mes adicionales al convenio que tiene con el Ayuntamiento carmelita.<\/p>\n<p><a href=\"http:\/\/tribunacampeche.com\/carmen\/2016\/05\/28\/paran-labores-los-obreros-pasa\/\" target=\"_blank\">http:\/\/tribunacampeche.com\/carmen\/2016\/05\/28\/paran-labores-los-obreros-pasa\/<\/a><\/p>\n","protected":false},"excerpt":{"rendered":"<p>M\u00e1s de 50 trabajadores de la empresa Promotora Ambiental de la Laguna (PASA) pararon labores en las primeras horas de la ma\u00f1ana de ayer, tras el cese injustificado de 16 &hellip; <a href=\"http:\/\/www.grieta.org.mx\/index.php\/2016\/05\/28\/paran-labores-los-obreros-de-pasa-campeche\/\" class=\"more-link\">Leer m\u00e1s<\/a><\/p>\n","protected":false},"author":2,"featured_media":21928,"comment_status":"closed","ping_status":"closed","sticky":false,"template":"","format":"standard","meta":{"ngg_post_thumbnail":0,"_jetpack_newsletter_access":"","_jetpack_dont_email_post_to_subs":false,"_jetpack_newsletter_tier_id":0,"_jetpack_memberships_contains_paywalled_content":false,"_jetpack_memberships_contains_paid_content":false,"footnotes":""},"categories":[123,11,80,1040],"tags":[113,163],"class_list":{"0":"post-13461","1":"post","2":"type-post","3":"status-publish","4":"format-standard","5":"has-post-thumbnail","6":"hentry","7":"category-campeche","9":"category-cintillo","10":"category-conflictos-laborales-en-campeche","11":"tag-conflictos-laborales","12":"tag-despidos","13":"entry"},"jetpack_featured_media_url":"http:\/\/www.grieta.org.mx\/wp-content\/uploads\/2018\/03\/14524434_1106112876131411_958039263622046936_o.jpg","jetpack_sharing_enabled":true,"jetpack_shortlink":"https:\/\/wp.me\/p7ZJR4-3v7","jetpack_likes_enabled":false,"jetpack-related-posts":[{"id":9598,"url":"http:\/\/www.grieta.org.mx\/index.php\/2016\/09\/10\/conflictos-laborales-en-campeche\/","url_meta":{"origin":13461,"position":0},"title":"Conflictos laborales en Campeche","author":"grieta","date":"10 septiembre, 2016","format":false,"excerpt":"10\/09\/16. Despiden a obreros de PASA por protestar (Campeche) Tribuna 09\/09\/16. Jubilados exigen pago de bonos (Campeche) Tribuna 06\/09\/16. Paran otra vez los polic\u00edas; sin bono (Campeche) Tribuna 30\/08\/16. Bloquean Planta de Nitr\u00f3geno Cantarell (Campeche) Tribuna 20\/08\/16. Paralizan labores en Cobacam (Campeche) Tribuna 12\/08\/16. Plantean demandas empleados del INAH (Campeche)\u2026","rel":"","context":"En &quot;Campeche&quot;","block_context":{"text":"Campeche","link":"http:\/\/www.grieta.org.mx\/index.php\/category\/noticias-nacionales\/campeche\/"},"img":{"alt_text":"","src":"https:\/\/i0.wp.com\/www.grieta.org.mx\/wp-content\/uploads\/2018\/03\/14524434_1106112876131411_958039263622046936_o.jpg?resize=350%2C200","width":350,"height":200,"srcset":"https:\/\/i0.wp.com\/www.grieta.org.mx\/wp-content\/uploads\/2018\/03\/14524434_1106112876131411_958039263622046936_o.jpg?resize=350%2C200 1x, https:\/\/i0.wp.com\/www.grieta.org.mx\/wp-content\/uploads\/2018\/03\/14524434_1106112876131411_958039263622046936_o.jpg?resize=525%2C300 1.5x, https:\/\/i0.wp.com\/www.grieta.org.mx\/wp-content\/uploads\/2018\/03\/14524434_1106112876131411_958039263622046936_o.jpg?resize=700%2C400 2x"},"classes":[]},{"id":21418,"url":"http:\/\/www.grieta.org.mx\/index.php\/2016\/09\/10\/despiden-a-obreros-de-pasa-por-protestar-campeche\/","url_meta":{"origin":13461,"position":1},"title":"Despiden a obreros de PASA por protestar (Campeche)","author":"grieta","date":"10 septiembre, 2016","format":false,"excerpt":"En represalia por realizar una manifestaci\u00f3n por acoso laboral, los tres empleados de la empresa Promotora Ambiental de la Laguna S.A. de C.V. (PASA), fueron despedidos injustificadamente y sin recibir ninguna indemnizaci\u00f3n. Los obreros viajaron a la capital campechana para presentar su denuncia ante la Junta Local de Conciliaci\u00f3n y\u2026","rel":"","context":"En &quot;Campeche&quot;","block_context":{"text":"Campeche","link":"http:\/\/www.grieta.org.mx\/index.php\/category\/noticias-nacionales\/campeche\/"},"img":{"alt_text":"","src":"https:\/\/i0.wp.com\/www.grieta.org.mx\/wp-content\/uploads\/2018\/03\/14524434_1106112876131411_958039263622046936_o.jpg?resize=350%2C200","width":350,"height":200,"srcset":"https:\/\/i0.wp.com\/www.grieta.org.mx\/wp-content\/uploads\/2018\/03\/14524434_1106112876131411_958039263622046936_o.jpg?resize=350%2C200 1x, https:\/\/i0.wp.com\/www.grieta.org.mx\/wp-content\/uploads\/2018\/03\/14524434_1106112876131411_958039263622046936_o.jpg?resize=525%2C300 1.5x, https:\/\/i0.wp.com\/www.grieta.org.mx\/wp-content\/uploads\/2018\/03\/14524434_1106112876131411_958039263622046936_o.jpg?resize=700%2C400 2x"},"classes":[]},{"id":21038,"url":"http:\/\/www.grieta.org.mx\/index.php\/2016\/09\/06\/paran-otra-vez-los-policias-sin-bono-campeche\/","url_meta":{"origin":13461,"position":2},"title":"Paran otra vez los polic\u00edas; sin bono  (Campeche)","author":"grieta","date":"6 septiembre, 2016","format":false,"excerpt":"Por falta de pago del bono escolar anual, los 90 polic\u00edas municipales que iniciaban guardia \u2014secundados por los otros 90 que terminaban turno\u2014, pararon labores a las 8 de la ma\u00f1ana, pero una hora despu\u00e9s se vieron obligados a trabajar ante la amenaza de castigo. Hoy les aclarar\u00edan dudas. Exigieron\u2026","rel":"","context":"En &quot;Campeche&quot;","block_context":{"text":"Campeche","link":"http:\/\/www.grieta.org.mx\/index.php\/category\/noticias-nacionales\/campeche\/"},"img":{"alt_text":"","src":"https:\/\/i0.wp.com\/www.grieta.org.mx\/wp-content\/uploads\/2018\/03\/14524434_1106112876131411_958039263622046936_o.jpg?resize=350%2C200","width":350,"height":200,"srcset":"https:\/\/i0.wp.com\/www.grieta.org.mx\/wp-content\/uploads\/2018\/03\/14524434_1106112876131411_958039263622046936_o.jpg?resize=350%2C200 1x, https:\/\/i0.wp.com\/www.grieta.org.mx\/wp-content\/uploads\/2018\/03\/14524434_1106112876131411_958039263622046936_o.jpg?resize=525%2C300 1.5x, https:\/\/i0.wp.com\/www.grieta.org.mx\/wp-content\/uploads\/2018\/03\/14524434_1106112876131411_958039263622046936_o.jpg?resize=700%2C400 2x"},"classes":[]},{"id":23903,"url":"http:\/\/www.grieta.org.mx\/index.php\/2018\/06\/20\/personal-subrogado-organiza-planton-en-hospital-de-xpujil\/","url_meta":{"origin":13461,"position":3},"title":"Personal subrogado organiza plant\u00f3n en Hospital de Xpujil","author":"grieta","date":"20 junio, 2018","format":false,"excerpt":"CALAKMUL.\u2014 Nueve trabajadores de seguridad privada y limpieza de la empresa Limpro, que prestan servicios en el Hospital de Xpujil, siguen sin recibir sus sueldos, por lo que ayer desde las 8:00 horas suspendieron labores para plantarse frente al hospital. Los quejosos manifestaron que son casi dos quincenas que les\u2026","rel":"","context":"En &quot;Campeche&quot;","block_context":{"text":"Campeche","link":"http:\/\/www.grieta.org.mx\/index.php\/category\/noticias-nacionales\/campeche\/"},"img":{"alt_text":"","src":"https:\/\/i0.wp.com\/www.grieta.org.mx\/wp-content\/uploads\/2018\/06\/XpujilJunio.png?resize=350%2C200","width":350,"height":200,"srcset":"https:\/\/i0.wp.com\/www.grieta.org.mx\/wp-content\/uploads\/2018\/06\/XpujilJunio.png?resize=350%2C200 1x, https:\/\/i0.wp.com\/www.grieta.org.mx\/wp-content\/uploads\/2018\/06\/XpujilJunio.png?resize=525%2C300 1.5x"},"classes":[]},{"id":20314,"url":"http:\/\/www.grieta.org.mx\/index.php\/2016\/08\/20\/paralizan-labores-en-cobacam-campeche\/","url_meta":{"origin":13461,"position":4},"title":"Paralizan labores en Cobacam  (Campeche)","author":"grieta","date":"20 agosto, 2016","format":false,"excerpt":"CALKIN\u00cd.- Docentes del Colegio de Bachilleres del Estado de Campeche (Cobacam) plantel 13, se declararon en paro de labores de 07:00 a 20:00 horas de ayer como medida de presi\u00f3n contra la Direcci\u00f3n General, al no cumplir con acuerdos ni respetar los contratos de los trabajadores. Por tal motivo los\u2026","rel":"","context":"En &quot;Campeche&quot;","block_context":{"text":"Campeche","link":"http:\/\/www.grieta.org.mx\/index.php\/category\/noticias-nacionales\/campeche\/"},"img":{"alt_text":"","src":"https:\/\/i0.wp.com\/www.grieta.org.mx\/wp-content\/uploads\/2018\/03\/14524434_1106112876131411_958039263622046936_o.jpg?resize=350%2C200","width":350,"height":200,"srcset":"https:\/\/i0.wp.com\/www.grieta.org.mx\/wp-content\/uploads\/2018\/03\/14524434_1106112876131411_958039263622046936_o.jpg?resize=350%2C200 1x, https:\/\/i0.wp.com\/www.grieta.org.mx\/wp-content\/uploads\/2018\/03\/14524434_1106112876131411_958039263622046936_o.jpg?resize=525%2C300 1.5x, https:\/\/i0.wp.com\/www.grieta.org.mx\/wp-content\/uploads\/2018\/03\/14524434_1106112876131411_958039263622046936_o.jpg?resize=700%2C400 2x"},"classes":[]},{"id":19405,"url":"http:\/\/www.grieta.org.mx\/index.php\/2016\/08\/12\/plantean-demandas-empleados-del-inah-campeche\/","url_meta":{"origin":13461,"position":5},"title":"Plantean demandas empleados del INAH (Campeche)","author":"grieta","date":"12 agosto, 2016","format":false,"excerpt":"Como muestra de apoyo que a nivel nacional exige se respeten los derechos de los agremiados al Sindicato Nacional Democr\u00e1tico de Trabajadores de la Secretar\u00eda de Cultura (SNDTSC), algunos empleados se manifestaron pac\u00edficamente en las puertas del Instituto Nacional de Antropolog\u00eda e Historia (INAH), donde pidieron la regularizaci\u00f3n de promociones\u2026","rel":"","context":"En &quot;campeche&quot;","block_context":{"text":"campeche","link":"http:\/\/www.grieta.org.mx\/index.php\/category\/campeche\/"},"img":{"alt_text":"","src":"https:\/\/i0.wp.com\/www.grieta.org.mx\/wp-content\/uploads\/2018\/03\/14524434_1106112876131411_958039263622046936_o.jpg?resize=350%2C200","width":350,"height":200,"srcset":"https:\/\/i0.wp.com\/www.grieta.org.mx\/wp-content\/uploads\/2018\/03\/14524434_1106112876131411_958039263622046936_o.jpg?resize=350%2C200 1x, https:\/\/i0.wp.com\/www.grieta.org.mx\/wp-content\/uploads\/2018\/03\/14524434_1106112876131411_958039263622046936_o.jpg?resize=525%2C300 1.5x, https:\/\/i0.wp.com\/www.grieta.org.mx\/wp-content\/uploads\/2018\/03\/14524434_1106112876131411_958039263622046936_o.jpg?resize=700%2C400 2x"},"classes":[]}],"_links":{"self":[{"href":"http:\/\/www.grieta.org.mx\/index.php\/wp-json\/wp\/v2\/posts\/13461","targetHints":{"allow":["GET"]}}],"collection":[{"href":"http:\/\/www.grieta.org.mx\/index.php\/wp-json\/wp\/v2\/posts"}],"about":[{"href":"http:\/\/www.grieta.org.mx\/index.php\/wp-json\/wp\/v2\/types\/post"}],"author":[{"embeddable":true,"href":"http:\/\/www.grieta.org.mx\/index.php\/wp-json\/wp\/v2\/users\/2"}],"replies":[{"embeddable":true,"href":"http:\/\/www.grieta.org.mx\/index.php\/wp-json\/wp\/v2\/comments?post=13461"}],"version-history":[{"count":1,"href":"http:\/\/www.grieta.org.mx\/index.php\/wp-json\/wp\/v2\/posts\/13461\/revisions"}],"predecessor-version":[{"id":13462,"href":"http:\/\/www.grieta.org.mx\/index.php\/wp-json\/wp\/v2\/posts\/13461\/revisions\/13462"}],"wp:featuredmedia":[{"embeddable":true,"href":"http:\/\/www.grieta.org.mx\/index.php\/wp-json\/wp\/v2\/media\/21928"}],"wp:attachment":[{"href":"http:\/\/www.grieta.org.mx\/index.php\/wp-json\/wp\/v2\/media?parent=13461"}],"wp:term":[{"taxonomy":"category","embeddable":true,"href":"http:\/\/www.grieta.org.mx\/index.php\/wp-json\/wp\/v2\/categories?post=13461"},{"taxonomy":"post_tag","embeddable":true,"href":"http:\/\/www.grieta.org.mx\/index.php\/wp-json\/wp\/v2\/tags?post=13461"}],"curies":[{"name":"wp","href":"https:\/\/api.w.org\/{rel}","templated":true}]}}