{"id":13434,"date":"2016-05-25T03:56:26","date_gmt":"2016-05-25T03:56:26","guid":{"rendered":"http:\/\/www.grieta.org.mx\/?p=13434"},"modified":"2016-06-02T04:13:02","modified_gmt":"2016-06-02T04:13:02","slug":"poliducto-de-hep-en-nl-con-alta-demanda","status":"publish","type":"post","link":"http:\/\/www.grieta.org.mx\/index.php\/2016\/05\/25\/poliducto-de-hep-en-nl-con-alta-demanda\/","title":{"rendered":"Poliducto de HEP en NL, con alta demanda"},"content":{"rendered":"<p>SONIA CORONADO<\/p>\n<p><img decoding=\"async\" data-attachment-id=\"13438\" data-permalink=\"http:\/\/www.grieta.org.mx\/index.php\/2016\/05\/25\/poliducto-de-hep-en-nl-con-alta-demanda\/5745cf4675708\/\" data-orig-file=\"http:\/\/www.grieta.org.mx\/wp-content\/uploads\/2016\/06\/5745cf4675708.jpg\" data-orig-size=\"454,300\" data-comments-opened=\"0\" data-image-meta=\"{&quot;aperture&quot;:&quot;0&quot;,&quot;credit&quot;:&quot;&quot;,&quot;camera&quot;:&quot;&quot;,&quot;caption&quot;:&quot;&quot;,&quot;created_timestamp&quot;:&quot;0&quot;,&quot;copyright&quot;:&quot;&quot;,&quot;focal_length&quot;:&quot;0&quot;,&quot;iso&quot;:&quot;0&quot;,&quot;shutter_speed&quot;:&quot;0&quot;,&quot;title&quot;:&quot;&quot;,&quot;orientation&quot;:&quot;0&quot;}\" data-image-title=\"5745cf4675708\" data-image-description=\"\" data-image-caption=\"\" data-medium-file=\"http:\/\/www.grieta.org.mx\/wp-content\/uploads\/2016\/06\/5745cf4675708-300x198.jpg\" data-large-file=\"http:\/\/www.grieta.org.mx\/wp-content\/uploads\/2016\/06\/5745cf4675708.jpg\" src=\"http:\/\/www.grieta.org.mx\/wp-content\/uploads\/2016\/06\/5745cf4675708.jpg\" alt=\"5745cf4675708\" width=\"100%\" class=\"aligncenter size-full wp-image-13438\" srcset=\"http:\/\/www.grieta.org.mx\/wp-content\/uploads\/2016\/06\/5745cf4675708.jpg 454w, http:\/\/www.grieta.org.mx\/wp-content\/uploads\/2016\/06\/5745cf4675708-300x198.jpg 300w\" sizes=\"(max-width: 454px) 100vw, 454px\" \/><\/p>\n<p>DIMENSI\u00d3N. Est\u00e1 integrado por el Poliducto Frontera, que se proyecta del cruce internacional hasta una terminal de almacenamiento en Nuevo Le\u00f3n.<\/p>\n<p>El inter\u00e9s mostrado por las compa\u00f1\u00edas durante la temporada abierta que realiz\u00f3 Howard Midstream Energy Partners para el poliducto Dos \u00c1guilas, valida la necesidad del proyecto, asegur\u00f3 Mike Howard, director ejecutivo y presidente de Howard Energy Partners (HEP).<\/p>\n<p>La compa\u00f1\u00eda construir\u00e1 desde Corpus Christi, Texas, hasta Santa Catarina, Nuevo Le\u00f3n un sistema de acceso abierto para la prestaci\u00f3n de servicios de transporte por ducto de petrol\u00edferos en M\u00e9xico, motivo por el que realiz\u00f3 del 25 de abril al 23 de mayo una subasta p\u00fablica.<\/p>\n<p>\u201cLa respuesta que recibimos por parte de los clientes durante la subasta p\u00fablica excedi\u00f3 nuestras expectativas. Valida la necesidad del proyecto y confirma la filosof\u00eda de Howard Energy: de que lo que es bueno para M\u00e9xico es bueno para el sur de Texas\u201d, coment\u00f3 el directivo.<\/p>\n<p>Agreg\u00f3 que \u201cDos \u00c1guilas se ha estado desarrollando durante un largo per\u00edodo. Es el resultado de a\u00f1os de desarrollo de relaciones y an\u00e1lisis del mercado\u201d.<\/p>\n<p>El poliducto tendr\u00e1 una extensi\u00f3n total aproximada de 218 kil\u00f3metros de punto a punto y est\u00e1 integrados por el Poliducto Frontera, que se proyecta del cruce internacional hasta una terminal de almacenamiento en Nuevo Laredo, Tamaulipas cuya longitud ser\u00e1 de 20 kil\u00f3metros; mientras que el tramo del Poliducto del Norte concluye en la terminal de almacenamiento en Santa Catarina, Nuevo Le\u00f3n, y tendr\u00e1 una la extensi\u00f3n estimada de 198 kil\u00f3metros.<\/p>\n<p>\u201cHoward Midstream Energy Partners, LLC anunci\u00f3 que su subsidiaria, Dos \u00c1guilas Pipeline, LLC, complet\u00f3 una subasta p\u00fablica exitosa para el proyecto Dos \u00c1guilas, donde recibi\u00f3 inter\u00e9s m\u00e1s que suficiente por parte de los clientes para continuar con el proyecto tal y como estaba planificado\u201d, detall\u00f3 la firma en un documento.<\/p>\n<p>TRANSPORTE DE ENERG\u00c9TICOS<br \/>\nEl poliducto podr\u00e1 transportar gasolina, di\u00e9sel ultra bajo azufre y turbosina desde las refiner\u00edas que la empresa tiene en Corpus Christi, Texas.<\/p>\n<p>Con la subasta p\u00fablica o temporada abierta se busca asegurar compromisos de volumen para los oleoductos, para transportar productos refinados, se\u00f1al\u00f3 la empresa.<\/p>\n<p>\u201cSimult\u00e1neamente, Dos \u00c1guilas Pipeline llev\u00f3 a cabo subastas p\u00fablicas consecuentes con las pol\u00edticas de la Comisi\u00f3n Federal Reguladora de Energ\u00eda (Federal Energy Regulatory Commission, FERC) que se aplica a los oleoductos vinculados a Estados Unidos; (los poliductos) Border Express y Borrego, donde se ofrecieron solicitudes de servicio para transportar productos refinados desde las refiner\u00edas de Corpus Christi hasta Laredo, Texas, y el Cruce de Frontera Internacional\u201d, explica la empresa.<\/p>\n<p>En M\u00e9xico, Howard Energy Partners (HEP) planea invertir entre mil y mil 200 millones de d\u00f3lares en los pr\u00f3ximos dos a\u00f1os, para transportar a la zona norte del pa\u00eds, gas natural, gasolina, di\u00e9sel y turbosina desde Estados Unidos.<\/p>\n<p>En Dos \u00c1guilas proyecta inyectar alrededor de 500 millones de d\u00f3lares, el resto ser\u00e1 para el gasoducto denominado Nueva Era, que construyen junto con el grupo regiomontano Clisa desde el condado de Webb en Texas hasta Escobedo, Nuevo Le\u00f3n.<\/p>\n<p>El poliducto est\u00e1 al pendiente de todas las aprobaciones gubernamentales, \u201cel proyecto avanza seg\u00fan el cronograma previsto para que est\u00e9 en servicio en el primer semestre de 2018\u201d. <\/p>\n<p><a href=\"http:\/\/www.elfinanciero.com.mx\/monterrey\/poliducto-de-hep-en-nl-con-alta-demanda.html\" target=\"_blank\">http:\/\/www.elfinanciero.com.mx\/monterrey\/poliducto-de-hep-en-nl-con-alta-demanda.html<\/a><\/p>\n","protected":false},"excerpt":{"rendered":"<p>SONIA CORONADO DIMENSI\u00d3N. Est\u00e1 integrado por el Poliducto Frontera, que se proyecta del cruce internacional hasta una terminal de almacenamiento en Nuevo Le\u00f3n. El inter\u00e9s mostrado por las compa\u00f1\u00edas durante &hellip; <a href=\"http:\/\/www.grieta.org.mx\/index.php\/2016\/05\/25\/poliducto-de-hep-en-nl-con-alta-demanda\/\" class=\"more-link\">Leer m\u00e1s<\/a><\/p>\n","protected":false},"author":2,"featured_media":21928,"comment_status":"closed","ping_status":"closed","sticky":false,"template":"","format":"standard","meta":{"ngg_post_thumbnail":0,"_jetpack_newsletter_access":"","_jetpack_dont_email_post_to_subs":false,"_jetpack_newsletter_tier_id":0,"_jetpack_memberships_contains_paywalled_content":false,"_jetpack_memberships_contains_paid_content":false,"footnotes":""},"categories":[80,7,202],"tags":[364],"class_list":["post-13434","post","type-post","status-publish","format-standard","has-post-thumbnail","hentry","category-cintillo","category-hidrocarburos","category-nuevo-leon","tag-monterr","entry"],"jetpack_featured_media_url":"http:\/\/www.grieta.org.mx\/wp-content\/uploads\/2018\/03\/14524434_1106112876131411_958039263622046936_o.jpg","jetpack_sharing_enabled":true,"jetpack_shortlink":"https:\/\/wp.me\/p7ZJR4-3uG","jetpack_likes_enabled":false,"jetpack-related-posts":[{"id":4407,"url":"http:\/\/www.grieta.org.mx\/index.php\/2016\/05\/30\/plan-de-gasoductos-para-el-noreste-del-pais\/","url_meta":{"origin":13434,"position":0},"title":"Plan de gasoductos para el noreste del pa\u00eds","author":"grieta","date":"30 mayo, 2016","format":false,"excerpt":"25\/05\/16. Poliducto de HEP en NL, con alta demandaEl Financiero 14\/10\/15. Nuevo plan de gasoductos considera continuaci\u00f3n de Los Ramones El Financiero 12\/10\/15. Gas llegar\u00eda en diciembre a regi\u00f3n citr\u00edcola El Financiero","rel":"","context":"En &quot;NOTICIAS NACIONALES&quot;","block_context":{"text":"NOTICIAS NACIONALES","link":"http:\/\/www.grieta.org.mx\/index.php\/category\/noticias-nacionales\/"},"img":{"alt_text":"","src":"https:\/\/i0.wp.com\/www.grieta.org.mx\/wp-content\/uploads\/2018\/03\/14524434_1106112876131411_958039263622046936_o.jpg?resize=350%2C200","width":350,"height":200,"srcset":"https:\/\/i0.wp.com\/www.grieta.org.mx\/wp-content\/uploads\/2018\/03\/14524434_1106112876131411_958039263622046936_o.jpg?resize=350%2C200 1x, https:\/\/i0.wp.com\/www.grieta.org.mx\/wp-content\/uploads\/2018\/03\/14524434_1106112876131411_958039263622046936_o.jpg?resize=525%2C300 1.5x, https:\/\/i0.wp.com\/www.grieta.org.mx\/wp-content\/uploads\/2018\/03\/14524434_1106112876131411_958039263622046936_o.jpg?resize=700%2C400 2x"},"classes":[]},{"id":23243,"url":"http:\/\/www.grieta.org.mx\/index.php\/2018\/05\/14\/con-familia-salinas-transcanada-hara-poliducto-en-sierra-norte-puebla\/","url_meta":{"origin":13434,"position":1},"title":"Con familia Salinas, TransCanada har\u00e1 poliducto en Sierra Norte (Puebla)","author":"grieta","date":"14 mayo, 2018","format":false,"excerpt":"Por Leticia \u00c1nimas Vargas, Municipios Puebla Huauchinango, Pue.- La empresa TransCanada en sociedad con Sierra Oil & Gas \u2013empresa ligada a la familia pol\u00edtica del expresidente Carlos Salinas de Gortari- y TMM, pretende construir un nuevo poliducto de m\u00e1s de 260 kil\u00f3metros de longitud para el transporte de hidrocarburos. El\u2026","rel":"","context":"En &quot;Lucha contra el gasoducto Tuxpan-Tula (Veracruz, Hidalgo y Puebla)&quot;","block_context":{"text":"Lucha contra el gasoducto Tuxpan-Tula (Veracruz, Hidalgo y Puebla)","link":"http:\/\/www.grieta.org.mx\/index.php\/category\/noticias-nacionales\/puebla\/megaproyectos-de-hidrocarburos-en-puebla\/"},"img":{"alt_text":"","src":"https:\/\/i0.wp.com\/www.grieta.org.mx\/wp-content\/uploads\/2018\/05\/poliductoconstruccion.jpg?resize=350%2C200","width":350,"height":200,"srcset":"https:\/\/i0.wp.com\/www.grieta.org.mx\/wp-content\/uploads\/2018\/05\/poliductoconstruccion.jpg?resize=350%2C200 1x, https:\/\/i0.wp.com\/www.grieta.org.mx\/wp-content\/uploads\/2018\/05\/poliductoconstruccion.jpg?resize=525%2C300 1.5x"},"classes":[]},{"id":28550,"url":"http:\/\/www.grieta.org.mx\/index.php\/2019\/01\/22\/acusan-a-el-bronco-de-violar-derechos-nuevo-leon\/","url_meta":{"origin":13434,"position":2},"title":"Acusan a &#8216;El Bronco&#8217; de violar derechos (Nuevo Le\u00f3n)","author":"grieta","date":"22 enero, 2019","format":false,"excerpt":"Posta NUEVO LE\u00d3N.- Despu\u00e9s del arresto que se realiz\u00f3 a los integrantes de \u00danete Pueblo, su dirigente Roc\u00edo Montalvo manifest\u00f3 que fue una violaci\u00f3n a los derechos de quienes se encontraban en plant\u00f3n en el interior del Palacio de Gobierno. Ante las declaraciones del Secretario de Seguridad, Aldo Fasci, respecto\u2026","rel":"","context":"En &quot;CINTILLO&quot;","block_context":{"text":"CINTILLO","link":"http:\/\/www.grieta.org.mx\/index.php\/category\/cintillo\/"},"img":{"alt_text":"","src":"https:\/\/i0.wp.com\/www.grieta.org.mx\/wp-content\/uploads\/2019\/01\/Acusan-a-El-Bronco-de-violar-derechos.jpg?resize=350%2C200","width":350,"height":200},"classes":[]},{"id":32852,"url":"http:\/\/www.grieta.org.mx\/index.php\/2019\/04\/30\/exigen-a-bronco-solucion-tras-desalojo-nuevo-leon\/","url_meta":{"origin":13434,"position":3},"title":"Exigen a &#8216;Bronco&#8217; soluci\u00f3n tras desalojo (Nuevo Le\u00f3n)","author":"grieta","date":"30 abril, 2019","format":false,"excerpt":"Missael D\u00e1vila \/ abcnoticias Exhabitantes del ejido \"El Capricho\" se\u00f1alaron al Gobernador que fueron v\u00edctimas de violaciones en sus derechos Santa Catarina.- Un grupo de al menos 15 exhabitantes del ejido \"El Capricho\" interceptaron al gobernador de Nuevo Le\u00f3n, Jaime Rodr\u00edguez, para exigirle una audiencia. Los hechos se registraron en\u2026","rel":"","context":"En &quot;CINTILLO&quot;","block_context":{"text":"CINTILLO","link":"http:\/\/www.grieta.org.mx\/index.php\/category\/cintillo\/"},"img":{"alt_text":"","src":"https:\/\/i0.wp.com\/www.grieta.org.mx\/wp-content\/uploads\/2019\/05\/Exigen-a-Bronco-soluci%C3%B3n-tras-desalojo-nl-may.jpg?resize=350%2C200","width":350,"height":200},"classes":[]},{"id":48951,"url":"http:\/\/www.grieta.org.mx\/index.php\/2020\/05\/10\/protestan-en-redes-por-desaparecidos-de-nuevo-leon\/","url_meta":{"origin":13434,"position":4},"title":"Protestan en redes por desaparecidos de Nuevo Le\u00f3n","author":"grieta","date":"10 mayo, 2020","format":false,"excerpt":"Ante la contingencia por el covid-19, FUNDENL realiz\u00f3 una \u201cmarcha\u201d en redes sociales exigiendo al Gobierno del Estado no parar con la b\u00fasqueda de las personas desaparecidas. Kevin Recio\/ MILENIO La organizaci\u00f3n no gubernamental Fuerzas Unidas por Nuestros Desaparecidos en Nuevo Le\u00f3n, (FUNDENL) \u201cmarch\u00f3\u201d en redes sociales exigiendo al Estado\u2026","rel":"","context":"En &quot;CINTILLO&quot;","block_context":{"text":"CINTILLO","link":"http:\/\/www.grieta.org.mx\/index.php\/category\/cintillo\/"},"img":{"alt_text":"","src":"https:\/\/i0.wp.com\/www.grieta.org.mx\/wp-content\/uploads\/2020\/05\/desaparecidos-archivos.jpg?resize=350%2C200","width":350,"height":200,"srcset":"https:\/\/i0.wp.com\/www.grieta.org.mx\/wp-content\/uploads\/2020\/05\/desaparecidos-archivos.jpg?resize=350%2C200 1x, https:\/\/i0.wp.com\/www.grieta.org.mx\/wp-content\/uploads\/2020\/05\/desaparecidos-archivos.jpg?resize=525%2C300 1.5x, https:\/\/i0.wp.com\/www.grieta.org.mx\/wp-content\/uploads\/2020\/05\/desaparecidos-archivos.jpg?resize=700%2C400 2x"},"classes":[]},{"id":17070,"url":"http:\/\/www.grieta.org.mx\/index.php\/2016\/07\/07\/detienen-a-lider-de-maestros-de-nuevo-leon-lo-acusan-de-desviar-35-millones-de-pesos\/","url_meta":{"origin":13434,"position":5},"title":"Detienen a l\u00edder de maestros de Nuevo Le\u00f3n, lo acusan de desviar 35 millones de pesos","author":"grieta","date":"7 julio, 2016","format":false,"excerpt":"La aprehensi\u00f3n del l\u00edder del magisterio se realiz\u00f3 la tarde de \u00e9ste jueves, a las afueras de las instalaciones del SNTE, localizadas sobre la calle Washington, frente a la Alameda Mariano Escobedo. Monterrey, Nuevo Le\u00f3n.- Cuando sal\u00eda de las instalaciones de la sede magisterial, el l\u00edder de la Secci\u00f3n 50\u2026","rel":"","context":"En &quot;CINTILLO&quot;","block_context":{"text":"CINTILLO","link":"http:\/\/www.grieta.org.mx\/index.php\/category\/cintillo\/"},"img":{"alt_text":"","src":"https:\/\/i0.wp.com\/www.grieta.org.mx\/wp-content\/uploads\/2018\/03\/14524434_1106112876131411_958039263622046936_o.jpg?resize=350%2C200","width":350,"height":200,"srcset":"https:\/\/i0.wp.com\/www.grieta.org.mx\/wp-content\/uploads\/2018\/03\/14524434_1106112876131411_958039263622046936_o.jpg?resize=350%2C200 1x, https:\/\/i0.wp.com\/www.grieta.org.mx\/wp-content\/uploads\/2018\/03\/14524434_1106112876131411_958039263622046936_o.jpg?resize=525%2C300 1.5x, https:\/\/i0.wp.com\/www.grieta.org.mx\/wp-content\/uploads\/2018\/03\/14524434_1106112876131411_958039263622046936_o.jpg?resize=700%2C400 2x"},"classes":[]}],"_links":{"self":[{"href":"http:\/\/www.grieta.org.mx\/index.php\/wp-json\/wp\/v2\/posts\/13434","targetHints":{"allow":["GET"]}}],"collection":[{"href":"http:\/\/www.grieta.org.mx\/index.php\/wp-json\/wp\/v2\/posts"}],"about":[{"href":"http:\/\/www.grieta.org.mx\/index.php\/wp-json\/wp\/v2\/types\/post"}],"author":[{"embeddable":true,"href":"http:\/\/www.grieta.org.mx\/index.php\/wp-json\/wp\/v2\/users\/2"}],"replies":[{"embeddable":true,"href":"http:\/\/www.grieta.org.mx\/index.php\/wp-json\/wp\/v2\/comments?post=13434"}],"version-history":[{"count":1,"href":"http:\/\/www.grieta.org.mx\/index.php\/wp-json\/wp\/v2\/posts\/13434\/revisions"}],"predecessor-version":[{"id":13439,"href":"http:\/\/www.grieta.org.mx\/index.php\/wp-json\/wp\/v2\/posts\/13434\/revisions\/13439"}],"wp:featuredmedia":[{"embeddable":true,"href":"http:\/\/www.grieta.org.mx\/index.php\/wp-json\/wp\/v2\/media\/21928"}],"wp:attachment":[{"href":"http:\/\/www.grieta.org.mx\/index.php\/wp-json\/wp\/v2\/media?parent=13434"}],"wp:term":[{"taxonomy":"category","embeddable":true,"href":"http:\/\/www.grieta.org.mx\/index.php\/wp-json\/wp\/v2\/categories?post=13434"},{"taxonomy":"post_tag","embeddable":true,"href":"http:\/\/www.grieta.org.mx\/index.php\/wp-json\/wp\/v2\/tags?post=13434"}],"curies":[{"name":"wp","href":"https:\/\/api.w.org\/{rel}","templated":true}]}}