{"id":13428,"date":"2016-06-01T22:30:18","date_gmt":"2016-06-01T22:30:18","guid":{"rendered":"http:\/\/www.grieta.org.mx\/?p=13428"},"modified":"2018-06-17T00:54:00","modified_gmt":"2018-06-17T05:54:00","slug":"cnte-bloquea-carreteras-en-oaxaca","status":"publish","type":"post","link":"http:\/\/www.grieta.org.mx\/index.php\/2016\/06\/01\/cnte-bloquea-carreteras-en-oaxaca\/","title":{"rendered":"CNTE bloquea carreteras en Oaxaca"},"content":{"rendered":"<p>La Silla Rota.<\/p>\n<p>Alondra Olvera, Oaxaca.<\/p>\n<p>Oaxaca, M\u00e9xico.- Con el secuestro de unidades repartidoras de empresas transnacionales y de carga, maestros de la Secci\u00f3n 22 de la CNTE hicieron caso omiso al llamado del gobierno del Estado e iniciaron bloqueos carreteros que dan acceso y salida a la capital oaxaque\u00f1a.<\/p>\n<p>Los docentes que se mantiene en paro de labores y en plant\u00f3n en el Z\u00f3calo de la ciudad, obstaculizan el paso en la carretera federal 190 a la altura del crucero de Hacienda Blanca y en el entronque a Santa Mar\u00eda el Tule, as\u00ed como en la carretera federal 170 en el crucero del aeropuerto internacional Benito Ju\u00e1rez.<\/p>\n<p>Adem\u00e1s mantiene la toma del Instituto Estatal de Educaci\u00f3n P\u00fablica de Oaxaca y la delegaci\u00f3n de la Secretar\u00eda de Educaci\u00f3n P\u00fablica, como medida de protesta y presi\u00f3n para exigir la instalaci\u00f3n de la mesa de di\u00e1logo con las autoridades federales y estatales.<\/p>\n<p>Ayer, el gobernador del estado, Gabino Cu\u00e9 asegur\u00f3 que el grupo de docentes que se movilizaron en Oaxaca no rebasa los dos mil y mientras mantengan una postura radical no habr\u00e1 mesa de trabajo y se seguir\u00e1n aplicando los descuentos como bajas para quienes acumulen las cuatro faltas.<\/p>\n<p>Es ete mi\u00e9rcoles, en claro desaf\u00edo los mentores volvieron a accionar y generan el caos en los distintos puntos carreteros que bloquear\u00e1n por lo menos durante ocho horas contin\u00faas.<\/p>\n<p>En el crucero del aeropuerto un grupo de encapuchados se mantiene hostigando a transe\u00fantes, mientras que impiden la labor de los medios de comunicaci\u00f3n para evitar la impresi\u00f3n de fotograf\u00edas o grabar videos.<\/p>\n<p>La Comisi\u00f3n Pol\u00edtica de la gremial advirti\u00f3 que las movilizaciones van a continuar por la cerraz\u00f3n que han mostrado al di\u00e1logo e incluso no descartan acci\u00f3n es durante la jornada electoral.<\/p>\n<p><a href=\"http:\/\/lasillarota.com\/cnte-bloquea-carreteras-en-oaxaca#.V0-tF_nhBdh\" target=\"_blank\" rel=\"noopener\">http:\/\/lasillarota.com\/cnte-bloquea-carreteras-en-oaxaca#.V0-tF_nhBdh<\/a><\/p>\n","protected":false},"excerpt":{"rendered":"<p>La Silla Rota. Alondra Olvera, Oaxaca. Oaxaca, M\u00e9xico.- Con el secuestro de unidades repartidoras de empresas transnacionales y de carga, maestros de la Secci\u00f3n 22 de la CNTE hicieron caso &hellip; <a href=\"http:\/\/www.grieta.org.mx\/index.php\/2016\/06\/01\/cnte-bloquea-carreteras-en-oaxaca\/\" class=\"more-link\">Leer m\u00e1s<\/a><\/p>\n","protected":false},"author":2,"featured_media":21928,"comment_status":"closed","ping_status":"closed","sticky":false,"template":"","format":"standard","meta":{"ngg_post_thumbnail":0,"_jetpack_newsletter_access":"","_jetpack_dont_email_post_to_subs":false,"_jetpack_newsletter_tier_id":0,"_jetpack_memberships_contains_paywalled_content":false,"_jetpack_memberships_contains_paid_content":false,"footnotes":""},"categories":[80,1341,2,25],"tags":[133,93,180,135],"class_list":["post-13428","post","type-post","status-publish","format-standard","has-post-thumbnail","hentry","category-cintillo","category-movilizaciones-contra-la-reforma-educativa-y-evaluacion-magisterial-en-oaxaca","category-noticias-nacionales","category-oaxaca","tag-maestros","tag-oaxaca","tag-protesta","tag-reforma-educativa","entry"],"jetpack_featured_media_url":"http:\/\/www.grieta.org.mx\/wp-content\/uploads\/2018\/03\/14524434_1106112876131411_958039263622046936_o.jpg","jetpack_sharing_enabled":true,"jetpack_shortlink":"https:\/\/wp.me\/p7ZJR4-3uA","jetpack_likes_enabled":false,"jetpack-related-posts":[{"id":18699,"url":"http:\/\/www.grieta.org.mx\/index.php\/2016\/08\/02\/maestros-de-la-cnte-oaxaca-realizan-bloqueo-en-hacienda-blanca\/","url_meta":{"origin":13428,"position":0},"title":"Maestros de la CNTE Oaxaca realizan bloqueo en Hacienda Blanca","author":"grieta","date":"2 agosto, 2016","format":false,"excerpt":"Redacci\u00f3n e-Oaxaca Oaxaca.- Maestros de la secci\u00f3n 22 de la CNTE de Oaxaca, de nueva cuenta salen a las calles de protestar. Este d\u00eda, los maestros de la regi\u00f3n de la Cuenca, Istmo, Ca\u00f1ada y Sierra, tomaron la sede el Instituto Estatal de Educaci\u00f3n P\u00fablica de Oaxaca (IEEPO). En tanto,\u2026","rel":"","context":"En &quot;CINTILLO&quot;","block_context":{"text":"CINTILLO","link":"http:\/\/www.grieta.org.mx\/index.php\/category\/cintillo\/"},"img":{"alt_text":"","src":"https:\/\/i0.wp.com\/www.grieta.org.mx\/wp-content\/uploads\/2018\/03\/14524434_1106112876131411_958039263622046936_o.jpg?resize=350%2C200","width":350,"height":200,"srcset":"https:\/\/i0.wp.com\/www.grieta.org.mx\/wp-content\/uploads\/2018\/03\/14524434_1106112876131411_958039263622046936_o.jpg?resize=350%2C200 1x, https:\/\/i0.wp.com\/www.grieta.org.mx\/wp-content\/uploads\/2018\/03\/14524434_1106112876131411_958039263622046936_o.jpg?resize=525%2C300 1.5x, https:\/\/i0.wp.com\/www.grieta.org.mx\/wp-content\/uploads\/2018\/03\/14524434_1106112876131411_958039263622046936_o.jpg?resize=700%2C400 2x"},"classes":[]},{"id":14736,"url":"http:\/\/www.grieta.org.mx\/index.php\/2016\/06\/20\/marcha-la-cnte-en-tlaxcala-por-violencia-en-oaxaca\/","url_meta":{"origin":13428,"position":1},"title":"Marcha la CNTE en Tlaxcala por violencia en Oaxaca","author":"grieta","date":"20 junio, 2016","format":false,"excerpt":"Se manifiestan integrantes de la CNTE en repudio a los hechos violentos ocurridos en Oaxaca este domingo que dejaron como saldo seis muertos, los manifestantes, en su mayor\u00eda mujeres, causan problemas de circulaci\u00f3n vehicular en el Centro Hist\u00f3rico de Tlaxcala. La CNTE y los integrantes del Movimiento Magisterial Tlaxcalteca y\u2026","rel":"","context":"En &quot;CINTILLO&quot;","block_context":{"text":"CINTILLO","link":"http:\/\/www.grieta.org.mx\/index.php\/category\/cintillo\/"},"img":{"alt_text":"","src":"https:\/\/i0.wp.com\/www.grieta.org.mx\/wp-content\/uploads\/2018\/03\/14524434_1106112876131411_958039263622046936_o.jpg?resize=350%2C200","width":350,"height":200,"srcset":"https:\/\/i0.wp.com\/www.grieta.org.mx\/wp-content\/uploads\/2018\/03\/14524434_1106112876131411_958039263622046936_o.jpg?resize=350%2C200 1x, https:\/\/i0.wp.com\/www.grieta.org.mx\/wp-content\/uploads\/2018\/03\/14524434_1106112876131411_958039263622046936_o.jpg?resize=525%2C300 1.5x, https:\/\/i0.wp.com\/www.grieta.org.mx\/wp-content\/uploads\/2018\/03\/14524434_1106112876131411_958039263622046936_o.jpg?resize=700%2C400 2x"},"classes":[]},{"id":15194,"url":"http:\/\/www.grieta.org.mx\/index.php\/2016\/06\/20\/marchan-cnte-en-puebla-para-exigir-paz-en-oaxaca\/","url_meta":{"origin":13428,"position":2},"title":"Marchan CNTE en Puebla para exigir paz en Oaxaca","author":"grieta","date":"20 junio, 2016","format":false,"excerpt":"Por Luis Alberto Cata\u00f1o R. Miembros de la Coordinadora Nacional de Trabajadores de la Educaci\u00f3n (CNTE), marcharon esta tarde por las calles del Centro Hist\u00f3rico condenando los hechos de ayer en Nochixtl\u00e1n, Oaxaca, donde ocho personas murieron en los enfrentamientos con la polic\u00eda federal durante una manifestaci\u00f3n en repudio a\u2026","rel":"","context":"En &quot;CINTILLO&quot;","block_context":{"text":"CINTILLO","link":"http:\/\/www.grieta.org.mx\/index.php\/category\/cintillo\/"},"img":{"alt_text":"","src":"https:\/\/i0.wp.com\/www.grieta.org.mx\/wp-content\/uploads\/2016\/06\/w704-12.jpg?resize=350%2C200","width":350,"height":200,"srcset":"https:\/\/i0.wp.com\/www.grieta.org.mx\/wp-content\/uploads\/2016\/06\/w704-12.jpg?resize=350%2C200 1x, https:\/\/i0.wp.com\/www.grieta.org.mx\/wp-content\/uploads\/2016\/06\/w704-12.jpg?resize=525%2C300 1.5x, https:\/\/i0.wp.com\/www.grieta.org.mx\/wp-content\/uploads\/2016\/06\/w704-12.jpg?resize=700%2C400 2x"},"classes":[]},{"id":20243,"url":"http:\/\/www.grieta.org.mx\/index.php\/2016\/08\/23\/reactiva-seccion-22-bloqueos-carreteros-en-oaxaca-entre-ellos-crucero-al-aeropuerto-internacional\/","url_meta":{"origin":13428,"position":3},"title":"Reactiva Secci\u00f3n 22 bloqueos carreteros en Oaxaca; entre ellos, crucero al aeropuerto internacional","author":"grieta","date":"23 agosto, 2016","format":false,"excerpt":"Pedro Mat\u00edas, Oaxaca. OAXACA, Oax. (pagina3.mx).- Por lo menos 25 bloqueos carreteros reactiv\u00f3 la Secci\u00f3n 22 del Sindicato Nacional de Trabajadores de la Educaci\u00f3n (SNTE-CNTE) en la entidad para exigir al gobierno de Enrique Pe\u00f1a Nieto la abrogaci\u00f3n de la Reforma Educativa, la libertad de presos pol\u00edticos y justicia para\u2026","rel":"","context":"En &quot;CINTILLO&quot;","block_context":{"text":"CINTILLO","link":"http:\/\/www.grieta.org.mx\/index.php\/category\/cintillo\/"},"img":{"alt_text":"","src":"https:\/\/i0.wp.com\/www.grieta.org.mx\/wp-content\/uploads\/2018\/03\/14524434_1106112876131411_958039263622046936_o.jpg?resize=350%2C200","width":350,"height":200,"srcset":"https:\/\/i0.wp.com\/www.grieta.org.mx\/wp-content\/uploads\/2018\/03\/14524434_1106112876131411_958039263622046936_o.jpg?resize=350%2C200 1x, https:\/\/i0.wp.com\/www.grieta.org.mx\/wp-content\/uploads\/2018\/03\/14524434_1106112876131411_958039263622046936_o.jpg?resize=525%2C300 1.5x, https:\/\/i0.wp.com\/www.grieta.org.mx\/wp-content\/uploads\/2018\/03\/14524434_1106112876131411_958039263622046936_o.jpg?resize=700%2C400 2x"},"classes":[]},{"id":14786,"url":"http:\/\/www.grieta.org.mx\/index.php\/2016\/06\/23\/se-solidariza-cnte-hidalgo-con-maestros-de-oaxaca\/","url_meta":{"origin":13428,"position":4},"title":"Se solidariza CNTE-Hidalgo con maestros de Oaxaca","author":"grieta","date":"23 junio, 2016","format":false,"excerpt":"Ver\u00f3nica Monroy Profesores de diversas instituciones miembros de la Coordinadora Nacional de Trabajadores de la Educaci\u00f3n (CNTE), con marchas y colocaci\u00f3n de lonas en espacios p\u00fablicos y en los propios planteles han expresado su solidaridad con sus hom\u00f3logos de Oaxaca, adem\u00e1s han repudiado los hechos violentos que se registraron el\u2026","rel":"","context":"En &quot;CINTILLO&quot;","block_context":{"text":"CINTILLO","link":"http:\/\/www.grieta.org.mx\/index.php\/category\/cintillo\/"},"img":{"alt_text":"","src":"https:\/\/i0.wp.com\/www.grieta.org.mx\/wp-content\/uploads\/2018\/03\/14524434_1106112876131411_958039263622046936_o.jpg?resize=350%2C200","width":350,"height":200,"srcset":"https:\/\/i0.wp.com\/www.grieta.org.mx\/wp-content\/uploads\/2018\/03\/14524434_1106112876131411_958039263622046936_o.jpg?resize=350%2C200 1x, https:\/\/i0.wp.com\/www.grieta.org.mx\/wp-content\/uploads\/2018\/03\/14524434_1106112876131411_958039263622046936_o.jpg?resize=525%2C300 1.5x, https:\/\/i0.wp.com\/www.grieta.org.mx\/wp-content\/uploads\/2018\/03\/14524434_1106112876131411_958039263622046936_o.jpg?resize=700%2C400 2x"},"classes":[]},{"id":21082,"url":"http:\/\/www.grieta.org.mx\/index.php\/2016\/09\/01\/marcha-la-seccion-22-en-la-ciudad-de-oaxaca\/","url_meta":{"origin":13428,"position":5},"title":"Marcha la Secci\u00f3n 22 en la ciudad de Oaxaca","author":"grieta","date":"1 septiembre, 2016","format":false,"excerpt":"Ernesto Rojas, Oaxaca. OAXACA, Oax., 1 de septiembre de 2016.- Integrantes de la Secci\u00f3n 22 del Sindicato Nacional de Trabajadores de la Educaci\u00f3n (SNTE) iniciaron este jueves una marcha en la ciudad de Oaxaca para protestar contra la reforma educativa. La Secci\u00f3n 22 indic\u00f3 que con esta marcha piden que\u2026","rel":"","context":"En &quot;CINTILLO&quot;","block_context":{"text":"CINTILLO","link":"http:\/\/www.grieta.org.mx\/index.php\/category\/cintillo\/"},"img":{"alt_text":"","src":"https:\/\/i0.wp.com\/www.grieta.org.mx\/wp-content\/uploads\/2018\/03\/14524434_1106112876131411_958039263622046936_o.jpg?resize=350%2C200","width":350,"height":200,"srcset":"https:\/\/i0.wp.com\/www.grieta.org.mx\/wp-content\/uploads\/2018\/03\/14524434_1106112876131411_958039263622046936_o.jpg?resize=350%2C200 1x, https:\/\/i0.wp.com\/www.grieta.org.mx\/wp-content\/uploads\/2018\/03\/14524434_1106112876131411_958039263622046936_o.jpg?resize=525%2C300 1.5x, https:\/\/i0.wp.com\/www.grieta.org.mx\/wp-content\/uploads\/2018\/03\/14524434_1106112876131411_958039263622046936_o.jpg?resize=700%2C400 2x"},"classes":[]}],"_links":{"self":[{"href":"http:\/\/www.grieta.org.mx\/index.php\/wp-json\/wp\/v2\/posts\/13428","targetHints":{"allow":["GET"]}}],"collection":[{"href":"http:\/\/www.grieta.org.mx\/index.php\/wp-json\/wp\/v2\/posts"}],"about":[{"href":"http:\/\/www.grieta.org.mx\/index.php\/wp-json\/wp\/v2\/types\/post"}],"author":[{"embeddable":true,"href":"http:\/\/www.grieta.org.mx\/index.php\/wp-json\/wp\/v2\/users\/2"}],"replies":[{"embeddable":true,"href":"http:\/\/www.grieta.org.mx\/index.php\/wp-json\/wp\/v2\/comments?post=13428"}],"version-history":[{"count":1,"href":"http:\/\/www.grieta.org.mx\/index.php\/wp-json\/wp\/v2\/posts\/13428\/revisions"}],"predecessor-version":[{"id":23795,"href":"http:\/\/www.grieta.org.mx\/index.php\/wp-json\/wp\/v2\/posts\/13428\/revisions\/23795"}],"wp:featuredmedia":[{"embeddable":true,"href":"http:\/\/www.grieta.org.mx\/index.php\/wp-json\/wp\/v2\/media\/21928"}],"wp:attachment":[{"href":"http:\/\/www.grieta.org.mx\/index.php\/wp-json\/wp\/v2\/media?parent=13428"}],"wp:term":[{"taxonomy":"category","embeddable":true,"href":"http:\/\/www.grieta.org.mx\/index.php\/wp-json\/wp\/v2\/categories?post=13428"},{"taxonomy":"post_tag","embeddable":true,"href":"http:\/\/www.grieta.org.mx\/index.php\/wp-json\/wp\/v2\/tags?post=13428"}],"curies":[{"name":"wp","href":"https:\/\/api.w.org\/{rel}","templated":true}]}}