{"id":13418,"date":"2016-06-01T09:09:16","date_gmt":"2016-06-01T09:09:16","guid":{"rendered":"http:\/\/www.grieta.org.mx\/?p=13418"},"modified":"2018-06-17T00:40:02","modified_gmt":"2018-06-17T05:40:02","slug":"retiene-cnte-a-6-policias-en-oaxaca-alista-toma-del-aicm-el-proximo-viernes","status":"publish","type":"post","link":"http:\/\/www.grieta.org.mx\/index.php\/2016\/06\/01\/retiene-cnte-a-6-policias-en-oaxaca-alista-toma-del-aicm-el-proximo-viernes\/","title":{"rendered":"Retiene CNTE a 6 polic\u00edas en Oaxaca; alista toma del AICM el pr\u00f3ximo viernes"},"content":{"rendered":"<p>Proceso.<\/p>\n<p>Pedro Mat\u00edas,<\/p>\n<p>Oaxaca (apro).- La Coordinadora Nacional de Trabajadores de la Educaci\u00f3n (CNTE) no dar\u00e1 marcha atr\u00e1s y continuar\u00e1 su lucha hasta que se derogue la reforma educativa, advirtieron los l\u00edderes de las secciones 7 de Chiapas, 9 de Ciudad de M\u00e9xico, 18 de Michoac\u00e1n y 22 de esta entidad, al anunciar la toma simb\u00f3lica del Aeropuerto Internacional de la Ciudad de M\u00e9xico (AICM) para el pr\u00f3ximo viernes.<\/p>\n<p>Por lo pronto, en cada entidad se continu\u00f3 con el plan de acci\u00f3n para obligar a las autoridades federales y estatales a establecer mesas de negociaci\u00f3n.<\/p>\n<p>En esta entidad, los maestros de la secci\u00f3n 22 que bloquearon el acceso al aeropuerto de esta capital retuvieron a seis elementos de la Agencia Estatal de Investigaciones y al vocero de la Secretar\u00eda de Seguridad P\u00fablica, quienes fueron despojados de sus armas de cargo, al tiempo que los obligaron a portar pancartas con leyendas como:<\/p>\n<p>\u201cSoy polic\u00eda y reprimo a maestros\u201d, \u201cSoy director de la Agencia Estatal de Investigaciones y me infiltr\u00e9 en los maestros para reprimirlos. Venimos bien armados\u201d, \u201cSoy agente del Estado y le tomo fotos a maestros\u201d, \u201cSoy polic\u00eda y reprimo al pueblo\u201d.<\/p>\n<figure id=\"attachment_13422\" aria-describedby=\"caption-attachment-13422\" style=\"width: 702px\" class=\"wp-caption aligncenter\"><img loading=\"lazy\" decoding=\"async\" data-attachment-id=\"13422\" data-permalink=\"http:\/\/www.grieta.org.mx\/index.php\/2016\/06\/01\/retiene-cnte-a-6-policias-en-oaxaca-alista-toma-del-aicm-el-proximo-viernes\/cnte-oaxaca-702x468\/\" data-orig-file=\"http:\/\/www.grieta.org.mx\/wp-content\/uploads\/2016\/06\/CNTE-Oaxaca-702x468.jpg\" data-orig-size=\"702,468\" data-comments-opened=\"0\" data-image-meta=\"{&quot;aperture&quot;:&quot;5&quot;,&quot;credit&quot;:&quot;Jes\\u00fas Cruz \/ Procesofoto \/ Oax.&quot;,&quot;camera&quot;:&quot;NIKON D7000&quot;,&quot;caption&quot;:&quot;Maestros de la secci\\u00f3n 22, detuvieron a seis  polic\\u00edas, 4 de la Agencia Estatal de Investigaciones (AEI) y 2 de la Secretaria de Seguridad P\\u00fablica (SSP) quienes vestidos de civil, se hab\\u00edan infiltrado en la manifestaci\\u00f3n de los profesores que llevaban a cabo en el crucero del Aeropuerto.&quot;,&quot;created_timestamp&quot;:&quot;1464780347&quot;,&quot;copyright&quot;:&quot;&quot;,&quot;focal_length&quot;:&quot;18&quot;,&quot;iso&quot;:&quot;400&quot;,&quot;shutter_speed&quot;:&quot;0.0008&quot;,&quot;title&quot;:&quot;&quot;,&quot;orientation&quot;:&quot;1&quot;}\" data-image-title=\"CNTE-Oaxaca-702&amp;#215;468\" data-image-description=\"\" data-image-caption=\"&lt;p&gt;Maestros de la secci\u00f3n 22, detuvieron a seis  polic\u00edas, 4 de la Agencia Estatal de Investigaciones (AEI) y 2 de la Secretaria de Seguridad P\u00fablica (SSP) quienes vestidos de civil, se hab\u00edan infiltrado en la manifestaci\u00f3n de los profesores que llevaban a cabo en el crucero del Aeropuerto.&lt;\/p&gt;\n\" data-medium-file=\"http:\/\/www.grieta.org.mx\/wp-content\/uploads\/2016\/06\/CNTE-Oaxaca-702x468-300x200.jpg\" data-large-file=\"http:\/\/www.grieta.org.mx\/wp-content\/uploads\/2016\/06\/CNTE-Oaxaca-702x468.jpg\" class=\"size-full wp-image-13422\" src=\"http:\/\/www.grieta.org.mx\/wp-content\/uploads\/2016\/06\/CNTE-Oaxaca-702x468.jpg\" alt=\"Maestros de la secci\u00f3n 22, detuvieron a seis polic\u00edas, 4 de la Agencia Estatal de Investigaciones (AEI) y 2 de la Secretaria de Seguridad P\u00fablica (SSP) quienes vestidos de civil, se hab\u00edan infiltrado en la manifestaci\u00f3n de los profesores que llevaban a cabo en el crucero del Aeropuerto.\" width=\"702\" height=\"468\" srcset=\"http:\/\/www.grieta.org.mx\/wp-content\/uploads\/2016\/06\/CNTE-Oaxaca-702x468.jpg 702w, http:\/\/www.grieta.org.mx\/wp-content\/uploads\/2016\/06\/CNTE-Oaxaca-702x468-300x200.jpg 300w\" sizes=\"auto, (max-width: 702px) 100vw, 702px\" \/><figcaption id=\"caption-attachment-13422\" class=\"wp-caption-text\">Maestros de la secci\u00f3n 22, detuvieron a seis polic\u00edas, 4 de la Agencia Estatal de Investigaciones (AEI) y 2 de la Secretaria de Seguridad P\u00fablica (SSP) quienes vestidos de civil, se hab\u00edan infiltrado en la manifestaci\u00f3n de los profesores que llevaban a cabo en el crucero del Aeropuerto.<\/figcaption><\/figure>\n<p>De igual forma, docentes que bloquearon los cruceros del aeropuerto, Hacienda Blanca, Tlalixtac de Cabrera y del Instituto Estatal de Educaci\u00f3n P\u00fablica (IEEPO), retuvieron por lo menos 20 veh\u00edculos de empresas transnacionales como Coca Cola, Lala, Barcel, Sabritas, Bimbo, La Coste\u00f1a, Coppel, Izzi, Telmex y tr\u00e1ileres de Corona y Emmsa (servicio de tuber\u00eda), as\u00ed como un torton con tanques estacionarios.<\/p>\n<p>Tambi\u00e9n bloquearon las oficinas centrales y descentralizadas del IEEPO, as\u00ed como las delegaciones de los servicios educativos del estado.<\/p>\n<p>Adem\u00e1s, en apoyo a los habitantes de Santa Mar\u00eda Alotepec, los maestros tomaron el complejo de oficinas gubernamentales de la Ciudad Administrativa para obligar a que el l\u00edder estatal del PRI, Alejandro Avil\u00e9s \u00c1lvarez; el coordinador de la bancada del PRD en la LXII legislatura, Jes\u00fas L\u00f3pez Rodr\u00edguez, y Enrique Arnaud, secretario de Finanzas de Gabino Cu\u00e9, regresen los tres millones 682 mil 441 pesos que \u201crobaron\u201d a esa poblaci\u00f3n ind\u00edgena mixe.<\/p>\n<p>El presidente municipal electo, Abelardo Ortiz Confesor, denunci\u00f3 que a pesar de que el Instituto Estatal Electoral y de Participaci\u00f3n Ciudadana valid\u00f3 los comicios del pasado 24 de abril, los legisladores Avil\u00e9s \u00c1lvarez y L\u00f3pez Rodr\u00edguez \u2013mediante \u201cun simple oficio\u201d\u2013 nombraron como administrador a Edilberto Pacheco Sarmiento para cobrar todos los recursos que corresponden a ese municipio mixe.<\/p>\n<p>Los inconformes consideraron que \u201cestos actos son totalmente arbitrarios, ilegales y se han hecho con el \u00fanico objetivo de hacerse del dinero de nuestro pueblo, sin nuestro conocimiento y mucho menos nuestro consentimiento (\u2026) y con toda certeza podemos afirmar que se trata de un robo descarado, p\u00fablico, con alevos\u00eda y ventaja\u201d.<\/p>\n<p>En rueda de prensa, Adelfo Alejandro G\u00f3mez, secretario general de la secci\u00f3n 7 de Chiapas, cuestion\u00f3 que en M\u00e9xico no se castigue la corrupci\u00f3n del presidente Enrique Pe\u00f1a Nieto o del secretario de Hacienda, Luis Videgaray, a quienes OHL les regal\u00f3 sus respectivas Casas Blancas, el saqueo del erario por parte del gobernador Gabino Cu\u00e9 y, por el contrario, si a un trabajador le llegan a encontrar 10 mil pesos, lo acusan de tener recursos il\u00edcitos.<\/p>\n<p>Luego adelant\u00f3 que este jueves la CNTE realizar\u00e1 acciones sincronizadas en las entidades en lucha y el viernes intentar\u00e1n llegar a las instalaciones del Aeropuerto Internacional de la Ciudad de M\u00e9xico (AICM) en rechazo a la reforma educativa.<\/p>\n<p>\u201cEn la jornada de lucha no habr\u00e1 marcha atr\u00e1s, mientras que el gobierno mantenga una pol\u00edtica de cerraz\u00f3n\u201d, advirti\u00f3 el l\u00edder magisterial.<\/p>\n<p>Tambi\u00e9n hizo hincapi\u00e9 en que pese a que han querido ocultar las manifestaciones, se van generalizando las protestas en al menos 28 estados, entre ellos Sonora, Sinaloa, Colima, Zacatecas, Tabasco, Yucat\u00e1n, Campeche, Chiapas, Guerrero, Michoac\u00e1n y Oaxaca.<\/p>\n<p>Luego denunci\u00f3 que el gobierno ha realizado una represi\u00f3n colectiva contra maestros de Chiapas, Guerrero, Michoac\u00e1n y Oaxaca, y selectiva con la desaparici\u00f3n de estudiantes, como los 43 de Ayotzinapa y los presos pol\u00edticos, sin embargo, \u201cpodr\u00e1n enviar a toda la Polic\u00eda Federal y al Ej\u00e9rcito, pero tenemos la firme decisi\u00f3n de no dar marcha atr\u00e1s. Esta lucha contin\u00faa, se fortalece y no hay marcha atr\u00e1s\u201d, puntualiz\u00f3.<\/p>\n<p>Adem\u00e1s consider\u00f3 una aberraci\u00f3n que el gobierno gaste un mill\u00f3n de pesos diarios en sostener a las polic\u00edas en los cuatro estados, es decir, 30 millones de pesos al mes, y sigan existiendo \u201cescuelas de palitos o maestros dando clases bajo los \u00e1rboles\u201d.<\/p>\n<p>V\u00edctor Manuel Zavala Hurtado, secretario de la secci\u00f3n 18 de Michoac\u00e1n, adelant\u00f3 que los cuatro estados plantean dar la batalla, aunque se han ido sumando m\u00e1s entidades, lo que demuestra que la inconformidad aumenta en el pa\u00eds.<\/p>\n<p>Por lo pronto, asegur\u00f3, \u201cel miedo a los despidos ya lo superamos y los padres de familia ya entendieron que se va privatizar la educaci\u00f3n, de ah\u00ed que se hayan multiplicado las movilizaciones en apoyo al magisterio\u201d.<\/p>\n<p>Incluso advirti\u00f3 que \u201capenas estamos calentando motores y no vamos a desistir hasta abolir la reforma educativa\u201d.<\/p>\n<p>Finalmente, Rub\u00e9n N\u00fa\u00f1ez Ginez, de la secci\u00f3n 22, dijo que a partir de hoy partieron brigadas motorizadas de los cuatro estados para recorrer varios puntos del pa\u00eds e informar de los impactos de las reformas estructurales, principalmente, de la educativa.<\/p>\n<p>Tambi\u00e9n reiter\u00f3 que \u201clas coyunturas electorales no son el fin de nuestra lucha. El objetivo es la defensa de la educaci\u00f3n y la estabilidad laboral de los trabajadores y, en el caso de la farsa electoral en 13 estados, el congreso pol\u00edtico ha definido el posicionamiento y la asamblea ha ratificado el voto de castigo a los partidos que firmaron el Pacto por M\u00e9xico\u201d.<\/p>\n<p>Sin embargo, aclar\u00f3 que no hay pronunciamiento ni convenio con candidato o partido alguno, en clara alusi\u00f3n a Morena, que preside Andr\u00e9s Manuel L\u00f3pez Obrador.<\/p>\n<p><a href=\"http:\/\/www.proceso.com.mx\/442521\/alista-cnte-toma-del-aeropuerto-la-cdmx-proximo-viernes\" target=\"_blank\" rel=\"noopener\">http:\/\/www.proceso.com.mx\/442521\/alista-cnte-toma-del-aeropuerto-la-cdmx-proximo-viernes<\/a><\/p>\n","protected":false},"excerpt":{"rendered":"<p>Proceso. Pedro Mat\u00edas, Oaxaca (apro).- La Coordinadora Nacional de Trabajadores de la Educaci\u00f3n (CNTE) no dar\u00e1 marcha atr\u00e1s y continuar\u00e1 su lucha hasta que se derogue la reforma educativa, advirtieron &hellip; <a href=\"http:\/\/www.grieta.org.mx\/index.php\/2016\/06\/01\/retiene-cnte-a-6-policias-en-oaxaca-alista-toma-del-aicm-el-proximo-viernes\/\" class=\"more-link\">Leer m\u00e1s<\/a><\/p>\n","protected":false},"author":2,"featured_media":21928,"comment_status":"closed","ping_status":"closed","sticky":false,"template":"","format":"standard","meta":{"ngg_post_thumbnail":0,"_jetpack_newsletter_access":"","_jetpack_dont_email_post_to_subs":false,"_jetpack_newsletter_tier_id":0,"_jetpack_memberships_contains_paywalled_content":false,"_jetpack_memberships_contains_paid_content":false,"footnotes":""},"categories":[80,1341,2,25],"tags":[133,93,180,135,147],"class_list":["post-13418","post","type-post","status-publish","format-standard","has-post-thumbnail","hentry","category-cintillo","category-movilizaciones-contra-la-reforma-educativa-y-evaluacion-magisterial-en-oaxaca","category-noticias-nacionales","category-oaxaca","tag-maestros","tag-oaxaca","tag-protesta","tag-reforma-educativa","tag-trabajo","entry"],"jetpack_featured_media_url":"http:\/\/www.grieta.org.mx\/wp-content\/uploads\/2018\/03\/14524434_1106112876131411_958039263622046936_o.jpg","jetpack_sharing_enabled":true,"jetpack_shortlink":"https:\/\/wp.me\/p7ZJR4-3uq","jetpack_likes_enabled":false,"jetpack-related-posts":[{"id":14595,"url":"http:\/\/www.grieta.org.mx\/index.php\/2016\/06\/20\/se-reunen-laguneros-para-manifestarse-por-hechos-en-oaxaca\/","url_meta":{"origin":13418,"position":0},"title":"Se re\u00fanen laguneros para manifestarse por hechos en Oaxaca","author":"grieta","date":"20 junio, 2016","format":false,"excerpt":"\u201cLa Comarca Lagunera est\u00e1 con ustedes compa\u00f1eros de Oaxaca\u201d. \u201cFuera el gobierno asesino de Pe\u00f1a y Nu\u00f1o\u201d, fueron algunas pancartas que portaron los manifestantes. En el mitin los maestros demandaron el di\u00e1logo como medio para lograr la paz en esa entidad, pidieron la solidaridad de la ciudadan\u00eda y dijeron que\u2026","rel":"","context":"En &quot;CINTILLO&quot;","block_context":{"text":"CINTILLO","link":"http:\/\/www.grieta.org.mx\/index.php\/category\/cintillo\/"},"img":{"alt_text":"","src":"https:\/\/i0.wp.com\/www.grieta.org.mx\/wp-content\/uploads\/2018\/03\/14524434_1106112876131411_958039263622046936_o.jpg?resize=350%2C200","width":350,"height":200,"srcset":"https:\/\/i0.wp.com\/www.grieta.org.mx\/wp-content\/uploads\/2018\/03\/14524434_1106112876131411_958039263622046936_o.jpg?resize=350%2C200 1x, https:\/\/i0.wp.com\/www.grieta.org.mx\/wp-content\/uploads\/2018\/03\/14524434_1106112876131411_958039263622046936_o.jpg?resize=525%2C300 1.5x, https:\/\/i0.wp.com\/www.grieta.org.mx\/wp-content\/uploads\/2018\/03\/14524434_1106112876131411_958039263622046936_o.jpg?resize=700%2C400 2x"},"classes":[]},{"id":13428,"url":"http:\/\/www.grieta.org.mx\/index.php\/2016\/06\/01\/cnte-bloquea-carreteras-en-oaxaca\/","url_meta":{"origin":13418,"position":1},"title":"CNTE bloquea carreteras en Oaxaca","author":"grieta","date":"1 junio, 2016","format":false,"excerpt":"La Silla Rota. Alondra Olvera, Oaxaca. Oaxaca, M\u00e9xico.- Con el secuestro de unidades repartidoras de empresas transnacionales y de carga, maestros de la Secci\u00f3n 22 de la CNTE hicieron caso omiso al llamado del gobierno del Estado e iniciaron bloqueos carreteros que dan acceso y salida a la capital oaxaque\u00f1a.\u2026","rel":"","context":"En &quot;CINTILLO&quot;","block_context":{"text":"CINTILLO","link":"http:\/\/www.grieta.org.mx\/index.php\/category\/cintillo\/"},"img":{"alt_text":"","src":"https:\/\/i0.wp.com\/www.grieta.org.mx\/wp-content\/uploads\/2018\/03\/14524434_1106112876131411_958039263622046936_o.jpg?resize=350%2C200","width":350,"height":200,"srcset":"https:\/\/i0.wp.com\/www.grieta.org.mx\/wp-content\/uploads\/2018\/03\/14524434_1106112876131411_958039263622046936_o.jpg?resize=350%2C200 1x, https:\/\/i0.wp.com\/www.grieta.org.mx\/wp-content\/uploads\/2018\/03\/14524434_1106112876131411_958039263622046936_o.jpg?resize=525%2C300 1.5x, https:\/\/i0.wp.com\/www.grieta.org.mx\/wp-content\/uploads\/2018\/03\/14524434_1106112876131411_958039263622046936_o.jpg?resize=700%2C400 2x"},"classes":[]},{"id":14226,"url":"http:\/\/www.grieta.org.mx\/index.php\/2016\/08\/28\/movilizaciones-contra-reforma-educativa-en-chihuahua\/","url_meta":{"origin":13418,"position":2},"title":"Movilizaciones contra reforma educativa en Chihuahua","author":"grieta","date":"28 agosto, 2016","format":false,"excerpt":"28\/08\/16. Toman maestros casetas de Sacramento, ChihuahuaEl Diario 19\/08\/16. Exigen disidentes a la Secci\u00f3n Octava convocar a paro el lunes en ChihuahuaLa Opci\u00f3n 15\/07\/16. Maestros de Chihuahua enfrentan a su direcci\u00f3n \u201ccharra\u201dLa izquierda diario 09\/07\/16. Toma Resissste casetas en el estado de Chihuahua El diario de Chihuahua 01\/07\/16. Marchan en\u2026","rel":"","context":"En &quot;Chihuahua&quot;","block_context":{"text":"Chihuahua","link":"http:\/\/www.grieta.org.mx\/index.php\/category\/noticias-nacionales\/chihuahua\/"},"img":{"alt_text":"","src":"https:\/\/i0.wp.com\/www.grieta.org.mx\/wp-content\/uploads\/2018\/03\/14524434_1106112876131411_958039263622046936_o.jpg?resize=350%2C200","width":350,"height":200,"srcset":"https:\/\/i0.wp.com\/www.grieta.org.mx\/wp-content\/uploads\/2018\/03\/14524434_1106112876131411_958039263622046936_o.jpg?resize=350%2C200 1x, https:\/\/i0.wp.com\/www.grieta.org.mx\/wp-content\/uploads\/2018\/03\/14524434_1106112876131411_958039263622046936_o.jpg?resize=525%2C300 1.5x, https:\/\/i0.wp.com\/www.grieta.org.mx\/wp-content\/uploads\/2018\/03\/14524434_1106112876131411_958039263622046936_o.jpg?resize=700%2C400 2x"},"classes":[]},{"id":18696,"url":"http:\/\/www.grieta.org.mx\/index.php\/2016\/08\/01\/maestros-realizan-3-bloqueos-en-oaxaca-toman-accesos-a-guelaguetza\/","url_meta":{"origin":13418,"position":3},"title":"Maestros realizan 3 bloqueos en Oaxaca; toman accesos a Guelaguetza","author":"grieta","date":"1 agosto, 2016","format":false,"excerpt":"Redacci\u00f3n Reporte Indigo Varios grupos de integrantes de la Secci\u00f3n 22 de la Coordinadora Nacional de los Trabajadores de la Educaci\u00f3n (CNTE), tomaron varias vialidades de la ciudad de Oaxaca. Los profesores mantienen tomados los 3 accesos principales al Cerro del Fort\u00edn, en tanto polic\u00edas estatales vigilan los cercos portando\u2026","rel":"","context":"En &quot;CINTILLO&quot;","block_context":{"text":"CINTILLO","link":"http:\/\/www.grieta.org.mx\/index.php\/category\/cintillo\/"},"img":{"alt_text":"","src":"https:\/\/i0.wp.com\/www.grieta.org.mx\/wp-content\/uploads\/2018\/03\/14524434_1106112876131411_958039263622046936_o.jpg?resize=350%2C200","width":350,"height":200,"srcset":"https:\/\/i0.wp.com\/www.grieta.org.mx\/wp-content\/uploads\/2018\/03\/14524434_1106112876131411_958039263622046936_o.jpg?resize=350%2C200 1x, https:\/\/i0.wp.com\/www.grieta.org.mx\/wp-content\/uploads\/2018\/03\/14524434_1106112876131411_958039263622046936_o.jpg?resize=525%2C300 1.5x, https:\/\/i0.wp.com\/www.grieta.org.mx\/wp-content\/uploads\/2018\/03\/14524434_1106112876131411_958039263622046936_o.jpg?resize=700%2C400 2x"},"classes":[]},{"id":2280,"url":"http:\/\/www.grieta.org.mx\/index.php\/2015\/07\/23\/durango-se-suma-a-caravana\/","url_meta":{"origin":13418,"position":4},"title":"Durango se suma a caravana","author":"grieta","date":"23 julio, 2015","format":false,"excerpt":"Un grupo de maestros de Durango se incorporar\u00e1 a la caravana \u201cDivisi\u00f3n del Norte, todos somos Oaxaca\u201d, que partir\u00e1 a las 10:00 horas a la Ciudad de M\u00e9xico, con escalas en varias ciudades. El objetivo de dicha movilizaci\u00f3n es apoyar al movimiento magisterial que la Coordinadora Nacional de la Educaci\u00f3n\u2026","rel":"","context":"En &quot;CINTILLO&quot;","block_context":{"text":"CINTILLO","link":"http:\/\/www.grieta.org.mx\/index.php\/category\/cintillo\/"},"img":{"alt_text":"","src":"https:\/\/i0.wp.com\/www.grieta.org.mx\/wp-content\/uploads\/2018\/03\/14524434_1106112876131411_958039263622046936_o.jpg?resize=350%2C200","width":350,"height":200,"srcset":"https:\/\/i0.wp.com\/www.grieta.org.mx\/wp-content\/uploads\/2018\/03\/14524434_1106112876131411_958039263622046936_o.jpg?resize=350%2C200 1x, https:\/\/i0.wp.com\/www.grieta.org.mx\/wp-content\/uploads\/2018\/03\/14524434_1106112876131411_958039263622046936_o.jpg?resize=525%2C300 1.5x, https:\/\/i0.wp.com\/www.grieta.org.mx\/wp-content\/uploads\/2018\/03\/14524434_1106112876131411_958039263622046936_o.jpg?resize=700%2C400 2x"},"classes":[]},{"id":18498,"url":"http:\/\/www.grieta.org.mx\/index.php\/2016\/07\/23\/maestros-de-aguascalientes-llevan-viveres-a-cnte-michoacan\/","url_meta":{"origin":13418,"position":5},"title":"Maestros de Aguascalientes llevan v\u00edveres a CNTE-Michoac\u00e1n","author":"grieta","date":"23 julio, 2016","format":false,"excerpt":"Carlos Arrieta, \u00d3scar Guti\u00e9rrez e Ismael Garc\u00eda Corresponsales Una delegaci\u00f3n del magisterio disidente de Aguascalientes arrib\u00f3 este viernes a Michoac\u00e1n, para apoyar en las protestas y con v\u00edveres a la Secci\u00f3n 18 de la Coordinadora Nacional de Trabajadores de la Educaci\u00f3n (CNTE). Ernesto Ram\u00edrez Carrillo, vocero de las bases magisteriales\u2026","rel":"","context":"En &quot;CINTILLO&quot;","block_context":{"text":"CINTILLO","link":"http:\/\/www.grieta.org.mx\/index.php\/category\/cintillo\/"},"img":{"alt_text":"","src":"https:\/\/i0.wp.com\/www.grieta.org.mx\/wp-content\/uploads\/2018\/03\/14524434_1106112876131411_958039263622046936_o.jpg?resize=350%2C200","width":350,"height":200,"srcset":"https:\/\/i0.wp.com\/www.grieta.org.mx\/wp-content\/uploads\/2018\/03\/14524434_1106112876131411_958039263622046936_o.jpg?resize=350%2C200 1x, https:\/\/i0.wp.com\/www.grieta.org.mx\/wp-content\/uploads\/2018\/03\/14524434_1106112876131411_958039263622046936_o.jpg?resize=525%2C300 1.5x, https:\/\/i0.wp.com\/www.grieta.org.mx\/wp-content\/uploads\/2018\/03\/14524434_1106112876131411_958039263622046936_o.jpg?resize=700%2C400 2x"},"classes":[]}],"_links":{"self":[{"href":"http:\/\/www.grieta.org.mx\/index.php\/wp-json\/wp\/v2\/posts\/13418","targetHints":{"allow":["GET"]}}],"collection":[{"href":"http:\/\/www.grieta.org.mx\/index.php\/wp-json\/wp\/v2\/posts"}],"about":[{"href":"http:\/\/www.grieta.org.mx\/index.php\/wp-json\/wp\/v2\/types\/post"}],"author":[{"embeddable":true,"href":"http:\/\/www.grieta.org.mx\/index.php\/wp-json\/wp\/v2\/users\/2"}],"replies":[{"embeddable":true,"href":"http:\/\/www.grieta.org.mx\/index.php\/wp-json\/wp\/v2\/comments?post=13418"}],"version-history":[{"count":1,"href":"http:\/\/www.grieta.org.mx\/index.php\/wp-json\/wp\/v2\/posts\/13418\/revisions"}],"predecessor-version":[{"id":23792,"href":"http:\/\/www.grieta.org.mx\/index.php\/wp-json\/wp\/v2\/posts\/13418\/revisions\/23792"}],"wp:featuredmedia":[{"embeddable":true,"href":"http:\/\/www.grieta.org.mx\/index.php\/wp-json\/wp\/v2\/media\/21928"}],"wp:attachment":[{"href":"http:\/\/www.grieta.org.mx\/index.php\/wp-json\/wp\/v2\/media?parent=13418"}],"wp:term":[{"taxonomy":"category","embeddable":true,"href":"http:\/\/www.grieta.org.mx\/index.php\/wp-json\/wp\/v2\/categories?post=13418"},{"taxonomy":"post_tag","embeddable":true,"href":"http:\/\/www.grieta.org.mx\/index.php\/wp-json\/wp\/v2\/tags?post=13418"}],"curies":[{"name":"wp","href":"https:\/\/api.w.org\/{rel}","templated":true}]}}