{"id":13398,"date":"2016-05-31T10:48:54","date_gmt":"2016-05-31T10:48:54","guid":{"rendered":"http:\/\/www.grieta.org.mx\/?p=13398"},"modified":"2016-06-02T03:02:41","modified_gmt":"2016-06-02T03:02:41","slug":"denuncian-comerciantes-caceria-para-quitarlos-del-paradero-de-cu","status":"publish","type":"post","link":"http:\/\/www.grieta.org.mx\/index.php\/2016\/05\/31\/denuncian-comerciantes-caceria-para-quitarlos-del-paradero-de-cu\/","title":{"rendered":"Denuncian comerciantes cacer\u00eda para quitarlos del paradero de CU"},"content":{"rendered":"<p>Laura G\u00f3mez Flores<\/p>\n<p>Quieren desaparecernos para expropiar y erigir un Cetram y una plaza, se\u00f1alan<\/p>\n<p>Acusan a Mauricio Toledo y al titular de Coyoac\u00e1n del auge de construcciones<\/p>\n<p><img decoding=\"async\" data-attachment-id=\"13399\" data-permalink=\"http:\/\/www.grieta.org.mx\/index.php\/2016\/05\/31\/denuncian-comerciantes-caceria-para-quitarlos-del-paradero-de-cu\/031n1cap-1\/\" data-orig-file=\"http:\/\/www.grieta.org.mx\/wp-content\/uploads\/2016\/06\/031n1cap-1.jpg\" data-orig-size=\"500,333\" data-comments-opened=\"0\" data-image-meta=\"{&quot;aperture&quot;:&quot;0&quot;,&quot;credit&quot;:&quot;&quot;,&quot;camera&quot;:&quot;&quot;,&quot;caption&quot;:&quot;&quot;,&quot;created_timestamp&quot;:&quot;0&quot;,&quot;copyright&quot;:&quot;&quot;,&quot;focal_length&quot;:&quot;0&quot;,&quot;iso&quot;:&quot;0&quot;,&quot;shutter_speed&quot;:&quot;0&quot;,&quot;title&quot;:&quot;&quot;,&quot;orientation&quot;:&quot;0&quot;}\" data-image-title=\"031n1cap-1\" data-image-description=\"\" data-image-caption=\"\" data-medium-file=\"http:\/\/www.grieta.org.mx\/wp-content\/uploads\/2016\/06\/031n1cap-1-300x200.jpg\" data-large-file=\"http:\/\/www.grieta.org.mx\/wp-content\/uploads\/2016\/06\/031n1cap-1.jpg\" src=\"http:\/\/www.grieta.org.mx\/wp-content\/uploads\/2016\/06\/031n1cap-1.jpg\" alt=\"031n1cap-1\" width=\"100%\" class=\"aligncenter size-full wp-image-13399\" srcset=\"http:\/\/www.grieta.org.mx\/wp-content\/uploads\/2016\/06\/031n1cap-1.jpg 500w, http:\/\/www.grieta.org.mx\/wp-content\/uploads\/2016\/06\/031n1cap-1-300x200.jpg 300w\" sizes=\"(max-width: 500px) 100vw, 500px\" \/><\/p>\n<p>Alumnos y profesores del Instituto Coapa, el cual fue clausurado, exigieron \u201caulas, educaci\u00f3n y cultura, no m\u00e1s centros comerciales, torres inmobiliarias y corrupci\u00f3n, que, dijeron, han transformado de manera violenta a la delegaci\u00f3n Coyoac\u00e1n Foto Carlos Ramos Mamahua<\/p>\n<p>La delegaci\u00f3n Coyoac\u00e1n lleva a cabo una &#8220;cacer\u00eda&#8221; de peque\u00f1os negocios ubicados frente al paradero de Ciudad Universitaria, con el fin de &#8220;desaparecerlos y estar en condiciones de expropiar esos predios y construir un Centro de Transferencia Modal con torres de oficinas y viviendas, as\u00ed como un gran complejo comercial&#8221;.<\/p>\n<p>A casi 50 a\u00f1os de crearse el Pedregal de Santo Domingo, &#8220;los comerciantes somos hostigados con suspensiones de trabajo, actividades y servicios, as\u00ed como clausuras, siendo la \u00faltima al Instituto Coapa, que ha permitido a 6 mil j\u00f3venes concluir sus carreras profesionales&#8221;.<\/p>\n<p>Mientras, los habitantes sufrimos incrementos irregulares al pago del predial y el agua, como una forma de &#8220;obligar a los pobres y jodidos a irse, antes de ser expulsados con los nuevos proyectos de ciudad que impulsan las autoridades capitalinas con sus zonas de desarrollo econ\u00f3mico y social (Zodes)&#8221;.<\/p>\n<p>En una protesta realizada frente al inmueble educativo, decenas de j\u00f3venes exigieron &#8220;aulas, educaci\u00f3n y cultura, no m\u00e1s centros comerciales, torres inmobiliarias y corrupci\u00f3n, que han transformado de manera violenta a la delegaci\u00f3n Coyoac\u00e1n&#8221;.<\/p>\n<p>Desde la gesti\u00f3n de Mauricio Toledo se ha &#8220;violentado el plan de desarrollo urbano con la construcci\u00f3n de las plazas Frida, Oasis y Los Reyes, y el proyecto Quiero Casa en pueblos originarios y zonas sin factibilidad h\u00eddrica&#8221;.<\/p>\n<p>Con el delegado Valent\u00edn Maldonado &#8220;ha tomado aire la violaci\u00f3n al uso de suelo y a la ley para que un mayor n\u00famero de desarrollos inmobiliarios inunden la demarcaci\u00f3n, impulsando un proceso de gentrificaci\u00f3n, como se ha visto ya en otras zonas de la ciudad, con la privatizaci\u00f3n de espacios&#8221;, se\u00f1alaron.<\/p>\n<p>Personal de la misma delegaci\u00f3n, comentaron, &#8220;nos ha alertado sobre la transformaci\u00f3n del paradero de Ciudad Universitaria, misma que no vamos a permitir porque est\u00e1n en riesgo nuestras casas, negocios y un centro educativo, que tiene 20 a\u00f1os y ha permitido a muchos j\u00f3venes ser profesionales&#8221;.<\/p>\n<p>Marcos Fuentes, director del Instituto Coapa, consider\u00f3 como &#8220;una forma de venganza de la delegaci\u00f3n la colocaci\u00f3n de sellos de suspensi\u00f3n, porque hemos denunciado todas las irregularidades cometidas para permitir m\u00e1s desarrollos inmobiliarios y talar \u00e1rboles&#8221;.<\/p>\n<p>Las anomal\u00edas que supuestamente se encontraron en materia de protecci\u00f3n civil &#8220;no existen, pero quieren ahorcarnos para ceder a sus pretensiones en este nuevo proyecto&#8221;, por lo cual exigimos su reapertura, as\u00ed como que los habitantes de Los Pedregales contemos con agua corriente y no de pipas, y cese el hostigamiento contra los vecinos que exigen que se cumpla la ley y se elimine la corrupci\u00f3n inmobiliaria.<\/p>\n<p>Advirti\u00f3 que de persistir la arbitrariedad, discriminaci\u00f3n y violencia por ambos personajes (Toledo y Maldonado) hacia quienes estamos en contra de sus pol\u00edticas, los vecinos presentaremos ante la Asamblea Legislativa una iniciativa para su desafuero.<\/p>\n<p><a href=\"http:\/\/www.jornada.unam.mx\/2016\/05\/31\/capital\/031n1cap\" target=\"_blank\">http:\/\/www.jornada.unam.mx\/2016\/05\/31\/capital\/031n1cap<\/a><\/p>\n","protected":false},"excerpt":{"rendered":"<p>Laura G\u00f3mez Flores Quieren desaparecernos para expropiar y erigir un Cetram y una plaza, se\u00f1alan Acusan a Mauricio Toledo y al titular de Coyoac\u00e1n del auge de construcciones Alumnos y &hellip; <a href=\"http:\/\/www.grieta.org.mx\/index.php\/2016\/05\/31\/denuncian-comerciantes-caceria-para-quitarlos-del-paradero-de-cu\/\" class=\"more-link\">Leer m\u00e1s<\/a><\/p>\n","protected":false},"author":2,"featured_media":21928,"comment_status":"closed","ping_status":"closed","sticky":false,"template":"","format":"standard","meta":{"ngg_post_thumbnail":0,"_jetpack_newsletter_access":"","_jetpack_dont_email_post_to_subs":false,"_jetpack_newsletter_tier_id":0,"_jetpack_memberships_contains_paywalled_content":false,"_jetpack_memberships_contains_paid_content":false,"footnotes":""},"categories":[598,80],"tags":[657,184,147],"class_list":["post-13398","post","type-post","status-publish","format-standard","has-post-thumbnail","hentry","category-cdmx","category-cintillo","tag-comerciantes","tag-despojo","tag-trabajo","entry"],"jetpack_featured_media_url":"http:\/\/www.grieta.org.mx\/wp-content\/uploads\/2018\/03\/14524434_1106112876131411_958039263622046936_o.jpg","jetpack_sharing_enabled":true,"jetpack_shortlink":"https:\/\/wp.me\/p7ZJR4-3u6","jetpack_likes_enabled":false,"jetpack-related-posts":[{"id":10739,"url":"http:\/\/www.grieta.org.mx\/index.php\/2016\/05\/31\/desalojo-de-puestos-de-trabajo-de-comerciantes-en-la-ciudad-de-mexico\/","url_meta":{"origin":13398,"position":0},"title":"Desalojos de comerciantes en la Ciudad de M\u00e9xico","author":"grieta","date":"31 mayo, 2016","format":false,"excerpt":"31\/05\/16. Denuncian comerciantes cacer\u00eda para quitarlos del paradero de CULa Jornada 11\/05\/16. Crean frente contra obras en paradero ChapultepecEl Universal 04\/05\/16. Se enfrentan granaderos y comerciantes frente al Z\u00f3calo (CDMX)Cr\u00f3nica del Poder 03\/05\/16. Retiran ambulantes del paradero Metro Chapultepec; SSP-CDMX vigila la zona24 Horas 28\/04\/16. Represi\u00f3n contra locatarios del mercado\u2026","rel":"","context":"En &quot;Ciudad de M\u00e9xico&quot;","block_context":{"text":"Ciudad de M\u00e9xico","link":"http:\/\/www.grieta.org.mx\/index.php\/category\/noticias-nacionales\/ciudad-de-mexico\/"},"img":{"alt_text":"","src":"https:\/\/i0.wp.com\/www.grieta.org.mx\/wp-content\/uploads\/2018\/03\/14524434_1106112876131411_958039263622046936_o.jpg?resize=350%2C200","width":350,"height":200,"srcset":"https:\/\/i0.wp.com\/www.grieta.org.mx\/wp-content\/uploads\/2018\/03\/14524434_1106112876131411_958039263622046936_o.jpg?resize=350%2C200 1x, https:\/\/i0.wp.com\/www.grieta.org.mx\/wp-content\/uploads\/2018\/03\/14524434_1106112876131411_958039263622046936_o.jpg?resize=525%2C300 1.5x, https:\/\/i0.wp.com\/www.grieta.org.mx\/wp-content\/uploads\/2018\/03\/14524434_1106112876131411_958039263622046936_o.jpg?resize=700%2C400 2x"},"classes":[]},{"id":10510,"url":"http:\/\/www.grieta.org.mx\/index.php\/2015\/05\/18\/exigen-comerciantes-y-vecinos-de-coyoacan-cancelar-ciudad-del-futuro\/","url_meta":{"origin":13398,"position":1},"title":"Exigen comerciantes y vecinos de Coyoac\u00e1n cancelar Ciudad del Futuro","author":"grieta","date":"18 mayo, 2015","format":false,"excerpt":"La Jornada Por Agust\u00edn Salgado M\u00e9xico, DF. Vecinos y locatarios de mercados p\u00fablicos de la delegaci\u00f3n Coyoacan se manifestaron esta ma\u00f1ana en el cruce de Divisi\u00f3n del Norte y Miguel \u00c1ngel de Quevedo. Las demandas de los inconformes fueron varias, entre ellas, el apoyo a los centros de abasto, la\u2026","rel":"","context":"En &quot;CINTILLO&quot;","block_context":{"text":"CINTILLO","link":"http:\/\/www.grieta.org.mx\/index.php\/category\/cintillo\/"},"img":{"alt_text":"","src":"https:\/\/i0.wp.com\/www.grieta.org.mx\/wp-content\/uploads\/2018\/03\/14524434_1106112876131411_958039263622046936_o.jpg?resize=350%2C200","width":350,"height":200,"srcset":"https:\/\/i0.wp.com\/www.grieta.org.mx\/wp-content\/uploads\/2018\/03\/14524434_1106112876131411_958039263622046936_o.jpg?resize=350%2C200 1x, https:\/\/i0.wp.com\/www.grieta.org.mx\/wp-content\/uploads\/2018\/03\/14524434_1106112876131411_958039263622046936_o.jpg?resize=525%2C300 1.5x, https:\/\/i0.wp.com\/www.grieta.org.mx\/wp-content\/uploads\/2018\/03\/14524434_1106112876131411_958039263622046936_o.jpg?resize=700%2C400 2x"},"classes":[]},{"id":18624,"url":"http:\/\/www.grieta.org.mx\/index.php\/2016\/05\/31\/en-coyoacan-exigimos-aulas-educacion-y-cultura-no-mas-centros-comerciales-torres-inmobiliarias-y-corrupcion\/","url_meta":{"origin":13398,"position":2},"title":"En Coyoac\u00e1n exigimos aulas, educaci\u00f3n y cultura, no m\u00e1s centros comerciales, torres inmobiliarias y corrupci\u00f3n","author":"grieta","date":"31 mayo, 2016","format":false,"excerpt":"Profesores, alumnos y trabajadores del Instituto Cultural y Educativo Coapa, exigen se cumplan sus derechos a la educaci\u00f3n y al trabajo, los cuales han sido violentados por la delegaci\u00f3n Coyoac\u00e1n. Se vive un ambiente ca\u00f3tico en la delegaci\u00f3n Coyoac\u00e1n, donde el autoritarismo y la discriminaci\u00f3n son el eje fundamental para\u2026","rel":"","context":"En &quot;CINTILLO&quot;","block_context":{"text":"CINTILLO","link":"http:\/\/www.grieta.org.mx\/index.php\/category\/cintillo\/"},"img":{"alt_text":"","src":"https:\/\/i0.wp.com\/www.grieta.org.mx\/wp-content\/uploads\/2018\/03\/14524434_1106112876131411_958039263622046936_o.jpg?resize=350%2C200","width":350,"height":200,"srcset":"https:\/\/i0.wp.com\/www.grieta.org.mx\/wp-content\/uploads\/2018\/03\/14524434_1106112876131411_958039263622046936_o.jpg?resize=350%2C200 1x, https:\/\/i0.wp.com\/www.grieta.org.mx\/wp-content\/uploads\/2018\/03\/14524434_1106112876131411_958039263622046936_o.jpg?resize=525%2C300 1.5x, https:\/\/i0.wp.com\/www.grieta.org.mx\/wp-content\/uploads\/2018\/03\/14524434_1106112876131411_958039263622046936_o.jpg?resize=700%2C400 2x"},"classes":[]},{"id":10498,"url":"http:\/\/www.grieta.org.mx\/index.php\/2016\/09\/05\/movilizaciones-contra-zodes\/","url_meta":{"origin":13398,"position":3},"title":"Organizaci\u00f3n y movilizaciones contra ZODES en la Ciudad de M\u00e9xico","author":"grieta","date":"5 septiembre, 2016","format":false,"excerpt":"04\/09\/16. La lucha no es f\u00e1cil, nos estamos enfrentando al gran poder del dinero: colonos de pedregales Coyoac\u00e1nDesinform\u00e9monos 17\/02\/16. Vecinos de Coyoac\u00e1n rechazan consulta p\u00fablica sobre Planta de AsfaltoDesinform\u00e9monos 11\/02\/16. Nuestra lucha va m\u00e1s all\u00e1 de una casa, es por nuestra historia: Pedregales de Coyoac\u00e1nSubversiones 21\/01\/16. Contra el \"operativo rastrillo\"\u2026","rel":"","context":"En &quot;Ciudad de M\u00e9xico&quot;","block_context":{"text":"Ciudad de M\u00e9xico","link":"http:\/\/www.grieta.org.mx\/index.php\/category\/noticias-nacionales\/ciudad-de-mexico\/"},"img":{"alt_text":"","src":"https:\/\/i0.wp.com\/www.grieta.org.mx\/wp-content\/uploads\/2018\/03\/14524434_1106112876131411_958039263622046936_o.jpg?resize=350%2C200","width":350,"height":200,"srcset":"https:\/\/i0.wp.com\/www.grieta.org.mx\/wp-content\/uploads\/2018\/03\/14524434_1106112876131411_958039263622046936_o.jpg?resize=350%2C200 1x, https:\/\/i0.wp.com\/www.grieta.org.mx\/wp-content\/uploads\/2018\/03\/14524434_1106112876131411_958039263622046936_o.jpg?resize=525%2C300 1.5x, https:\/\/i0.wp.com\/www.grieta.org.mx\/wp-content\/uploads\/2018\/03\/14524434_1106112876131411_958039263622046936_o.jpg?resize=700%2C400 2x"},"classes":[]},{"id":12289,"url":"http:\/\/www.grieta.org.mx\/index.php\/2016\/04\/30\/marchan-para-exigir-la-expropiacion-del-predio-donde-esta-el-manantial-cdmx\/","url_meta":{"origin":13398,"position":4},"title":"Marchan para exigir la expropiaci\u00f3n del predio donde est\u00e1 el manantial (CDMX)","author":"grieta","date":"30 abril, 2016","format":false,"excerpt":"Roc\u00edo Gonz\u00e1lez Alvarado Residentes arman plant\u00f3n frente a la edificaci\u00f3n de departamentos Habitantes de Santo Domingo, Ajusco y la Candelaria se sumaron a la movilizaci\u00f3n de vecinos del pueblo de Los Reyes, Coyoac\u00e1n, quienes exigieron que expertos independientes analicen el agua que brota del predio Aztecas 215 para verificar que\u2026","rel":"","context":"En &quot;cdmx&quot;","block_context":{"text":"cdmx","link":"http:\/\/www.grieta.org.mx\/index.php\/category\/cdmx\/"},"img":{"alt_text":"","src":"https:\/\/i0.wp.com\/www.grieta.org.mx\/wp-content\/uploads\/2018\/03\/14524434_1106112876131411_958039263622046936_o.jpg?resize=350%2C200","width":350,"height":200,"srcset":"https:\/\/i0.wp.com\/www.grieta.org.mx\/wp-content\/uploads\/2018\/03\/14524434_1106112876131411_958039263622046936_o.jpg?resize=350%2C200 1x, https:\/\/i0.wp.com\/www.grieta.org.mx\/wp-content\/uploads\/2018\/03\/14524434_1106112876131411_958039263622046936_o.jpg?resize=525%2C300 1.5x, https:\/\/i0.wp.com\/www.grieta.org.mx\/wp-content\/uploads\/2018\/03\/14524434_1106112876131411_958039263622046936_o.jpg?resize=700%2C400 2x"},"classes":[]},{"id":10524,"url":"http:\/\/www.grieta.org.mx\/index.php\/2015\/12\/19\/habitantes-de-coyoacan-en-defensa-del-agua-y-la-vivienda-digna-en-el-df\/","url_meta":{"origin":13398,"position":5},"title":"Habitantes de Coyoac\u00e1n en defensa del agua y la vivienda digna en el DF","author":"grieta","date":"19 diciembre, 2015","format":false,"excerpt":"Desinform\u00e9monos Redacci\u00f3n Desinform\u00e9monos El viernes 18 los vecinos de Coyoac\u00e1n hab\u00edan conseguido que el delegado de su zona, Valent\u00edn Maldonado, los recibiera a las seis de la tarde. En la ma\u00f1ana les avisaron que no los atender\u00eda \u201cdebido a su apretada agenda\u201d. Los vecinos sostienen que esta cancelaci\u00f3n muestra m\u00e1s\u2026","rel":"","context":"En &quot;CINTILLO&quot;","block_context":{"text":"CINTILLO","link":"http:\/\/www.grieta.org.mx\/index.php\/category\/cintillo\/"},"img":{"alt_text":"","src":"https:\/\/i0.wp.com\/www.grieta.org.mx\/wp-content\/uploads\/2018\/03\/14524434_1106112876131411_958039263622046936_o.jpg?resize=350%2C200","width":350,"height":200,"srcset":"https:\/\/i0.wp.com\/www.grieta.org.mx\/wp-content\/uploads\/2018\/03\/14524434_1106112876131411_958039263622046936_o.jpg?resize=350%2C200 1x, https:\/\/i0.wp.com\/www.grieta.org.mx\/wp-content\/uploads\/2018\/03\/14524434_1106112876131411_958039263622046936_o.jpg?resize=525%2C300 1.5x, https:\/\/i0.wp.com\/www.grieta.org.mx\/wp-content\/uploads\/2018\/03\/14524434_1106112876131411_958039263622046936_o.jpg?resize=700%2C400 2x"},"classes":[]}],"_links":{"self":[{"href":"http:\/\/www.grieta.org.mx\/index.php\/wp-json\/wp\/v2\/posts\/13398","targetHints":{"allow":["GET"]}}],"collection":[{"href":"http:\/\/www.grieta.org.mx\/index.php\/wp-json\/wp\/v2\/posts"}],"about":[{"href":"http:\/\/www.grieta.org.mx\/index.php\/wp-json\/wp\/v2\/types\/post"}],"author":[{"embeddable":true,"href":"http:\/\/www.grieta.org.mx\/index.php\/wp-json\/wp\/v2\/users\/2"}],"replies":[{"embeddable":true,"href":"http:\/\/www.grieta.org.mx\/index.php\/wp-json\/wp\/v2\/comments?post=13398"}],"version-history":[{"count":1,"href":"http:\/\/www.grieta.org.mx\/index.php\/wp-json\/wp\/v2\/posts\/13398\/revisions"}],"predecessor-version":[{"id":13416,"href":"http:\/\/www.grieta.org.mx\/index.php\/wp-json\/wp\/v2\/posts\/13398\/revisions\/13416"}],"wp:featuredmedia":[{"embeddable":true,"href":"http:\/\/www.grieta.org.mx\/index.php\/wp-json\/wp\/v2\/media\/21928"}],"wp:attachment":[{"href":"http:\/\/www.grieta.org.mx\/index.php\/wp-json\/wp\/v2\/media?parent=13398"}],"wp:term":[{"taxonomy":"category","embeddable":true,"href":"http:\/\/www.grieta.org.mx\/index.php\/wp-json\/wp\/v2\/categories?post=13398"},{"taxonomy":"post_tag","embeddable":true,"href":"http:\/\/www.grieta.org.mx\/index.php\/wp-json\/wp\/v2\/tags?post=13398"}],"curies":[{"name":"wp","href":"https:\/\/api.w.org\/{rel}","templated":true}]}}