{"id":13379,"date":"2016-05-19T22:45:04","date_gmt":"2016-05-19T22:45:04","guid":{"rendered":"http:\/\/www.grieta.org.mx\/?p=13379"},"modified":"2016-06-01T22:48:00","modified_gmt":"2016-06-01T22:48:00","slug":"ganan-indigenas-batalla-legal-y-recuperan-predios","status":"publish","type":"post","link":"http:\/\/www.grieta.org.mx\/index.php\/2016\/05\/19\/ganan-indigenas-batalla-legal-y-recuperan-predios\/","title":{"rendered":"Ganan ind\u00edgenas batalla legal y recuperan predios"},"content":{"rendered":"<p>El Diario<br \/>\nFrancisco C\u00f3rdova<\/p>\n<p>La comunidad de \u201cBakeachi\u201d que por 88 a\u00f1os pele\u00f3 por tierras de cultivo en el municipio de Carich\u00ed, gan\u00f3 una de las m\u00e1s importantes batallas legales de nivel federal que los reconoce como leg\u00edtimos due\u00f1os de 7 mil 700 hect\u00e1reas, de las 44 mil que se les otorgaron en 1928 por decreto presidencial, por lo que invasores ganaderos tendr\u00e1n que abandonar dichas tierras y cesar con los hostigamientos hacia los ind\u00edgenas.<\/p>\n<p>Lo anterior como parte de la sentencia que dict\u00f3 el Tribunal Superior Agrario, la cual respalda el fallo del Tribunal Unitario Agrario del Distrito 5 que a la letra dice: \u201cSe condena a restituir y entregar la superficie invadida, a favor del ejido Baqueachi, municipio de Carich\u00ed, estado de Chihuahua, con todas sus accesiones y mejoras, asimismo se condena a los demandados al retiro del ganado que se encuentra pastando dentro de la superficie invadida\u201d.<\/p>\n<p>As\u00ed lo inform\u00f3 ayer la abogada y activista defensora de los derechos humanos Estela \u00c1ngeles Mondrag\u00f3n, acompa\u00f1ada por gobernadores tarahumaras y representantes de la comunidad, quienes rememoraron el dif\u00edcil camino que los llev\u00f3 hasta esta sentencia que establece un precedente a nivel nacional e incluso internacional.<\/p>\n<p>Por 22 a\u00f1os dicha comunidad estuvo en pie de lucha legal para hacer valer el derecho sobre sus tierras, invadidas por ganaderos quienes, seg\u00fan declararon, los hostigaron y amenazaron.<\/p>\n<p>Ah\u00ed tambi\u00e9n se agradeci\u00f3 la lucha que desempe\u00f1\u00f3 el \u201ccompa\u00f1ero\u201d y esposo de Estela, el abogado Ernesto R\u00e1bago Mart\u00ednez, quien tambi\u00e9n luch\u00f3 por esta causa y fue acribillado en su despacho hace seis a\u00f1os.<\/p>\n<p>De igual forma se hizo un llamado a las autoridades correspondientes para ejecutar en las mejores condiciones lo establecido en la demanda, la cual ya ha sido aprobada cuatro veces a nivel estatal y que en esta quinta a nivel nacional se deber\u00e1 involucrar la Seguridad P\u00fablica Federal para cumplimentar la sentencia.<\/p>\n<p>Al finalizar la jornada los rar\u00e1muris acudieron a las oficinas del Tribunal Agrario Distrito V, para llevar su m\u00fasica y hacer sonar sus tambores agradeciendo por haber obtenido justicia.<\/p>\n<p>http:\/\/diario.mx\/Estado\/2016-05-17_6dd10c8f\/ganan-indigenas-batalla-legal-y-recuperan-predios\/<\/p>\n","protected":false},"excerpt":{"rendered":"<p>El Diario Francisco C\u00f3rdova La comunidad de \u201cBakeachi\u201d que por 88 a\u00f1os pele\u00f3 por tierras de cultivo en el municipio de Carich\u00ed, gan\u00f3 una de las m\u00e1s importantes batallas legales &hellip; <a href=\"http:\/\/www.grieta.org.mx\/index.php\/2016\/05\/19\/ganan-indigenas-batalla-legal-y-recuperan-predios\/\" class=\"more-link\">Leer m\u00e1s<\/a><\/p>\n","protected":false},"author":2,"featured_media":21928,"comment_status":"closed","ping_status":"closed","sticky":false,"template":"","format":"standard","meta":{"ngg_post_thumbnail":0,"_jetpack_newsletter_access":"","_jetpack_dont_email_post_to_subs":false,"_jetpack_newsletter_tier_id":0,"_jetpack_memberships_contains_paywalled_content":false,"_jetpack_memberships_contains_paid_content":false,"footnotes":""},"categories":[122,80],"tags":[591],"class_list":["post-13379","post","type-post","status-publish","format-standard","has-post-thumbnail","hentry","category-chihuahua","category-cintillo","tag-sierra-tarahumara","entry"],"jetpack_featured_media_url":"http:\/\/www.grieta.org.mx\/wp-content\/uploads\/2018\/03\/14524434_1106112876131411_958039263622046936_o.jpg","jetpack_sharing_enabled":true,"jetpack_shortlink":"https:\/\/wp.me\/p7ZJR4-3tN","jetpack_likes_enabled":false,"jetpack-related-posts":[{"id":1415,"url":"http:\/\/www.grieta.org.mx\/index.php\/2016\/03\/02\/cumple-seis-anos-impune-asesinato-de-abogado-de-ejidatarios-raramuris\/","url_meta":{"origin":13379,"position":0},"title":"Cumple seis a\u00f1os impune asesinato de abogado de ejidatarios rar\u00e1muris","author":"grieta","date":"2 marzo, 2016","format":false,"excerpt":"La Jornada Miroslava Breach Velducea Unos 200 ind\u00edgenas rar\u00e1muris bajaron de comunidades serranas del municipio de Carich\u00ed para manifestarse este primero de marzo por sexto a\u00f1o consecutivo, y exigir justicia por el homicidio del abogado Ernesto R\u00e1bago Mart\u00ednez, asesinado en su despacho en 2010, d\u00edas despu\u00e9s de que gan\u00f3 a\u2026","rel":"","context":"En &quot;chihuahua&quot;","block_context":{"text":"chihuahua","link":"http:\/\/www.grieta.org.mx\/index.php\/category\/chihuahua\/"},"img":{"alt_text":"","src":"https:\/\/i0.wp.com\/www.grieta.org.mx\/wp-content\/uploads\/2018\/03\/14524434_1106112876131411_958039263622046936_o.jpg?resize=350%2C200","width":350,"height":200,"srcset":"https:\/\/i0.wp.com\/www.grieta.org.mx\/wp-content\/uploads\/2018\/03\/14524434_1106112876131411_958039263622046936_o.jpg?resize=350%2C200 1x, https:\/\/i0.wp.com\/www.grieta.org.mx\/wp-content\/uploads\/2018\/03\/14524434_1106112876131411_958039263622046936_o.jpg?resize=525%2C300 1.5x, https:\/\/i0.wp.com\/www.grieta.org.mx\/wp-content\/uploads\/2018\/03\/14524434_1106112876131411_958039263622046936_o.jpg?resize=700%2C400 2x"},"classes":[]},{"id":68642,"url":"http:\/\/www.grieta.org.mx\/index.php\/2024\/03\/22\/tribunal-admite-demanda-contra-el-despojo-de-tierras-en-ixil-yucatan\/","url_meta":{"origin":13379,"position":1},"title":"Tribunal admite demanda contra el despojo de tierras en Ixil (Yucat\u00e1n)","author":"grieta","date":"22 marzo, 2024","format":false,"excerpt":"Paloma Reyes \/ Haz Ruido Conceden suspensi\u00f3n para que el Registro Agrario no pueda entregar certificados o t\u00edtulos sobre las tierras a gente de fuera y\/o empresarios hasta que termine el juicio. M\u00e9rida, Yucat\u00e1n, 22 de marzo de 2024.-La asociaci\u00f3n Kanan Derechos Humanos inform\u00f3 que el Tribunal Unitario Agrario (TUA)\u2026","rel":"","context":"En &quot;CINTILLO&quot;","block_context":{"text":"CINTILLO","link":"http:\/\/www.grieta.org.mx\/index.php\/category\/cintillo\/"},"img":{"alt_text":"","src":"https:\/\/i0.wp.com\/www.grieta.org.mx\/wp-content\/uploads\/2024\/03\/Ixil-e1711307211667.jpg?resize=350%2C200","width":350,"height":200,"srcset":"https:\/\/i0.wp.com\/www.grieta.org.mx\/wp-content\/uploads\/2024\/03\/Ixil-e1711307211667.jpg?resize=350%2C200 1x, https:\/\/i0.wp.com\/www.grieta.org.mx\/wp-content\/uploads\/2024\/03\/Ixil-e1711307211667.jpg?resize=525%2C300 1.5x, https:\/\/i0.wp.com\/www.grieta.org.mx\/wp-content\/uploads\/2024\/03\/Ixil-e1711307211667.jpg?resize=700%2C400 2x"},"classes":[]},{"id":13382,"url":"http:\/\/www.grieta.org.mx\/index.php\/2015\/12\/15\/denuncian-indigenas-de-baqueachi-agresiones-por-ganar-juicios\/","url_meta":{"origin":13379,"position":2},"title":"Denuncian ind\u00edgenas de Baqueachi agresiones por ganar juicios","author":"grieta","date":"15 diciembre, 2015","format":false,"excerpt":"La Opcion Ind\u00edgenas de la comunidad de Baqueachi, denunciaron que una vez que obtuvieron dos sentencias por juicios agrarios el pasado 25 de noviembre, fueron agredidos a pedradas, en especial los familiares del comisario ejidal Juan Ram\u00edrez. Estela \u00c1ngeles Mondrag\u00f3n, representante legal de la comunidad ind\u00edgena, fue quien hizo del\u2026","rel":"","context":"En &quot;chihuahua&quot;","block_context":{"text":"chihuahua","link":"http:\/\/www.grieta.org.mx\/index.php\/category\/chihuahua\/"},"img":{"alt_text":"","src":"https:\/\/i0.wp.com\/www.grieta.org.mx\/wp-content\/uploads\/2018\/03\/14524434_1106112876131411_958039263622046936_o.jpg?resize=350%2C200","width":350,"height":200,"srcset":"https:\/\/i0.wp.com\/www.grieta.org.mx\/wp-content\/uploads\/2018\/03\/14524434_1106112876131411_958039263622046936_o.jpg?resize=350%2C200 1x, https:\/\/i0.wp.com\/www.grieta.org.mx\/wp-content\/uploads\/2018\/03\/14524434_1106112876131411_958039263622046936_o.jpg?resize=525%2C300 1.5x, https:\/\/i0.wp.com\/www.grieta.org.mx\/wp-content\/uploads\/2018\/03\/14524434_1106112876131411_958039263622046936_o.jpg?resize=700%2C400 2x"},"classes":[]},{"id":22882,"url":"http:\/\/www.grieta.org.mx\/index.php\/2017\/10\/20\/con-pistoleros-particulares-buscan-despojar-de-sus-tierras-a-comunidades-indigenas-de-chihuahua\/","url_meta":{"origin":13379,"position":3},"title":"Con pistoleros, particulares buscan despojar de sus tierras a comunidades ind\u00edgenas de Chihuahua","author":"grieta","date":"20 octubre, 2017","format":false,"excerpt":"CHIHUAHUA, Chih. (apro).- Casi 30 familias ind\u00edgenas del municipio de Guadalupe y Calvo han sido desplazadas o amenazadas con el despojo de sus tierras por dos particulares identificados como Cornelio y Aurelio Alderete, quienes han movilizado a hombres armados para intimidar a las comunidades de origen tepehuano u \u00f3dami. La\u2026","rel":"","context":"En &quot;Chihuahua&quot;","block_context":{"text":"Chihuahua","link":"http:\/\/www.grieta.org.mx\/index.php\/category\/noticias-nacionales\/chihuahua\/"},"img":{"alt_text":"","src":"https:\/\/i0.wp.com\/www.grieta.org.mx\/wp-content\/uploads\/2018\/03\/14524434_1106112876131411_958039263622046936_o.jpg?resize=350%2C200","width":350,"height":200,"srcset":"https:\/\/i0.wp.com\/www.grieta.org.mx\/wp-content\/uploads\/2018\/03\/14524434_1106112876131411_958039263622046936_o.jpg?resize=350%2C200 1x, https:\/\/i0.wp.com\/www.grieta.org.mx\/wp-content\/uploads\/2018\/03\/14524434_1106112876131411_958039263622046936_o.jpg?resize=525%2C300 1.5x, https:\/\/i0.wp.com\/www.grieta.org.mx\/wp-content\/uploads\/2018\/03\/14524434_1106112876131411_958039263622046936_o.jpg?resize=700%2C400 2x"},"classes":[]},{"id":9883,"url":"http:\/\/www.grieta.org.mx\/index.php\/2016\/03\/07\/alertan-tarahumaras-de-mas-despojos-por-proyecto-turistico-de-fideicomiso\/","url_meta":{"origin":13379,"position":4},"title":"Alertan tarahumaras de m\u00e1s despojos por proyecto tur\u00edstico de Fideicomiso","author":"grieta","date":"7 marzo, 2016","format":false,"excerpt":"Noticias de Chihuahua.- Integrantes de la Caravana por la Justicia en la Sierra Tarahumara denunciaron que el megaproyecto tur\u00edstico perteneciente al Fideicomiso Barrancas del Cobre pretende detonar m\u00e1s obras tur\u00edsticas que generar\u00e1n m\u00e1s despojos de tierras a los tarahumaras, sin que la autoridad intervenga en esto. Hace cuatro a\u00f1os, la\u2026","rel":"","context":"En &quot;chihuahua&quot;","block_context":{"text":"chihuahua","link":"http:\/\/www.grieta.org.mx\/index.php\/category\/chihuahua\/"},"img":{"alt_text":"","src":"https:\/\/i0.wp.com\/www.grieta.org.mx\/wp-content\/uploads\/2018\/03\/14524434_1106112876131411_958039263622046936_o.jpg?resize=350%2C200","width":350,"height":200,"srcset":"https:\/\/i0.wp.com\/www.grieta.org.mx\/wp-content\/uploads\/2018\/03\/14524434_1106112876131411_958039263622046936_o.jpg?resize=350%2C200 1x, https:\/\/i0.wp.com\/www.grieta.org.mx\/wp-content\/uploads\/2018\/03\/14524434_1106112876131411_958039263622046936_o.jpg?resize=525%2C300 1.5x, https:\/\/i0.wp.com\/www.grieta.org.mx\/wp-content\/uploads\/2018\/03\/14524434_1106112876131411_958039263622046936_o.jpg?resize=700%2C400 2x"},"classes":[]},{"id":37417,"url":"http:\/\/www.grieta.org.mx\/index.php\/2019\/08\/01\/baqueachi-y-huahuacherare-ratifican-a-su-abogada-denuncian-intento-de-division-chihuahua\/","url_meta":{"origin":13379,"position":5},"title":"Baqueachi y Huahuach\u00e9rare ratifican a su abogada; denuncian intento de divisi\u00f3n (Chihuahua)","author":"grieta","date":"1 agosto, 2019","format":false,"excerpt":"LA VERDAD\/ RA\u00cdCHALI Chihuahua \u2013Ante el intento de divisi\u00f3n de las comunidades rar\u00e1muri Baqueachi y Huahuach\u00e9rare, ambas del municipio de Carichi, las asambleas ejidales ratificaron a Estela \u00c1ngeles Mondrag\u00f3n como su representante legal. A inicios de junio, tras una serie de publicaciones que pusieron en duda el trabajo de la\u2026","rel":"","context":"En &quot;Chihuahua&quot;","block_context":{"text":"Chihuahua","link":"http:\/\/www.grieta.org.mx\/index.php\/category\/noticias-nacionales\/chihuahua\/"},"img":{"alt_text":"","src":"https:\/\/i0.wp.com\/www.grieta.org.mx\/wp-content\/uploads\/2019\/08\/Baqueachi.jpg?resize=350%2C200","width":350,"height":200,"srcset":"https:\/\/i0.wp.com\/www.grieta.org.mx\/wp-content\/uploads\/2019\/08\/Baqueachi.jpg?resize=350%2C200 1x, https:\/\/i0.wp.com\/www.grieta.org.mx\/wp-content\/uploads\/2019\/08\/Baqueachi.jpg?resize=525%2C300 1.5x, https:\/\/i0.wp.com\/www.grieta.org.mx\/wp-content\/uploads\/2019\/08\/Baqueachi.jpg?resize=700%2C400 2x"},"classes":[]}],"_links":{"self":[{"href":"http:\/\/www.grieta.org.mx\/index.php\/wp-json\/wp\/v2\/posts\/13379","targetHints":{"allow":["GET"]}}],"collection":[{"href":"http:\/\/www.grieta.org.mx\/index.php\/wp-json\/wp\/v2\/posts"}],"about":[{"href":"http:\/\/www.grieta.org.mx\/index.php\/wp-json\/wp\/v2\/types\/post"}],"author":[{"embeddable":true,"href":"http:\/\/www.grieta.org.mx\/index.php\/wp-json\/wp\/v2\/users\/2"}],"replies":[{"embeddable":true,"href":"http:\/\/www.grieta.org.mx\/index.php\/wp-json\/wp\/v2\/comments?post=13379"}],"version-history":[{"count":1,"href":"http:\/\/www.grieta.org.mx\/index.php\/wp-json\/wp\/v2\/posts\/13379\/revisions"}],"predecessor-version":[{"id":13380,"href":"http:\/\/www.grieta.org.mx\/index.php\/wp-json\/wp\/v2\/posts\/13379\/revisions\/13380"}],"wp:featuredmedia":[{"embeddable":true,"href":"http:\/\/www.grieta.org.mx\/index.php\/wp-json\/wp\/v2\/media\/21928"}],"wp:attachment":[{"href":"http:\/\/www.grieta.org.mx\/index.php\/wp-json\/wp\/v2\/media?parent=13379"}],"wp:term":[{"taxonomy":"category","embeddable":true,"href":"http:\/\/www.grieta.org.mx\/index.php\/wp-json\/wp\/v2\/categories?post=13379"},{"taxonomy":"post_tag","embeddable":true,"href":"http:\/\/www.grieta.org.mx\/index.php\/wp-json\/wp\/v2\/tags?post=13379"}],"curies":[{"name":"wp","href":"https:\/\/api.w.org\/{rel}","templated":true}]}}