{"id":13325,"date":"2016-05-31T11:41:16","date_gmt":"2016-05-31T11:41:16","guid":{"rendered":"http:\/\/www.grieta.org.mx\/?p=13325"},"modified":"2016-05-31T11:41:16","modified_gmt":"2016-05-31T11:41:16","slug":"irrumpen-y-destrozan-integrantes-de-la-ceteg-equipo-en-dos-sedes-de-la-seg","status":"publish","type":"post","link":"http:\/\/www.grieta.org.mx\/index.php\/2016\/05\/31\/irrumpen-y-destrozan-integrantes-de-la-ceteg-equipo-en-dos-sedes-de-la-seg\/","title":{"rendered":"Irrumpen y destrozan integrantes de la CETEG equipo en dos sedes de la SEG"},"content":{"rendered":"<p>El Sur<\/p>\n<p>Alfonso Mar\u00edn Amezcua<\/p>\n<p>Chilpancingo. Un grupo de integrantes de la Coordinadora Estatal de Trabajadores de la Educaci\u00f3n en Guerrero (CETEG) con el rostro cubierto, incorporados a la facci\u00f3n de Ramos Reyes Guerrero, irrumpieron en dos oficinas de la Secretar\u00eda de Educaci\u00f3n Guerrero (SEG), donde hicieron destrozos en los equipos de c\u00f3mputo, mobiliario y papeler\u00eda; adem\u00e1s de hacer pintas en contra de la reforma educativa y la evaluaci\u00f3n docente.<\/p>\n<p>Alrededor de las 11: 30 de la ma\u00f1ana, unos 80 docentes arribaron a las instalaciones de la Subsecretar\u00eda de Educaci\u00f3n B\u00e1sica, ubicadas en la colonia Tribuna Nacional, donde desalojaron al personal y arremetieron contra cristales, mobiliario y papeler\u00eda oficial que se encuentran el \u00e1rea de Direcci\u00f3n de Personal, adem\u00e1s de realizar pintas en las paredes, en las que se ley\u00f3: \u201cCETEG no a la reforma educativa\u201d y \u201cCETEG presente\u201d.<\/p>\n<p>All\u00ed, unos trabajadores contaron que al menos ocho personas encapuchadas, que portaban tubos y piedras, evacuaron el primer piso del edificio y ocasionaron el destrozo en un lapso de 10 minutos.<\/p>\n<p>Explicaron que la actividad se desarroll\u00f3 pese a la presencia de unos cinco polic\u00edas antimotines que resguardaban el edificio, y de los trabajadores inconformes que fueron desalojados.<\/p>\n<p>Luego, al filo del mediod\u00eda, el contingente se dirigi\u00f3 a la colonia Ciudad de los Servicios, junto al hospital del Ni\u00f1o y la Madre, al sur de la capital, para irrumpir en las oficinas alternas de la SEG, encargadas de la n\u00f3mina electr\u00f3nica y distribuci\u00f3n de cheques, donde los maestros desalojaron al personal y arremetieron con mayor intensidad sobre el equipo de c\u00f3mputo, mobiliario y documentos, y realizaron las mismas pintas en contra de la reforma educativa en las paredes de las oficinas.<\/p>\n<p>De acuerdo con el guardia de seguridad del inmueble, las oficinas fueron cerradas minutos antes de la irrupci\u00f3n de los docentes, sin embargo, no logr\u00f3 contener la protesta del magisterio.<\/p>\n<p>En el lugar, se observ\u00f3 que al menos 30 equipos de c\u00f3mputo fueron destrozados, junto al material de trabajo, mientras que las puertas y los vidrios de dos peque\u00f1os edificios, que albergaban las oficinas, quedaron inhabilitados.<\/p>\n<p>Por su parte, un trabajador visiblemente nervioso detall\u00f3 que en la protesta al menos 50 maestros ingresaron a las oficinas y desalojaron al personal, \u201cdonde incluso se robaron mi computadora personal\u201d, mientras que el resto de los acompa\u00f1antes permanec\u00edan afuera, dirigiendo consignas contra la reforma educativa y la evaluaci\u00f3n docente.<\/p>\n<p>Otro trabajador refiri\u00f3 que las acciones radicales fueron en respuesta a los primeros descuentos salariales, de cuatro d\u00edas, para maestros de la CETEG, que desde la semana pasada participan en el paro nacional contra la reforma educativa.<\/p>\n<p>Extern\u00f3 que los manifestantes estuvieron 20 minutos adentro de las oficinas, causando destrozos, y despu\u00e9s se retiraron a bordo de unas cinco camionetas.<\/p>\n<p>http:\/\/suracapulco.mx\/3\/irrumpen-y-destrozan-integrantes-de-la-ceteg-equipo-en-dos-sedes-de-la-seg-en-chilpancingo\/<\/p>\n","protected":false},"excerpt":{"rendered":"<p>El Sur Alfonso Mar\u00edn Amezcua Chilpancingo. Un grupo de integrantes de la Coordinadora Estatal de Trabajadores de la Educaci\u00f3n en Guerrero (CETEG) con el rostro cubierto, incorporados a la facci\u00f3n &hellip; <a href=\"http:\/\/www.grieta.org.mx\/index.php\/2016\/05\/31\/irrumpen-y-destrozan-integrantes-de-la-ceteg-equipo-en-dos-sedes-de-la-seg\/\" class=\"more-link\">Leer m\u00e1s<\/a><\/p>\n","protected":false},"author":2,"featured_media":21928,"comment_status":"closed","ping_status":"closed","sticky":false,"template":"","format":"standard","meta":{"ngg_post_thumbnail":0,"_jetpack_newsletter_access":"","_jetpack_dont_email_post_to_subs":false,"_jetpack_newsletter_tier_id":0,"_jetpack_memberships_contains_paywalled_content":false,"_jetpack_memberships_contains_paid_content":false,"footnotes":""},"categories":[80],"tags":[668,674,135],"class_list":["post-13325","post","type-post","status-publish","format-standard","has-post-thumbnail","hentry","category-cintillo","tag-ceteg","tag-movilizaciones-maestros","tag-reforma-educativa","entry"],"jetpack_featured_media_url":"http:\/\/www.grieta.org.mx\/wp-content\/uploads\/2018\/03\/14524434_1106112876131411_958039263622046936_o.jpg","jetpack_sharing_enabled":true,"jetpack_shortlink":"https:\/\/wp.me\/p7ZJR4-3sV","jetpack_likes_enabled":false,"jetpack-related-posts":[{"id":12846,"url":"http:\/\/www.grieta.org.mx\/index.php\/2016\/05\/19\/maestros-de-la-ceteg-causan-destrozos-en-oficinas-de-educacion-en-guerrero\/","url_meta":{"origin":13325,"position":0},"title":"Ceteg causa destrozos en oficinas de Educaci\u00f3n en Guerrero","author":"grieta","date":"19 mayo, 2016","format":false,"excerpt":"Proceso Ezequiel Flores Contreras Chilpancingo (apro). Integrantes de la Coordinadora Estatal de Trabajadores de la Educaci\u00f3n en Guerrero (Ceteg) irrumpieron en la sede de la Direcci\u00f3n de Asuntos Jur\u00eddicos de la Secretar\u00eda de Educaci\u00f3n Guerrero (SEG), donde destrozaron mobiliario y quemaron documentaci\u00f3n oficial. Lo anterior en respuesta a las declaraciones\u2026","rel":"","context":"En &quot;CINTILLO&quot;","block_context":{"text":"CINTILLO","link":"http:\/\/www.grieta.org.mx\/index.php\/category\/cintillo\/"},"img":{"alt_text":"","src":"https:\/\/i0.wp.com\/www.grieta.org.mx\/wp-content\/uploads\/2018\/03\/14524434_1106112876131411_958039263622046936_o.jpg?resize=350%2C200","width":350,"height":200,"srcset":"https:\/\/i0.wp.com\/www.grieta.org.mx\/wp-content\/uploads\/2018\/03\/14524434_1106112876131411_958039263622046936_o.jpg?resize=350%2C200 1x, https:\/\/i0.wp.com\/www.grieta.org.mx\/wp-content\/uploads\/2018\/03\/14524434_1106112876131411_958039263622046936_o.jpg?resize=525%2C300 1.5x, https:\/\/i0.wp.com\/www.grieta.org.mx\/wp-content\/uploads\/2018\/03\/14524434_1106112876131411_958039263622046936_o.jpg?resize=700%2C400 2x"},"classes":[]},{"id":12528,"url":"http:\/\/www.grieta.org.mx\/index.php\/2016\/09\/09\/movilizaciones-de-maestros-en-guerrero\/","url_meta":{"origin":13325,"position":1},"title":"Movilizaciones contra la Reforma educativa en Guerrero","author":"grieta","date":"9 septiembre, 2016","format":false,"excerpt":"08\/09\/16. CETEG toma una hora caseta de Palo Blanco, GuerreroMilenio 24\/08\/16. Contin\u00faan movilizaciones de Ceteg en Guerrero para abrogar la reforma educativa La Jornada 04\/08\/16. Antimotines repliegan a maestros de Guerrero sobre la autopista del sol El Financiero 01\/08\/16. La CETEG cierra dos gasolineras en la Cuernavaca-Acapulco en protesta contra\u2026","rel":"","context":"En &quot;Guerrero&quot;","block_context":{"text":"Guerrero","link":"http:\/\/www.grieta.org.mx\/index.php\/category\/noticias-nacionales\/guerrero\/"},"img":{"alt_text":"","src":"https:\/\/i0.wp.com\/www.grieta.org.mx\/wp-content\/uploads\/2018\/03\/14524434_1106112876131411_958039263622046936_o.jpg?resize=350%2C200","width":350,"height":200,"srcset":"https:\/\/i0.wp.com\/www.grieta.org.mx\/wp-content\/uploads\/2018\/03\/14524434_1106112876131411_958039263622046936_o.jpg?resize=350%2C200 1x, https:\/\/i0.wp.com\/www.grieta.org.mx\/wp-content\/uploads\/2018\/03\/14524434_1106112876131411_958039263622046936_o.jpg?resize=525%2C300 1.5x, https:\/\/i0.wp.com\/www.grieta.org.mx\/wp-content\/uploads\/2018\/03\/14524434_1106112876131411_958039263622046936_o.jpg?resize=700%2C400 2x"},"classes":[]},{"id":20270,"url":"http:\/\/www.grieta.org.mx\/index.php\/2016\/08\/24\/continuan-movilizaciones-de-ceteg-en-guerrero-para-abrogar-la-reforma-educativa\/","url_meta":{"origin":13325,"position":2},"title":"Contin\u00faan movilizaciones de Ceteg en Guerrero para abrogar la reforma educativa","author":"grieta","date":"24 agosto, 2016","format":false,"excerpt":"Margena de la O y Raymundo Ruiz Avil\u00e9s Los maestros disidentes tomaron la Direcci\u00f3n General de Secundarias y bloquearon una avenida del Centro de la capital del estado, como parte de las acciones contra la reforma educativa que dise\u00f1aron a nivel nacional. La Coordinadora Nacional de Trabajadores de la Educaci\u00f3n\u2026","rel":"","context":"En &quot;CINTILLO&quot;","block_context":{"text":"CINTILLO","link":"http:\/\/www.grieta.org.mx\/index.php\/category\/cintillo\/"},"img":{"alt_text":"","src":"https:\/\/i0.wp.com\/www.grieta.org.mx\/wp-content\/uploads\/2018\/03\/14524434_1106112876131411_958039263622046936_o.jpg?resize=350%2C200","width":350,"height":200,"srcset":"https:\/\/i0.wp.com\/www.grieta.org.mx\/wp-content\/uploads\/2018\/03\/14524434_1106112876131411_958039263622046936_o.jpg?resize=350%2C200 1x, https:\/\/i0.wp.com\/www.grieta.org.mx\/wp-content\/uploads\/2018\/03\/14524434_1106112876131411_958039263622046936_o.jpg?resize=525%2C300 1.5x, https:\/\/i0.wp.com\/www.grieta.org.mx\/wp-content\/uploads\/2018\/03\/14524434_1106112876131411_958039263622046936_o.jpg?resize=700%2C400 2x"},"classes":[]},{"id":13978,"url":"http:\/\/www.grieta.org.mx\/index.php\/2016\/06\/10\/movilizaciones-de-ceteg-y-otros-sindicatos-en-chilpancingo-iguala-tecpan-y-ayutla\/","url_meta":{"origin":13325,"position":3},"title":"Movilizaciones de CETEG y otros sindicatos en Chilpancingo, Iguala, Tecpan y Ayutla","author":"grieta","date":"10 junio, 2016","format":false,"excerpt":"El Sur, Destrozan e incendian maestros de la Ceteg oficinas de Educaci\u00f3n B\u00e1sica de la SEG Alina Navarrete Fern\u00e1ndez Chilpancingo.- Integrantes de la Coordinadora Estatal de Trabajadores de la Educaci\u00f3n en Guerrero (CETEG) de la facci\u00f3n encabezada por el secretario general Ramos Reyes Guerrero, destrozaron e incendiaron la Subsecretar\u00eda de\u2026","rel":"","context":"En &quot;CINTILLO&quot;","block_context":{"text":"CINTILLO","link":"http:\/\/www.grieta.org.mx\/index.php\/category\/cintillo\/"},"img":{"alt_text":"","src":"https:\/\/i0.wp.com\/www.grieta.org.mx\/wp-content\/uploads\/2018\/03\/14524434_1106112876131411_958039263622046936_o.jpg?resize=350%2C200","width":350,"height":200,"srcset":"https:\/\/i0.wp.com\/www.grieta.org.mx\/wp-content\/uploads\/2018\/03\/14524434_1106112876131411_958039263622046936_o.jpg?resize=350%2C200 1x, https:\/\/i0.wp.com\/www.grieta.org.mx\/wp-content\/uploads\/2018\/03\/14524434_1106112876131411_958039263622046936_o.jpg?resize=525%2C300 1.5x, https:\/\/i0.wp.com\/www.grieta.org.mx\/wp-content\/uploads\/2018\/03\/14524434_1106112876131411_958039263622046936_o.jpg?resize=700%2C400 2x"},"classes":[]},{"id":12531,"url":"http:\/\/www.grieta.org.mx\/index.php\/2016\/05\/17\/suman-2-mil-escuelas-en-paro-laboral-en-guerrero-ceteg\/","url_meta":{"origin":13325,"position":4},"title":"Suman 2 mil escuelas en paro laboral en Guerrero: Ceteg","author":"grieta","date":"17 mayo, 2016","format":false,"excerpt":"Proceso Ezequiel Flores Contreras Chilpancingo (apro). Integrantes del magisterio disidente se manifestaron de forma pac\u00edfica esta ma\u00f1ana en la sede de los ayuntamientos de Acapulco y Chilpancingo para seguir insistiendo en su rechazo a la reforma educativa y la evaluaci\u00f3n. Al respecto, el miembro de la Comisi\u00f3n Pol\u00edtica de la\u2026","rel":"","context":"En &quot;CINTILLO&quot;","block_context":{"text":"CINTILLO","link":"http:\/\/www.grieta.org.mx\/index.php\/category\/cintillo\/"},"img":{"alt_text":"","src":"https:\/\/i0.wp.com\/www.grieta.org.mx\/wp-content\/uploads\/2018\/03\/14524434_1106112876131411_958039263622046936_o.jpg?resize=350%2C200","width":350,"height":200,"srcset":"https:\/\/i0.wp.com\/www.grieta.org.mx\/wp-content\/uploads\/2018\/03\/14524434_1106112876131411_958039263622046936_o.jpg?resize=350%2C200 1x, https:\/\/i0.wp.com\/www.grieta.org.mx\/wp-content\/uploads\/2018\/03\/14524434_1106112876131411_958039263622046936_o.jpg?resize=525%2C300 1.5x, https:\/\/i0.wp.com\/www.grieta.org.mx\/wp-content\/uploads\/2018\/03\/14524434_1106112876131411_958039263622046936_o.jpg?resize=700%2C400 2x"},"classes":[]},{"id":13075,"url":"http:\/\/www.grieta.org.mx\/index.php\/2016\/05\/26\/marchan-8-mil-contra-reforma-educativa-en-la-capital-de-guerrero\/","url_meta":{"origin":13325,"position":5},"title":"Marchan 8 mil contra reforma educativa en la capital de Guerrero","author":"grieta","date":"26 mayo, 2016","format":false,"excerpt":"El Sur, Alina Navarrete Fern\u00e1ndez Chilpancingo. Unos 8 mil integrantes de los grupos opuestos de la Coordinadora Estatal de Trabajadores de la Educaci\u00f3n en Guerrero (CETEG), acompa\u00f1ados de estudiantes, padres de familia y activistas, marcharon en la capital por la unidad de las bases, en contra de la reforma educativa\u2026","rel":"","context":"En &quot;CINTILLO&quot;","block_context":{"text":"CINTILLO","link":"http:\/\/www.grieta.org.mx\/index.php\/category\/cintillo\/"},"img":{"alt_text":"","src":"https:\/\/i0.wp.com\/www.grieta.org.mx\/wp-content\/uploads\/2018\/03\/14524434_1106112876131411_958039263622046936_o.jpg?resize=350%2C200","width":350,"height":200,"srcset":"https:\/\/i0.wp.com\/www.grieta.org.mx\/wp-content\/uploads\/2018\/03\/14524434_1106112876131411_958039263622046936_o.jpg?resize=350%2C200 1x, https:\/\/i0.wp.com\/www.grieta.org.mx\/wp-content\/uploads\/2018\/03\/14524434_1106112876131411_958039263622046936_o.jpg?resize=525%2C300 1.5x, https:\/\/i0.wp.com\/www.grieta.org.mx\/wp-content\/uploads\/2018\/03\/14524434_1106112876131411_958039263622046936_o.jpg?resize=700%2C400 2x"},"classes":[]}],"_links":{"self":[{"href":"http:\/\/www.grieta.org.mx\/index.php\/wp-json\/wp\/v2\/posts\/13325","targetHints":{"allow":["GET"]}}],"collection":[{"href":"http:\/\/www.grieta.org.mx\/index.php\/wp-json\/wp\/v2\/posts"}],"about":[{"href":"http:\/\/www.grieta.org.mx\/index.php\/wp-json\/wp\/v2\/types\/post"}],"author":[{"embeddable":true,"href":"http:\/\/www.grieta.org.mx\/index.php\/wp-json\/wp\/v2\/users\/2"}],"replies":[{"embeddable":true,"href":"http:\/\/www.grieta.org.mx\/index.php\/wp-json\/wp\/v2\/comments?post=13325"}],"version-history":[{"count":1,"href":"http:\/\/www.grieta.org.mx\/index.php\/wp-json\/wp\/v2\/posts\/13325\/revisions"}],"predecessor-version":[{"id":13326,"href":"http:\/\/www.grieta.org.mx\/index.php\/wp-json\/wp\/v2\/posts\/13325\/revisions\/13326"}],"wp:featuredmedia":[{"embeddable":true,"href":"http:\/\/www.grieta.org.mx\/index.php\/wp-json\/wp\/v2\/media\/21928"}],"wp:attachment":[{"href":"http:\/\/www.grieta.org.mx\/index.php\/wp-json\/wp\/v2\/media?parent=13325"}],"wp:term":[{"taxonomy":"category","embeddable":true,"href":"http:\/\/www.grieta.org.mx\/index.php\/wp-json\/wp\/v2\/categories?post=13325"},{"taxonomy":"post_tag","embeddable":true,"href":"http:\/\/www.grieta.org.mx\/index.php\/wp-json\/wp\/v2\/tags?post=13325"}],"curies":[{"name":"wp","href":"https:\/\/api.w.org\/{rel}","templated":true}]}}