{"id":13294,"date":"2016-05-30T04:34:37","date_gmt":"2016-05-30T04:34:37","guid":{"rendered":"http:\/\/www.grieta.org.mx\/?p=13294"},"modified":"2016-05-31T04:41:15","modified_gmt":"2016-05-31T04:41:15","slug":"video-realizan-en-toluca-primer-encuentro-popular-contra-la-ley-de-la-fuerza-publica","status":"publish","type":"post","link":"http:\/\/www.grieta.org.mx\/index.php\/2016\/05\/30\/video-realizan-en-toluca-primer-encuentro-popular-contra-la-ley-de-la-fuerza-publica\/","title":{"rendered":"VIDEO: Realizan en Toluca Primer Encuentro Popular Contra la \u2018Ley de la Fuerza P\u00fablica\u2019"},"content":{"rendered":"<div class=\"jetpack-video-wrapper\"><iframe loading=\"lazy\" title=\"Mi v\u00eddeo editado\" width=\"1170\" height=\"658\" src=\"https:\/\/www.youtube.com\/embed\/eMvMpxa1Zks?feature=oembed\" frameborder=\"0\" allow=\"accelerometer; autoplay; clipboard-write; encrypted-media; gyroscope; picture-in-picture\" allowfullscreen><\/iframe><\/div>\n<p>Marisela Gonz\u00e1lez<\/p>\n<p>Habitantes de al menos cinco municipios y organizaciones civiles acudieron frente a Palacio de Gobierno para llevar a cabo el Primer Encuentro Popular contra la \u201cLey de la Fuerza P\u00fablica\u201d, que es la que regula el Uso de las Fuerzas P\u00fablicas. <\/p>\n<p>Entre las agrupaciones presentes se encuentra el Frente de Pueblos San Francisco Xochicuautla, Huitzizilapan, Tec\u00e1mac, Nezahualc\u00f3yotl y San Salvador Atenco. Al menos 500 personas se manifestaron frente al palacio de gobierno en contra de esta ley que pretende regular el uso de la fuerza p\u00fablica por considerar que hasta el momento no hay avances en la modificaci\u00f3n que orden\u00f3 la Suprema Corte de Justicia de la Naci\u00f3n y la Comisi\u00f3n Nacional de Derechos Humanos (CNDH).<\/p>\n<p>A la protesta se unieron asociaciones civiles de Nezahualc\u00f3yotl, Chimalhuac\u00e1n, Tec\u00e1mac, San Salvador Atenco, San Francisco Xochicuautla y Huitzizilapan, quienes alrededor de las 11:45 comenzaron a llegar.<\/p>\n<p>Al lugar tambi\u00e9n acudieron  habitantes de Tec\u00e1mac, quienes exigen el encarcelamiento de Aar\u00f3n Urbina, por considerarlo responsable de las condiciones en que fueron entregadas las casas de Urbi en el 2005, y que fue la base para la demanda de cientos de habitantes que dejaron de pagar por la vivienda.<\/p>\n<p>\u201cLo que estamos reclamando es que haya respeto por la resoluci\u00f3n de las autoridades y organismos que coinciden con nuestra opini\u00f3n, al apuntar que es violatoria del derecho Constitucional de manifestarse, especialmente cuando observamos que la intenci\u00f3n de la autoridad es pasar por la tierra, el bosque y los cuerpos de agua que pertenecen a las comunidades\u201d.<\/p>\n<p>Los manifestantes alegaron tambi\u00e9n, que una muestra de la negativa que tienen las autoridades estatales para escuchar a los ciudadanos es la ocupaci\u00f3n de la plaza c\u00edvica de Toluca, toda vez que de forma simult\u00e1nea al anuncio sobre la movilizaci\u00f3n, implementaron un programa de educaci\u00f3n vial para menores de educaci\u00f3n b\u00e1sica, en donde incluyeron la muestra de motonetas, helic\u00f3pteros y otras unidades m\u00f3viles de la Comisi\u00f3n de Seguridad Ciudadana (CESC).<\/p>\n<p><a href=\"http:\/\/diarioportal.com\/post\/145110493964\/video-realizan-en-toluca-primer-encuentro-popular\" target=\"_blank\">http:\/\/diarioportal.com\/post\/145110493964\/video-realizan-en-toluca-primer-encuentro-popular<\/a><\/p>\n","protected":false},"excerpt":{"rendered":"<p>Marisela Gonz\u00e1lez Habitantes de al menos cinco municipios y organizaciones civiles acudieron frente a Palacio de Gobierno para llevar a cabo el Primer Encuentro Popular contra la \u201cLey de la &hellip; <a href=\"http:\/\/www.grieta.org.mx\/index.php\/2016\/05\/30\/video-realizan-en-toluca-primer-encuentro-popular-contra-la-ley-de-la-fuerza-publica\/\" class=\"more-link\">Leer m\u00e1s<\/a><\/p>\n","protected":false},"author":2,"featured_media":21928,"comment_status":"closed","ping_status":"closed","sticky":false,"template":"","format":"standard","meta":{"ngg_post_thumbnail":0,"_jetpack_newsletter_access":"","_jetpack_dont_email_post_to_subs":false,"_jetpack_newsletter_tier_id":0,"_jetpack_memberships_contains_paywalled_content":false,"_jetpack_memberships_contains_paid_content":false,"footnotes":""},"categories":[80],"tags":[92,130],"class_list":["post-13294","post","type-post","status-publish","format-standard","has-post-thumbnail","hentry","category-cintillo","tag-estado-de-mexico","tag-represion","entry"],"jetpack_featured_media_url":"http:\/\/www.grieta.org.mx\/wp-content\/uploads\/2018\/03\/14524434_1106112876131411_958039263622046936_o.jpg","jetpack_sharing_enabled":true,"jetpack_shortlink":"https:\/\/wp.me\/p7ZJR4-3sq","jetpack_likes_enabled":false,"jetpack-related-posts":[{"id":5067,"url":"http:\/\/www.grieta.org.mx\/index.php\/2016\/05\/30\/organizaciones-se-pronuncian-contra-la-ley-atenco\/","url_meta":{"origin":13294,"position":0},"title":"Organizaciones se pronuncian contra la ley que regula el uso de la fuerza p\u00fablica en el Estado de M\u00e9xico","author":"grieta","date":"30 mayo, 2016","format":false,"excerpt":"30\/05\/16. VIDEO: Realizan en Toluca Primer Encuentro Popular Contra la \u2018Ley de la Fuerza P\u00fablica\u2019Diario Portal 29\/04\/16. Cinco pueblos originarios se unen contra la \u201cLey Eruviel\u201dSin Embargo 05\/04\/16. Movilizaciones en Toluca frente al Congreso por rechazo a la \u201cLey Atenco\u201dRed-Accion 04\/04\/16. \u201cLey Eruviel\u201d, represalia contra AtencoCIMAC Noticias 25\/03\/16. Alistan ONG\u2026","rel":"","context":"En &quot;Estado de M\u00e9xico&quot;","block_context":{"text":"Estado de M\u00e9xico","link":"http:\/\/www.grieta.org.mx\/index.php\/category\/noticias-nacionales\/estado-de-mexico\/"},"img":{"alt_text":"","src":"https:\/\/i0.wp.com\/www.grieta.org.mx\/wp-content\/uploads\/2018\/03\/14524434_1106112876131411_958039263622046936_o.jpg?resize=350%2C200","width":350,"height":200,"srcset":"https:\/\/i0.wp.com\/www.grieta.org.mx\/wp-content\/uploads\/2018\/03\/14524434_1106112876131411_958039263622046936_o.jpg?resize=350%2C200 1x, https:\/\/i0.wp.com\/www.grieta.org.mx\/wp-content\/uploads\/2018\/03\/14524434_1106112876131411_958039263622046936_o.jpg?resize=525%2C300 1.5x, https:\/\/i0.wp.com\/www.grieta.org.mx\/wp-content\/uploads\/2018\/03\/14524434_1106112876131411_958039263622046936_o.jpg?resize=700%2C400 2x"},"classes":[]},{"id":5056,"url":"http:\/\/www.grieta.org.mx\/index.php\/2016\/03\/25\/alistan-ong-movilizaciones-contra-la-ley-atenco\/","url_meta":{"origin":13294,"position":1},"title":"Alistan ONG movilizaciones contra la \u201cley Atenco\u201d","author":"grieta","date":"25 marzo, 2016","format":false,"excerpt":"Veneranda Mendoza SAN SALVADOR ATENCO, Edomex. (apro).- Por considerarla una \u201cestrategia legaloide y perversa para criminalizar la protesta social\u201d, el Frente de Pueblos en Defensa de la Tierra (FPDT) anunci\u00f3 que combatir\u00e1 la \u201cley Atenco\u201d. Ignacio del Valle, dirigente de este movimiento, indic\u00f3 que su organizaci\u00f3n no est\u00e1 sorprendida por\u2026","rel":"","context":"En &quot;CINTILLO&quot;","block_context":{"text":"CINTILLO","link":"http:\/\/www.grieta.org.mx\/index.php\/category\/cintillo\/"},"img":{"alt_text":"","src":"https:\/\/i0.wp.com\/www.grieta.org.mx\/wp-content\/uploads\/2018\/03\/14524434_1106112876131411_958039263622046936_o.jpg?resize=350%2C200","width":350,"height":200,"srcset":"https:\/\/i0.wp.com\/www.grieta.org.mx\/wp-content\/uploads\/2018\/03\/14524434_1106112876131411_958039263622046936_o.jpg?resize=350%2C200 1x, https:\/\/i0.wp.com\/www.grieta.org.mx\/wp-content\/uploads\/2018\/03\/14524434_1106112876131411_958039263622046936_o.jpg?resize=525%2C300 1.5x, https:\/\/i0.wp.com\/www.grieta.org.mx\/wp-content\/uploads\/2018\/03\/14524434_1106112876131411_958039263622046936_o.jpg?resize=700%2C400 2x"},"classes":[]},{"id":5039,"url":"http:\/\/www.grieta.org.mx\/index.php\/2016\/03\/26\/grupos-civiles-alertan-que-la-ley-atenco-del-edomex-es-un-modelo-a-aplicar-en-todo-el-pais\/","url_meta":{"origin":13294,"position":2},"title":"Grupos civiles alertan que la \u201cLey Atenco\u201d del Edomex es un modelo a aplicar en todo el pa\u00eds","author":"grieta","date":"26 marzo, 2016","format":false,"excerpt":"Sergio Rinc\u00f3n Ciudad de M\u00e9xico, 24 de marzo (SinEmbargo).\u2013 La Ley que Regula el Uso de la Fuerza P\u00fablica en el Estado de M\u00e9xico, aprobada el pasado 17 de marzo por la C\u00e1mara de Diputados mexiquense, pretende ser un experimento para luego replicarla en otras entidades federativas, acusaron activistas. Jos\u00e9\u2026","rel":"","context":"En &quot;CINTILLO&quot;","block_context":{"text":"CINTILLO","link":"http:\/\/www.grieta.org.mx\/index.php\/category\/cintillo\/"},"img":{"alt_text":"","src":"https:\/\/i0.wp.com\/www.grieta.org.mx\/wp-content\/uploads\/2018\/03\/14524434_1106112876131411_958039263622046936_o.jpg?resize=350%2C200","width":350,"height":200,"srcset":"https:\/\/i0.wp.com\/www.grieta.org.mx\/wp-content\/uploads\/2018\/03\/14524434_1106112876131411_958039263622046936_o.jpg?resize=350%2C200 1x, https:\/\/i0.wp.com\/www.grieta.org.mx\/wp-content\/uploads\/2018\/03\/14524434_1106112876131411_958039263622046936_o.jpg?resize=525%2C300 1.5x, https:\/\/i0.wp.com\/www.grieta.org.mx\/wp-content\/uploads\/2018\/03\/14524434_1106112876131411_958039263622046936_o.jpg?resize=700%2C400 2x"},"classes":[]},{"id":71420,"url":"http:\/\/www.grieta.org.mx\/index.php\/2025\/03\/20\/tensa-protesta-de-maestros-en-palacio-por-ley-del-issste-yucatan\/","url_meta":{"origin":13294,"position":3},"title":"Tensa protesta de maestros en Palacio por Ley del Issste (Yucat\u00e1n)","author":"grieta","date":"20 marzo, 2025","format":false,"excerpt":"Haz Ruido Los manifestantes intentaron ingresar por la fuerza al recinto, pero fueron replegados con polvo de extintor. Advierten que cerrar\u00edan el acceso al aeropuerto. M\u00e9rida, Yucat\u00e1n, 20 de marzo de 2025.- Cientos de maestras y maestros yucatecos protestaron esta ma\u00f1ana en Palacio de Gobierno para exigir la abrogaci\u00f3n de\u2026","rel":"","context":"En &quot;Abuso Autoridades en Yucat\u00e1n&quot;","block_context":{"text":"Abuso Autoridades en Yucat\u00e1n","link":"http:\/\/www.grieta.org.mx\/index.php\/category\/noticias-nacionales\/yucatan\/abuso-autoridades-en-yucatan\/"},"img":{"alt_text":"","src":"https:\/\/i0.wp.com\/www.grieta.org.mx\/wp-content\/uploads\/2025\/03\/MaestrosRepresion-e1743196961563.jpg?resize=350%2C200","width":350,"height":200,"srcset":"https:\/\/i0.wp.com\/www.grieta.org.mx\/wp-content\/uploads\/2025\/03\/MaestrosRepresion-e1743196961563.jpg?resize=350%2C200 1x, https:\/\/i0.wp.com\/www.grieta.org.mx\/wp-content\/uploads\/2025\/03\/MaestrosRepresion-e1743196961563.jpg?resize=525%2C300 1.5x, https:\/\/i0.wp.com\/www.grieta.org.mx\/wp-content\/uploads\/2025\/03\/MaestrosRepresion-e1743196961563.jpg?resize=700%2C400 2x"},"classes":[]},{"id":9908,"url":"http:\/\/www.grieta.org.mx\/index.php\/2016\/04\/05\/movilizaciones-en-toluca-frente-al-congreso-por-rechazo-a-la-ley-atenco\/","url_meta":{"origin":13294,"position":4},"title":"Movilizaciones en Toluca frente al Congreso por rechazo a la \u201cLey Atenco\u201d","author":"grieta","date":"5 abril, 2016","format":false,"excerpt":"* Lanzan invitaci\u00f3n mundial para visitar el Edom\u00e9x y comprobar la violaci\u00f3n sistem\u00e1tica de derechos humanos de las autoridades a los pueblos por imponer obras y despojaros de sus tierras y recursos TOLUCA, M\u00e9x. Organizaciones sociales que forman la alianza \u201cFuego de la Digna Resistencia\u201d se movilizaron hoy al Congreso\u2026","rel":"","context":"En &quot;CINTILLO&quot;","block_context":{"text":"CINTILLO","link":"http:\/\/www.grieta.org.mx\/index.php\/category\/cintillo\/"},"img":{"alt_text":"","src":"https:\/\/i0.wp.com\/www.grieta.org.mx\/wp-content\/uploads\/2018\/03\/14524434_1106112876131411_958039263622046936_o.jpg?resize=350%2C200","width":350,"height":200,"srcset":"https:\/\/i0.wp.com\/www.grieta.org.mx\/wp-content\/uploads\/2018\/03\/14524434_1106112876131411_958039263622046936_o.jpg?resize=350%2C200 1x, https:\/\/i0.wp.com\/www.grieta.org.mx\/wp-content\/uploads\/2018\/03\/14524434_1106112876131411_958039263622046936_o.jpg?resize=525%2C300 1.5x, https:\/\/i0.wp.com\/www.grieta.org.mx\/wp-content\/uploads\/2018\/03\/14524434_1106112876131411_958039263622046936_o.jpg?resize=700%2C400 2x"},"classes":[]},{"id":5061,"url":"http:\/\/www.grieta.org.mx\/index.php\/2016\/03\/19\/edomex-mejora-la-ley-bala-ley-atenco-promete-acabar-rapido-con-la-protesta-social\/","url_meta":{"origin":13294,"position":5},"title":"Edomex &#8216;mejora&#8217; la &#8216;Ley Bala&#8217;: &#8216;Ley Atenco&#8217; promete acabar r\u00e1pido con la protesta social","author":"grieta","date":"19 marzo, 2016","format":false,"excerpt":"CIUDAD DE M\u00c9XICO.- El Congreso del Estado de M\u00e9xico aval\u00f3 la iniciativa enviada por el Gobernador Eruviel \u00c1vila Villegas que avala el uso de la Fuerza P\u00fablica durante manifestaciones p\u00fablicas. La tambi\u00e9n llamada \u201cLey Atenco\u201d, fue avala ayer en lo general por la mayor\u00eda de los legisladores mexiquenses, y con\u2026","rel":"","context":"En &quot;CINTILLO&quot;","block_context":{"text":"CINTILLO","link":"http:\/\/www.grieta.org.mx\/index.php\/category\/cintillo\/"},"img":{"alt_text":"","src":"https:\/\/i0.wp.com\/www.grieta.org.mx\/wp-content\/uploads\/2018\/03\/14524434_1106112876131411_958039263622046936_o.jpg?resize=350%2C200","width":350,"height":200,"srcset":"https:\/\/i0.wp.com\/www.grieta.org.mx\/wp-content\/uploads\/2018\/03\/14524434_1106112876131411_958039263622046936_o.jpg?resize=350%2C200 1x, https:\/\/i0.wp.com\/www.grieta.org.mx\/wp-content\/uploads\/2018\/03\/14524434_1106112876131411_958039263622046936_o.jpg?resize=525%2C300 1.5x, https:\/\/i0.wp.com\/www.grieta.org.mx\/wp-content\/uploads\/2018\/03\/14524434_1106112876131411_958039263622046936_o.jpg?resize=700%2C400 2x"},"classes":[]}],"_links":{"self":[{"href":"http:\/\/www.grieta.org.mx\/index.php\/wp-json\/wp\/v2\/posts\/13294","targetHints":{"allow":["GET"]}}],"collection":[{"href":"http:\/\/www.grieta.org.mx\/index.php\/wp-json\/wp\/v2\/posts"}],"about":[{"href":"http:\/\/www.grieta.org.mx\/index.php\/wp-json\/wp\/v2\/types\/post"}],"author":[{"embeddable":true,"href":"http:\/\/www.grieta.org.mx\/index.php\/wp-json\/wp\/v2\/users\/2"}],"replies":[{"embeddable":true,"href":"http:\/\/www.grieta.org.mx\/index.php\/wp-json\/wp\/v2\/comments?post=13294"}],"version-history":[{"count":1,"href":"http:\/\/www.grieta.org.mx\/index.php\/wp-json\/wp\/v2\/posts\/13294\/revisions"}],"predecessor-version":[{"id":13296,"href":"http:\/\/www.grieta.org.mx\/index.php\/wp-json\/wp\/v2\/posts\/13294\/revisions\/13296"}],"wp:featuredmedia":[{"embeddable":true,"href":"http:\/\/www.grieta.org.mx\/index.php\/wp-json\/wp\/v2\/media\/21928"}],"wp:attachment":[{"href":"http:\/\/www.grieta.org.mx\/index.php\/wp-json\/wp\/v2\/media?parent=13294"}],"wp:term":[{"taxonomy":"category","embeddable":true,"href":"http:\/\/www.grieta.org.mx\/index.php\/wp-json\/wp\/v2\/categories?post=13294"},{"taxonomy":"post_tag","embeddable":true,"href":"http:\/\/www.grieta.org.mx\/index.php\/wp-json\/wp\/v2\/tags?post=13294"}],"curies":[{"name":"wp","href":"https:\/\/api.w.org\/{rel}","templated":true}]}}