{"id":13285,"date":"2016-05-27T04:14:56","date_gmt":"2016-05-27T04:14:56","guid":{"rendered":"http:\/\/www.grieta.org.mx\/?p=13285"},"modified":"2016-05-31T04:24:24","modified_gmt":"2016-05-31T04:24:24","slug":"encarcelan-a-representantes-de-coyotepec-por-la-defensa-del-agua","status":"publish","type":"post","link":"http:\/\/www.grieta.org.mx\/index.php\/2016\/05\/27\/encarcelan-a-representantes-de-coyotepec-por-la-defensa-del-agua\/","title":{"rendered":"Encarcelan a representantes de Coyotepec por la defensa del agua"},"content":{"rendered":"<p>Perseo Greco<\/p>\n<p>Coyotepec, Estado de M\u00e9xico. 27 de mayo 2016.- Vecinos de Coyotepec denunciaron que el presidente municipal, Pedro Luna, trata de &#8220;municipalizar&#8221; el agua para la \u201cCiudad Bicentenario\u201d, con la intenci\u00f3n de construir un centro comercial de grandes dimensiones. El pasado 26 de mayo decenas de granaderos entraron a esta comunidad en el Estado de M\u00e9xico  para detener a integrantes del organismo independiente de agua potable Administraci\u00f3n de Agua Potable Coyotepec.<\/p>\n<p>Alrededor de las 10 horas, elementos de la polic\u00eda municipal, estatal y granaderos detuvieron al presidente de Administraci\u00f3n de Agua Potable Coyotepec, Sergio Vel\u00e1zquez Morales; a Anselmo Zarate P\u00e9rez, Roberto Anguiano Mel\u00e9ndez, Efra\u00edn Robles Quiroz y al parecer dos personas m\u00e1s.<\/p>\n<p>Esta detenci\u00f3n se dio a unos d\u00edas de que los vecinos de esta poblaci\u00f3n tomaran la presidencia municipal, luego de que Pedro Luna, presidente municipal de Coyotepec y militante del Partido Acci\u00f3n Nacional (PAN), intentara realizar una consulta sin el consentimiento del pueblo que se rige por usos y costumbres. En protesta por los malos manejos en el subministro de agua potable, los habitantes denunciaron que no es la primera vez que se act\u00faa con enga\u00f1os, &#8220;no es municipalizar el agua, sino privatizarla&#8221;.<\/p>\n<p>Las autoridades municipales est\u00e1n en disputa por la gesti\u00f3n del pozo n\u00famero 30, que es el que suministra totalmente de agua al poblado de Coyotepec; sin embargo, los habitantes de la comunidad se oponen a la gesti\u00f3n de este vital l\u00edquido por parte del ayuntamiento.<\/p>\n<p>En esta detenci\u00f3n fue arbitraria, como lo denunciaron los vecinos, pues no parti\u00f3 de una orden de aprehensi\u00f3n y se realiz\u00f3 por &#8220;cuestiones pol\u00edticas y por defender el agua de Coyotepec.&#8221;<\/p>\n<p>Tambi\u00e9n denunciaron la &#8220;brutalidad policiaca&#8221; con la que fueron detenidos no s\u00f3lo ellos, sino tambi\u00e9n colonos que los defend\u00edan incluyendo al sacerdote Mendoza, quien fue golpeado al tratar de resguardar personas dentro del atrio. El pueblo fue sitiado por la polic\u00eda durante algunas horas despu\u00e9s de la detenci\u00f3n.<\/p>\n<p>M\u00e1s tarde, en asamblea, Pedro Luna Vargas ofreci\u00f3 &#8220;no municipalizar el servicio de agua potable&#8221;, retirar a la polic\u00eda y liberar a los detenidos, reunirse con la CFE y negociar por una supuesta deuda en la gesti\u00f3n pasada por 32 millones de pesos. Dicha deuda ha repercutido en casi el 80% de los vecinos que viven sin agua desde los primeros d\u00edas de mayo.<\/p>\n<p>Aun en esta situaci\u00f3n, vecinos de esta entidad denunciaron para este medio &#8220;no firmaremos ning\u00fan acuerdo, nuestra agua no se vende. No importa que nos encarcelen lucharemos por el agua que es para los hijos y seguiremos pase lo que pase.&#8221;<\/p>\n<p><a href=\"http:\/\/www.somoselmedio.org\/article\/encarcelan-representantes-de-coyotepec-por-la-defensa-del-agua\" target=\"_blank\">http:\/\/www.somoselmedio.org\/article\/encarcelan-representantes-de-coyotepec-por-la-defensa-del-agua<\/a><\/p>\n","protected":false},"excerpt":{"rendered":"<p>Perseo Greco Coyotepec, Estado de M\u00e9xico. 27 de mayo 2016.- Vecinos de Coyotepec denunciaron que el presidente municipal, Pedro Luna, trata de &#8220;municipalizar&#8221; el agua para la \u201cCiudad Bicentenario\u201d, con &hellip; <a href=\"http:\/\/www.grieta.org.mx\/index.php\/2016\/05\/27\/encarcelan-a-representantes-de-coyotepec-por-la-defensa-del-agua\/\" class=\"more-link\">Leer m\u00e1s<\/a><\/p>\n","protected":false},"author":2,"featured_media":21928,"comment_status":"closed","ping_status":"closed","sticky":false,"template":"","format":"standard","meta":{"ngg_post_thumbnail":0,"_jetpack_newsletter_access":"","_jetpack_dont_email_post_to_subs":false,"_jetpack_newsletter_tier_id":0,"_jetpack_memberships_contains_paywalled_content":false,"_jetpack_memberships_contains_paid_content":false,"footnotes":""},"categories":[80],"tags":[92],"class_list":["post-13285","post","type-post","status-publish","format-standard","has-post-thumbnail","hentry","category-cintillo","tag-estado-de-mexico","entry"],"jetpack_featured_media_url":"http:\/\/www.grieta.org.mx\/wp-content\/uploads\/2018\/03\/14524434_1106112876131411_958039263622046936_o.jpg","jetpack_sharing_enabled":true,"jetpack_shortlink":"https:\/\/wp.me\/p7ZJR4-3sh","jetpack_likes_enabled":false,"jetpack-related-posts":[{"id":769,"url":"http:\/\/www.grieta.org.mx\/index.php\/2015\/10\/27\/movilizacion-en-coyotepec-logra-liberar-a-presidente-de-agua-potable\/","url_meta":{"origin":13285,"position":0},"title":"Movilizaci\u00f3n en Coyotepec logra liberar a presidente de Agua Potable","author":"grieta","date":"27 octubre, 2015","format":false,"excerpt":"Los pobladores del municipio mexiquense de Coyotepec lograron liberar ayer a Sergio Vel\u00e1zquez Morales, presidente de la Administraci\u00f3n de Agua Potable, poco despu\u00e9s que el presidente municipal pri\u00edsta de Coyotepec, Alfredo Anguiano Fuentes, lo mandar\u00e1 detener con la polic\u00eda municipal. \u201cAproximadamente las 9 horas de hoy el Edil (de perfil\u2026","rel":"","context":"En &quot;CINTILLO&quot;","block_context":{"text":"CINTILLO","link":"http:\/\/www.grieta.org.mx\/index.php\/category\/cintillo\/"},"img":{"alt_text":"","src":"https:\/\/i0.wp.com\/www.grieta.org.mx\/wp-content\/uploads\/2018\/03\/14524434_1106112876131411_958039263622046936_o.jpg?resize=350%2C200","width":350,"height":200,"srcset":"https:\/\/i0.wp.com\/www.grieta.org.mx\/wp-content\/uploads\/2018\/03\/14524434_1106112876131411_958039263622046936_o.jpg?resize=350%2C200 1x, https:\/\/i0.wp.com\/www.grieta.org.mx\/wp-content\/uploads\/2018\/03\/14524434_1106112876131411_958039263622046936_o.jpg?resize=525%2C300 1.5x, https:\/\/i0.wp.com\/www.grieta.org.mx\/wp-content\/uploads\/2018\/03\/14524434_1106112876131411_958039263622046936_o.jpg?resize=700%2C400 2x"},"classes":[]},{"id":13851,"url":"http:\/\/www.grieta.org.mx\/index.php\/2016\/05\/30\/liberan-al-presidente-del-sistema-de-aguas-de-coyotepec\/","url_meta":{"origin":13285,"position":1},"title":"Liberan al presidente del sistema de aguas de Coyotepec","author":"grieta","date":"30 mayo, 2016","format":false,"excerpt":"Coyotepec, M\u00e9x., Sergio Vel\u00e1zquez, presidente del organismo independiente Administraci\u00f3n de Agua Potable de Coyotepec (Aapc), as\u00ed como Anselmo Z\u00e1rate y Efra\u00edn Robles, quienes estaban recluidos en el penal de Cuautitl\u00e1n, quedaron ayer en libertad al no encontrarse elementos suficientes para imputarles el delito de da\u00f1o a bienes p\u00fablicos, despu\u00e9s de\u2026","rel":"","context":"En &quot;CINTILLO&quot;","block_context":{"text":"CINTILLO","link":"http:\/\/www.grieta.org.mx\/index.php\/category\/cintillo\/"},"img":{"alt_text":"","src":"https:\/\/i0.wp.com\/www.grieta.org.mx\/wp-content\/uploads\/2018\/03\/14524434_1106112876131411_958039263622046936_o.jpg?resize=350%2C200","width":350,"height":200,"srcset":"https:\/\/i0.wp.com\/www.grieta.org.mx\/wp-content\/uploads\/2018\/03\/14524434_1106112876131411_958039263622046936_o.jpg?resize=350%2C200 1x, https:\/\/i0.wp.com\/www.grieta.org.mx\/wp-content\/uploads\/2018\/03\/14524434_1106112876131411_958039263622046936_o.jpg?resize=525%2C300 1.5x, https:\/\/i0.wp.com\/www.grieta.org.mx\/wp-content\/uploads\/2018\/03\/14524434_1106112876131411_958039263622046936_o.jpg?resize=700%2C400 2x"},"classes":[]},{"id":767,"url":"http:\/\/www.grieta.org.mx\/index.php\/2015\/10\/30\/mexico-senalan-alerta-en-coyotepec-por-despojo-de-agua\/","url_meta":{"origin":13285,"position":2},"title":"M\u00e9xico: Se\u00f1alan alerta en Coyotepec por despojo de agua","author":"grieta","date":"30 octubre, 2015","format":false,"excerpt":"A la Ciudadan\u00eda de Coyotepec: A los pueblos en lucha del estado de M\u00e9xico y del pa\u00eds entero: A los medios de Comunicaci\u00f3n: A las Organizaciones sociales y de derechos humanos: A la opini\u00f3n p\u00fablica en general: Nuevamente Alfredo Anguiano Fuentes, presidente municipal pri\u00edsta de Coyotepec, en su af\u00e1n de\u2026","rel":"","context":"En &quot;CINTILLO&quot;","block_context":{"text":"CINTILLO","link":"http:\/\/www.grieta.org.mx\/index.php\/category\/cintillo\/"},"img":{"alt_text":"","src":"https:\/\/i0.wp.com\/www.grieta.org.mx\/wp-content\/uploads\/2018\/03\/14524434_1106112876131411_958039263622046936_o.jpg?resize=350%2C200","width":350,"height":200,"srcset":"https:\/\/i0.wp.com\/www.grieta.org.mx\/wp-content\/uploads\/2018\/03\/14524434_1106112876131411_958039263622046936_o.jpg?resize=350%2C200 1x, https:\/\/i0.wp.com\/www.grieta.org.mx\/wp-content\/uploads\/2018\/03\/14524434_1106112876131411_958039263622046936_o.jpg?resize=525%2C300 1.5x, https:\/\/i0.wp.com\/www.grieta.org.mx\/wp-content\/uploads\/2018\/03\/14524434_1106112876131411_958039263622046936_o.jpg?resize=700%2C400 2x"},"classes":[]},{"id":14266,"url":"http:\/\/www.grieta.org.mx\/index.php\/2016\/06\/11\/continua-la-defensa-del-agua-en-coyotepec-contra-la-municipalizacion\/","url_meta":{"origin":13285,"position":3},"title":"Contin\u00faa la defensa del agua en Coyotepec contra la &#8220;Municipalizaci\u00f3n&#8221;","author":"grieta","date":"11 junio, 2016","format":false,"excerpt":"Perseo Greco Coyotepec, Estado de M\u00e9xico. 11 de junio 2016. El pasado 9 de junio en la plaza central del pueblo de Coyotepec, Estado de M\u00e9xico, se realiz\u00f3 el Foro Nacional \"Agua para todos administrada por el pueblo\", convocado por el Consejo Nacional Del Pueblo Mexicano. Este foro se efectu\u00f3\u2026","rel":"","context":"En &quot;CINTILLO&quot;","block_context":{"text":"CINTILLO","link":"http:\/\/www.grieta.org.mx\/index.php\/category\/cintillo\/"},"img":{"alt_text":"","src":"https:\/\/i0.wp.com\/www.grieta.org.mx\/wp-content\/uploads\/2018\/03\/14524434_1106112876131411_958039263622046936_o.jpg?resize=350%2C200","width":350,"height":200,"srcset":"https:\/\/i0.wp.com\/www.grieta.org.mx\/wp-content\/uploads\/2018\/03\/14524434_1106112876131411_958039263622046936_o.jpg?resize=350%2C200 1x, https:\/\/i0.wp.com\/www.grieta.org.mx\/wp-content\/uploads\/2018\/03\/14524434_1106112876131411_958039263622046936_o.jpg?resize=525%2C300 1.5x, https:\/\/i0.wp.com\/www.grieta.org.mx\/wp-content\/uploads\/2018\/03\/14524434_1106112876131411_958039263622046936_o.jpg?resize=700%2C400 2x"},"classes":[]},{"id":909,"url":"http:\/\/www.grieta.org.mx\/index.php\/2016\/08\/13\/despojo-de-agua-en-coyotepec\/","url_meta":{"origin":13285,"position":4},"title":"Despojo de agua en Coyotepec","author":"grieta","date":"13 agosto, 2016","format":false,"excerpt":"13\/08\/16. \u201cSalte del movimiento del agua o se los va a cargar la chingada\u201d, agreden a defensores; Organizaci\u00f3n Mundial Contra la Tortura se pronunciaRevoluci\u00f3n 3.0 23\/06\/16. Defend\u00edan su agua, fueron a prisi\u00f3n y salieron. Pero su libertad est\u00e1 en riesgo.Sin Embargo 11\/06\/16. Contin\u00faa la defensa del agua en Coyotepec contra\u2026","rel":"","context":"En &quot;Estado de M\u00e9xico&quot;","block_context":{"text":"Estado de M\u00e9xico","link":"http:\/\/www.grieta.org.mx\/index.php\/category\/noticias-nacionales\/estado-de-mexico\/"},"img":{"alt_text":"","src":"https:\/\/i0.wp.com\/www.grieta.org.mx\/wp-content\/uploads\/2018\/03\/14524434_1106112876131411_958039263622046936_o.jpg?resize=350%2C200","width":350,"height":200,"srcset":"https:\/\/i0.wp.com\/www.grieta.org.mx\/wp-content\/uploads\/2018\/03\/14524434_1106112876131411_958039263622046936_o.jpg?resize=350%2C200 1x, https:\/\/i0.wp.com\/www.grieta.org.mx\/wp-content\/uploads\/2018\/03\/14524434_1106112876131411_958039263622046936_o.jpg?resize=525%2C300 1.5x, https:\/\/i0.wp.com\/www.grieta.org.mx\/wp-content\/uploads\/2018\/03\/14524434_1106112876131411_958039263622046936_o.jpg?resize=700%2C400 2x"},"classes":[]},{"id":894,"url":"http:\/\/www.grieta.org.mx\/index.php\/2015\/04\/23\/asesinan-a-otro-defensor-de-coyotepec-lo-encuentran-en-deposito-de-agua-potable\/","url_meta":{"origin":13285,"position":5},"title":"Asesinan a otro defensor de Coyotepec; lo encuentran en dep\u00f3sito de agua potable","author":"grieta","date":"23 abril, 2015","format":false,"excerpt":"ALDABI OLVERA (Ciudad de M\u00e9xico).- Jos\u00e9 Ignacio Cervantes \u00c1ngeles de 47 a\u00f1os, era uno de los integrantes de la Administraci\u00f3n del Agua Potable Aut\u00f3noma que los pobladores de Coyotepec \u2014municipio ubicado en el norte del Estado de M\u00e9xico\u2014 mantienen para defenderse de los intentos de \u201cmunicipalizaci\u00f3n\u201d del agua desde el\u2026","rel":"","context":"En &quot;CINTILLO&quot;","block_context":{"text":"CINTILLO","link":"http:\/\/www.grieta.org.mx\/index.php\/category\/cintillo\/"},"img":{"alt_text":"","src":"https:\/\/i0.wp.com\/www.grieta.org.mx\/wp-content\/uploads\/2018\/03\/14524434_1106112876131411_958039263622046936_o.jpg?resize=350%2C200","width":350,"height":200,"srcset":"https:\/\/i0.wp.com\/www.grieta.org.mx\/wp-content\/uploads\/2018\/03\/14524434_1106112876131411_958039263622046936_o.jpg?resize=350%2C200 1x, https:\/\/i0.wp.com\/www.grieta.org.mx\/wp-content\/uploads\/2018\/03\/14524434_1106112876131411_958039263622046936_o.jpg?resize=525%2C300 1.5x, https:\/\/i0.wp.com\/www.grieta.org.mx\/wp-content\/uploads\/2018\/03\/14524434_1106112876131411_958039263622046936_o.jpg?resize=700%2C400 2x"},"classes":[]}],"_links":{"self":[{"href":"http:\/\/www.grieta.org.mx\/index.php\/wp-json\/wp\/v2\/posts\/13285","targetHints":{"allow":["GET"]}}],"collection":[{"href":"http:\/\/www.grieta.org.mx\/index.php\/wp-json\/wp\/v2\/posts"}],"about":[{"href":"http:\/\/www.grieta.org.mx\/index.php\/wp-json\/wp\/v2\/types\/post"}],"author":[{"embeddable":true,"href":"http:\/\/www.grieta.org.mx\/index.php\/wp-json\/wp\/v2\/users\/2"}],"replies":[{"embeddable":true,"href":"http:\/\/www.grieta.org.mx\/index.php\/wp-json\/wp\/v2\/comments?post=13285"}],"version-history":[{"count":1,"href":"http:\/\/www.grieta.org.mx\/index.php\/wp-json\/wp\/v2\/posts\/13285\/revisions"}],"predecessor-version":[{"id":13291,"href":"http:\/\/www.grieta.org.mx\/index.php\/wp-json\/wp\/v2\/posts\/13285\/revisions\/13291"}],"wp:featuredmedia":[{"embeddable":true,"href":"http:\/\/www.grieta.org.mx\/index.php\/wp-json\/wp\/v2\/media\/21928"}],"wp:attachment":[{"href":"http:\/\/www.grieta.org.mx\/index.php\/wp-json\/wp\/v2\/media?parent=13285"}],"wp:term":[{"taxonomy":"category","embeddable":true,"href":"http:\/\/www.grieta.org.mx\/index.php\/wp-json\/wp\/v2\/categories?post=13285"},{"taxonomy":"post_tag","embeddable":true,"href":"http:\/\/www.grieta.org.mx\/index.php\/wp-json\/wp\/v2\/tags?post=13285"}],"curies":[{"name":"wp","href":"https:\/\/api.w.org\/{rel}","templated":true}]}}