{"id":13258,"date":"2016-05-30T11:07:23","date_gmt":"2016-05-30T11:07:23","guid":{"rendered":"http:\/\/www.grieta.org.mx\/?p=13258"},"modified":"2016-05-30T19:22:13","modified_gmt":"2016-05-30T19:22:13","slug":"arde-akumal-20-heridos-por-defender-acceso-a-la-playa-policia-no-permite-entrada-de-ambulancias-700-pobladores-queman-patrullas-y-la-delegacion-en-protesta","status":"publish","type":"post","link":"http:\/\/www.grieta.org.mx\/index.php\/2016\/05\/30\/arde-akumal-20-heridos-por-defender-acceso-a-la-playa-policia-no-permite-entrada-de-ambulancias-700-pobladores-queman-patrullas-y-la-delegacion-en-protesta\/","title":{"rendered":"Arde Akumal 20 heridos por defender acceso a la playa; polic\u00eda no permite entrada de ambulancias .700 pobladores queman patrullas y la delegaci\u00f3n en protesta"},"content":{"rendered":"<div style=\"width: 640px;\" class=\"wp-video\"><video class=\"wp-video-shortcode\" id=\"video-13258-1\" width=\"640\" height=\"360\" preload=\"metadata\" controls=\"controls\"><source type=\"video\/mp4\" src=\"http:\/\/www.noticiaspedrocanche.com\/wp-content\/uploads\/2016\/05\/IMG_0193.mp4?_=1\" \/><a href=\"http:\/\/www.noticiaspedrocanche.com\/wp-content\/uploads\/2016\/05\/IMG_0193.mp4\">http:\/\/www.noticiaspedrocanche.com\/wp-content\/uploads\/2016\/05\/IMG_0193.mp4<\/a><\/video><\/div>\n<p>Por Pedro Canche<br \/>\n                                                            Una protesta pac\u00edfica contra un muro de p\u00faas que impiden el acceso del pueblo de Akumal a las playas, se torn\u00f3 violento y la jornada esta noche es de una patrulla y  la delegaci\u00f3n incendiada por la poblaci\u00f3n enardecida porque fueron golpeados y torturados 20 pobladores por la Policia  de Tulum del gobierno del PRI.<\/p>\n<p>La marcha convocada esta noche empez\u00f3 a las 19 horas y el due\u00f1o del Centro  Ecologico  Akumal (CEA) Carlos Ortiz y Laura Busch contrataron 80 guardias blancas y atacaron a los manifestantes con gases lacrim\u00f3genos en la playa y con piedras y palos y el pueblo respondi\u00f3 a pedradas .             <\/p>\n<p>Cuando iban a replegarse de los rocasos de los guardias blancas alcanzaron a golpear a las patrullas y la polic\u00eda en vez de ir por los guardias blancas se fueron contra los pobladores.                                         El pueblo se reuni\u00f3 en la cancha principal para organizarse y la patrulla lleg\u00f3 y levanto a 20 pobladores y en vez de presentarlos a la delegaci\u00f3n del ministerio p\u00fablico los torturaron en los abandonaron en la carretera federal y c\u00f3mo pudieron llegaron al pueblo . La polic\u00eda no permiti\u00f3 el ingreso de las ambulancias hasta hace unos minutos pasando la medianoche. Esto enardeci\u00f3 a la poblaci\u00f3n que el lucho por ingresar libremente a la playa que les queda 300 m en l\u00ednea recta y como protesta quemaron la delegaci\u00f3n municipal y una patrulla y en estos momentos se preparan para enfrentarse a los antimotines que vinieron en 25 patrullas. Akumal lleno de turistas son testigos los visitantes extranjeros de la barbarie del gobierno pri\u00edsta de atacar a su pueblo a quienes grupos privados se apropiaron de un acceso al mar en su af\u00e1n de crecer sus predios \u2026..informaci\u00f3n en un momento<br \/>\n<div style=\"width: 640px;\" class=\"wp-video\"><video class=\"wp-video-shortcode\" id=\"video-13258-2\" width=\"640\" height=\"360\" preload=\"metadata\" controls=\"controls\"><source type=\"video\/mp4\" src=\"http:\/\/www.noticiaspedrocanche.com\/wp-content\/uploads\/2016\/05\/IMG_0211.mp4?_=2\" \/><a href=\"http:\/\/www.noticiaspedrocanche.com\/wp-content\/uploads\/2016\/05\/IMG_0211.mp4\">http:\/\/www.noticiaspedrocanche.com\/wp-content\/uploads\/2016\/05\/IMG_0211.mp4<\/a><\/video><\/div><br \/>\nVideo del periodista H\u00e9ctor Valdez<\/p>\n<p><a href=\"http:\/\/www.noticiaspedrocanche.com\/2016\/05\/30\/arde-akumal-20-heridos-defender-acceso-a-la-playa-policia-permite-entrada-ambulancias-700-pobladores-queman-patrullas-la-delegacion-en-protesta\/\" target=\"_blank\">http:\/\/www.noticiaspedrocanche.com\/2016\/05\/30\/arde-akumal-20-heridos-defender-acceso-a-la-playa-policia-permite-entrada-ambulancias-700-pobladores-queman-patrullas-la-delegacion-en-protesta\/<\/a><\/p>\n","protected":false},"excerpt":{"rendered":"<p>http:\/\/www.noticiaspedrocanche.com\/wp-content\/uploads\/2016\/05\/IMG_0193.mp4 Por Pedro Canche Una protesta pac\u00edfica contra un muro de p\u00faas que impiden el acceso del pueblo de Akumal a las playas, se torn\u00f3 violento y la jornada esta &hellip; <a href=\"http:\/\/www.grieta.org.mx\/index.php\/2016\/05\/30\/arde-akumal-20-heridos-por-defender-acceso-a-la-playa-policia-no-permite-entrada-de-ambulancias-700-pobladores-queman-patrullas-y-la-delegacion-en-protesta\/\" class=\"more-link\">Leer m\u00e1s<\/a><\/p>\n","protected":false},"author":2,"featured_media":21928,"comment_status":"closed","ping_status":"closed","sticky":false,"template":"","format":"standard","meta":{"ngg_post_thumbnail":0,"_jetpack_newsletter_access":"","_jetpack_dont_email_post_to_subs":false,"_jetpack_newsletter_tier_id":0,"_jetpack_memberships_contains_paywalled_content":false,"_jetpack_memberships_contains_paid_content":false,"footnotes":""},"categories":[80,151],"tags":[353,180,130],"class_list":["post-13258","post","type-post","status-publish","format-standard","has-post-thumbnail","hentry","category-cintillo","category-quintana-roo","tag-akumal","tag-protesta","tag-represion","entry"],"jetpack_featured_media_url":"http:\/\/www.grieta.org.mx\/wp-content\/uploads\/2018\/03\/14524434_1106112876131411_958039263622046936_o.jpg","jetpack_sharing_enabled":true,"jetpack_shortlink":"https:\/\/wp.me\/p7ZJR4-3rQ","jetpack_likes_enabled":false,"jetpack-related-posts":[{"id":4450,"url":"http:\/\/www.grieta.org.mx\/index.php\/2016\/05\/30\/akumal-historia-de-un-despojo-anunciado-2\/","url_meta":{"origin":13258,"position":0},"title":"Akumal, historia de un despojo anunciado","author":"grieta","date":"30 mayo, 2016","format":false,"excerpt":"30\/05\/16. Arde Akumal 20 heridos por defender acceso a la playa; polic\u00eda no permite entrada de ambulancias .700 pobladores queman patrullas y la delegaci\u00f3n en protestaPedro Canch\u00e9 Noticias 30\/05\/16. Pobladores de Akumal se enfrentan a polic\u00edas en Canc\u00fanEl Universal 29\/02\/16. \u201cNo a la privatizaci\u00f3n de las playas\u201d; marchan en AkumalNovedades\u2026","rel":"","context":"En &quot;NOTICIAS NACIONALES&quot;","block_context":{"text":"NOTICIAS NACIONALES","link":"http:\/\/www.grieta.org.mx\/index.php\/category\/noticias-nacionales\/"},"img":{"alt_text":"","src":"https:\/\/i0.wp.com\/www.grieta.org.mx\/wp-content\/uploads\/2018\/03\/14524434_1106112876131411_958039263622046936_o.jpg?resize=350%2C200","width":350,"height":200,"srcset":"https:\/\/i0.wp.com\/www.grieta.org.mx\/wp-content\/uploads\/2018\/03\/14524434_1106112876131411_958039263622046936_o.jpg?resize=350%2C200 1x, https:\/\/i0.wp.com\/www.grieta.org.mx\/wp-content\/uploads\/2018\/03\/14524434_1106112876131411_958039263622046936_o.jpg?resize=525%2C300 1.5x, https:\/\/i0.wp.com\/www.grieta.org.mx\/wp-content\/uploads\/2018\/03\/14524434_1106112876131411_958039263622046936_o.jpg?resize=700%2C400 2x"},"classes":[]},{"id":4475,"url":"http:\/\/www.grieta.org.mx\/index.php\/2016\/02\/29\/no-a-la-privatizacion-de-las-playas-marchan-en-akumal\/","url_meta":{"origin":13258,"position":1},"title":"\u201cNo a la privatizaci\u00f3n de las playas\u201d; marchan en Akumal","author":"grieta","date":"29 febrero, 2016","format":false,"excerpt":"Alrededor de 400 personas alzaron la voz para solicitar el libre acceso. Sara Cauich\/SIPSE TULUM, Q. Roo.- Una marcha pac\u00edfica tuvo lugar, ayer, en la playa de la Bah\u00eda de Akumal. El abogado de las cooperativas pidi\u00f3 a la Semarnat actuar en favor del pueblo. El representante legal del CEA\u2026","rel":"","context":"En &quot;CINTILLO&quot;","block_context":{"text":"CINTILLO","link":"http:\/\/www.grieta.org.mx\/index.php\/category\/cintillo\/"},"img":{"alt_text":"","src":"https:\/\/i0.wp.com\/www.grieta.org.mx\/wp-content\/uploads\/2018\/03\/14524434_1106112876131411_958039263622046936_o.jpg?resize=350%2C200","width":350,"height":200,"srcset":"https:\/\/i0.wp.com\/www.grieta.org.mx\/wp-content\/uploads\/2018\/03\/14524434_1106112876131411_958039263622046936_o.jpg?resize=350%2C200 1x, https:\/\/i0.wp.com\/www.grieta.org.mx\/wp-content\/uploads\/2018\/03\/14524434_1106112876131411_958039263622046936_o.jpg?resize=525%2C300 1.5x, https:\/\/i0.wp.com\/www.grieta.org.mx\/wp-content\/uploads\/2018\/03\/14524434_1106112876131411_958039263622046936_o.jpg?resize=700%2C400 2x"},"classes":[]},{"id":4456,"url":"http:\/\/www.grieta.org.mx\/index.php\/2015\/12\/20\/akumal-historia-de-un-despojo-anunciado\/","url_meta":{"origin":13258,"position":2},"title":"Akumal, historia de un despojo anunciado","author":"grieta","date":"20 diciembre, 2015","format":false,"excerpt":"PedroCancheNoticias\/20\/Dic\/2015.- El pueblo de Akumal se localiza en el joven Municipio de Tulum, el cual antes pertenec\u00eda al territorio de Solidaridad. Este pueblo pesquero se caracteriza por tener una bah\u00eda dotada con una riqueza natural \u00fanica en el mundo donde se encuentra un arrecife que se convierte en un santuario\u2026","rel":"","context":"En &quot;CINTILLO&quot;","block_context":{"text":"CINTILLO","link":"http:\/\/www.grieta.org.mx\/index.php\/category\/cintillo\/"},"img":{"alt_text":"","src":"https:\/\/i0.wp.com\/www.grieta.org.mx\/wp-content\/uploads\/2018\/03\/14524434_1106112876131411_958039263622046936_o.jpg?resize=350%2C200","width":350,"height":200,"srcset":"https:\/\/i0.wp.com\/www.grieta.org.mx\/wp-content\/uploads\/2018\/03\/14524434_1106112876131411_958039263622046936_o.jpg?resize=350%2C200 1x, https:\/\/i0.wp.com\/www.grieta.org.mx\/wp-content\/uploads\/2018\/03\/14524434_1106112876131411_958039263622046936_o.jpg?resize=525%2C300 1.5x, https:\/\/i0.wp.com\/www.grieta.org.mx\/wp-content\/uploads\/2018\/03\/14524434_1106112876131411_958039263622046936_o.jpg?resize=700%2C400 2x"},"classes":[]},{"id":13252,"url":"http:\/\/www.grieta.org.mx\/index.php\/2016\/05\/30\/pobladores-de-akumal-se-enfrentan-a-policias-en-cancun\/","url_meta":{"origin":13258,"position":3},"title":"Pobladores de Akumal se enfrentan a polic\u00edas en Canc\u00fan","author":"grieta","date":"30 mayo, 2016","format":false,"excerpt":"Adriana Varillas \/ corresponsal Canc\u00fan, Q. Roo Pobladores de la localidad de Akumal, en el municipio de Tulum, fueron gaseados y golpeados anoche por la polic\u00eda local, al intentar abrir el acceso que tradicionalmente permit\u00eda el paso hacia las playas p\u00fablicas y que ha sido bloqueado por el Centro Ecol\u00f3gico\u2026","rel":"","context":"En &quot;CINTILLO&quot;","block_context":{"text":"CINTILLO","link":"http:\/\/www.grieta.org.mx\/index.php\/category\/cintillo\/"},"img":{"alt_text":"","src":"https:\/\/i0.wp.com\/www.grieta.org.mx\/wp-content\/uploads\/2018\/03\/14524434_1106112876131411_958039263622046936_o.jpg?resize=350%2C200","width":350,"height":200,"srcset":"https:\/\/i0.wp.com\/www.grieta.org.mx\/wp-content\/uploads\/2018\/03\/14524434_1106112876131411_958039263622046936_o.jpg?resize=350%2C200 1x, https:\/\/i0.wp.com\/www.grieta.org.mx\/wp-content\/uploads\/2018\/03\/14524434_1106112876131411_958039263622046936_o.jpg?resize=525%2C300 1.5x, https:\/\/i0.wp.com\/www.grieta.org.mx\/wp-content\/uploads\/2018\/03\/14524434_1106112876131411_958039263622046936_o.jpg?resize=700%2C400 2x"},"classes":[]},{"id":4461,"url":"http:\/\/www.grieta.org.mx\/index.php\/2015\/12\/17\/con-piedras-y-ramas-defienden-acceso-publico-a-playas-de-akumal\/","url_meta":{"origin":13258,"position":4},"title":"Con piedras y ramas defienden acceso p\u00fablico a playas de Akumal","author":"grieta","date":"17 diciembre, 2015","format":false,"excerpt":"Los pobladores bloquearon el \u00fanico camino que lleva a la bah\u00eda; hay molestia en los turistas. Redacci\u00f3n\/SIPSE TULUM, Q. Roo.- Al menos 100 pobladores de Akumal, decidieron bloquear ambas v\u00edas del camino que lleva a la playa del poblado; las personas exigen el libre acceso a los arenales. Con piedras,\u2026","rel":"","context":"En &quot;CINTILLO&quot;","block_context":{"text":"CINTILLO","link":"http:\/\/www.grieta.org.mx\/index.php\/category\/cintillo\/"},"img":{"alt_text":"","src":"https:\/\/i0.wp.com\/www.grieta.org.mx\/wp-content\/uploads\/2018\/03\/14524434_1106112876131411_958039263622046936_o.jpg?resize=350%2C200","width":350,"height":200,"srcset":"https:\/\/i0.wp.com\/www.grieta.org.mx\/wp-content\/uploads\/2018\/03\/14524434_1106112876131411_958039263622046936_o.jpg?resize=350%2C200 1x, https:\/\/i0.wp.com\/www.grieta.org.mx\/wp-content\/uploads\/2018\/03\/14524434_1106112876131411_958039263622046936_o.jpg?resize=525%2C300 1.5x, https:\/\/i0.wp.com\/www.grieta.org.mx\/wp-content\/uploads\/2018\/03\/14524434_1106112876131411_958039263622046936_o.jpg?resize=700%2C400 2x"},"classes":[]},{"id":4452,"url":"http:\/\/www.grieta.org.mx\/index.php\/2015\/12\/22\/entrada-a-la-bahia-de-akumal-impedida-para-cooperativas\/","url_meta":{"origin":13258,"position":5},"title":"Entrada a la bah\u00eda de Akumal, impedida para cooperativas","author":"grieta","date":"22 diciembre, 2015","format":false,"excerpt":"Las negociaciones contin\u00faan para permitir el acceso a los prestadores de servicios tur\u00edsticos. Sara Cauich\/SIPSE TULUM, Q. Roo.- El comit\u00e9 de negociaci\u00f3n con las cooperativas tur\u00edsticas de Akumal acord\u00f3 solicitar la intervenci\u00f3n de la presidencia para asegurar a la poblaci\u00f3n el camino de acceso a la bah\u00eda La Direcci\u00f3n de\u2026","rel":"","context":"En &quot;CINTILLO&quot;","block_context":{"text":"CINTILLO","link":"http:\/\/www.grieta.org.mx\/index.php\/category\/cintillo\/"},"img":{"alt_text":"","src":"https:\/\/i0.wp.com\/www.grieta.org.mx\/wp-content\/uploads\/2018\/03\/14524434_1106112876131411_958039263622046936_o.jpg?resize=350%2C200","width":350,"height":200,"srcset":"https:\/\/i0.wp.com\/www.grieta.org.mx\/wp-content\/uploads\/2018\/03\/14524434_1106112876131411_958039263622046936_o.jpg?resize=350%2C200 1x, https:\/\/i0.wp.com\/www.grieta.org.mx\/wp-content\/uploads\/2018\/03\/14524434_1106112876131411_958039263622046936_o.jpg?resize=525%2C300 1.5x, https:\/\/i0.wp.com\/www.grieta.org.mx\/wp-content\/uploads\/2018\/03\/14524434_1106112876131411_958039263622046936_o.jpg?resize=700%2C400 2x"},"classes":[]}],"_links":{"self":[{"href":"http:\/\/www.grieta.org.mx\/index.php\/wp-json\/wp\/v2\/posts\/13258","targetHints":{"allow":["GET"]}}],"collection":[{"href":"http:\/\/www.grieta.org.mx\/index.php\/wp-json\/wp\/v2\/posts"}],"about":[{"href":"http:\/\/www.grieta.org.mx\/index.php\/wp-json\/wp\/v2\/types\/post"}],"author":[{"embeddable":true,"href":"http:\/\/www.grieta.org.mx\/index.php\/wp-json\/wp\/v2\/users\/2"}],"replies":[{"embeddable":true,"href":"http:\/\/www.grieta.org.mx\/index.php\/wp-json\/wp\/v2\/comments?post=13258"}],"version-history":[{"count":1,"href":"http:\/\/www.grieta.org.mx\/index.php\/wp-json\/wp\/v2\/posts\/13258\/revisions"}],"predecessor-version":[{"id":13268,"href":"http:\/\/www.grieta.org.mx\/index.php\/wp-json\/wp\/v2\/posts\/13258\/revisions\/13268"}],"wp:featuredmedia":[{"embeddable":true,"href":"http:\/\/www.grieta.org.mx\/index.php\/wp-json\/wp\/v2\/media\/21928"}],"wp:attachment":[{"href":"http:\/\/www.grieta.org.mx\/index.php\/wp-json\/wp\/v2\/media?parent=13258"}],"wp:term":[{"taxonomy":"category","embeddable":true,"href":"http:\/\/www.grieta.org.mx\/index.php\/wp-json\/wp\/v2\/categories?post=13258"},{"taxonomy":"post_tag","embeddable":true,"href":"http:\/\/www.grieta.org.mx\/index.php\/wp-json\/wp\/v2\/tags?post=13258"}],"curies":[{"name":"wp","href":"https:\/\/api.w.org\/{rel}","templated":true}]}}