{"id":13247,"date":"2016-08-12T11:19:55","date_gmt":"2016-08-12T16:19:55","guid":{"rendered":"http:\/\/www.grieta.org.mx\/?p=13247"},"modified":"2016-08-12T12:02:15","modified_gmt":"2016-08-12T17:02:15","slug":"oposicion-a-la-creacion-de-la-reserva-de-la-biosfera-del-caribe-mexicano","status":"publish","type":"post","link":"http:\/\/www.grieta.org.mx\/index.php\/2016\/08\/12\/oposicion-a-la-creacion-de-la-reserva-de-la-biosfera-del-caribe-mexicano\/","title":{"rendered":"Oposici\u00f3n a la creaci\u00f3n de la Reserva de la Bi\u00f3sfera del Caribe Mexicano"},"content":{"rendered":"<p><strong>12\/08\/16. <\/strong><a href=\"http:\/\/www.grieta.org.mx\/index.php\/2016\/08\/12\/nueva-area-protegida-desata-ventarron-en-el-caribe-mexicano\/\">Nueva \u00e1rea protegida desata ventarr\u00f3n en el Caribe Mexicano<\/a><br \/>\n<em>El Economista<\/em><\/p>\n<p><strong>30\/05\/16. <\/strong><a href=\"http:\/\/www.grieta.org.mx\/index.php\/2016\/05\/30\/frente-comun-contra-la-rbcm-quintana-roo\/\">Frente com\u00fan contra la RBCM (Quintana Roo)<\/a><br \/>\n<em>Por esto<\/em><\/p>\n","protected":false},"excerpt":{"rendered":"<p>12\/08\/16. Nueva \u00e1rea protegida desata ventarr\u00f3n en el Caribe Mexicano El Economista 30\/05\/16. Frente com\u00fan contra la RBCM (Quintana Roo) Por esto<\/p>\n","protected":false},"author":2,"featured_media":21928,"comment_status":"closed","ping_status":"closed","sticky":false,"template":"","format":"standard","meta":{"ngg_post_thumbnail":0,"_jetpack_newsletter_access":"","_jetpack_dont_email_post_to_subs":false,"_jetpack_newsletter_tier_id":0,"_jetpack_memberships_contains_paywalled_content":false,"_jetpack_memberships_contains_paid_content":false,"footnotes":""},"categories":[43,2,28],"tags":[],"class_list":["post-13247","post","type-post","status-publish","format-standard","has-post-thumbnail","hentry","category-areas-naturales-protegidas","category-noticias-nacionales","category-quintana-roo","entry"],"jetpack_featured_media_url":"http:\/\/www.grieta.org.mx\/wp-content\/uploads\/2018\/03\/14524434_1106112876131411_958039263622046936_o.jpg","jetpack_sharing_enabled":true,"jetpack_shortlink":"https:\/\/wp.me\/p7ZJR4-3rF","jetpack_likes_enabled":false,"jetpack-related-posts":[{"id":64665,"url":"http:\/\/www.grieta.org.mx\/index.php\/2022\/08\/01\/la-zona-turistica-del-caribe-mexicano-padece-ola-de-desapariciones-quintana-roo\/","url_meta":{"origin":13247,"position":0},"title":"La zona tur\u00edstica del Caribe mexicano padece ola de desapariciones (Quintana Roo)","author":"grieta","date":"1 agosto, 2022","format":false,"excerpt":"El Periodico USA Canc\u00fan (M\u00e9xico), (EFE).- Los principales destinos tur\u00edsticos del Caribe mexicano, Canc\u00fan, Playa del Carmen, Tulum e Isla Mujeres, acumulan 27 carpetas de investigaci\u00f3n por desaparici\u00f3n forzada desde 2018 hasta junio pasado, seg\u00fan informa este lunes a Efe Carlos Maya Gir\u00f3n, vicefiscal general de la zona norte del\u2026","rel":"","context":"En &quot;CINTILLO&quot;","block_context":{"text":"CINTILLO","link":"http:\/\/www.grieta.org.mx\/index.php\/category\/cintillo\/"},"img":{"alt_text":"","src":"https:\/\/i0.wp.com\/www.grieta.org.mx\/wp-content\/uploads\/2022\/08\/Desaparecidos-e1659648614528.png?resize=350%2C200","width":350,"height":200,"srcset":"https:\/\/i0.wp.com\/www.grieta.org.mx\/wp-content\/uploads\/2022\/08\/Desaparecidos-e1659648614528.png?resize=350%2C200 1x, https:\/\/i0.wp.com\/www.grieta.org.mx\/wp-content\/uploads\/2022\/08\/Desaparecidos-e1659648614528.png?resize=525%2C300 1.5x, https:\/\/i0.wp.com\/www.grieta.org.mx\/wp-content\/uploads\/2022\/08\/Desaparecidos-e1659648614528.png?resize=700%2C400 2x"},"classes":[]},{"id":65200,"url":"http:\/\/www.grieta.org.mx\/index.php\/2022\/09\/12\/trabajadores-de-turismo-y-construccion-principales-victimas-de-desaparicion-en-el-caribe-mexicano-quintana-roo\/","url_meta":{"origin":13247,"position":1},"title":"Trabajadores de turismo y construcci\u00f3n, principales v\u00edctimas de desaparici\u00f3n en el Caribe mexicano (Quintana Roo)","author":"grieta","date":"12 septiembre, 2022","format":false,"excerpt":"Texto y fotos: Ricardo Hern\u00e1ndez \/ Pie de P\u00e1gina Este domingo se realiz\u00f3 en Quintana Roo la primera jornada de b\u00fasqueda de personas desaparecidas encabezada por la sociedad civil. Se trata de personas que trabajaban o en el sector tur\u00edstico o en la construcci\u00f3n, las dos principales actividades econ\u00f3micas de\u2026","rel":"","context":"En &quot;CINTILLO&quot;","block_context":{"text":"CINTILLO","link":"http:\/\/www.grieta.org.mx\/index.php\/category\/cintillo\/"},"img":{"alt_text":"","src":"https:\/\/i0.wp.com\/www.grieta.org.mx\/wp-content\/uploads\/2022\/09\/DesaparecidosQuintana-e1663107159106.jpg?resize=350%2C200","width":350,"height":200,"srcset":"https:\/\/i0.wp.com\/www.grieta.org.mx\/wp-content\/uploads\/2022\/09\/DesaparecidosQuintana-e1663107159106.jpg?resize=350%2C200 1x, https:\/\/i0.wp.com\/www.grieta.org.mx\/wp-content\/uploads\/2022\/09\/DesaparecidosQuintana-e1663107159106.jpg?resize=525%2C300 1.5x, https:\/\/i0.wp.com\/www.grieta.org.mx\/wp-content\/uploads\/2022\/09\/DesaparecidosQuintana-e1663107159106.jpg?resize=700%2C400 2x"},"classes":[]},{"id":3927,"url":"http:\/\/www.grieta.org.mx\/index.php\/2016\/08\/23\/tulum-tierra-de-ambiciones-cierran-pequenos-hoteles-por-afectaciones-al-medio-ambiente\/","url_meta":{"origin":13247,"position":2},"title":"Tulum tierra de ambiciones","author":"grieta","date":"23 agosto, 2016","format":false,"excerpt":"23\/08\/16. Afectados acusan demoliciones en predios desalojados de QRooExpansi\u00f3n 20\/06\/16. Punta Piedra sitio constante de violentos desalojos (Quintana Roo)La Palabra del Caribe 19\/06\/16. Violento desalojo en Tulum (Quintana Roo)Diario de Yucat\u00e1n 18\/06\/16. Terror en \u2018Punta Piedra\u2019 (Quintana Roo)Quequi 18\/06\/16. \u201cGrupos de choque\u201d resguardan predios (Quintana Roo)Por Esto! 17\/06\/16. Autoridades ejecutan\u2026","rel":"","context":"En &quot;NOTICIAS NACIONALES&quot;","block_context":{"text":"NOTICIAS NACIONALES","link":"http:\/\/www.grieta.org.mx\/index.php\/category\/noticias-nacionales\/"},"img":{"alt_text":"","src":"https:\/\/i0.wp.com\/www.grieta.org.mx\/wp-content\/uploads\/2018\/03\/14524434_1106112876131411_958039263622046936_o.jpg?resize=350%2C200","width":350,"height":200,"srcset":"https:\/\/i0.wp.com\/www.grieta.org.mx\/wp-content\/uploads\/2018\/03\/14524434_1106112876131411_958039263622046936_o.jpg?resize=350%2C200 1x, https:\/\/i0.wp.com\/www.grieta.org.mx\/wp-content\/uploads\/2018\/03\/14524434_1106112876131411_958039263622046936_o.jpg?resize=525%2C300 1.5x, https:\/\/i0.wp.com\/www.grieta.org.mx\/wp-content\/uploads\/2018\/03\/14524434_1106112876131411_958039263622046936_o.jpg?resize=700%2C400 2x"},"classes":[]},{"id":19485,"url":"http:\/\/www.grieta.org.mx\/index.php\/2016\/08\/12\/nueva-area-protegida-desata-ventarron-en-el-caribe-mexicano\/","url_meta":{"origin":13247,"position":3},"title":"Nueva \u00e1rea protegida desata ventarr\u00f3n en el Caribe Mexicano","author":"grieta","date":"12 agosto, 2016","format":false,"excerpt":"Canc\u00fan, QR. La creaci\u00f3n del \u00c1rea Natural Protegida (ANP) Caribe Mexicano s\u00ed contempla el cobro de derechos para la obtenci\u00f3n de recursos. Los cobros ser\u00edan a trav\u00e9s de la colocaci\u00f3n de brazaletes a los turistas, tal como ya se realiza en los parques marinos que existen en el estado, reconoci\u00f3\u2026","rel":"","context":"En &quot;CINTILLO&quot;","block_context":{"text":"CINTILLO","link":"http:\/\/www.grieta.org.mx\/index.php\/category\/cintillo\/"},"img":{"alt_text":"","src":"https:\/\/i0.wp.com\/www.grieta.org.mx\/wp-content\/uploads\/2018\/03\/14524434_1106112876131411_958039263622046936_o.jpg?resize=350%2C200","width":350,"height":200,"srcset":"https:\/\/i0.wp.com\/www.grieta.org.mx\/wp-content\/uploads\/2018\/03\/14524434_1106112876131411_958039263622046936_o.jpg?resize=350%2C200 1x, https:\/\/i0.wp.com\/www.grieta.org.mx\/wp-content\/uploads\/2018\/03\/14524434_1106112876131411_958039263622046936_o.jpg?resize=525%2C300 1.5x, https:\/\/i0.wp.com\/www.grieta.org.mx\/wp-content\/uploads\/2018\/03\/14524434_1106112876131411_958039263622046936_o.jpg?resize=700%2C400 2x"},"classes":[]},{"id":58247,"url":"http:\/\/www.grieta.org.mx\/index.php\/2021\/04\/10\/el-paraiso-huele-a-sangre-claman-mujeres-en-el-caribe-mexicano\/","url_meta":{"origin":13247,"position":4},"title":"&#8220;\u00a1El para\u00edso huele a sangre!&#8221;, claman mujeres en el Caribe mexicano","author":"grieta","date":"10 abril, 2021","format":false,"excerpt":"Mariana Bracho \/ Proceso Victoria Salazar era una mujer de 36 a\u00f1os, morena y migrante. Resid\u00eda en M\u00e9xico con una visa humanitaria. A pesar de haber logrado salir del Salvador, uno de los pa\u00edses m\u00e1s peligrosos en Latinoam\u00e9rica, no logr\u00f3 sobrevivir a un pa\u00eds feminicida y racista como es M\u00e9xico.\u2026","rel":"","context":"En &quot;Abuso policiaco en Quintana Roo&quot;","block_context":{"text":"Abuso policiaco en Quintana Roo","link":"http:\/\/www.grieta.org.mx\/index.php\/category\/noticias-nacionales\/quintana-roo\/abuso-policiaco-en-quintana-roo\/"},"img":{"alt_text":"","src":"https:\/\/i0.wp.com\/www.grieta.org.mx\/wp-content\/uploads\/2021\/04\/AltarVictoria-e1618101661883.png?resize=350%2C200","width":350,"height":200,"srcset":"https:\/\/i0.wp.com\/www.grieta.org.mx\/wp-content\/uploads\/2021\/04\/AltarVictoria-e1618101661883.png?resize=350%2C200 1x, https:\/\/i0.wp.com\/www.grieta.org.mx\/wp-content\/uploads\/2021\/04\/AltarVictoria-e1618101661883.png?resize=525%2C300 1.5x, https:\/\/i0.wp.com\/www.grieta.org.mx\/wp-content\/uploads\/2021\/04\/AltarVictoria-e1618101661883.png?resize=700%2C400 2x"},"classes":[]},{"id":66739,"url":"http:\/\/www.grieta.org.mx\/index.php\/2023\/03\/20\/denunciado-un-buque-cubano-por-danar-el-arrecife-mexicano-con-material-para-el-tren-maya-quintana-roo\/","url_meta":{"origin":13247,"position":5},"title":"Denunciado un buque cubano por da\u00f1ar el arrecife mexicano con material para el Tren Maya (Quintana Roo)","author":"grieta","date":"20 marzo, 2023","format":false,"excerpt":"El Pa\u00eds El buzo y ambientalista Alberto Friscione emprendi\u00f3 una expedici\u00f3n para bucear cerca del buque Melody. El barco transporta una carga de 20.000 toneladas de porfirita (un tipo de roca) procedentes de Cuba y que servir\u00e1n de balasto para el Tren Maya. De acuerdo con los hallazgos de Friscione,\u2026","rel":"","context":"En &quot;CINTILLO&quot;","block_context":{"text":"CINTILLO","link":"http:\/\/www.grieta.org.mx\/index.php\/category\/cintillo\/"},"img":{"alt_text":"","src":"https:\/\/i0.wp.com\/www.grieta.org.mx\/wp-content\/uploads\/2023\/04\/PuertoMorelos-scaled-e1680386565174.jpg?resize=350%2C200","width":350,"height":200,"srcset":"https:\/\/i0.wp.com\/www.grieta.org.mx\/wp-content\/uploads\/2023\/04\/PuertoMorelos-scaled-e1680386565174.jpg?resize=350%2C200 1x, https:\/\/i0.wp.com\/www.grieta.org.mx\/wp-content\/uploads\/2023\/04\/PuertoMorelos-scaled-e1680386565174.jpg?resize=525%2C300 1.5x, https:\/\/i0.wp.com\/www.grieta.org.mx\/wp-content\/uploads\/2023\/04\/PuertoMorelos-scaled-e1680386565174.jpg?resize=700%2C400 2x"},"classes":[]}],"_links":{"self":[{"href":"http:\/\/www.grieta.org.mx\/index.php\/wp-json\/wp\/v2\/posts\/13247","targetHints":{"allow":["GET"]}}],"collection":[{"href":"http:\/\/www.grieta.org.mx\/index.php\/wp-json\/wp\/v2\/posts"}],"about":[{"href":"http:\/\/www.grieta.org.mx\/index.php\/wp-json\/wp\/v2\/types\/post"}],"author":[{"embeddable":true,"href":"http:\/\/www.grieta.org.mx\/index.php\/wp-json\/wp\/v2\/users\/2"}],"replies":[{"embeddable":true,"href":"http:\/\/www.grieta.org.mx\/index.php\/wp-json\/wp\/v2\/comments?post=13247"}],"version-history":[{"count":1,"href":"http:\/\/www.grieta.org.mx\/index.php\/wp-json\/wp\/v2\/posts\/13247\/revisions"}],"predecessor-version":[{"id":19493,"href":"http:\/\/www.grieta.org.mx\/index.php\/wp-json\/wp\/v2\/posts\/13247\/revisions\/19493"}],"wp:featuredmedia":[{"embeddable":true,"href":"http:\/\/www.grieta.org.mx\/index.php\/wp-json\/wp\/v2\/media\/21928"}],"wp:attachment":[{"href":"http:\/\/www.grieta.org.mx\/index.php\/wp-json\/wp\/v2\/media?parent=13247"}],"wp:term":[{"taxonomy":"category","embeddable":true,"href":"http:\/\/www.grieta.org.mx\/index.php\/wp-json\/wp\/v2\/categories?post=13247"},{"taxonomy":"post_tag","embeddable":true,"href":"http:\/\/www.grieta.org.mx\/index.php\/wp-json\/wp\/v2\/tags?post=13247"}],"curies":[{"name":"wp","href":"https:\/\/api.w.org\/{rel}","templated":true}]}}