{"id":13201,"date":"2016-05-25T04:46:09","date_gmt":"2016-05-25T04:46:09","guid":{"rendered":"http:\/\/www.grieta.org.mx\/?p=13201"},"modified":"2018-09-26T22:48:37","modified_gmt":"2018-09-27T03:48:37","slug":"protestaran-docentes-en-morelos-contra-retiro-de-bono","status":"publish","type":"post","link":"http:\/\/www.grieta.org.mx\/index.php\/2016\/05\/25\/protestaran-docentes-en-morelos-contra-retiro-de-bono\/","title":{"rendered":"Protestar\u00e1n docentes en Morelos contra retiro de bono"},"content":{"rendered":"<p>M\u00f3nica Gonz\u00e1lez<br \/>\nMaestros jubilados y homologados se concentrar\u00e1n este d\u00eda en la Paloma de La Paz para de ah\u00ed marchar y tomar las instalaciones de la Secretar\u00eda de Hacienda, Casa Morelos y el Instituto de Educaci\u00f3n B\u00e1sica del Estado de Morelos (IEBEM) en protesta porque el Gobierno del estado anunci\u00f3 que ya no les pagar\u00e1 el bono del D\u00eda del Maestro para casi cinco mil de ellos, y que representa una erogaci\u00f3n de 54 millones de pesos.<\/p>\n<p>Yossmin Castillo Castrej\u00f3n, integrante de la Coalici\u00f3n de Trabajadores de la Educaci\u00f3n (Coatemor), dijo que este acuerdo se tom\u00f3 la tarde del lunes, luego de una reuni\u00f3n de trabajo sostenida con autoridades educativas y la dirigencia de la secci\u00f3n 19 del Sindicato Nacional de Trabajadores de la Educaci\u00f3n (SNTE), ante quienes se les dijo que &#8220;ni para jubilados, ni para homologados habr\u00e1 beneficios de este tipo, sobre todo porque estos \u00faltimos no pertenecen al estado y como tal, no son su responsabilidad&#8221;.<\/p>\n<p>Por tal motivo y a convocatoria de la l\u00edder del SNTE, Gabriela Ba\u00f1\u00f3n Estrada, este d\u00eda en punto de las 9:00 horas, los trabajadores de la educaci\u00f3n se concentrar\u00e1n en la Paloma de La Paz para de ah\u00ed tomar acciones, ya sea en la movilizaci\u00f3n o la toma de oficinas.<\/p>\n<p>La movilizaci\u00f3n surge derivado de la falta de compromiso de las autoridades para cubrir los adeudos pendientes con los trabajadores de la educaci\u00f3n tanto de los homologados como de los jubilados a quienes el gobierno estatal ya no les quiere pagar &#8220;porque no hizo su trabajo el IEBEM a trav\u00e9s de Planeaci\u00f3n educativa ante la federaci\u00f3n para cumplir con estos logros sindicales&#8221;.<\/p>\n<p>Cabe destacar que son tres mil 300 maestros homologados y 11 mil 600 maestros jubilados a quienes se les debe el bono del D\u00eda del Maestro.<\/p>\n<p><a href=\"http:\/\/www.oem.com.mx\/elsoldecuernavaca\/notas\/n4176919.htm\">http:\/\/www.oem.com.mx\/elsoldecuernavaca\/notas\/n4176919.htm<\/a><\/p>\n","protected":false},"excerpt":{"rendered":"<p>M\u00f3nica Gonz\u00e1lez Maestros jubilados y homologados se concentrar\u00e1n este d\u00eda en la Paloma de La Paz para de ah\u00ed marchar y tomar las instalaciones de la Secretar\u00eda de Hacienda, Casa &hellip; <a href=\"http:\/\/www.grieta.org.mx\/index.php\/2016\/05\/25\/protestaran-docentes-en-morelos-contra-retiro-de-bono\/\" class=\"more-link\">Leer m\u00e1s<\/a><\/p>\n","protected":false},"author":2,"featured_media":21928,"comment_status":"closed","ping_status":"closed","sticky":false,"template":"","format":"standard","meta":{"ngg_post_thumbnail":0,"_jetpack_newsletter_access":"","_jetpack_dont_email_post_to_subs":false,"_jetpack_newsletter_tier_id":0,"_jetpack_memberships_contains_paywalled_content":false,"_jetpack_memberships_contains_paid_content":false,"footnotes":""},"categories":[80,22,482,1760,2],"tags":[674],"class_list":{"0":"post-13201","1":"post","2":"type-post","3":"status-publish","4":"format-standard","5":"has-post-thumbnail","6":"hentry","7":"category-cintillo","8":"category-morelos","10":"category-movilizaciones-contra-la-reforma-educativa-y-evaluacion-magisterial-en-morelos","11":"category-noticias-nacionales","12":"tag-movilizaciones-maestros","13":"entry"},"jetpack_featured_media_url":"http:\/\/www.grieta.org.mx\/wp-content\/uploads\/2018\/03\/14524434_1106112876131411_958039263622046936_o.jpg","jetpack_sharing_enabled":true,"jetpack_shortlink":"https:\/\/wp.me\/p7ZJR4-3qV","jetpack_likes_enabled":false,"jetpack-related-posts":[{"id":13833,"url":"http:\/\/www.grieta.org.mx\/index.php\/2016\/06\/07\/morelos-jubilados-del-snte-exigen-pago-de-bonos\/","url_meta":{"origin":13201,"position":0},"title":"Morelos: jubilados del SNTE exigen pago de bonos","author":"grieta","date":"7 junio, 2016","format":false,"excerpt":"Por Rubicela Morelos Cruz, corresponsal. Jubilados y Pensionados de la secci\u00f3n 19 del Sindicato Nacional de Trabajadores de la Educaci\u00f3n (SNTE)-Morelos se manifestaron pasado el medio d\u00eda en las principales calles del primer cuadro de la ciudad para exigirle al gobernador Graco Ram\u00edrez que les pague su bono del d\u00eda\u2026","rel":"","context":"En &quot;CINTILLO&quot;","block_context":{"text":"CINTILLO","link":"http:\/\/www.grieta.org.mx\/index.php\/category\/cintillo\/"},"img":{"alt_text":"","src":"https:\/\/i0.wp.com\/www.grieta.org.mx\/wp-content\/uploads\/2018\/03\/14524434_1106112876131411_958039263622046936_o.jpg?resize=350%2C200","width":350,"height":200,"srcset":"https:\/\/i0.wp.com\/www.grieta.org.mx\/wp-content\/uploads\/2018\/03\/14524434_1106112876131411_958039263622046936_o.jpg?resize=350%2C200 1x, https:\/\/i0.wp.com\/www.grieta.org.mx\/wp-content\/uploads\/2018\/03\/14524434_1106112876131411_958039263622046936_o.jpg?resize=525%2C300 1.5x, https:\/\/i0.wp.com\/www.grieta.org.mx\/wp-content\/uploads\/2018\/03\/14524434_1106112876131411_958039263622046936_o.jpg?resize=700%2C400 2x"},"classes":[]},{"id":9156,"url":"http:\/\/www.grieta.org.mx\/index.php\/2016\/09\/02\/movilizaciones-de-la-cnte-en-morelos\/","url_meta":{"origin":13201,"position":1},"title":"Movilizaciones contra la Reforma educativa y evaluaci\u00f3n magisterial en Morelos","author":"grieta","date":"2 septiembre, 2016","format":false,"excerpt":"02\/09\/16. Demandan en marcha reinstalaci\u00f3n de maestros despedidos La Uni\u00f3n de Morelos 30\/08\/16. Mantendr\u00e1n lucha por reinstalaci\u00f3n de profes El Sol de Cuernavaca 29\/07\/16. Liberar\u00e1 la CNTE tres casetas en Morelos El Sol de Cuernavaca 21\/07\/16. No pagaron quincenas atrasadas a maestros cesados: MMB (Morelos) La Uni\u00f3n de Morelos 21\/07\/16.\u2026","rel":"","context":"En &quot;Morelos&quot;","block_context":{"text":"Morelos","link":"http:\/\/www.grieta.org.mx\/index.php\/category\/noticias-nacionales\/morelos\/"},"img":{"alt_text":"","src":"https:\/\/i0.wp.com\/www.grieta.org.mx\/wp-content\/uploads\/2018\/03\/14524434_1106112876131411_958039263622046936_o.jpg?resize=350%2C200","width":350,"height":200,"srcset":"https:\/\/i0.wp.com\/www.grieta.org.mx\/wp-content\/uploads\/2018\/03\/14524434_1106112876131411_958039263622046936_o.jpg?resize=350%2C200 1x, https:\/\/i0.wp.com\/www.grieta.org.mx\/wp-content\/uploads\/2018\/03\/14524434_1106112876131411_958039263622046936_o.jpg?resize=525%2C300 1.5x, https:\/\/i0.wp.com\/www.grieta.org.mx\/wp-content\/uploads\/2018\/03\/14524434_1106112876131411_958039263622046936_o.jpg?resize=700%2C400 2x"},"classes":[]},{"id":15000,"url":"http:\/\/www.grieta.org.mx\/index.php\/2016\/06\/25\/maestros-liberan-caseta-de-la-autopista-del-sol\/","url_meta":{"origin":13201,"position":2},"title":"Maestros &#8220;liberan&#8221; caseta de la autopista del Sol en Morelos","author":"grieta","date":"25 junio, 2016","format":false,"excerpt":"Nora Celia Dompinguez Los docentes realizaron diferentes acciones para exigir el cese a la represi\u00f3n en Oaxaca, la reforma educativa y la reinstalaci\u00f3n de 25 maestros morelenses Zona sur.- Por poco m\u00e1s de tres horas, centenas de maestros de Morelos liberaron el paso de la caseta de la autopista del\u2026","rel":"","context":"En &quot;Morelos&quot;","block_context":{"text":"Morelos","link":"http:\/\/www.grieta.org.mx\/index.php\/category\/noticias-nacionales\/morelos\/"},"img":{"alt_text":"","src":"https:\/\/i0.wp.com\/www.grieta.org.mx\/wp-content\/uploads\/2018\/03\/14524434_1106112876131411_958039263622046936_o.jpg?resize=350%2C200","width":350,"height":200,"srcset":"https:\/\/i0.wp.com\/www.grieta.org.mx\/wp-content\/uploads\/2018\/03\/14524434_1106112876131411_958039263622046936_o.jpg?resize=350%2C200 1x, https:\/\/i0.wp.com\/www.grieta.org.mx\/wp-content\/uploads\/2018\/03\/14524434_1106112876131411_958039263622046936_o.jpg?resize=525%2C300 1.5x, https:\/\/i0.wp.com\/www.grieta.org.mx\/wp-content\/uploads\/2018\/03\/14524434_1106112876131411_958039263622046936_o.jpg?resize=700%2C400 2x"},"classes":[]},{"id":17012,"url":"http:\/\/www.grieta.org.mx\/index.php\/2016\/07\/13\/maestros-de-morelos-amenazan-con-no-iniciar-proximo-ciclo-escolar\/","url_meta":{"origin":13201,"position":3},"title":"Maestros de Morelos amenazan con no iniciar pr\u00f3ximo ciclo escolar","author":"grieta","date":"13 julio, 2016","format":false,"excerpt":"Rubicela Morelos Cruz, corresponsal Cuernavaca, Mor. A unas horas de encabezar una marcha contra la reforma educativa y en favor de la reinstalaci\u00f3n de 25 maestros, el vocero del Movimiento Magisterial de Bases (MBB), Alejandro Trujillo Gonz\u00e1lez, anunci\u00f3 la inauguraci\u00f3n del 13 Curso Taller Nacional del Educador Popular. El curso\u2026","rel":"","context":"En &quot;Morelos&quot;","block_context":{"text":"Morelos","link":"http:\/\/www.grieta.org.mx\/index.php\/category\/noticias-nacionales\/morelos\/"},"img":{"alt_text":"","src":"https:\/\/i0.wp.com\/www.grieta.org.mx\/wp-content\/uploads\/2018\/03\/14524434_1106112876131411_958039263622046936_o.jpg?resize=350%2C200","width":350,"height":200,"srcset":"https:\/\/i0.wp.com\/www.grieta.org.mx\/wp-content\/uploads\/2018\/03\/14524434_1106112876131411_958039263622046936_o.jpg?resize=350%2C200 1x, https:\/\/i0.wp.com\/www.grieta.org.mx\/wp-content\/uploads\/2018\/03\/14524434_1106112876131411_958039263622046936_o.jpg?resize=525%2C300 1.5x, https:\/\/i0.wp.com\/www.grieta.org.mx\/wp-content\/uploads\/2018\/03\/14524434_1106112876131411_958039263622046936_o.jpg?resize=700%2C400 2x"},"classes":[]},{"id":20853,"url":"http:\/\/www.grieta.org.mx\/index.php\/2016\/09\/02\/demandan-en-marcha-reinstalacion-de-maestros-despedidos-morelos\/","url_meta":{"origin":13201,"position":4},"title":"Demandan en marcha reinstalaci\u00f3n de maestros despedidos (MORELOS)","author":"grieta","date":"2 septiembre, 2016","format":false,"excerpt":"Tlaulli Preciado, Morelos. Como parte de las acciones nacionales, maestros de Morelos volvieron a salir este jueves a las calles de Cuernavaca para demandar la abrogaci\u00f3n de la reforma educativa y exigir la reinstalaci\u00f3n de los 25 profesores de la entidad cesados por no haber presentado la evaluaci\u00f3n de permanencia.\u2026","rel":"","context":"En &quot;CINTILLO&quot;","block_context":{"text":"CINTILLO","link":"http:\/\/www.grieta.org.mx\/index.php\/category\/cintillo\/"},"img":{"alt_text":"","src":"https:\/\/i0.wp.com\/www.grieta.org.mx\/wp-content\/uploads\/2018\/03\/14524434_1106112876131411_958039263622046936_o.jpg?resize=350%2C200","width":350,"height":200,"srcset":"https:\/\/i0.wp.com\/www.grieta.org.mx\/wp-content\/uploads\/2018\/03\/14524434_1106112876131411_958039263622046936_o.jpg?resize=350%2C200 1x, https:\/\/i0.wp.com\/www.grieta.org.mx\/wp-content\/uploads\/2018\/03\/14524434_1106112876131411_958039263622046936_o.jpg?resize=525%2C300 1.5x, https:\/\/i0.wp.com\/www.grieta.org.mx\/wp-content\/uploads\/2018\/03\/14524434_1106112876131411_958039263622046936_o.jpg?resize=700%2C400 2x"},"classes":[]},{"id":17504,"url":"http:\/\/www.grieta.org.mx\/index.php\/2016\/07\/20\/oman-maestros-caseta-en-la-autopista-del-sol-morelos\/","url_meta":{"origin":13201,"position":5},"title":"Toman maestros caseta en la Autopista del Sol (MORELOS)","author":"grieta","date":"20 julio, 2016","format":false,"excerpt":"Karina Ortega, Morelos Integrantes de la Coordinadora Nacional de Trabajadores de la Educaci\u00f3n (CNTE) tomaron la caseta de cobro de la Autopista del Sol a la altura de Ahuehuetzingo y permiten el libre paso de los automovilistas, como muestra de rechazo a la Reforma Educativa. Por m\u00e1s de dos horas,\u2026","rel":"","context":"En &quot;CINTILLO&quot;","block_context":{"text":"CINTILLO","link":"http:\/\/www.grieta.org.mx\/index.php\/category\/cintillo\/"},"img":{"alt_text":"","src":"https:\/\/i0.wp.com\/www.grieta.org.mx\/wp-content\/uploads\/2018\/03\/14524434_1106112876131411_958039263622046936_o.jpg?resize=350%2C200","width":350,"height":200,"srcset":"https:\/\/i0.wp.com\/www.grieta.org.mx\/wp-content\/uploads\/2018\/03\/14524434_1106112876131411_958039263622046936_o.jpg?resize=350%2C200 1x, https:\/\/i0.wp.com\/www.grieta.org.mx\/wp-content\/uploads\/2018\/03\/14524434_1106112876131411_958039263622046936_o.jpg?resize=525%2C300 1.5x, https:\/\/i0.wp.com\/www.grieta.org.mx\/wp-content\/uploads\/2018\/03\/14524434_1106112876131411_958039263622046936_o.jpg?resize=700%2C400 2x"},"classes":[]}],"_links":{"self":[{"href":"http:\/\/www.grieta.org.mx\/index.php\/wp-json\/wp\/v2\/posts\/13201","targetHints":{"allow":["GET"]}}],"collection":[{"href":"http:\/\/www.grieta.org.mx\/index.php\/wp-json\/wp\/v2\/posts"}],"about":[{"href":"http:\/\/www.grieta.org.mx\/index.php\/wp-json\/wp\/v2\/types\/post"}],"author":[{"embeddable":true,"href":"http:\/\/www.grieta.org.mx\/index.php\/wp-json\/wp\/v2\/users\/2"}],"replies":[{"embeddable":true,"href":"http:\/\/www.grieta.org.mx\/index.php\/wp-json\/wp\/v2\/comments?post=13201"}],"version-history":[{"count":1,"href":"http:\/\/www.grieta.org.mx\/index.php\/wp-json\/wp\/v2\/posts\/13201\/revisions"}],"predecessor-version":[{"id":13202,"href":"http:\/\/www.grieta.org.mx\/index.php\/wp-json\/wp\/v2\/posts\/13201\/revisions\/13202"}],"wp:featuredmedia":[{"embeddable":true,"href":"http:\/\/www.grieta.org.mx\/index.php\/wp-json\/wp\/v2\/media\/21928"}],"wp:attachment":[{"href":"http:\/\/www.grieta.org.mx\/index.php\/wp-json\/wp\/v2\/media?parent=13201"}],"wp:term":[{"taxonomy":"category","embeddable":true,"href":"http:\/\/www.grieta.org.mx\/index.php\/wp-json\/wp\/v2\/categories?post=13201"},{"taxonomy":"post_tag","embeddable":true,"href":"http:\/\/www.grieta.org.mx\/index.php\/wp-json\/wp\/v2\/tags?post=13201"}],"curies":[{"name":"wp","href":"https:\/\/api.w.org\/{rel}","templated":true}]}}