{"id":13174,"date":"2016-05-29T02:17:43","date_gmt":"2016-05-29T02:17:43","guid":{"rendered":"http:\/\/www.grieta.org.mx\/?p=13174"},"modified":"2016-05-29T02:17:43","modified_gmt":"2016-05-29T02:17:43","slug":"regresan-100-obreros-a-posco-60-fueron-liquidados","status":"publish","type":"post","link":"http:\/\/www.grieta.org.mx\/index.php\/2016\/05\/29\/regresan-100-obreros-a-posco-60-fueron-liquidados\/","title":{"rendered":"Regresan 100 obreros a Posco; 60 fueron liquidados"},"content":{"rendered":"<p>\u00d3scar Figueroa<\/p>\n<p>ALTAMIRA, Tamaulipas.- Sin que fueran atendidas sus demandas, un promedio de 100 obreros de Posco regresaron a laborar, mientras que 60 fueron liquidados.<\/p>\n<p>La presi\u00f3n ejercida por el corporativo coreano, gener\u00f3 que las autoridades de los tres niveles de gobierno se deslindaran y retiraran el apoyo a los trabajadores.<\/p>\n<p>Mejores salarios, la restituci\u00f3n de su l\u00edder sindical, as\u00ed como el cambio de organizaci\u00f3n sindical eran sus tres principales peticiones.<\/p>\n<p>Los obreros tambi\u00e9n denunciaron el mal trato que reciben y a pesar de estas presuntas anomal\u00edas nadie quiso apoyarlos.<\/p>\n<p>El Sindicato Petroqu\u00edmico, que en un primer t\u00e9rmino estaba abierto a integrar a los 160 huelguistas, desisti\u00f3 al considerar que no exist\u00edan condiciones jur\u00eddicas para hacerlo.<\/p>\n<p>\u201cComo sindicato petroqu\u00edmico somos muy respetuosos de la ley, los muchachos encontrar\u00e1n a alguien que los oriente, nosotros de alg\u00fan modo no pertenecemos a ese ramo y deber\u00e1n buscar apoyo en su propio sindicato o en la CTM\u201d, dijo Julio Salvador Alfaro Flores secretario de la secci\u00f3n 212 del Sindicato Petroqu\u00edmico.<\/p>\n<p>El conflicto laboral en Posco inici\u00f3 el mi\u00e9rcoles de la semana pasada y conforme avanzaron los d\u00edas, la desesperaci\u00f3n se apoder\u00f3 de los inconformes a quienes les llamaban v\u00eda celular para que regresaran.<\/p>\n<p><a href=\"http:\/\/expreso.press\/2016\/05\/26\/regresan-100-obrero-a-posco-60-fueron-liquidados\/\" target=\"_blank\">http:\/\/expreso.press\/2016\/05\/26\/regresan-100-obrero-a-posco-60-fueron-liquidados\/<\/a><\/p>\n","protected":false},"excerpt":{"rendered":"<p>\u00d3scar Figueroa ALTAMIRA, Tamaulipas.- Sin que fueran atendidas sus demandas, un promedio de 100 obreros de Posco regresaron a laborar, mientras que 60 fueron liquidados. La presi\u00f3n ejercida por el &hellip; <a href=\"http:\/\/www.grieta.org.mx\/index.php\/2016\/05\/29\/regresan-100-obreros-a-posco-60-fueron-liquidados\/\" class=\"more-link\">Leer m\u00e1s<\/a><\/p>\n","protected":false},"author":2,"featured_media":21928,"comment_status":"closed","ping_status":"closed","sticky":false,"template":"","format":"standard","meta":{"ngg_post_thumbnail":0,"_jetpack_newsletter_access":"","_jetpack_dont_email_post_to_subs":false,"_jetpack_newsletter_tier_id":0,"_jetpack_memberships_contains_paywalled_content":false,"_jetpack_memberships_contains_paid_content":false,"footnotes":""},"categories":[80],"tags":[685,105,163,104,684],"class_list":["post-13174","post","type-post","status-publish","format-standard","has-post-thumbnail","hentry","category-cintillo","tag-altamira","tag-derechos-laborales","tag-despidos","tag-huelga","tag-posco","entry"],"jetpack_featured_media_url":"http:\/\/www.grieta.org.mx\/wp-content\/uploads\/2018\/03\/14524434_1106112876131411_958039263622046936_o.jpg","jetpack_sharing_enabled":true,"jetpack_shortlink":"https:\/\/wp.me\/p7ZJR4-3qu","jetpack_likes_enabled":false,"jetpack-related-posts":[{"id":13156,"url":"http:\/\/www.grieta.org.mx\/index.php\/2016\/05\/27\/conflictos-laborales-en-tamaulipas\/","url_meta":{"origin":13174,"position":0},"title":"Conflictos laborales en la industria tamaulipeca","author":"grieta","date":"27 mayo, 2016","format":false,"excerpt":"26\/05\/16. Regresan 100 obreros a Posco; 60 fueron liquidadosExpreso.press 24\/05\/16. Posco inicia liquidaci\u00f3n de empleados en huelgaExpreso.press 21\/05\/16. Trabajadores de Posco Altamira contin\u00faan en huelgaHoy Tamaulipas 18\/05\/16. Estalla huelga en Posco de AltamiraHoy Tamaulipas","rel":"","context":"En &quot;NOTICIAS NACIONALES&quot;","block_context":{"text":"NOTICIAS NACIONALES","link":"http:\/\/www.grieta.org.mx\/index.php\/category\/noticias-nacionales\/"},"img":{"alt_text":"","src":"https:\/\/i0.wp.com\/www.grieta.org.mx\/wp-content\/uploads\/2018\/03\/14524434_1106112876131411_958039263622046936_o.jpg?resize=350%2C200","width":350,"height":200,"srcset":"https:\/\/i0.wp.com\/www.grieta.org.mx\/wp-content\/uploads\/2018\/03\/14524434_1106112876131411_958039263622046936_o.jpg?resize=350%2C200 1x, https:\/\/i0.wp.com\/www.grieta.org.mx\/wp-content\/uploads\/2018\/03\/14524434_1106112876131411_958039263622046936_o.jpg?resize=525%2C300 1.5x, https:\/\/i0.wp.com\/www.grieta.org.mx\/wp-content\/uploads\/2018\/03\/14524434_1106112876131411_958039263622046936_o.jpg?resize=700%2C400 2x"},"classes":[]},{"id":13155,"url":"http:\/\/www.grieta.org.mx\/index.php\/2016\/05\/18\/estalla-huelga-en-posco-de-altamira\/","url_meta":{"origin":13174,"position":1},"title":"Estalla huelga en Posco de Altamira","author":"grieta","date":"18 mayo, 2016","format":false,"excerpt":"Diana Alvarado Trabajadores sindicalizados de la metal\u00fargica, demandan acoso, abuso y explotaci\u00f3n de parte de la empresa coreana, por lo que piden unirse al Sindicato Petroqu\u00edmico. Altamira, Tamaulipas.- Trabajadores sindicalizados de la metal\u00fargica, realizan huelga en la compa\u00f1\u00eda Posco M\u00e9xico, ubicada en el Puerto de Altamira; demandan acoso, abuso y\u2026","rel":"","context":"En &quot;CINTILLO&quot;","block_context":{"text":"CINTILLO","link":"http:\/\/www.grieta.org.mx\/index.php\/category\/cintillo\/"},"img":{"alt_text":"","src":"https:\/\/i0.wp.com\/www.grieta.org.mx\/wp-content\/uploads\/2018\/03\/14524434_1106112876131411_958039263622046936_o.jpg?resize=350%2C200","width":350,"height":200,"srcset":"https:\/\/i0.wp.com\/www.grieta.org.mx\/wp-content\/uploads\/2018\/03\/14524434_1106112876131411_958039263622046936_o.jpg?resize=350%2C200 1x, https:\/\/i0.wp.com\/www.grieta.org.mx\/wp-content\/uploads\/2018\/03\/14524434_1106112876131411_958039263622046936_o.jpg?resize=525%2C300 1.5x, https:\/\/i0.wp.com\/www.grieta.org.mx\/wp-content\/uploads\/2018\/03\/14524434_1106112876131411_958039263622046936_o.jpg?resize=700%2C400 2x"},"classes":[]},{"id":13162,"url":"http:\/\/www.grieta.org.mx\/index.php\/2016\/05\/21\/trabajadores-de-posco-altamira-continuan-en-huelga\/","url_meta":{"origin":13174,"position":2},"title":"Trabajadores de Posco Altamira contin\u00faan en huelga","author":"grieta","date":"21 mayo, 2016","format":false,"excerpt":"Diana Alvarado Los empleados se colocaron en la plaza de principal para pedir cooperaci\u00f3n y seguir costeando los gastos de la huelga, ya que a\u00fan no han recibido respuesta de la empresa Altamira, Tamaulipas.- Trabajadores Sindicalizados de la empresa Posco se instalaron en la plaza principal de Altamira para pedir\u2026","rel":"","context":"En &quot;CINTILLO&quot;","block_context":{"text":"CINTILLO","link":"http:\/\/www.grieta.org.mx\/index.php\/category\/cintillo\/"},"img":{"alt_text":"","src":"https:\/\/i0.wp.com\/www.grieta.org.mx\/wp-content\/uploads\/2018\/03\/14524434_1106112876131411_958039263622046936_o.jpg?resize=350%2C200","width":350,"height":200,"srcset":"https:\/\/i0.wp.com\/www.grieta.org.mx\/wp-content\/uploads\/2018\/03\/14524434_1106112876131411_958039263622046936_o.jpg?resize=350%2C200 1x, https:\/\/i0.wp.com\/www.grieta.org.mx\/wp-content\/uploads\/2018\/03\/14524434_1106112876131411_958039263622046936_o.jpg?resize=525%2C300 1.5x, https:\/\/i0.wp.com\/www.grieta.org.mx\/wp-content\/uploads\/2018\/03\/14524434_1106112876131411_958039263622046936_o.jpg?resize=700%2C400 2x"},"classes":[]},{"id":13168,"url":"http:\/\/www.grieta.org.mx\/index.php\/2016\/05\/24\/posco-inicia-liquidacion-de-empleados-en-huelga\/","url_meta":{"origin":13174,"position":3},"title":"Posco inicia liquidaci\u00f3n de empleados en huelga","author":"grieta","date":"24 mayo, 2016","format":false,"excerpt":"\u00d3scar Figueroa ALTAMIRA, Tamaulipas.- La empresa coreana Posco, ha comenzado a liquidar a trabajadores que participan en la huelga que inici\u00f3 desde hace una semana. Este martes fracas\u00f3 una negociaci\u00f3n entre ambas partes, la compa\u00f1\u00eda hab\u00eda acordado una reuni\u00f3n en la planta, pero 10 minutos despu\u00e9s la cancel\u00f3. Los trabajadores\u2026","rel":"","context":"En &quot;CINTILLO&quot;","block_context":{"text":"CINTILLO","link":"http:\/\/www.grieta.org.mx\/index.php\/category\/cintillo\/"},"img":{"alt_text":"","src":"https:\/\/i0.wp.com\/www.grieta.org.mx\/wp-content\/uploads\/2018\/03\/14524434_1106112876131411_958039263622046936_o.jpg?resize=350%2C200","width":350,"height":200,"srcset":"https:\/\/i0.wp.com\/www.grieta.org.mx\/wp-content\/uploads\/2018\/03\/14524434_1106112876131411_958039263622046936_o.jpg?resize=350%2C200 1x, https:\/\/i0.wp.com\/www.grieta.org.mx\/wp-content\/uploads\/2018\/03\/14524434_1106112876131411_958039263622046936_o.jpg?resize=525%2C300 1.5x, https:\/\/i0.wp.com\/www.grieta.org.mx\/wp-content\/uploads\/2018\/03\/14524434_1106112876131411_958039263622046936_o.jpg?resize=700%2C400 2x"},"classes":[]},{"id":30267,"url":"http:\/\/www.grieta.org.mx\/index.php\/2019\/03\/07\/arman-paro-obreros-de-maquiladora-de-ciudad-victoria-tamaulipas\/","url_meta":{"origin":13174,"position":4},"title":"Arman paro obreros de maquiladora de Ciudad Victoria (Tamaulipas)","author":"grieta","date":"7 marzo, 2019","format":false,"excerpt":"Marco Esquivel \/ Hoy Tamaulipas Alrededor de un centenar de trabajadores de la maquiladora Spring Windows Fashions se manifiestan en el exterior de la planta Ciudad Victoria, Tamaulipas.- Un grupo de obreros de la maquiladora Springs Windows Fashions ubicada en el Parque Industrial Nuevo Santander sureste de esta ciudad capital\u2026","rel":"","context":"En &quot;CINTILLO&quot;","block_context":{"text":"CINTILLO","link":"http:\/\/www.grieta.org.mx\/index.php\/category\/cintillo\/"},"img":{"alt_text":"","src":"https:\/\/i0.wp.com\/www.grieta.org.mx\/wp-content\/uploads\/2019\/03\/Arman-paro-obreros-de-maquiladora-de-Ciudad-tama-mzo.jpg?resize=350%2C200","width":350,"height":200},"classes":[]},{"id":30575,"url":"http:\/\/www.grieta.org.mx\/index.php\/2019\/03\/12\/obreros-de-maquiladora-de-victoria-piden-salida-de-su-lider-sindical-por-traidor-tamaulipas\/","url_meta":{"origin":13174,"position":5},"title":"Obreros de maquiladora de Victoria piden salida de su l\u00edder sindical por traidor (Tamaulipas)","author":"grieta","date":"12 marzo, 2019","format":false,"excerpt":"Jos\u00e9 Gregorio Aguilar \/ Gaceta Ciudad Victoria, Tamaulipas.- Convencidos de que su dirigente sindical Leonardo V\u00e1zquez obedece a los intereses de la empresa y no a los de ellos, los obreros de la maquiladora Spring Windows Fashion insisten sacarlo de la secretar\u00eda general sin que la empresa interfiera en ello.\u2026","rel":"","context":"En &quot;CINTILLO&quot;","block_context":{"text":"CINTILLO","link":"http:\/\/www.grieta.org.mx\/index.php\/category\/cintillo\/"},"img":{"alt_text":"","src":"https:\/\/i0.wp.com\/www.grieta.org.mx\/wp-content\/uploads\/2019\/03\/Obreros-de-maquiladora-de-Victoria-piden-salida-de-su-l%C3%ADder-sindical-por-traidor-tama-mzo.jpg?resize=350%2C200","width":350,"height":200,"srcset":"https:\/\/i0.wp.com\/www.grieta.org.mx\/wp-content\/uploads\/2019\/03\/Obreros-de-maquiladora-de-Victoria-piden-salida-de-su-l%C3%ADder-sindical-por-traidor-tama-mzo.jpg?resize=350%2C200 1x, https:\/\/i0.wp.com\/www.grieta.org.mx\/wp-content\/uploads\/2019\/03\/Obreros-de-maquiladora-de-Victoria-piden-salida-de-su-l%C3%ADder-sindical-por-traidor-tama-mzo.jpg?resize=525%2C300 1.5x, https:\/\/i0.wp.com\/www.grieta.org.mx\/wp-content\/uploads\/2019\/03\/Obreros-de-maquiladora-de-Victoria-piden-salida-de-su-l%C3%ADder-sindical-por-traidor-tama-mzo.jpg?resize=700%2C400 2x"},"classes":[]}],"_links":{"self":[{"href":"http:\/\/www.grieta.org.mx\/index.php\/wp-json\/wp\/v2\/posts\/13174","targetHints":{"allow":["GET"]}}],"collection":[{"href":"http:\/\/www.grieta.org.mx\/index.php\/wp-json\/wp\/v2\/posts"}],"about":[{"href":"http:\/\/www.grieta.org.mx\/index.php\/wp-json\/wp\/v2\/types\/post"}],"author":[{"embeddable":true,"href":"http:\/\/www.grieta.org.mx\/index.php\/wp-json\/wp\/v2\/users\/2"}],"replies":[{"embeddable":true,"href":"http:\/\/www.grieta.org.mx\/index.php\/wp-json\/wp\/v2\/comments?post=13174"}],"version-history":[{"count":1,"href":"http:\/\/www.grieta.org.mx\/index.php\/wp-json\/wp\/v2\/posts\/13174\/revisions"}],"predecessor-version":[{"id":13175,"href":"http:\/\/www.grieta.org.mx\/index.php\/wp-json\/wp\/v2\/posts\/13174\/revisions\/13175"}],"wp:featuredmedia":[{"embeddable":true,"href":"http:\/\/www.grieta.org.mx\/index.php\/wp-json\/wp\/v2\/media\/21928"}],"wp:attachment":[{"href":"http:\/\/www.grieta.org.mx\/index.php\/wp-json\/wp\/v2\/media?parent=13174"}],"wp:term":[{"taxonomy":"category","embeddable":true,"href":"http:\/\/www.grieta.org.mx\/index.php\/wp-json\/wp\/v2\/categories?post=13174"},{"taxonomy":"post_tag","embeddable":true,"href":"http:\/\/www.grieta.org.mx\/index.php\/wp-json\/wp\/v2\/tags?post=13174"}],"curies":[{"name":"wp","href":"https:\/\/api.w.org\/{rel}","templated":true}]}}