{"id":13168,"date":"2016-05-24T22:53:57","date_gmt":"2016-05-24T22:53:57","guid":{"rendered":"http:\/\/www.grieta.org.mx\/?p=13168"},"modified":"2016-05-29T02:03:33","modified_gmt":"2016-05-29T02:03:33","slug":"posco-inicia-liquidacion-de-empleados-en-huelga","status":"publish","type":"post","link":"http:\/\/www.grieta.org.mx\/index.php\/2016\/05\/24\/posco-inicia-liquidacion-de-empleados-en-huelga\/","title":{"rendered":"Posco inicia liquidaci\u00f3n de empleados en huelga"},"content":{"rendered":"<p>\u00d3scar Figueroa<\/p>\n<p>ALTAMIRA, Tamaulipas.- La empresa coreana Posco, ha comenzado a liquidar a trabajadores que participan en la huelga que inici\u00f3 desde hace una semana.<\/p>\n<p>Este martes fracas\u00f3 una negociaci\u00f3n entre ambas partes, la compa\u00f1\u00eda hab\u00eda acordado una reuni\u00f3n en la planta, pero 10 minutos despu\u00e9s la cancel\u00f3.<\/p>\n<p>Los trabajadores sostuvieron primeramente un encuentro en la plaza principal de Altamira con Julio Cazares, subgerente de Calidad, y Rodolfo Mart\u00ednez Yong, coordinador de Producci\u00f3n.<\/p>\n<p>La compa\u00f1\u00eda envi\u00f3 dos autobuses para transportar a los 160 huelguistas a la planta, en cuyo lugar se desarrollar\u00eda la reuni\u00f3n sin intermediarios, pero por motivos que a\u00fan se desconocen decidi\u00f3 suspenderla.<\/p>\n<p>Exist\u00eda renuencia de los obreros para acudir, por la existencia de una lista con el nombre de trabajadores que no pod\u00edan ingresar, pero acordaron que todos pod\u00edan entrar.<\/p>\n<p>Los inconformes contin\u00faan con el plant\u00f3n en la plaza y detallaron que algunos de sus compa\u00f1eros acudieron a Posco para conocer su situaci\u00f3n laboral y les respondieron que estaban dados de baja y que pasaran por su finiquito a la Junta de Conciliaci\u00f3n y Arbitraje.<\/p>\n<p><img decoding=\"async\" data-attachment-id=\"13169\" data-permalink=\"http:\/\/www.grieta.org.mx\/index.php\/2016\/05\/24\/posco-inicia-liquidacion-de-empleados-en-huelga\/posco-despidos2\/\" data-orig-file=\"http:\/\/www.grieta.org.mx\/wp-content\/uploads\/2016\/05\/posco-despidos2.jpg\" data-orig-size=\"640,400\" data-comments-opened=\"0\" data-image-meta=\"{&quot;aperture&quot;:&quot;0&quot;,&quot;credit&quot;:&quot;&quot;,&quot;camera&quot;:&quot;&quot;,&quot;caption&quot;:&quot;&quot;,&quot;created_timestamp&quot;:&quot;0&quot;,&quot;copyright&quot;:&quot;&quot;,&quot;focal_length&quot;:&quot;0&quot;,&quot;iso&quot;:&quot;0&quot;,&quot;shutter_speed&quot;:&quot;0&quot;,&quot;title&quot;:&quot;&quot;,&quot;orientation&quot;:&quot;0&quot;}\" data-image-title=\"posco-despidos2\" data-image-description=\"\" data-image-caption=\"\" data-medium-file=\"http:\/\/www.grieta.org.mx\/wp-content\/uploads\/2016\/05\/posco-despidos2-300x188.jpg\" data-large-file=\"http:\/\/www.grieta.org.mx\/wp-content\/uploads\/2016\/05\/posco-despidos2.jpg\" src=\"http:\/\/www.grieta.org.mx\/wp-content\/uploads\/2016\/05\/posco-despidos2.jpg\" alt=\"posco-despidos2\" width=\"100%\" class=\"aligncenter size-full wp-image-13169\" srcset=\"http:\/\/www.grieta.org.mx\/wp-content\/uploads\/2016\/05\/posco-despidos2.jpg 640w, http:\/\/www.grieta.org.mx\/wp-content\/uploads\/2016\/05\/posco-despidos2-300x188.jpg 300w\" sizes=\"(max-width: 640px) 100vw, 640px\" \/><\/p>\n<p><img decoding=\"async\" data-attachment-id=\"13170\" data-permalink=\"http:\/\/www.grieta.org.mx\/index.php\/2016\/05\/24\/posco-inicia-liquidacion-de-empleados-en-huelga\/posco-despidos1\/\" data-orig-file=\"http:\/\/www.grieta.org.mx\/wp-content\/uploads\/2016\/05\/posco-despidos1.jpg\" data-orig-size=\"640,400\" data-comments-opened=\"0\" data-image-meta=\"{&quot;aperture&quot;:&quot;0&quot;,&quot;credit&quot;:&quot;&quot;,&quot;camera&quot;:&quot;&quot;,&quot;caption&quot;:&quot;&quot;,&quot;created_timestamp&quot;:&quot;0&quot;,&quot;copyright&quot;:&quot;&quot;,&quot;focal_length&quot;:&quot;0&quot;,&quot;iso&quot;:&quot;0&quot;,&quot;shutter_speed&quot;:&quot;0&quot;,&quot;title&quot;:&quot;&quot;,&quot;orientation&quot;:&quot;0&quot;}\" data-image-title=\"posco-despidos1\" data-image-description=\"\" data-image-caption=\"\" data-medium-file=\"http:\/\/www.grieta.org.mx\/wp-content\/uploads\/2016\/05\/posco-despidos1-300x188.jpg\" data-large-file=\"http:\/\/www.grieta.org.mx\/wp-content\/uploads\/2016\/05\/posco-despidos1.jpg\" src=\"http:\/\/www.grieta.org.mx\/wp-content\/uploads\/2016\/05\/posco-despidos1.jpg\" alt=\"posco-despidos1\" width=\"100%\" class=\"aligncenter size-full wp-image-13170\" srcset=\"http:\/\/www.grieta.org.mx\/wp-content\/uploads\/2016\/05\/posco-despidos1.jpg 640w, http:\/\/www.grieta.org.mx\/wp-content\/uploads\/2016\/05\/posco-despidos1-300x188.jpg 300w\" sizes=\"(max-width: 640px) 100vw, 640px\" \/><\/p>\n<p><img decoding=\"async\" data-attachment-id=\"13171\" data-permalink=\"http:\/\/www.grieta.org.mx\/index.php\/2016\/05\/24\/posco-inicia-liquidacion-de-empleados-en-huelga\/posco-despidos\/\" data-orig-file=\"http:\/\/www.grieta.org.mx\/wp-content\/uploads\/2016\/05\/posco-despidos.jpg\" data-orig-size=\"640,400\" data-comments-opened=\"0\" data-image-meta=\"{&quot;aperture&quot;:&quot;0&quot;,&quot;credit&quot;:&quot;&quot;,&quot;camera&quot;:&quot;&quot;,&quot;caption&quot;:&quot;&quot;,&quot;created_timestamp&quot;:&quot;0&quot;,&quot;copyright&quot;:&quot;&quot;,&quot;focal_length&quot;:&quot;0&quot;,&quot;iso&quot;:&quot;0&quot;,&quot;shutter_speed&quot;:&quot;0&quot;,&quot;title&quot;:&quot;&quot;,&quot;orientation&quot;:&quot;0&quot;}\" data-image-title=\"posco-despidos\" data-image-description=\"\" data-image-caption=\"\" data-medium-file=\"http:\/\/www.grieta.org.mx\/wp-content\/uploads\/2016\/05\/posco-despidos-300x188.jpg\" data-large-file=\"http:\/\/www.grieta.org.mx\/wp-content\/uploads\/2016\/05\/posco-despidos.jpg\" src=\"http:\/\/www.grieta.org.mx\/wp-content\/uploads\/2016\/05\/posco-despidos.jpg\" alt=\"posco-despidos\" width=\"100%\" class=\"aligncenter size-full wp-image-13171\" srcset=\"http:\/\/www.grieta.org.mx\/wp-content\/uploads\/2016\/05\/posco-despidos.jpg 640w, http:\/\/www.grieta.org.mx\/wp-content\/uploads\/2016\/05\/posco-despidos-300x188.jpg 300w\" sizes=\"(max-width: 640px) 100vw, 640px\" \/><\/p>\n<p><a href=\"http:\/\/expreso.press\/2016\/05\/24\/posco-inicia-liquidacion-de-empleados-en-huelga\/\" target=\"_blank\">http:\/\/expreso.press\/2016\/05\/24\/posco-inicia-liquidacion-de-empleados-en-huelga\/<\/a><\/p>\n","protected":false},"excerpt":{"rendered":"<p>\u00d3scar Figueroa ALTAMIRA, Tamaulipas.- La empresa coreana Posco, ha comenzado a liquidar a trabajadores que participan en la huelga que inici\u00f3 desde hace una semana. Este martes fracas\u00f3 una negociaci\u00f3n &hellip; <a href=\"http:\/\/www.grieta.org.mx\/index.php\/2016\/05\/24\/posco-inicia-liquidacion-de-empleados-en-huelga\/\" class=\"more-link\">Leer m\u00e1s<\/a><\/p>\n","protected":false},"author":2,"featured_media":21928,"comment_status":"closed","ping_status":"closed","sticky":false,"template":"","format":"standard","meta":{"ngg_post_thumbnail":0,"_jetpack_newsletter_access":"","_jetpack_dont_email_post_to_subs":false,"_jetpack_newsletter_tier_id":0,"_jetpack_memberships_contains_paywalled_content":false,"_jetpack_memberships_contains_paid_content":false,"footnotes":""},"categories":[80],"tags":[685,105,163,104,684],"class_list":["post-13168","post","type-post","status-publish","format-standard","has-post-thumbnail","hentry","category-cintillo","tag-altamira","tag-derechos-laborales","tag-despidos","tag-huelga","tag-posco","entry"],"jetpack_featured_media_url":"http:\/\/www.grieta.org.mx\/wp-content\/uploads\/2018\/03\/14524434_1106112876131411_958039263622046936_o.jpg","jetpack_sharing_enabled":true,"jetpack_shortlink":"https:\/\/wp.me\/p7ZJR4-3qo","jetpack_likes_enabled":false,"jetpack-related-posts":[{"id":13155,"url":"http:\/\/www.grieta.org.mx\/index.php\/2016\/05\/18\/estalla-huelga-en-posco-de-altamira\/","url_meta":{"origin":13168,"position":0},"title":"Estalla huelga en Posco de Altamira","author":"grieta","date":"18 mayo, 2016","format":false,"excerpt":"Diana Alvarado Trabajadores sindicalizados de la metal\u00fargica, demandan acoso, abuso y explotaci\u00f3n de parte de la empresa coreana, por lo que piden unirse al Sindicato Petroqu\u00edmico. Altamira, Tamaulipas.- Trabajadores sindicalizados de la metal\u00fargica, realizan huelga en la compa\u00f1\u00eda Posco M\u00e9xico, ubicada en el Puerto de Altamira; demandan acoso, abuso y\u2026","rel":"","context":"En &quot;CINTILLO&quot;","block_context":{"text":"CINTILLO","link":"http:\/\/www.grieta.org.mx\/index.php\/category\/cintillo\/"},"img":{"alt_text":"","src":"https:\/\/i0.wp.com\/www.grieta.org.mx\/wp-content\/uploads\/2018\/03\/14524434_1106112876131411_958039263622046936_o.jpg?resize=350%2C200","width":350,"height":200,"srcset":"https:\/\/i0.wp.com\/www.grieta.org.mx\/wp-content\/uploads\/2018\/03\/14524434_1106112876131411_958039263622046936_o.jpg?resize=350%2C200 1x, https:\/\/i0.wp.com\/www.grieta.org.mx\/wp-content\/uploads\/2018\/03\/14524434_1106112876131411_958039263622046936_o.jpg?resize=525%2C300 1.5x, https:\/\/i0.wp.com\/www.grieta.org.mx\/wp-content\/uploads\/2018\/03\/14524434_1106112876131411_958039263622046936_o.jpg?resize=700%2C400 2x"},"classes":[]},{"id":13162,"url":"http:\/\/www.grieta.org.mx\/index.php\/2016\/05\/21\/trabajadores-de-posco-altamira-continuan-en-huelga\/","url_meta":{"origin":13168,"position":1},"title":"Trabajadores de Posco Altamira contin\u00faan en huelga","author":"grieta","date":"21 mayo, 2016","format":false,"excerpt":"Diana Alvarado Los empleados se colocaron en la plaza de principal para pedir cooperaci\u00f3n y seguir costeando los gastos de la huelga, ya que a\u00fan no han recibido respuesta de la empresa Altamira, Tamaulipas.- Trabajadores Sindicalizados de la empresa Posco se instalaron en la plaza principal de Altamira para pedir\u2026","rel":"","context":"En &quot;CINTILLO&quot;","block_context":{"text":"CINTILLO","link":"http:\/\/www.grieta.org.mx\/index.php\/category\/cintillo\/"},"img":{"alt_text":"","src":"https:\/\/i0.wp.com\/www.grieta.org.mx\/wp-content\/uploads\/2018\/03\/14524434_1106112876131411_958039263622046936_o.jpg?resize=350%2C200","width":350,"height":200,"srcset":"https:\/\/i0.wp.com\/www.grieta.org.mx\/wp-content\/uploads\/2018\/03\/14524434_1106112876131411_958039263622046936_o.jpg?resize=350%2C200 1x, https:\/\/i0.wp.com\/www.grieta.org.mx\/wp-content\/uploads\/2018\/03\/14524434_1106112876131411_958039263622046936_o.jpg?resize=525%2C300 1.5x, https:\/\/i0.wp.com\/www.grieta.org.mx\/wp-content\/uploads\/2018\/03\/14524434_1106112876131411_958039263622046936_o.jpg?resize=700%2C400 2x"},"classes":[]},{"id":13156,"url":"http:\/\/www.grieta.org.mx\/index.php\/2016\/05\/27\/conflictos-laborales-en-tamaulipas\/","url_meta":{"origin":13168,"position":2},"title":"Conflictos laborales en la industria tamaulipeca","author":"grieta","date":"27 mayo, 2016","format":false,"excerpt":"26\/05\/16. Regresan 100 obreros a Posco; 60 fueron liquidadosExpreso.press 24\/05\/16. Posco inicia liquidaci\u00f3n de empleados en huelgaExpreso.press 21\/05\/16. Trabajadores de Posco Altamira contin\u00faan en huelgaHoy Tamaulipas 18\/05\/16. Estalla huelga en Posco de AltamiraHoy Tamaulipas","rel":"","context":"En &quot;NOTICIAS NACIONALES&quot;","block_context":{"text":"NOTICIAS NACIONALES","link":"http:\/\/www.grieta.org.mx\/index.php\/category\/noticias-nacionales\/"},"img":{"alt_text":"","src":"https:\/\/i0.wp.com\/www.grieta.org.mx\/wp-content\/uploads\/2018\/03\/14524434_1106112876131411_958039263622046936_o.jpg?resize=350%2C200","width":350,"height":200,"srcset":"https:\/\/i0.wp.com\/www.grieta.org.mx\/wp-content\/uploads\/2018\/03\/14524434_1106112876131411_958039263622046936_o.jpg?resize=350%2C200 1x, https:\/\/i0.wp.com\/www.grieta.org.mx\/wp-content\/uploads\/2018\/03\/14524434_1106112876131411_958039263622046936_o.jpg?resize=525%2C300 1.5x, https:\/\/i0.wp.com\/www.grieta.org.mx\/wp-content\/uploads\/2018\/03\/14524434_1106112876131411_958039263622046936_o.jpg?resize=700%2C400 2x"},"classes":[]},{"id":13174,"url":"http:\/\/www.grieta.org.mx\/index.php\/2016\/05\/29\/regresan-100-obreros-a-posco-60-fueron-liquidados\/","url_meta":{"origin":13168,"position":3},"title":"Regresan 100 obreros a Posco; 60 fueron liquidados","author":"grieta","date":"29 mayo, 2016","format":false,"excerpt":"\u00d3scar Figueroa ALTAMIRA, Tamaulipas.- Sin que fueran atendidas sus demandas, un promedio de 100 obreros de Posco regresaron a laborar, mientras que 60 fueron liquidados. La presi\u00f3n ejercida por el corporativo coreano, gener\u00f3 que las autoridades de los tres niveles de gobierno se deslindaran y retiraran el apoyo a los\u2026","rel":"","context":"En &quot;CINTILLO&quot;","block_context":{"text":"CINTILLO","link":"http:\/\/www.grieta.org.mx\/index.php\/category\/cintillo\/"},"img":{"alt_text":"","src":"https:\/\/i0.wp.com\/www.grieta.org.mx\/wp-content\/uploads\/2018\/03\/14524434_1106112876131411_958039263622046936_o.jpg?resize=350%2C200","width":350,"height":200,"srcset":"https:\/\/i0.wp.com\/www.grieta.org.mx\/wp-content\/uploads\/2018\/03\/14524434_1106112876131411_958039263622046936_o.jpg?resize=350%2C200 1x, https:\/\/i0.wp.com\/www.grieta.org.mx\/wp-content\/uploads\/2018\/03\/14524434_1106112876131411_958039263622046936_o.jpg?resize=525%2C300 1.5x, https:\/\/i0.wp.com\/www.grieta.org.mx\/wp-content\/uploads\/2018\/03\/14524434_1106112876131411_958039263622046936_o.jpg?resize=700%2C400 2x"},"classes":[]},{"id":29209,"url":"http:\/\/www.grieta.org.mx\/index.php\/2019\/02\/18\/al-menos-700-trabajadores-de-coca-cola-en-matamoros-tamaulipas-tambien-se-van-a-huelga\/","url_meta":{"origin":13168,"position":4},"title":"Al menos 700 trabajadores de Coca Cola en Matamoros, Tamaulipas, tambi\u00e9n se van a huelga","author":"grieta","date":"18 febrero, 2019","format":false,"excerpt":"Redacci\u00f3n \/ Sin Embargo El pasado 14 de febrero, el Gobernador de Tamaulipas asegur\u00f3 que la estabilidad laboral en esa entidad, y en especial en la ciudad de Matamoros, \u201cse puede poner en riesgo\u201d por la huelga de maquiladoras registradas durante las \u00faltimas semanas. Ahora a este movimiento de protestas\u2026","rel":"","context":"En &quot;CINTILLO&quot;","block_context":{"text":"CINTILLO","link":"http:\/\/www.grieta.org.mx\/index.php\/category\/cintillo\/"},"img":{"alt_text":"","src":"https:\/\/i0.wp.com\/www.grieta.org.mx\/wp-content\/uploads\/2019\/02\/l-menos-700-trabajadores-de-Coca-Cola-en-Matamoros-Tamaulipas-tambi%C3%A9n-se-van-a-huelga-tama-feb.jpg?resize=350%2C200","width":350,"height":200,"srcset":"https:\/\/i0.wp.com\/www.grieta.org.mx\/wp-content\/uploads\/2019\/02\/l-menos-700-trabajadores-de-Coca-Cola-en-Matamoros-Tamaulipas-tambi%C3%A9n-se-van-a-huelga-tama-feb.jpg?resize=350%2C200 1x, https:\/\/i0.wp.com\/www.grieta.org.mx\/wp-content\/uploads\/2019\/02\/l-menos-700-trabajadores-de-Coca-Cola-en-Matamoros-Tamaulipas-tambi%C3%A9n-se-van-a-huelga-tama-feb.jpg?resize=525%2C300 1.5x, https:\/\/i0.wp.com\/www.grieta.org.mx\/wp-content\/uploads\/2019\/02\/l-menos-700-trabajadores-de-Coca-Cola-en-Matamoros-Tamaulipas-tambi%C3%A9n-se-van-a-huelga-tama-feb.jpg?resize=700%2C400 2x, https:\/\/i0.wp.com\/www.grieta.org.mx\/wp-content\/uploads\/2019\/02\/l-menos-700-trabajadores-de-Coca-Cola-en-Matamoros-Tamaulipas-tambi%C3%A9n-se-van-a-huelga-tama-feb.jpg?resize=1050%2C600 3x"},"classes":[]},{"id":29801,"url":"http:\/\/www.grieta.org.mx\/index.php\/2019\/03\/01\/operaciones-de-arca-continental-siguen-suspendidas-en-matamoros-por-huelga-tamaulipas\/","url_meta":{"origin":13168,"position":5},"title":"Operaciones de Arca Continental siguen suspendidas en Matamoros por huelga (Tamaulipas)","author":"grieta","date":"1 marzo, 2019","format":false,"excerpt":"Fernanda Celis \/ Forbes Desde el pasado 31 de enero, alrededor de 100 trabajadores de Bebidas Mundiales Planta Matamoros, filial de Arca Continental, realizaron un paro laboral para exigir un aumento de salario y un bono \u00fanico Las operaciones de Arca Continental, segunda embotelladora m\u00e1s importante de Coca- Cola en\u2026","rel":"","context":"En &quot;CINTILLO&quot;","block_context":{"text":"CINTILLO","link":"http:\/\/www.grieta.org.mx\/index.php\/category\/cintillo\/"},"img":{"alt_text":"","src":"https:\/\/i0.wp.com\/www.grieta.org.mx\/wp-content\/uploads\/2019\/03\/Operaciones-de-Arca-Continental-siguen-suspendidas-en-Matamoros-por-huelga-tama-mzo.jpg?resize=350%2C200","width":350,"height":200,"srcset":"https:\/\/i0.wp.com\/www.grieta.org.mx\/wp-content\/uploads\/2019\/03\/Operaciones-de-Arca-Continental-siguen-suspendidas-en-Matamoros-por-huelga-tama-mzo.jpg?resize=350%2C200 1x, https:\/\/i0.wp.com\/www.grieta.org.mx\/wp-content\/uploads\/2019\/03\/Operaciones-de-Arca-Continental-siguen-suspendidas-en-Matamoros-por-huelga-tama-mzo.jpg?resize=525%2C300 1.5x"},"classes":[]}],"_links":{"self":[{"href":"http:\/\/www.grieta.org.mx\/index.php\/wp-json\/wp\/v2\/posts\/13168","targetHints":{"allow":["GET"]}}],"collection":[{"href":"http:\/\/www.grieta.org.mx\/index.php\/wp-json\/wp\/v2\/posts"}],"about":[{"href":"http:\/\/www.grieta.org.mx\/index.php\/wp-json\/wp\/v2\/types\/post"}],"author":[{"embeddable":true,"href":"http:\/\/www.grieta.org.mx\/index.php\/wp-json\/wp\/v2\/users\/2"}],"replies":[{"embeddable":true,"href":"http:\/\/www.grieta.org.mx\/index.php\/wp-json\/wp\/v2\/comments?post=13168"}],"version-history":[{"count":1,"href":"http:\/\/www.grieta.org.mx\/index.php\/wp-json\/wp\/v2\/posts\/13168\/revisions"}],"predecessor-version":[{"id":13172,"href":"http:\/\/www.grieta.org.mx\/index.php\/wp-json\/wp\/v2\/posts\/13168\/revisions\/13172"}],"wp:featuredmedia":[{"embeddable":true,"href":"http:\/\/www.grieta.org.mx\/index.php\/wp-json\/wp\/v2\/media\/21928"}],"wp:attachment":[{"href":"http:\/\/www.grieta.org.mx\/index.php\/wp-json\/wp\/v2\/media?parent=13168"}],"wp:term":[{"taxonomy":"category","embeddable":true,"href":"http:\/\/www.grieta.org.mx\/index.php\/wp-json\/wp\/v2\/categories?post=13168"},{"taxonomy":"post_tag","embeddable":true,"href":"http:\/\/www.grieta.org.mx\/index.php\/wp-json\/wp\/v2\/tags?post=13168"}],"curies":[{"name":"wp","href":"https:\/\/api.w.org\/{rel}","templated":true}]}}