{"id":13155,"date":"2016-05-18T22:53:54","date_gmt":"2016-05-18T22:53:54","guid":{"rendered":"http:\/\/www.grieta.org.mx\/?p=13155"},"modified":"2016-05-29T01:53:41","modified_gmt":"2016-05-29T01:53:41","slug":"estalla-huelga-en-posco-de-altamira","status":"publish","type":"post","link":"http:\/\/www.grieta.org.mx\/index.php\/2016\/05\/18\/estalla-huelga-en-posco-de-altamira\/","title":{"rendered":"Estalla huelga en Posco de Altamira"},"content":{"rendered":"<p>Diana Alvarado<\/p>\n<p><img loading=\"lazy\" decoding=\"async\" data-attachment-id=\"13166\" data-permalink=\"http:\/\/www.grieta.org.mx\/index.php\/2016\/05\/18\/estalla-huelga-en-posco-de-altamira\/imagennota\/\" data-orig-file=\"http:\/\/www.grieta.org.mx\/wp-content\/uploads\/2016\/05\/imagennota.jpg\" data-orig-size=\"320,193\" data-comments-opened=\"0\" data-image-meta=\"{&quot;aperture&quot;:&quot;0&quot;,&quot;credit&quot;:&quot;&quot;,&quot;camera&quot;:&quot;&quot;,&quot;caption&quot;:&quot;&quot;,&quot;created_timestamp&quot;:&quot;0&quot;,&quot;copyright&quot;:&quot;&quot;,&quot;focal_length&quot;:&quot;0&quot;,&quot;iso&quot;:&quot;0&quot;,&quot;shutter_speed&quot;:&quot;0&quot;,&quot;title&quot;:&quot;&quot;,&quot;orientation&quot;:&quot;0&quot;}\" data-image-title=\"imagennota\" data-image-description=\"\" data-image-caption=\"\" data-medium-file=\"http:\/\/www.grieta.org.mx\/wp-content\/uploads\/2016\/05\/imagennota-300x181.jpg\" data-large-file=\"http:\/\/www.grieta.org.mx\/wp-content\/uploads\/2016\/05\/imagennota.jpg\" src=\"http:\/\/www.grieta.org.mx\/wp-content\/uploads\/2016\/05\/imagennota.jpg\" alt=\"imagennota\" width=\"320\" height=\"193\" class=\"aligncenter size-full wp-image-13166\" srcset=\"http:\/\/www.grieta.org.mx\/wp-content\/uploads\/2016\/05\/imagennota.jpg 320w, http:\/\/www.grieta.org.mx\/wp-content\/uploads\/2016\/05\/imagennota-300x181.jpg 300w\" sizes=\"auto, (max-width: 320px) 100vw, 320px\" \/><\/p>\n<p>Trabajadores sindicalizados de la metal\u00fargica, demandan acoso, abuso y explotaci\u00f3n de parte de la empresa coreana, por lo que piden unirse al Sindicato Petroqu\u00edmico.<\/p>\n<p>Altamira, Tamaulipas.- Trabajadores sindicalizados de la metal\u00fargica, realizan huelga en la compa\u00f1\u00eda Posco M\u00e9xico, ubicada en el Puerto de Altamira; demandan acoso, abuso y explotaci\u00f3n de parte de la empresa coreana.<\/p>\n<p>Esta ma\u00f1ana los obreros no ingresaron a sus labores y est\u00e1n afuera de la compa\u00f1\u00eda, exigiendo separarse del gremio que tiene representatividad solamente a nivel nacional, sin que proteja los derechos laborales.<\/p>\n<p>&#8220;Estamos Inconforme ante el Sindicato, no hemos tenido apoyo, queremos un cambio sindical, algo local, porque no vienen los de M\u00e9xico a arreglar esos detalles, es el Sindicato metal\u00fargicos a cargo de Arturo Contreras&#8221;.<\/p>\n<p>&#8220;Solamente viene cuando la empresa solicita pero no tenemos contacto, solo se enriquezca con cuotas, ya despidieron al jefe sindical, vienen a amedrentarnos, ya lleg\u00f3 la polic\u00eda pero nosotros queremos dar a conocer las anomal\u00edas por personal de confianza, hay castigos injustificados&#8221;.<\/p>\n<p>Son aproximadamente 60 obreros afectados directamente y dos de ellos detenidos por la Ccrporaci\u00f3n, que lleg\u00f3 al lugar por petici\u00f3n de la empresa que produce l\u00e1mina galvanizada.<\/p>\n<p>&#8220;Hay sanciones, castigos, suspensiones, nos tienen vigilados, c\u00e1maras en vestidores, ba\u00f1os, eso es abuso, por eso estamos en huelga esperando que venga parte sindical, nos queremos unir al Sindicato Petroqu\u00edmico para que nos solucione nuestro problema&#8221;. <\/p>\n<p><a href=\"http:\/\/www.hoytamaulipas.net\/moviles\/?v1=notas&#038;v2=221286\" target=\"_blank\">http:\/\/www.hoytamaulipas.net\/moviles\/?v1=notas&#038;v2=221286<\/a><\/p>\n","protected":false},"excerpt":{"rendered":"<p>Diana Alvarado Trabajadores sindicalizados de la metal\u00fargica, demandan acoso, abuso y explotaci\u00f3n de parte de la empresa coreana, por lo que piden unirse al Sindicato Petroqu\u00edmico. Altamira, Tamaulipas.- Trabajadores sindicalizados &hellip; <a href=\"http:\/\/www.grieta.org.mx\/index.php\/2016\/05\/18\/estalla-huelga-en-posco-de-altamira\/\" class=\"more-link\">Leer m\u00e1s<\/a><\/p>\n","protected":false},"author":2,"featured_media":21928,"comment_status":"closed","ping_status":"closed","sticky":false,"template":"","format":"standard","meta":{"ngg_post_thumbnail":0,"_jetpack_newsletter_access":"","_jetpack_dont_email_post_to_subs":false,"_jetpack_newsletter_tier_id":0,"_jetpack_memberships_contains_paywalled_content":false,"_jetpack_memberships_contains_paid_content":false,"footnotes":""},"categories":[80],"tags":[685,113,105,104,684],"class_list":["post-13155","post","type-post","status-publish","format-standard","has-post-thumbnail","hentry","category-cintillo","tag-altamira","tag-conflictos-laborales","tag-derechos-laborales","tag-huelga","tag-posco","entry"],"jetpack_featured_media_url":"http:\/\/www.grieta.org.mx\/wp-content\/uploads\/2018\/03\/14524434_1106112876131411_958039263622046936_o.jpg","jetpack_sharing_enabled":true,"jetpack_shortlink":"https:\/\/wp.me\/p7ZJR4-3qb","jetpack_likes_enabled":false,"jetpack-related-posts":[{"id":13162,"url":"http:\/\/www.grieta.org.mx\/index.php\/2016\/05\/21\/trabajadores-de-posco-altamira-continuan-en-huelga\/","url_meta":{"origin":13155,"position":0},"title":"Trabajadores de Posco Altamira contin\u00faan en huelga","author":"grieta","date":"21 mayo, 2016","format":false,"excerpt":"Diana Alvarado Los empleados se colocaron en la plaza de principal para pedir cooperaci\u00f3n y seguir costeando los gastos de la huelga, ya que a\u00fan no han recibido respuesta de la empresa Altamira, Tamaulipas.- Trabajadores Sindicalizados de la empresa Posco se instalaron en la plaza principal de Altamira para pedir\u2026","rel":"","context":"En &quot;CINTILLO&quot;","block_context":{"text":"CINTILLO","link":"http:\/\/www.grieta.org.mx\/index.php\/category\/cintillo\/"},"img":{"alt_text":"","src":"https:\/\/i0.wp.com\/www.grieta.org.mx\/wp-content\/uploads\/2018\/03\/14524434_1106112876131411_958039263622046936_o.jpg?resize=350%2C200","width":350,"height":200,"srcset":"https:\/\/i0.wp.com\/www.grieta.org.mx\/wp-content\/uploads\/2018\/03\/14524434_1106112876131411_958039263622046936_o.jpg?resize=350%2C200 1x, https:\/\/i0.wp.com\/www.grieta.org.mx\/wp-content\/uploads\/2018\/03\/14524434_1106112876131411_958039263622046936_o.jpg?resize=525%2C300 1.5x, https:\/\/i0.wp.com\/www.grieta.org.mx\/wp-content\/uploads\/2018\/03\/14524434_1106112876131411_958039263622046936_o.jpg?resize=700%2C400 2x"},"classes":[]},{"id":13168,"url":"http:\/\/www.grieta.org.mx\/index.php\/2016\/05\/24\/posco-inicia-liquidacion-de-empleados-en-huelga\/","url_meta":{"origin":13155,"position":1},"title":"Posco inicia liquidaci\u00f3n de empleados en huelga","author":"grieta","date":"24 mayo, 2016","format":false,"excerpt":"\u00d3scar Figueroa ALTAMIRA, Tamaulipas.- La empresa coreana Posco, ha comenzado a liquidar a trabajadores que participan en la huelga que inici\u00f3 desde hace una semana. Este martes fracas\u00f3 una negociaci\u00f3n entre ambas partes, la compa\u00f1\u00eda hab\u00eda acordado una reuni\u00f3n en la planta, pero 10 minutos despu\u00e9s la cancel\u00f3. Los trabajadores\u2026","rel":"","context":"En &quot;CINTILLO&quot;","block_context":{"text":"CINTILLO","link":"http:\/\/www.grieta.org.mx\/index.php\/category\/cintillo\/"},"img":{"alt_text":"","src":"https:\/\/i0.wp.com\/www.grieta.org.mx\/wp-content\/uploads\/2018\/03\/14524434_1106112876131411_958039263622046936_o.jpg?resize=350%2C200","width":350,"height":200,"srcset":"https:\/\/i0.wp.com\/www.grieta.org.mx\/wp-content\/uploads\/2018\/03\/14524434_1106112876131411_958039263622046936_o.jpg?resize=350%2C200 1x, https:\/\/i0.wp.com\/www.grieta.org.mx\/wp-content\/uploads\/2018\/03\/14524434_1106112876131411_958039263622046936_o.jpg?resize=525%2C300 1.5x, https:\/\/i0.wp.com\/www.grieta.org.mx\/wp-content\/uploads\/2018\/03\/14524434_1106112876131411_958039263622046936_o.jpg?resize=700%2C400 2x"},"classes":[]},{"id":13156,"url":"http:\/\/www.grieta.org.mx\/index.php\/2016\/05\/27\/conflictos-laborales-en-tamaulipas\/","url_meta":{"origin":13155,"position":2},"title":"Conflictos laborales en la industria tamaulipeca","author":"grieta","date":"27 mayo, 2016","format":false,"excerpt":"26\/05\/16. Regresan 100 obreros a Posco; 60 fueron liquidadosExpreso.press 24\/05\/16. Posco inicia liquidaci\u00f3n de empleados en huelgaExpreso.press 21\/05\/16. Trabajadores de Posco Altamira contin\u00faan en huelgaHoy Tamaulipas 18\/05\/16. Estalla huelga en Posco de AltamiraHoy Tamaulipas","rel":"","context":"En &quot;NOTICIAS NACIONALES&quot;","block_context":{"text":"NOTICIAS NACIONALES","link":"http:\/\/www.grieta.org.mx\/index.php\/category\/noticias-nacionales\/"},"img":{"alt_text":"","src":"https:\/\/i0.wp.com\/www.grieta.org.mx\/wp-content\/uploads\/2018\/03\/14524434_1106112876131411_958039263622046936_o.jpg?resize=350%2C200","width":350,"height":200,"srcset":"https:\/\/i0.wp.com\/www.grieta.org.mx\/wp-content\/uploads\/2018\/03\/14524434_1106112876131411_958039263622046936_o.jpg?resize=350%2C200 1x, https:\/\/i0.wp.com\/www.grieta.org.mx\/wp-content\/uploads\/2018\/03\/14524434_1106112876131411_958039263622046936_o.jpg?resize=525%2C300 1.5x, https:\/\/i0.wp.com\/www.grieta.org.mx\/wp-content\/uploads\/2018\/03\/14524434_1106112876131411_958039263622046936_o.jpg?resize=700%2C400 2x"},"classes":[]},{"id":13174,"url":"http:\/\/www.grieta.org.mx\/index.php\/2016\/05\/29\/regresan-100-obreros-a-posco-60-fueron-liquidados\/","url_meta":{"origin":13155,"position":3},"title":"Regresan 100 obreros a Posco; 60 fueron liquidados","author":"grieta","date":"29 mayo, 2016","format":false,"excerpt":"\u00d3scar Figueroa ALTAMIRA, Tamaulipas.- Sin que fueran atendidas sus demandas, un promedio de 100 obreros de Posco regresaron a laborar, mientras que 60 fueron liquidados. La presi\u00f3n ejercida por el corporativo coreano, gener\u00f3 que las autoridades de los tres niveles de gobierno se deslindaran y retiraran el apoyo a los\u2026","rel":"","context":"En &quot;CINTILLO&quot;","block_context":{"text":"CINTILLO","link":"http:\/\/www.grieta.org.mx\/index.php\/category\/cintillo\/"},"img":{"alt_text":"","src":"https:\/\/i0.wp.com\/www.grieta.org.mx\/wp-content\/uploads\/2018\/03\/14524434_1106112876131411_958039263622046936_o.jpg?resize=350%2C200","width":350,"height":200,"srcset":"https:\/\/i0.wp.com\/www.grieta.org.mx\/wp-content\/uploads\/2018\/03\/14524434_1106112876131411_958039263622046936_o.jpg?resize=350%2C200 1x, https:\/\/i0.wp.com\/www.grieta.org.mx\/wp-content\/uploads\/2018\/03\/14524434_1106112876131411_958039263622046936_o.jpg?resize=525%2C300 1.5x, https:\/\/i0.wp.com\/www.grieta.org.mx\/wp-content\/uploads\/2018\/03\/14524434_1106112876131411_958039263622046936_o.jpg?resize=700%2C400 2x"},"classes":[]},{"id":27394,"url":"http:\/\/www.grieta.org.mx\/index.php\/2017\/05\/08\/denuncian-los-mineros-de-sombrerete-confabulacion-de-grupo-mexico-y-stps\/","url_meta":{"origin":13155,"position":4},"title":"Denuncian los mineros de Sombrerete confabulaci\u00f3n de Grupo M\u00e9xico y STPS","author":"grieta","date":"8 mayo, 2017","format":false,"excerpt":"Redacci\u00f3n\/Pulso Laboral Grupo M\u00e9xico y funcionarios de la Secretar\u00eda del Trabajo y Previsi\u00f3n Social (STPS) est\u00e1n operando de forma conjunta un 'fuerte golpe' contra los trabajadores en huelga de la mina San Mart\u00edn, en Sombrerete, Zacatecas, similar al de Cananea, Sonora. Denunci\u00f3 lo anterior el Sindicato Nacional de Trabajadores Mineros,\u2026","rel":"","context":"En &quot;CINTILLO&quot;","block_context":{"text":"CINTILLO","link":"http:\/\/www.grieta.org.mx\/index.php\/category\/cintillo\/"},"img":{"alt_text":"","src":"https:\/\/i0.wp.com\/www.grieta.org.mx\/wp-content\/uploads\/2018\/10\/1.-mineros.jpg?resize=350%2C200","width":350,"height":200},"classes":[]},{"id":71973,"url":"http:\/\/www.grieta.org.mx\/index.php\/2025\/07\/09\/paro-laboral-en-alpura-por-presuntos-abusos-trabajadores-denuncian-violaciones-a-derechos\/","url_meta":{"origin":13155,"position":5},"title":"Paro laboral en Alpura por presuntos abusos; trabajadores denuncian violaciones a derechos","author":"grieta","date":"9 julio, 2025","format":false,"excerpt":"Redacci\u00f3n Fortuna y poder En Puebla iniciar\u00edan huelga el 4 de agosto de no llegar a acuerdos con la empresa Trabajadores de la empresa\u00a0Alpura\u00a0llevaron a cabo un\u00a0paro de labores\u00a0en varias de las plantas productoras de la compa\u00f1\u00eda. En Cuautitl\u00e1n Izcalli y Los Reyes La Paz (Estado de M\u00e9xico), as\u00ed como\u2026","rel":"","context":"En &quot;CINTILLO&quot;","block_context":{"text":"CINTILLO","link":"http:\/\/www.grieta.org.mx\/index.php\/category\/cintillo\/"},"img":{"alt_text":"","src":"https:\/\/i0.wp.com\/www.grieta.org.mx\/wp-content\/uploads\/2025\/07\/Captura-de-pantalla-2025-07-09-000854.png?resize=350%2C200","width":350,"height":200,"srcset":"https:\/\/i0.wp.com\/www.grieta.org.mx\/wp-content\/uploads\/2025\/07\/Captura-de-pantalla-2025-07-09-000854.png?resize=350%2C200 1x, https:\/\/i0.wp.com\/www.grieta.org.mx\/wp-content\/uploads\/2025\/07\/Captura-de-pantalla-2025-07-09-000854.png?resize=525%2C300 1.5x, https:\/\/i0.wp.com\/www.grieta.org.mx\/wp-content\/uploads\/2025\/07\/Captura-de-pantalla-2025-07-09-000854.png?resize=700%2C400 2x"},"classes":[]}],"_links":{"self":[{"href":"http:\/\/www.grieta.org.mx\/index.php\/wp-json\/wp\/v2\/posts\/13155","targetHints":{"allow":["GET"]}}],"collection":[{"href":"http:\/\/www.grieta.org.mx\/index.php\/wp-json\/wp\/v2\/posts"}],"about":[{"href":"http:\/\/www.grieta.org.mx\/index.php\/wp-json\/wp\/v2\/types\/post"}],"author":[{"embeddable":true,"href":"http:\/\/www.grieta.org.mx\/index.php\/wp-json\/wp\/v2\/users\/2"}],"replies":[{"embeddable":true,"href":"http:\/\/www.grieta.org.mx\/index.php\/wp-json\/wp\/v2\/comments?post=13155"}],"version-history":[{"count":1,"href":"http:\/\/www.grieta.org.mx\/index.php\/wp-json\/wp\/v2\/posts\/13155\/revisions"}],"predecessor-version":[{"id":13167,"href":"http:\/\/www.grieta.org.mx\/index.php\/wp-json\/wp\/v2\/posts\/13155\/revisions\/13167"}],"wp:featuredmedia":[{"embeddable":true,"href":"http:\/\/www.grieta.org.mx\/index.php\/wp-json\/wp\/v2\/media\/21928"}],"wp:attachment":[{"href":"http:\/\/www.grieta.org.mx\/index.php\/wp-json\/wp\/v2\/media?parent=13155"}],"wp:term":[{"taxonomy":"category","embeddable":true,"href":"http:\/\/www.grieta.org.mx\/index.php\/wp-json\/wp\/v2\/categories?post=13155"},{"taxonomy":"post_tag","embeddable":true,"href":"http:\/\/www.grieta.org.mx\/index.php\/wp-json\/wp\/v2\/tags?post=13155"}],"curies":[{"name":"wp","href":"https:\/\/api.w.org\/{rel}","templated":true}]}}