{"id":13142,"date":"2016-05-27T23:38:57","date_gmt":"2016-05-27T23:38:57","guid":{"rendered":"http:\/\/www.grieta.org.mx\/?p=13142"},"modified":"2016-05-29T00:49:10","modified_gmt":"2016-05-29T00:49:10","slug":"marcha-cnte-a-los-pinos-en-la-cdmx","status":"publish","type":"post","link":"http:\/\/www.grieta.org.mx\/index.php\/2016\/05\/27\/marcha-cnte-a-los-pinos-en-la-cdmx\/","title":{"rendered":"Marcha CNTE a los Pinos en la CDMX"},"content":{"rendered":"<p>Arturo Lara<\/p>\n<p>Miles de maestros de Michoac\u00e1n, Oaxaca, Guerrero Chiapas y la Ciudad de M\u00e9xico se dieron cita  en el Antimonumento ubicado en la avenida Paseo de la Reforma esquina con Bucareli para marchar a la Residencia Oficial de los Pinos.<\/p>\n<p>En conferencia de prensa minutos antes de iniciar la marcha los secretarios generales de la Secci\u00f3n 22 de Oaxaca, Rub\u00e9n N\u00fa\u00f1ez; de Michoac\u00e1n, V\u00edctor Manuel Zavala; de Chiapas, Adelfo Alejandro; de Guerreo, Ramos Reyes y de la ciudad de M\u00e9xico, Enrique Enr\u00edquez declararon que pese a amenazas de detenciones seguir\u00e1n exigiendo una mesa de di\u00e1logo con el Presidente de la Rep\u00fablica.<\/p>\n<p>Los dirigentes de la Coordinadora Nacional de Trabajadores de la Educaci\u00f3n (CNTE),  declararon que van a seguir exigiendo la instalaci\u00f3n inmediata de una mesa de negociaci\u00f3n. \u201c\u201caqu\u00ed estamos dando la cara para defender nuestros derechos y la educaci\u00f3n p\u00fablica\u201d.<\/p>\n<p>Los maestros acompa\u00f1ados de organizaciones sociales, estudiantes y ciudadanos y padres de los 43 estudiantes normalistas  llegaron a los Pinos donde un fuerte contingente de granaderos manten\u00edan una valla. <\/p>\n<figure id=\"attachment_13143\" aria-describedby=\"caption-attachment-13143\" style=\"width: 1444px\" class=\"wp-caption aligncenter\"><img decoding=\"async\" data-attachment-id=\"13138\" data-permalink=\"http:\/\/www.grieta.org.mx\/index.php\/2016\/05\/26\/obligan-a-maestros-muever-planton-a-la-ciudadela-de-nuevo-son-encapsulados\/8efe6bb1-016a-4d48-94d6-ea0ba274a67a\/\" data-orig-file=\"http:\/\/www.grieta.org.mx\/wp-content\/uploads\/2016\/05\/8efe6bb1-016a-4d48-94d6-ea0ba274a67a.jpeg\" data-orig-size=\"620,465\" data-comments-opened=\"0\" data-image-meta=\"{&quot;aperture&quot;:&quot;0&quot;,&quot;credit&quot;:&quot;&quot;,&quot;camera&quot;:&quot;&quot;,&quot;caption&quot;:&quot;&quot;,&quot;created_timestamp&quot;:&quot;0&quot;,&quot;copyright&quot;:&quot;&quot;,&quot;focal_length&quot;:&quot;0&quot;,&quot;iso&quot;:&quot;0&quot;,&quot;shutter_speed&quot;:&quot;0&quot;,&quot;title&quot;:&quot;&quot;,&quot;orientation&quot;:&quot;0&quot;}\" data-image-title=\"8efe6bb1-016a-4d48-94d6-ea0ba274a67a\" data-image-description=\"\" data-image-caption=\"\" data-medium-file=\"http:\/\/www.grieta.org.mx\/wp-content\/uploads\/2016\/05\/8efe6bb1-016a-4d48-94d6-ea0ba274a67a-300x225.jpeg\" data-large-file=\"http:\/\/www.grieta.org.mx\/wp-content\/uploads\/2016\/05\/8efe6bb1-016a-4d48-94d6-ea0ba274a67a.jpeg\" src=\"http:\/\/www.grieta.org.mx\/wp-content\/uploads\/2016\/05\/03_2.jpg\" alt=\"Arturo Lara \u00a9 Todos los derechos reservados\" width=\"100%\" class=\"aligncenter wp-image-13138\" \/><figcaption id=\"caption-attachment-13143\" class=\"wp-caption-text\">Arturo Lara \u00a9 Todos los derechos reservados<\/figcaption><\/figure>\n<figure id=\"attachment_13144\" aria-describedby=\"caption-attachment-13144\" style=\"width: 1444px\" class=\"wp-caption aligncenter\"><img decoding=\"async\" data-attachment-id=\"13144\" data-permalink=\"http:\/\/www.grieta.org.mx\/index.php\/2016\/05\/27\/marcha-cnte-a-los-pinos-en-la-cdmx\/arturo-lara-todos-los-derechos-reservados-12\/\" data-orig-file=\"http:\/\/www.grieta.org.mx\/wp-content\/uploads\/2016\/05\/06_4.jpg\" data-orig-size=\"1444,964\" data-comments-opened=\"0\" data-image-meta=\"{&quot;aperture&quot;:&quot;11&quot;,&quot;credit&quot;:&quot;Arturo Lara&quot;,&quot;camera&quot;:&quot;NIKON D600&quot;,&quot;caption&quot;:&quot;Arturo Lara \\u00a9 Todos los derechos reservados&quot;,&quot;created_timestamp&quot;:&quot;1464349820&quot;,&quot;copyright&quot;:&quot;Arturo Lara \\u00a9 Todos los derechos reservados&quot;,&quot;focal_length&quot;:&quot;24&quot;,&quot;iso&quot;:&quot;200&quot;,&quot;shutter_speed&quot;:&quot;0.004&quot;,&quot;title&quot;:&quot;Arturo Lara \\u00a9 Todos los derechos reservados&quot;,&quot;orientation&quot;:&quot;1&quot;}\" data-image-title=\"Arturo Lara \u00a9 Todos los derechos reservados\" data-image-description=\"\" data-image-caption=\"&lt;p&gt;Arturo Lara \u00a9 Todos los derechos reservados&lt;\/p&gt;\n\" data-medium-file=\"http:\/\/www.grieta.org.mx\/wp-content\/uploads\/2016\/05\/06_4-300x200.jpg\" data-large-file=\"http:\/\/www.grieta.org.mx\/wp-content\/uploads\/2016\/05\/06_4-1024x684.jpg\" src=\"http:\/\/www.grieta.org.mx\/wp-content\/uploads\/2016\/05\/06_4.jpg\" alt=\"Arturo Lara \u00a9 Todos los derechos reservados\" width=\"100%\" class=\"size-full wp-image-13144\" srcset=\"http:\/\/www.grieta.org.mx\/wp-content\/uploads\/2016\/05\/06_4.jpg 1444w, http:\/\/www.grieta.org.mx\/wp-content\/uploads\/2016\/05\/06_4-300x200.jpg 300w, http:\/\/www.grieta.org.mx\/wp-content\/uploads\/2016\/05\/06_4-768x513.jpg 768w, http:\/\/www.grieta.org.mx\/wp-content\/uploads\/2016\/05\/06_4-1024x684.jpg 1024w\" sizes=\"(max-width: 1444px) 100vw, 1444px\" \/><figcaption id=\"caption-attachment-13144\" class=\"wp-caption-text\">Arturo Lara \u00a9 Todos los derechos reservados<\/figcaption><\/figure>\n<figure id=\"attachment_13145\" aria-describedby=\"caption-attachment-13145\" style=\"width: 1336px\" class=\"wp-caption aligncenter\"><img decoding=\"async\" data-attachment-id=\"13145\" data-permalink=\"http:\/\/www.grieta.org.mx\/index.php\/2016\/05\/27\/marcha-cnte-a-los-pinos-en-la-cdmx\/arturo-lara-todos-los-derechos-reservados-13\/\" data-orig-file=\"http:\/\/www.grieta.org.mx\/wp-content\/uploads\/2016\/05\/08_3.jpg\" data-orig-size=\"1336,867\" data-comments-opened=\"0\" data-image-meta=\"{&quot;aperture&quot;:&quot;13&quot;,&quot;credit&quot;:&quot;Arturo Lara&quot;,&quot;camera&quot;:&quot;NIKON D600&quot;,&quot;caption&quot;:&quot;Arturo Lara \\u00a9 Todos los derechos reservados&quot;,&quot;created_timestamp&quot;:&quot;1464352778&quot;,&quot;copyright&quot;:&quot;Arturo Lara \\u00a9 Todos los derechos reservados&quot;,&quot;focal_length&quot;:&quot;17&quot;,&quot;iso&quot;:&quot;100&quot;,&quot;shutter_speed&quot;:&quot;0.00625&quot;,&quot;title&quot;:&quot;Arturo Lara \\u00a9 Todos los derechos reservados&quot;,&quot;orientation&quot;:&quot;1&quot;}\" data-image-title=\"Arturo Lara \u00a9 Todos los derechos reservados\" data-image-description=\"\" data-image-caption=\"&lt;p&gt;Arturo Lara \u00a9 Todos los derechos reservados&lt;\/p&gt;\n\" data-medium-file=\"http:\/\/www.grieta.org.mx\/wp-content\/uploads\/2016\/05\/08_3-300x195.jpg\" data-large-file=\"http:\/\/www.grieta.org.mx\/wp-content\/uploads\/2016\/05\/08_3-1024x665.jpg\" src=\"http:\/\/www.grieta.org.mx\/wp-content\/uploads\/2016\/05\/08_3.jpg\" alt=\"Arturo Lara \u00a9 Todos los derechos reservados\" width=\"100%\" class=\"size-full wp-image-13145\" srcset=\"http:\/\/www.grieta.org.mx\/wp-content\/uploads\/2016\/05\/08_3.jpg 1336w, http:\/\/www.grieta.org.mx\/wp-content\/uploads\/2016\/05\/08_3-300x195.jpg 300w, http:\/\/www.grieta.org.mx\/wp-content\/uploads\/2016\/05\/08_3-768x498.jpg 768w, http:\/\/www.grieta.org.mx\/wp-content\/uploads\/2016\/05\/08_3-1024x665.jpg 1024w\" sizes=\"(max-width: 1336px) 100vw, 1336px\" \/><figcaption id=\"caption-attachment-13145\" class=\"wp-caption-text\">Arturo Lara \u00a9 Todos los derechos reservados<\/figcaption><\/figure>\n<figure id=\"attachment_13146\" aria-describedby=\"caption-attachment-13146\" style=\"width: 1444px\" class=\"wp-caption aligncenter\"><img decoding=\"async\" data-attachment-id=\"13146\" data-permalink=\"http:\/\/www.grieta.org.mx\/index.php\/2016\/05\/27\/marcha-cnte-a-los-pinos-en-la-cdmx\/arturo-lara-todos-los-derechos-reservados-14\/\" data-orig-file=\"http:\/\/www.grieta.org.mx\/wp-content\/uploads\/2016\/05\/10_7.jpg\" data-orig-size=\"1444,964\" data-comments-opened=\"0\" data-image-meta=\"{&quot;aperture&quot;:&quot;4&quot;,&quot;credit&quot;:&quot;Arturo Lara&quot;,&quot;camera&quot;:&quot;NIKON D600&quot;,&quot;caption&quot;:&quot;Arturo Lara \\u00a9 Todos los derechos reservados&quot;,&quot;created_timestamp&quot;:&quot;1464353480&quot;,&quot;copyright&quot;:&quot;Arturo Lara \\u00a9 Todos los derechos reservados&quot;,&quot;focal_length&quot;:&quot;30&quot;,&quot;iso&quot;:&quot;100&quot;,&quot;shutter_speed&quot;:&quot;0.0025&quot;,&quot;title&quot;:&quot;Arturo Lara \\u00a9 Todos los derechos reservados&quot;,&quot;orientation&quot;:&quot;1&quot;}\" data-image-title=\"Arturo Lara \u00a9 Todos los derechos reservados\" data-image-description=\"\" data-image-caption=\"&lt;p&gt;Arturo Lara \u00a9 Todos los derechos reservados&lt;\/p&gt;\n\" data-medium-file=\"http:\/\/www.grieta.org.mx\/wp-content\/uploads\/2016\/05\/10_7-300x200.jpg\" data-large-file=\"http:\/\/www.grieta.org.mx\/wp-content\/uploads\/2016\/05\/10_7-1024x684.jpg\" src=\"http:\/\/www.grieta.org.mx\/wp-content\/uploads\/2016\/05\/10_7.jpg\" alt=\"Arturo Lara \u00a9 Todos los derechos reservados\" width=\"100%\" class=\"size-full wp-image-13146\" srcset=\"http:\/\/www.grieta.org.mx\/wp-content\/uploads\/2016\/05\/10_7.jpg 1444w, http:\/\/www.grieta.org.mx\/wp-content\/uploads\/2016\/05\/10_7-300x200.jpg 300w, http:\/\/www.grieta.org.mx\/wp-content\/uploads\/2016\/05\/10_7-768x513.jpg 768w, http:\/\/www.grieta.org.mx\/wp-content\/uploads\/2016\/05\/10_7-1024x684.jpg 1024w\" sizes=\"(max-width: 1444px) 100vw, 1444px\" \/><figcaption id=\"caption-attachment-13146\" class=\"wp-caption-text\">Arturo Lara \u00a9 Todos los derechos reservados<\/figcaption><\/figure>\n<figure id=\"attachment_13147\" aria-describedby=\"caption-attachment-13147\" style=\"width: 1271px\" class=\"wp-caption aligncenter\"><img decoding=\"async\" data-attachment-id=\"13147\" data-permalink=\"http:\/\/www.grieta.org.mx\/index.php\/2016\/05\/27\/marcha-cnte-a-los-pinos-en-la-cdmx\/arturo-lara-todos-los-derechos-reservados-15\/\" data-orig-file=\"http:\/\/www.grieta.org.mx\/wp-content\/uploads\/2016\/05\/14_7.jpg\" data-orig-size=\"1271,824\" data-comments-opened=\"0\" data-image-meta=\"{&quot;aperture&quot;:&quot;2.8&quot;,&quot;credit&quot;:&quot;Arturo Lara&quot;,&quot;camera&quot;:&quot;NIKON D600&quot;,&quot;caption&quot;:&quot;Arturo Lara \\u00a9 Todos los derechos reservados&quot;,&quot;created_timestamp&quot;:&quot;1464358527&quot;,&quot;copyright&quot;:&quot;Arturo Lara \\u00a9 Todos los derechos reservados&quot;,&quot;focal_length&quot;:&quot;200&quot;,&quot;iso&quot;:&quot;200&quot;,&quot;shutter_speed&quot;:&quot;0.005&quot;,&quot;title&quot;:&quot;Arturo Lara \\u00a9 Todos los derechos reservados&quot;,&quot;orientation&quot;:&quot;1&quot;}\" data-image-title=\"Arturo Lara \u00a9 Todos los derechos reservados\" data-image-description=\"\" data-image-caption=\"&lt;p&gt;Arturo Lara \u00a9 Todos los derechos reservados&lt;\/p&gt;\n\" data-medium-file=\"http:\/\/www.grieta.org.mx\/wp-content\/uploads\/2016\/05\/14_7-300x194.jpg\" data-large-file=\"http:\/\/www.grieta.org.mx\/wp-content\/uploads\/2016\/05\/14_7-1024x664.jpg\" src=\"http:\/\/www.grieta.org.mx\/wp-content\/uploads\/2016\/05\/14_7.jpg\" alt=\"Arturo Lara \u00a9 Todos los derechos reservados\" width=\"100%\" class=\"size-full wp-image-13147\" srcset=\"http:\/\/www.grieta.org.mx\/wp-content\/uploads\/2016\/05\/14_7.jpg 1271w, http:\/\/www.grieta.org.mx\/wp-content\/uploads\/2016\/05\/14_7-300x194.jpg 300w, http:\/\/www.grieta.org.mx\/wp-content\/uploads\/2016\/05\/14_7-768x498.jpg 768w, http:\/\/www.grieta.org.mx\/wp-content\/uploads\/2016\/05\/14_7-1024x664.jpg 1024w\" sizes=\"(max-width: 1271px) 100vw, 1271px\" \/><figcaption id=\"caption-attachment-13147\" class=\"wp-caption-text\">Arturo Lara \u00a9 Todos los derechos reservados<\/figcaption><\/figure>\n<p><a href=\"http:\/\/www.somoselmedio.org\/content\/marcha-cnte-los-pinos-en-la-cdmx\" target=\"_blank\">http:\/\/www.somoselmedio.org\/content\/marcha-cnte-los-pinos-en-la-cdmx<\/a><\/p>\n","protected":false},"excerpt":{"rendered":"<p>Arturo Lara Miles de maestros de Michoac\u00e1n, Oaxaca, Guerrero Chiapas y la Ciudad de M\u00e9xico se dieron cita en el Antimonumento ubicado en la avenida Paseo de la Reforma esquina &hellip; <a href=\"http:\/\/www.grieta.org.mx\/index.php\/2016\/05\/27\/marcha-cnte-a-los-pinos-en-la-cdmx\/\" class=\"more-link\">Leer m\u00e1s<\/a><\/p>\n","protected":false},"author":2,"featured_media":21928,"comment_status":"closed","ping_status":"closed","sticky":false,"template":"","format":"standard","meta":{"ngg_post_thumbnail":0,"_jetpack_newsletter_access":"","_jetpack_dont_email_post_to_subs":false,"_jetpack_newsletter_tier_id":0,"_jetpack_memberships_contains_paywalled_content":false,"_jetpack_memberships_contains_paid_content":false,"footnotes":""},"categories":[598,80],"tags":[134,271],"class_list":["post-13142","post","type-post","status-publish","format-standard","has-post-thumbnail","hentry","category-cdmx","category-cintillo","tag-cnte","tag-marcha","entry"],"jetpack_featured_media_url":"http:\/\/www.grieta.org.mx\/wp-content\/uploads\/2018\/03\/14524434_1106112876131411_958039263622046936_o.jpg","jetpack_sharing_enabled":true,"jetpack_shortlink":"https:\/\/wp.me\/p7ZJR4-3pY","jetpack_likes_enabled":false,"jetpack-related-posts":[{"id":14452,"url":"http:\/\/www.grieta.org.mx\/index.php\/2016\/06\/17\/la-mega-marcha-magisterial-y-popular-en-ciudad-monstruo-y-en-otras-partes\/","url_meta":{"origin":13142,"position":0},"title":"La mega-marcha magisterial y popular en Ciudad Monstruo y en otras partes","author":"grieta","date":"17 junio, 2016","format":false,"excerpt":"Viernes 17 de junio de 2016 Sobre las cenizas Compas de Guerrero Bloqueo de Granaderos Al otro lado del sitio policiaco frente al palacio de bellas artes la gente se aglutina y contesta las consignas dirigidas desde el cami\u00f3n de sonido del mitin magisterial!!!!! Secci\u00f3n 7 Chiapas: la joya de\u2026","rel":"","context":"En &quot;cdmx&quot;","block_context":{"text":"cdmx","link":"http:\/\/www.grieta.org.mx\/index.php\/category\/cdmx\/"},"img":{"alt_text":"","src":"https:\/\/i0.wp.com\/www.grieta.org.mx\/wp-content\/uploads\/2018\/03\/14524434_1106112876131411_958039263622046936_o.jpg?resize=350%2C200","width":350,"height":200,"srcset":"https:\/\/i0.wp.com\/www.grieta.org.mx\/wp-content\/uploads\/2018\/03\/14524434_1106112876131411_958039263622046936_o.jpg?resize=350%2C200 1x, https:\/\/i0.wp.com\/www.grieta.org.mx\/wp-content\/uploads\/2018\/03\/14524434_1106112876131411_958039263622046936_o.jpg?resize=525%2C300 1.5x, https:\/\/i0.wp.com\/www.grieta.org.mx\/wp-content\/uploads\/2018\/03\/14524434_1106112876131411_958039263622046936_o.jpg?resize=700%2C400 2x"},"classes":[]},{"id":9607,"url":"http:\/\/www.grieta.org.mx\/index.php\/2015\/10\/13\/maestros-de-la-cnte-protestan-contra-la-reforma-educativa\/","url_meta":{"origin":13142,"position":1},"title":"Maestros de la CNTE protestan contra la Reforma Educativa","author":"grieta","date":"13 octubre, 2015","format":false,"excerpt":"Somos el medio 13 octubre, 2015 Tabasco, Guerrero, Michoac\u00e1n, Oaxaca y\u00a0Chiapas, estados que se sumaron a la protesta por Perseo Greco \u00a0 M\u00e9xico, DF. 12 de octubre. Profesores de la Coordinadora Nacional de Trabajadores de la Educaci\u00f3n (CNTE) se reunieron en el Distrito Federal y en diferentes estados para protestar\u2026","rel":"","context":"En &quot;CINTILLO&quot;","block_context":{"text":"CINTILLO","link":"http:\/\/www.grieta.org.mx\/index.php\/category\/cintillo\/"},"img":{"alt_text":"","src":"https:\/\/i0.wp.com\/www.grieta.org.mx\/wp-content\/uploads\/2018\/03\/14524434_1106112876131411_958039263622046936_o.jpg?resize=350%2C200","width":350,"height":200,"srcset":"https:\/\/i0.wp.com\/www.grieta.org.mx\/wp-content\/uploads\/2018\/03\/14524434_1106112876131411_958039263622046936_o.jpg?resize=350%2C200 1x, https:\/\/i0.wp.com\/www.grieta.org.mx\/wp-content\/uploads\/2018\/03\/14524434_1106112876131411_958039263622046936_o.jpg?resize=525%2C300 1.5x, https:\/\/i0.wp.com\/www.grieta.org.mx\/wp-content\/uploads\/2018\/03\/14524434_1106112876131411_958039263622046936_o.jpg?resize=700%2C400 2x"},"classes":[]},{"id":9590,"url":"http:\/\/www.grieta.org.mx\/index.php\/2016\/08\/16\/movilizaciones-y-actividades-de-la-cnte-en-la-ciudad-de-mexico\/","url_meta":{"origin":13142,"position":2},"title":"Movilizaciones contra la reforma educativa en la Ciudad de M\u00e9xico","author":"grieta","date":"16 agosto, 2016","format":false,"excerpt":"15\/08\/16. Profesores y sociedad marchan en contra de las Reformas Estructurales (CDMX)Somos el medio 21\/07\/16. Cierran Reforma por marcha de CNTE al Z\u00f3caloEl Universal 20\/07\/16. Maestros protestan en Gobernaci\u00f3nEl Universal 11\/07\/16. Bloquean Calzada Zaragoza en apoyo a la CNTESomos el medio 17\/06\/16. La mega-marcha magisterial y popular en Ciudad Monstruo\u2026","rel":"","context":"En &quot;Ciudad de M\u00e9xico&quot;","block_context":{"text":"Ciudad de M\u00e9xico","link":"http:\/\/www.grieta.org.mx\/index.php\/category\/noticias-nacionales\/ciudad-de-mexico\/"},"img":{"alt_text":"","src":"https:\/\/i0.wp.com\/www.grieta.org.mx\/wp-content\/uploads\/2018\/03\/14524434_1106112876131411_958039263622046936_o.jpg?resize=350%2C200","width":350,"height":200,"srcset":"https:\/\/i0.wp.com\/www.grieta.org.mx\/wp-content\/uploads\/2018\/03\/14524434_1106112876131411_958039263622046936_o.jpg?resize=350%2C200 1x, https:\/\/i0.wp.com\/www.grieta.org.mx\/wp-content\/uploads\/2018\/03\/14524434_1106112876131411_958039263622046936_o.jpg?resize=525%2C300 1.5x, https:\/\/i0.wp.com\/www.grieta.org.mx\/wp-content\/uploads\/2018\/03\/14524434_1106112876131411_958039263622046936_o.jpg?resize=700%2C400 2x"},"classes":[]},{"id":20257,"url":"http:\/\/www.grieta.org.mx\/index.php\/2016\/08\/23\/integrantes-de-la-cnte-de-chiapas-y-oaxaca-organizan-protesta-en-nezahualcoyotl\/","url_meta":{"origin":13142,"position":3},"title":"Integrantes de la CNTE de Chiapas y Oaxaca organizan protesta en Nezahualc\u00f3yotl","author":"grieta","date":"23 agosto, 2016","format":false,"excerpt":"Mart\u00edn Flores Nezahualc\u00f3yotl, M\u00e9x.- \u00a1Ni una lucha aislada m\u00e1s! clamaron las m\u00e1s de 300 personas participantes en la marcha mitin realizada la tarde del 19 de agosto, de la Cabeza del Coyote al Palacio Municipal, en defensa de la educaci\u00f3n p\u00fablica y para exigir la abrogaci\u00f3n de la reforma educativa\u2026","rel":"","context":"En &quot;CINTILLO&quot;","block_context":{"text":"CINTILLO","link":"http:\/\/www.grieta.org.mx\/index.php\/category\/cintillo\/"},"img":{"alt_text":"","src":"https:\/\/i0.wp.com\/www.grieta.org.mx\/wp-content\/uploads\/2018\/03\/14524434_1106112876131411_958039263622046936_o.jpg?resize=350%2C200","width":350,"height":200,"srcset":"https:\/\/i0.wp.com\/www.grieta.org.mx\/wp-content\/uploads\/2018\/03\/14524434_1106112876131411_958039263622046936_o.jpg?resize=350%2C200 1x, https:\/\/i0.wp.com\/www.grieta.org.mx\/wp-content\/uploads\/2018\/03\/14524434_1106112876131411_958039263622046936_o.jpg?resize=525%2C300 1.5x, https:\/\/i0.wp.com\/www.grieta.org.mx\/wp-content\/uploads\/2018\/03\/14524434_1106112876131411_958039263622046936_o.jpg?resize=700%2C400 2x"},"classes":[]},{"id":12359,"url":"http:\/\/www.grieta.org.mx\/index.php\/2016\/05\/15\/la-cnte-instala-planton-en-la-segob-el-dia-del-maestro\/","url_meta":{"origin":13142,"position":4},"title":"La CNTE instala plant\u00f3n en la SEGOB el d\u00eda del maestro","author":"grieta","date":"15 mayo, 2016","format":false,"excerpt":"Mario Marlo Eduardo Blas Covarrubias Arturo Lara Maestros desconocen a Nu\u00f1o, \"ya no es un interlocutor v\u00e1lido para poder resolver los asuntos de la educaci\u00f3n de M\u00e9xico\" Maestros de la Coordinadora Nacional de los Trabajadores de la Educaci\u00f3n (CNTE), marcharon la ma\u00f1ana de este domingo del metro San Cosme a\u2026","rel":"","context":"En &quot;cdmx&quot;","block_context":{"text":"cdmx","link":"http:\/\/www.grieta.org.mx\/index.php\/category\/cdmx\/"},"img":{"alt_text":"","src":"https:\/\/i0.wp.com\/www.grieta.org.mx\/wp-content\/uploads\/2018\/03\/14524434_1106112876131411_958039263622046936_o.jpg?resize=350%2C200","width":350,"height":200,"srcset":"https:\/\/i0.wp.com\/www.grieta.org.mx\/wp-content\/uploads\/2018\/03\/14524434_1106112876131411_958039263622046936_o.jpg?resize=350%2C200 1x, https:\/\/i0.wp.com\/www.grieta.org.mx\/wp-content\/uploads\/2018\/03\/14524434_1106112876131411_958039263622046936_o.jpg?resize=525%2C300 1.5x, https:\/\/i0.wp.com\/www.grieta.org.mx\/wp-content\/uploads\/2018\/03\/14524434_1106112876131411_958039263622046936_o.jpg?resize=700%2C400 2x"},"classes":[]},{"id":4133,"url":"http:\/\/www.grieta.org.mx\/index.php\/2015\/08\/27\/marcha-cnte-en-oaxaca-y-cdmx-en-la-15-accion-global-por-ayotzinapa\/","url_meta":{"origin":13142,"position":5},"title":"Marcha CNTE en Oaxaca y CDMX en la 15 acci\u00f3n global por Ayotzinapa","author":"grieta","date":"27 agosto, 2015","format":false,"excerpt":"David Yeudiel, Oaxaca A casi una semana de haber iniciado de manera alterna el ciclo escolar 2015-2016, profesores de la secci\u00f3n 22 de los trabajadores de la educaci\u00f3n, adheridos a la Coordinadora Nacional de Trabajadores de la Educaci\u00f3n (CNTE), se manifestaron el d\u00eda de ayer como parte de la 15\u2026","rel":"","context":"En &quot;CINTILLO&quot;","block_context":{"text":"CINTILLO","link":"http:\/\/www.grieta.org.mx\/index.php\/category\/cintillo\/"},"img":{"alt_text":"","src":"https:\/\/i0.wp.com\/www.grieta.org.mx\/wp-content\/uploads\/2018\/03\/14524434_1106112876131411_958039263622046936_o.jpg?resize=350%2C200","width":350,"height":200,"srcset":"https:\/\/i0.wp.com\/www.grieta.org.mx\/wp-content\/uploads\/2018\/03\/14524434_1106112876131411_958039263622046936_o.jpg?resize=350%2C200 1x, https:\/\/i0.wp.com\/www.grieta.org.mx\/wp-content\/uploads\/2018\/03\/14524434_1106112876131411_958039263622046936_o.jpg?resize=525%2C300 1.5x, https:\/\/i0.wp.com\/www.grieta.org.mx\/wp-content\/uploads\/2018\/03\/14524434_1106112876131411_958039263622046936_o.jpg?resize=700%2C400 2x"},"classes":[]}],"_links":{"self":[{"href":"http:\/\/www.grieta.org.mx\/index.php\/wp-json\/wp\/v2\/posts\/13142","targetHints":{"allow":["GET"]}}],"collection":[{"href":"http:\/\/www.grieta.org.mx\/index.php\/wp-json\/wp\/v2\/posts"}],"about":[{"href":"http:\/\/www.grieta.org.mx\/index.php\/wp-json\/wp\/v2\/types\/post"}],"author":[{"embeddable":true,"href":"http:\/\/www.grieta.org.mx\/index.php\/wp-json\/wp\/v2\/users\/2"}],"replies":[{"embeddable":true,"href":"http:\/\/www.grieta.org.mx\/index.php\/wp-json\/wp\/v2\/comments?post=13142"}],"version-history":[{"count":1,"href":"http:\/\/www.grieta.org.mx\/index.php\/wp-json\/wp\/v2\/posts\/13142\/revisions"}],"predecessor-version":[{"id":13151,"href":"http:\/\/www.grieta.org.mx\/index.php\/wp-json\/wp\/v2\/posts\/13142\/revisions\/13151"}],"wp:featuredmedia":[{"embeddable":true,"href":"http:\/\/www.grieta.org.mx\/index.php\/wp-json\/wp\/v2\/media\/21928"}],"wp:attachment":[{"href":"http:\/\/www.grieta.org.mx\/index.php\/wp-json\/wp\/v2\/media?parent=13142"}],"wp:term":[{"taxonomy":"category","embeddable":true,"href":"http:\/\/www.grieta.org.mx\/index.php\/wp-json\/wp\/v2\/categories?post=13142"},{"taxonomy":"post_tag","embeddable":true,"href":"http:\/\/www.grieta.org.mx\/index.php\/wp-json\/wp\/v2\/tags?post=13142"}],"curies":[{"name":"wp","href":"https:\/\/api.w.org\/{rel}","templated":true}]}}