{"id":13137,"date":"2016-05-26T23:32:30","date_gmt":"2016-05-26T23:32:30","guid":{"rendered":"http:\/\/www.grieta.org.mx\/?p=13137"},"modified":"2016-05-29T00:52:20","modified_gmt":"2016-05-29T00:52:20","slug":"obligan-a-maestros-muever-planton-a-la-ciudadela-de-nuevo-son-encapsulados","status":"publish","type":"post","link":"http:\/\/www.grieta.org.mx\/index.php\/2016\/05\/26\/obligan-a-maestros-muever-planton-a-la-ciudadela-de-nuevo-son-encapsulados\/","title":{"rendered":"Obligan a maestros mover plant\u00f3n a La Ciudadela; de nuevo son encapsulados"},"content":{"rendered":"<p><img decoding=\"async\" data-attachment-id=\"13138\" data-permalink=\"http:\/\/www.grieta.org.mx\/index.php\/2016\/05\/26\/obligan-a-maestros-muever-planton-a-la-ciudadela-de-nuevo-son-encapsulados\/8efe6bb1-016a-4d48-94d6-ea0ba274a67a\/\" data-orig-file=\"http:\/\/www.grieta.org.mx\/wp-content\/uploads\/2016\/05\/8efe6bb1-016a-4d48-94d6-ea0ba274a67a.jpeg\" data-orig-size=\"620,465\" data-comments-opened=\"0\" data-image-meta=\"{&quot;aperture&quot;:&quot;0&quot;,&quot;credit&quot;:&quot;&quot;,&quot;camera&quot;:&quot;&quot;,&quot;caption&quot;:&quot;&quot;,&quot;created_timestamp&quot;:&quot;0&quot;,&quot;copyright&quot;:&quot;&quot;,&quot;focal_length&quot;:&quot;0&quot;,&quot;iso&quot;:&quot;0&quot;,&quot;shutter_speed&quot;:&quot;0&quot;,&quot;title&quot;:&quot;&quot;,&quot;orientation&quot;:&quot;0&quot;}\" data-image-title=\"8efe6bb1-016a-4d48-94d6-ea0ba274a67a\" data-image-description=\"\" data-image-caption=\"\" data-medium-file=\"http:\/\/www.grieta.org.mx\/wp-content\/uploads\/2016\/05\/8efe6bb1-016a-4d48-94d6-ea0ba274a67a-300x225.jpeg\" data-large-file=\"http:\/\/www.grieta.org.mx\/wp-content\/uploads\/2016\/05\/8efe6bb1-016a-4d48-94d6-ea0ba274a67a.jpeg\" src=\"http:\/\/www.grieta.org.mx\/wp-content\/uploads\/2016\/05\/8efe6bb1-016a-4d48-94d6-ea0ba274a67a.jpeg\" alt=\"8efe6bb1-016a-4d48-94d6-ea0ba274a67a\" width=\"100%\" class=\"aligncenter  wp-image-13138\" srcset=\"http:\/\/www.grieta.org.mx\/wp-content\/uploads\/2016\/05\/8efe6bb1-016a-4d48-94d6-ea0ba274a67a.jpeg 620w, http:\/\/www.grieta.org.mx\/wp-content\/uploads\/2016\/05\/8efe6bb1-016a-4d48-94d6-ea0ba274a67a-300x225.jpeg 300w\" sizes=\"(max-width: 620px) 100vw, 620px\" \/><\/p>\n<p>Ciudad de M\u00e9xico, 26 de mayo de 2016. Tras ser encapsulados por polic\u00edas federales y advertidos que ser\u00edan desalojados en un lapso de 30 minutos, integrantes de la Coordinadora Nacional de Trabajadores de la Educaci\u00f3n (CNTE) se trasladaron de Bucareli a la Plaza de la Ciudadela, donde nuevamente fueron rodeados por la polic\u00eda. Dirigentes de la CNTE condenaron la acci\u00f3n policiaca y lamentaron la actitud asumida por el gobierno federal.<\/p>\n<p><a href=\"http:\/\/apia-virtual.com\/2016\/05\/26\/obligan-a-maestros-muever-planton-a-la-ciudadela-de-nuevo-son-encapsulados\/\" target=\"_blank\">http:\/\/apia-virtual.com\/2016\/05\/26\/obligan-a-maestros-muever-planton-a-la-ciudadela-de-nuevo-son-encapsulados\/<\/a><\/p>\n","protected":false},"excerpt":{"rendered":"<p>Ciudad de M\u00e9xico, 26 de mayo de 2016. Tras ser encapsulados por polic\u00edas federales y advertidos que ser\u00edan desalojados en un lapso de 30 minutos, integrantes de la Coordinadora Nacional &hellip; <a href=\"http:\/\/www.grieta.org.mx\/index.php\/2016\/05\/26\/obligan-a-maestros-muever-planton-a-la-ciudadela-de-nuevo-son-encapsulados\/\" class=\"more-link\">Leer m\u00e1s<\/a><\/p>\n","protected":false},"author":2,"featured_media":21928,"comment_status":"closed","ping_status":"closed","sticky":false,"template":"","format":"standard","meta":{"ngg_post_thumbnail":0,"_jetpack_newsletter_access":"","_jetpack_dont_email_post_to_subs":false,"_jetpack_newsletter_tier_id":0,"_jetpack_memberships_contains_paywalled_content":false,"_jetpack_memberships_contains_paid_content":false,"footnotes":""},"categories":[598,80],"tags":[134,130],"class_list":["post-13137","post","type-post","status-publish","format-standard","has-post-thumbnail","hentry","category-cdmx","category-cintillo","tag-cnte","tag-represion","entry"],"jetpack_featured_media_url":"http:\/\/www.grieta.org.mx\/wp-content\/uploads\/2018\/03\/14524434_1106112876131411_958039263622046936_o.jpg","jetpack_sharing_enabled":true,"jetpack_shortlink":"https:\/\/wp.me\/p7ZJR4-3pT","jetpack_likes_enabled":false,"jetpack-related-posts":[{"id":9590,"url":"http:\/\/www.grieta.org.mx\/index.php\/2016\/08\/16\/movilizaciones-y-actividades-de-la-cnte-en-la-ciudad-de-mexico\/","url_meta":{"origin":13137,"position":0},"title":"Movilizaciones contra la reforma educativa en la Ciudad de M\u00e9xico","author":"grieta","date":"16 agosto, 2016","format":false,"excerpt":"15\/08\/16. Profesores y sociedad marchan en contra de las Reformas Estructurales (CDMX)Somos el medio 21\/07\/16. Cierran Reforma por marcha de CNTE al Z\u00f3caloEl Universal 20\/07\/16. Maestros protestan en Gobernaci\u00f3nEl Universal 11\/07\/16. Bloquean Calzada Zaragoza en apoyo a la CNTESomos el medio 17\/06\/16. La mega-marcha magisterial y popular en Ciudad Monstruo\u2026","rel":"","context":"En &quot;Ciudad de M\u00e9xico&quot;","block_context":{"text":"Ciudad de M\u00e9xico","link":"http:\/\/www.grieta.org.mx\/index.php\/category\/noticias-nacionales\/ciudad-de-mexico\/"},"img":{"alt_text":"","src":"https:\/\/i0.wp.com\/www.grieta.org.mx\/wp-content\/uploads\/2018\/03\/14524434_1106112876131411_958039263622046936_o.jpg?resize=350%2C200","width":350,"height":200,"srcset":"https:\/\/i0.wp.com\/www.grieta.org.mx\/wp-content\/uploads\/2018\/03\/14524434_1106112876131411_958039263622046936_o.jpg?resize=350%2C200 1x, https:\/\/i0.wp.com\/www.grieta.org.mx\/wp-content\/uploads\/2018\/03\/14524434_1106112876131411_958039263622046936_o.jpg?resize=525%2C300 1.5x, https:\/\/i0.wp.com\/www.grieta.org.mx\/wp-content\/uploads\/2018\/03\/14524434_1106112876131411_958039263622046936_o.jpg?resize=700%2C400 2x"},"classes":[]},{"id":15582,"url":"http:\/\/www.grieta.org.mx\/index.php\/2016\/06\/22\/mega-asamblea-en-ciudad-universitaria-en-apoyo-a-la-cnte\/","url_meta":{"origin":13137,"position":1},"title":"Mega asamblea en Ciudad Universitaria en apoyo a la CNTE","author":"grieta","date":"22 junio, 2016","format":false,"excerpt":"Juan Carlos Hern\u00e1ndez Rosete Foto: Juan Carlos Hern\u00e1ndez Rosete \/ Somoselmedio.org La siguiente reuni\u00f3n fue convocada para el jueves 30 de junio Ciudad de M\u00e9xico, 22 de junio de 2016. Ayer se realiz\u00f3 en Ciudad Universitaria la Primera Asamblea en apoyo a la Coordinadora Nacional de Trabajadores de la Educaci\u00f3n\u2026","rel":"","context":"En &quot;CINTILLO&quot;","block_context":{"text":"CINTILLO","link":"http:\/\/www.grieta.org.mx\/index.php\/category\/cintillo\/"},"img":{"alt_text":"","src":"https:\/\/i0.wp.com\/www.grieta.org.mx\/wp-content\/uploads\/2018\/03\/14524434_1106112876131411_958039263622046936_o.jpg?resize=350%2C200","width":350,"height":200,"srcset":"https:\/\/i0.wp.com\/www.grieta.org.mx\/wp-content\/uploads\/2018\/03\/14524434_1106112876131411_958039263622046936_o.jpg?resize=350%2C200 1x, https:\/\/i0.wp.com\/www.grieta.org.mx\/wp-content\/uploads\/2018\/03\/14524434_1106112876131411_958039263622046936_o.jpg?resize=525%2C300 1.5x, https:\/\/i0.wp.com\/www.grieta.org.mx\/wp-content\/uploads\/2018\/03\/14524434_1106112876131411_958039263622046936_o.jpg?resize=700%2C400 2x"},"classes":[]},{"id":12744,"url":"http:\/\/www.grieta.org.mx\/index.php\/2016\/05\/20\/desalojan-planton-del-magisterio-en-la-ciudad-de-mexico-los-maestros-hablan\/","url_meta":{"origin":13137,"position":2},"title":"Desalojan plant\u00f3n del magisterio en la Ciudad de M\u00e9xico: los maestros hablan","author":"grieta","date":"20 mayo, 2016","format":false,"excerpt":"Esta madrugada se desaloj\u00f3 el plant\u00f3n que maestros de varios estados manten\u00edan en las inmediaciones de la Secretar\u00eda de Gobernaci\u00f3n en la CDMX, con violencia, amenazas y un operativo de las fuerzas armadas los maestros se encontraron encapsulados por \u00f3rdenes del jefe de gobierno Miguel \u00c1ngel Mancera. A continuaci\u00f3n reproducimos\u2026","rel":"","context":"En &quot;cdmx&quot;","block_context":{"text":"cdmx","link":"http:\/\/www.grieta.org.mx\/index.php\/category\/cdmx\/"},"img":{"alt_text":"","src":"https:\/\/i0.wp.com\/www.grieta.org.mx\/wp-content\/uploads\/2018\/03\/14524434_1106112876131411_958039263622046936_o.jpg?resize=350%2C200","width":350,"height":200,"srcset":"https:\/\/i0.wp.com\/www.grieta.org.mx\/wp-content\/uploads\/2018\/03\/14524434_1106112876131411_958039263622046936_o.jpg?resize=350%2C200 1x, https:\/\/i0.wp.com\/www.grieta.org.mx\/wp-content\/uploads\/2018\/03\/14524434_1106112876131411_958039263622046936_o.jpg?resize=525%2C300 1.5x, https:\/\/i0.wp.com\/www.grieta.org.mx\/wp-content\/uploads\/2018\/03\/14524434_1106112876131411_958039263622046936_o.jpg?resize=700%2C400 2x"},"classes":[]},{"id":17522,"url":"http:\/\/www.grieta.org.mx\/index.php\/2016\/07\/22\/apoyan-docentes-de-aguascalientes-marcha-de-cnte-en-morelia\/","url_meta":{"origin":13137,"position":3},"title":"Apoyan docentes de Aguascalientes marcha de CNTE en Morelia","author":"grieta","date":"22 julio, 2016","format":false,"excerpt":"Uriel Morales P\u00e9rez MORELIA, Mich., 22 de julio de 2016.- Comuneros y profesores de la Secci\u00f3n XVIII de la Coordinadora Nacional de Trabajadores de la Educaci\u00f3n (CNTE) iniciaron su marcha, despu\u00e9s del mediod\u00eda. Dicha marcha sali\u00f3 del Obelisco a L\u00e1zaro C\u00e1rdenas y se dirige hacia el plant\u00f3n en la plaza\u2026","rel":"","context":"En &quot;aguascalientes&quot;","block_context":{"text":"aguascalientes","link":"http:\/\/www.grieta.org.mx\/index.php\/category\/aguascalientes\/"},"img":{"alt_text":"","src":"https:\/\/i0.wp.com\/www.grieta.org.mx\/wp-content\/uploads\/2018\/03\/14524434_1106112876131411_958039263622046936_o.jpg?resize=350%2C200","width":350,"height":200,"srcset":"https:\/\/i0.wp.com\/www.grieta.org.mx\/wp-content\/uploads\/2018\/03\/14524434_1106112876131411_958039263622046936_o.jpg?resize=350%2C200 1x, https:\/\/i0.wp.com\/www.grieta.org.mx\/wp-content\/uploads\/2018\/03\/14524434_1106112876131411_958039263622046936_o.jpg?resize=525%2C300 1.5x, https:\/\/i0.wp.com\/www.grieta.org.mx\/wp-content\/uploads\/2018\/03\/14524434_1106112876131411_958039263622046936_o.jpg?resize=700%2C400 2x"},"classes":[]},{"id":20931,"url":"http:\/\/www.grieta.org.mx\/index.php\/2016\/08\/16\/cnte-levanta-planton-en-bc-regresaran-a-clases-y-preparan-foros\/","url_meta":{"origin":13137,"position":4},"title":"CNTE levanta plant\u00f3n en BC; regresar\u00e1n a clases y preparan foros","author":"grieta","date":"16 agosto, 2016","format":false,"excerpt":"Por: Esteban Merlo TIJUANA.- La Coordinadora Nacional de Trabajadores de la Educaci\u00f3n (CNTE) acord\u00f3 con la Secretar\u00eda de Educaci\u00f3n y Bienestar Social el pago pendiente valorado en 15 millones de pesos a los maestros, por ello han decidido levantar el plant\u00f3n; a partir de este mi\u00e9rcoles regresan a las escuelas,\u2026","rel":"","context":"En &quot;CINTILLO&quot;","block_context":{"text":"CINTILLO","link":"http:\/\/www.grieta.org.mx\/index.php\/category\/cintillo\/"},"img":{"alt_text":"","src":"https:\/\/i0.wp.com\/www.grieta.org.mx\/wp-content\/uploads\/2018\/03\/14524434_1106112876131411_958039263622046936_o.jpg?resize=350%2C200","width":350,"height":200,"srcset":"https:\/\/i0.wp.com\/www.grieta.org.mx\/wp-content\/uploads\/2018\/03\/14524434_1106112876131411_958039263622046936_o.jpg?resize=350%2C200 1x, https:\/\/i0.wp.com\/www.grieta.org.mx\/wp-content\/uploads\/2018\/03\/14524434_1106112876131411_958039263622046936_o.jpg?resize=525%2C300 1.5x, https:\/\/i0.wp.com\/www.grieta.org.mx\/wp-content\/uploads\/2018\/03\/14524434_1106112876131411_958039263622046936_o.jpg?resize=700%2C400 2x"},"classes":[]},{"id":12748,"url":"http:\/\/www.grieta.org.mx\/index.php\/2016\/05\/21\/cnte-instala-planton-frente-a-la-sep-tras-desalojo\/","url_meta":{"origin":13137,"position":5},"title":"CNTE instala plant\u00f3n frente a la SEP tras desalojo","author":"grieta","date":"21 mayo, 2016","format":false,"excerpt":"Ricardo Ortiz Foto: Arte Acci\u00f3n\/Somoselmedio.org Anuncian actividades en los pr\u00f3ximos d\u00edas Integrantes de la Coordinadora Nacional de Trabajadores de la Educaci\u00f3n (CNTE), fueron desalojados este viernes 20 de mayo por elementos de granaderos durante la madrugada, luego de que los profesores se mantuvieran instalados frente a la Secretar\u00eda de Gobernaci\u00f3n.\u2026","rel":"","context":"En &quot;cdmx&quot;","block_context":{"text":"cdmx","link":"http:\/\/www.grieta.org.mx\/index.php\/category\/cdmx\/"},"img":{"alt_text":"","src":"https:\/\/i0.wp.com\/www.grieta.org.mx\/wp-content\/uploads\/2018\/03\/14524434_1106112876131411_958039263622046936_o.jpg?resize=350%2C200","width":350,"height":200,"srcset":"https:\/\/i0.wp.com\/www.grieta.org.mx\/wp-content\/uploads\/2018\/03\/14524434_1106112876131411_958039263622046936_o.jpg?resize=350%2C200 1x, https:\/\/i0.wp.com\/www.grieta.org.mx\/wp-content\/uploads\/2018\/03\/14524434_1106112876131411_958039263622046936_o.jpg?resize=525%2C300 1.5x, https:\/\/i0.wp.com\/www.grieta.org.mx\/wp-content\/uploads\/2018\/03\/14524434_1106112876131411_958039263622046936_o.jpg?resize=700%2C400 2x"},"classes":[]}],"_links":{"self":[{"href":"http:\/\/www.grieta.org.mx\/index.php\/wp-json\/wp\/v2\/posts\/13137","targetHints":{"allow":["GET"]}}],"collection":[{"href":"http:\/\/www.grieta.org.mx\/index.php\/wp-json\/wp\/v2\/posts"}],"about":[{"href":"http:\/\/www.grieta.org.mx\/index.php\/wp-json\/wp\/v2\/types\/post"}],"author":[{"embeddable":true,"href":"http:\/\/www.grieta.org.mx\/index.php\/wp-json\/wp\/v2\/users\/2"}],"replies":[{"embeddable":true,"href":"http:\/\/www.grieta.org.mx\/index.php\/wp-json\/wp\/v2\/comments?post=13137"}],"version-history":[{"count":1,"href":"http:\/\/www.grieta.org.mx\/index.php\/wp-json\/wp\/v2\/posts\/13137\/revisions"}],"predecessor-version":[{"id":13152,"href":"http:\/\/www.grieta.org.mx\/index.php\/wp-json\/wp\/v2\/posts\/13137\/revisions\/13152"}],"wp:featuredmedia":[{"embeddable":true,"href":"http:\/\/www.grieta.org.mx\/index.php\/wp-json\/wp\/v2\/media\/21928"}],"wp:attachment":[{"href":"http:\/\/www.grieta.org.mx\/index.php\/wp-json\/wp\/v2\/media?parent=13137"}],"wp:term":[{"taxonomy":"category","embeddable":true,"href":"http:\/\/www.grieta.org.mx\/index.php\/wp-json\/wp\/v2\/categories?post=13137"},{"taxonomy":"post_tag","embeddable":true,"href":"http:\/\/www.grieta.org.mx\/index.php\/wp-json\/wp\/v2\/tags?post=13137"}],"curies":[{"name":"wp","href":"https:\/\/api.w.org\/{rel}","templated":true}]}}