{"id":1312,"date":"2015-12-20T21:31:48","date_gmt":"2015-12-20T21:31:48","guid":{"rendered":"http:\/\/50.22.11.12\/~grietaor\/?p=1312"},"modified":"2016-03-04T21:41:20","modified_gmt":"2016-03-04T21:41:20","slug":"discuten-ejidatarios-de-pueblo-nuevo","status":"publish","type":"post","link":"http:\/\/www.grieta.org.mx\/index.php\/2015\/12\/20\/discuten-ejidatarios-de-pueblo-nuevo\/","title":{"rendered":"Discuten ejidatarios de Pueblo Nuevo"},"content":{"rendered":"<figure id=\"attachment_1313\" aria-describedby=\"caption-attachment-1313\" style=\"width: 680px\" class=\"wp-caption aligncenter\"><img loading=\"lazy\" decoding=\"async\" data-attachment-id=\"1313\" data-permalink=\"http:\/\/www.grieta.org.mx\/index.php\/2015\/12\/20\/discuten-ejidatarios-de-pueblo-nuevo\/ejidararios-pueblo-nuevo-durango\/\" data-orig-file=\"http:\/\/www.grieta.org.mx\/wp-content\/uploads\/2016\/03\/ejidararios-Pueblo-Nuevo-Durango.jpeg\" data-orig-size=\"720,405\" data-comments-opened=\"0\" data-image-meta=\"{&quot;aperture&quot;:&quot;0&quot;,&quot;credit&quot;:&quot;&quot;,&quot;camera&quot;:&quot;&quot;,&quot;caption&quot;:&quot;&quot;,&quot;created_timestamp&quot;:&quot;0&quot;,&quot;copyright&quot;:&quot;&quot;,&quot;focal_length&quot;:&quot;0&quot;,&quot;iso&quot;:&quot;0&quot;,&quot;shutter_speed&quot;:&quot;0&quot;,&quot;title&quot;:&quot;&quot;,&quot;orientation&quot;:&quot;0&quot;}\" data-image-title=\"Ejidararios Pueblo Nuevo Durango\" data-image-description=\"\" data-image-caption=\"&lt;p&gt;Uni\u00f3n. Durante la toma de la caseta los ejidatarios mostraron mucha uni\u00f3n entre ellos mismos.&lt;\/p&gt;\n\" data-medium-file=\"http:\/\/www.grieta.org.mx\/wp-content\/uploads\/2016\/03\/ejidararios-Pueblo-Nuevo-Durango-300x169.jpeg\" data-large-file=\"http:\/\/www.grieta.org.mx\/wp-content\/uploads\/2016\/03\/ejidararios-Pueblo-Nuevo-Durango.jpeg\" class=\"wp-image-1313\" src=\"http:\/\/grieta.org.mx\/wp-content\/uploads\/2016\/03\/ejidararios-Pueblo-Nuevo-Durango-300x169.jpeg\" alt=\"Uni\u00f3n. Durante la toma de la caseta los ejidatarios mostraron mucha uni\u00f3n entre ellos mismos.\" width=\"680\" height=\"383\" srcset=\"http:\/\/www.grieta.org.mx\/wp-content\/uploads\/2016\/03\/ejidararios-Pueblo-Nuevo-Durango-300x169.jpeg 300w, http:\/\/www.grieta.org.mx\/wp-content\/uploads\/2016\/03\/ejidararios-Pueblo-Nuevo-Durango.jpeg 720w\" sizes=\"auto, (max-width: 680px) 100vw, 680px\" \/><figcaption id=\"caption-attachment-1313\" class=\"wp-caption-text\">Uni\u00f3n. Durante la toma de la caseta los ejidatarios mostraron mucha uni\u00f3n entre ellos mismos.<\/figcaption><\/figure>\n<p><strong>Duraron unidos los cuatro a\u00f1os de lucha por el pago, y el dinero los enfrent\u00f3.<\/strong><\/p>\n<blockquote><p>Una vez que les fue pagado la primera parte de lo que reclamaban los ejidatarios de Pueblo Nuevo, los problemas internos aparecen y un grupo que est\u00e1 tratando de desestabilizar a los integrantes del ejido.<\/p><\/blockquote>\n<p>Andr\u00e9s Medrano, el ejidatario que inici\u00f3 con el reclamo del pago justo de la tierra, comenta que durante la semana un peque\u00f1o grupo de 14 ejidatarios empezaron a querer desestabilizar se\u00f1alando que les est\u00e1n haciendo rebajas en su pago.<\/p>\n<p>Explic\u00f3 que con los 80 millones de pesos a cada ejidatario le corresponden poco m\u00e1s de 53 mil pesos, sin embargo en reuniones de asamblea no de ahora, sino de varios meses atr\u00e1s se hab\u00eda acordado que cu\u00e1ndo se les pagara, a la hora del dep\u00f3sito por ejido se les rebajara lo correspondiente al pago del abogado que los represent\u00f3 y que fue clave -dijo- para lograr el acuerdo final.<\/p>\n<p>Ahora este grupo de 14 ejidatarios est\u00e1n molestos porque se les est\u00e1 pagando 48 mil pesos y se les descontaron los cinco mil pesos por ejidatario para pagarle al abogado.<\/p>\n<p>\u201cFue un acuerdo un\u00e1nime de asamblea y ahora esta gente est\u00e1 acudiendo a la Procuradur\u00eda Agraria para que se le exija a la directiva del ejido pagarles el monto completo, es decir, no quieren pagarle al abogado a pesar de que fue un acuerdo de todos\u201d, coment\u00f3 Andr\u00e9s Medrano.<\/p>\n<p>Tambi\u00e9n esta gente acudi\u00f3 a la Secretar\u00eda General de Gobierno con el mismo fin pero ah\u00ed les dijeron \u201cla ropa sucia se lava en casa\u201d, coment\u00f3 el ejidatario.<\/p>\n<p>Pero no es solo esta situaci\u00f3n, en este mismo grupo existen algunos ejidatarios que en los \u00faltimos meses pidieron pr\u00e9stamos econ\u00f3micos al ejido se\u00f1alando que se los descontaran del pago que realizar\u00eda la SCT por las tierras.<\/p>\n<p>Incluso, existen algunos que ejidatarios que adeudan m\u00e1s de lo que la SCT pagar\u00e1 a cada uno por las tierras usadas para la construcci\u00f3n de la autopista a Mazatl\u00e1n.<\/p>\n<p>\u201cAhora estos, a pesar de que existen documentos legales sobre estos pr\u00e9stamos y como quer\u00edan pagarlos, est\u00e1n reclamando que se les entregue el monto completo condon\u00e1ndoseles la deuda y eso no es justo\u201d, dijo.<\/p>\n<p>Pero no conforme con querer desestabilizar a la directiva del ejido porque no se les entregar\u00e1 su dinero completo o algunos ni lo recibir\u00e1n, est\u00e1n haciendo se\u00f1alamientos contra el comisariado ejidal dici\u00e9ndole que no sabe leer pero \u201cbien que sabe robar\u201d, nada m\u00e1s porque se les est\u00e1 exigiendo a esta gente lo que legalmente est\u00e1 acordado.<\/p>\n<p>Ahora piden auditoria de lo recaudado durante el plant\u00f3n en la caseta y lo est\u00e1 pidiendo la persona que fue la encargada de administrar los recursos de los primeros 15 d\u00edas del movimiento y que solo report\u00f3 50 mil pesos siendo los d\u00edas que mayores apoyos se recibi\u00f3 de los automovilistas.<\/p>\n<p>Por ello Andr\u00e9s Medrano pidi\u00f3 a los ejidatarios y a los habitantes de Pueblo Nuevo no dejarse llevar por quienes solo buscan no pagar sus deudas y no cumplir con los acuerdos de asamblea.<\/p>\n<p><a href=\"http:\/\/www.elsiglodedurango.com.mx\/noticia\/633620.discuten-ejidatarios-de-pueblo-nuevo.html\" target=\"_blank\">www.elsiglodedurango.com.mx\/noticia\/633620.discuten-ejidatarios-de-pueblo-nuevo.html<\/a><\/p>\n","protected":false},"excerpt":{"rendered":"<p>Duraron unidos los cuatro a\u00f1os de lucha por el pago, y el dinero los enfrent\u00f3. Una vez que les fue pagado la primera parte de lo que reclamaban los ejidatarios &hellip; <a href=\"http:\/\/www.grieta.org.mx\/index.php\/2015\/12\/20\/discuten-ejidatarios-de-pueblo-nuevo\/\" class=\"more-link\">Leer m\u00e1s<\/a><\/p>\n","protected":false},"author":2,"featured_media":21928,"comment_status":"closed","ping_status":"open","sticky":false,"template":"","format":"standard","meta":{"ngg_post_thumbnail":0,"_jetpack_newsletter_access":"","_jetpack_dont_email_post_to_subs":false,"_jetpack_newsletter_tier_id":0,"_jetpack_memberships_contains_paywalled_content":false,"_jetpack_memberships_contains_paid_content":false,"footnotes":""},"categories":[80,173],"tags":[187,175,188],"class_list":["post-1312","post","type-post","status-publish","format-standard","has-post-thumbnail","hentry","category-cintillo","category-durango","tag-autopista","tag-ejidatarios","tag-pueblo-nuevo","entry"],"jetpack_featured_media_url":"http:\/\/www.grieta.org.mx\/wp-content\/uploads\/2018\/03\/14524434_1106112876131411_958039263622046936_o.jpg","jetpack_sharing_enabled":true,"jetpack_shortlink":"https:\/\/wp.me\/p7ZJR4-la","jetpack_likes_enabled":false,"jetpack-related-posts":[{"id":1339,"url":"http:\/\/www.grieta.org.mx\/index.php\/2015\/06\/30\/cumple-70-dias-planton-de-ejidatarios-en-carretera-durango-mazatlan\/","url_meta":{"origin":1312,"position":0},"title":"Cumple 70 d\u00edas plant\u00f3n de ejidatarios en carretera Durango-Mazatl\u00e1n","author":"grieta","date":"30 junio, 2015","format":false,"excerpt":"DURANGO, M\u00e9xico, jun. 30, 2015.- Se cumplen 70 d\u00edas del plant\u00f3n que mantienen ejidatarios, en la caseta Coscomate de la supercarretera Durango-Mazatl\u00e1n. Cerca de mil 500 ejidatarios demandan el pago de las tierras en que se construy\u00f3 la carretera. Seg\u00fan ejidatarios, autoridades federales ya reconocieron la superficie afectada en el\u2026","rel":"","context":"En &quot;CINTILLO&quot;","block_context":{"text":"CINTILLO","link":"http:\/\/www.grieta.org.mx\/index.php\/category\/cintillo\/"},"img":{"alt_text":"","src":"https:\/\/i0.wp.com\/www.grieta.org.mx\/wp-content\/uploads\/2018\/03\/14524434_1106112876131411_958039263622046936_o.jpg?resize=350%2C200","width":350,"height":200,"srcset":"https:\/\/i0.wp.com\/www.grieta.org.mx\/wp-content\/uploads\/2018\/03\/14524434_1106112876131411_958039263622046936_o.jpg?resize=350%2C200 1x, https:\/\/i0.wp.com\/www.grieta.org.mx\/wp-content\/uploads\/2018\/03\/14524434_1106112876131411_958039263622046936_o.jpg?resize=525%2C300 1.5x, https:\/\/i0.wp.com\/www.grieta.org.mx\/wp-content\/uploads\/2018\/03\/14524434_1106112876131411_958039263622046936_o.jpg?resize=700%2C400 2x"},"classes":[]},{"id":3624,"url":"http:\/\/www.grieta.org.mx\/index.php\/2015\/12\/20\/despues-de-seis-meses-de-planton-en-la-autopista-durango-mazatlan-ejidatarios-de-pueblo-nuevo-aceptan-oferta-de-indemnizacion-por-sus-tierras\/","url_meta":{"origin":1312,"position":1},"title":"Despu\u00e9s de seis meses de plant\u00f3n en la autopista Durango-Mazatl\u00e1n, ejidatarios de Pueblo Nuevo aceptan oferta de indemnizaci\u00f3n por sus tierras","author":"grieta","date":"20 diciembre, 2015","format":false,"excerpt":"20\/12\/15. Discuten ejidatarios de Pueblo Nuevo El Siglo de Durango 10\/12\/15. Los ejidatarios, a\u00fan sin pago El Siglo de Durango 09\/10\/15. Fueron 4 a\u00f1os de lucha ejidal El Siglo de Durango 09\/10\/15. Ejidatarios aceptan pago de 134 mdp por tierras; podr\u00edan liberar autopista Durango-Mazatl\u00e1n El Financiero 19\/09\/15. La Durango-Mazatl\u00e1n, una\u2026","rel":"","context":"En &quot;Durango&quot;","block_context":{"text":"Durango","link":"http:\/\/www.grieta.org.mx\/index.php\/category\/noticias-nacionales\/durango\/"},"img":{"alt_text":"","src":"https:\/\/i0.wp.com\/www.grieta.org.mx\/wp-content\/uploads\/2018\/03\/14524434_1106112876131411_958039263622046936_o.jpg?resize=350%2C200","width":350,"height":200,"srcset":"https:\/\/i0.wp.com\/www.grieta.org.mx\/wp-content\/uploads\/2018\/03\/14524434_1106112876131411_958039263622046936_o.jpg?resize=350%2C200 1x, https:\/\/i0.wp.com\/www.grieta.org.mx\/wp-content\/uploads\/2018\/03\/14524434_1106112876131411_958039263622046936_o.jpg?resize=525%2C300 1.5x, https:\/\/i0.wp.com\/www.grieta.org.mx\/wp-content\/uploads\/2018\/03\/14524434_1106112876131411_958039263622046936_o.jpg?resize=700%2C400 2x"},"classes":[]},{"id":1325,"url":"http:\/\/www.grieta.org.mx\/index.php\/2015\/09\/11\/se-destraba-conflicto-entre-sct-y-ejidatarios-de-pueblo-nuevo\/","url_meta":{"origin":1312,"position":2},"title":"Se destraba conflicto entre SCT y ejidatarios de Pueblo Nuevo","author":"grieta","date":"11 septiembre, 2015","format":false,"excerpt":"Por fin, luego de tres a\u00f1os con un mes, el conflicto entre los ejidatarios de Pueblo Nuevo, due\u00f1os de las tierras por donde pasa la autopista Durango-Mazatl\u00e1n, con la Secretar\u00eda de Comunicaciones y Transportes (SCT), se ha sido solucionado, pero no soltar\u00e1n a\u00fan la caseta de cobro de Coscomate. El\u2026","rel":"","context":"En &quot;CINTILLO&quot;","block_context":{"text":"CINTILLO","link":"http:\/\/www.grieta.org.mx\/index.php\/category\/cintillo\/"},"img":{"alt_text":"","src":"https:\/\/i0.wp.com\/www.grieta.org.mx\/wp-content\/uploads\/2018\/03\/14524434_1106112876131411_958039263622046936_o.jpg?resize=350%2C200","width":350,"height":200,"srcset":"https:\/\/i0.wp.com\/www.grieta.org.mx\/wp-content\/uploads\/2018\/03\/14524434_1106112876131411_958039263622046936_o.jpg?resize=350%2C200 1x, https:\/\/i0.wp.com\/www.grieta.org.mx\/wp-content\/uploads\/2018\/03\/14524434_1106112876131411_958039263622046936_o.jpg?resize=525%2C300 1.5x, https:\/\/i0.wp.com\/www.grieta.org.mx\/wp-content\/uploads\/2018\/03\/14524434_1106112876131411_958039263622046936_o.jpg?resize=700%2C400 2x"},"classes":[]},{"id":1321,"url":"http:\/\/www.grieta.org.mx\/index.php\/2015\/10\/09\/ejidatarios-aceptan-pago-de-134-mdp-por-tierras-podrian-liberar-autopista-durango-mazatlan\/","url_meta":{"origin":1312,"position":3},"title":"Ejidatarios aceptan pago de 134 mdp por tierras; podr\u00edan liberar autopista Durango-Mazatl\u00e1n","author":"grieta","date":"9 octubre, 2015","format":false,"excerpt":"Gabriela Gallegos Integrantes del Ejido Pueblo Nuevo aceptaron la suma de 134 millones de pesos como pago por las 756.7 hect\u00e1reas sobre las que se construy\u00f3 la v\u00eda con lo que tras 173 d\u00edas podr\u00edan liberar la caseta de Coscomate. DURANGO. Este viernes podr\u00eda quedar libre la autopista Durango-Mazatl\u00e1n, luego\u2026","rel":"","context":"En &quot;CINTILLO&quot;","block_context":{"text":"CINTILLO","link":"http:\/\/www.grieta.org.mx\/index.php\/category\/cintillo\/"},"img":{"alt_text":"","src":"https:\/\/i0.wp.com\/www.grieta.org.mx\/wp-content\/uploads\/2018\/03\/14524434_1106112876131411_958039263622046936_o.jpg?resize=350%2C200","width":350,"height":200,"srcset":"https:\/\/i0.wp.com\/www.grieta.org.mx\/wp-content\/uploads\/2018\/03\/14524434_1106112876131411_958039263622046936_o.jpg?resize=350%2C200 1x, https:\/\/i0.wp.com\/www.grieta.org.mx\/wp-content\/uploads\/2018\/03\/14524434_1106112876131411_958039263622046936_o.jpg?resize=525%2C300 1.5x, https:\/\/i0.wp.com\/www.grieta.org.mx\/wp-content\/uploads\/2018\/03\/14524434_1106112876131411_958039263622046936_o.jpg?resize=700%2C400 2x"},"classes":[]},{"id":1318,"url":"http:\/\/www.grieta.org.mx\/index.php\/2015\/10\/09\/fueron-4-anos-de-lucha-ejidal\/","url_meta":{"origin":1312,"position":4},"title":"Fueron 4 a\u00f1os de lucha ejidal","author":"grieta","date":"9 octubre, 2015","format":false,"excerpt":"Fueron 174 d\u00edas que ejidatarios de Pueblo Nuevo vivieron a 100 metros de la caseta de cobro de Coscomate en la supercarretera Durango-Mazatl\u00e1n, casi seis meses donde no permitieron que Caminos y Puentes Federales (Capufe) cobrara el peaje de 245 pesos. Ahora, los ejidatarios empezaron a levantar su plant\u00f3n; se\u2026","rel":"","context":"En &quot;CINTILLO&quot;","block_context":{"text":"CINTILLO","link":"http:\/\/www.grieta.org.mx\/index.php\/category\/cintillo\/"},"img":{"alt_text":"","src":"https:\/\/i0.wp.com\/www.grieta.org.mx\/wp-content\/uploads\/2018\/03\/14524434_1106112876131411_958039263622046936_o.jpg?resize=350%2C200","width":350,"height":200,"srcset":"https:\/\/i0.wp.com\/www.grieta.org.mx\/wp-content\/uploads\/2018\/03\/14524434_1106112876131411_958039263622046936_o.jpg?resize=350%2C200 1x, https:\/\/i0.wp.com\/www.grieta.org.mx\/wp-content\/uploads\/2018\/03\/14524434_1106112876131411_958039263622046936_o.jpg?resize=525%2C300 1.5x, https:\/\/i0.wp.com\/www.grieta.org.mx\/wp-content\/uploads\/2018\/03\/14524434_1106112876131411_958039263622046936_o.jpg?resize=700%2C400 2x"},"classes":[]},{"id":1315,"url":"http:\/\/www.grieta.org.mx\/index.php\/2015\/12\/10\/los-ejidatarios-aun-sin-pago\/","url_meta":{"origin":1312,"position":5},"title":"Los ejidatarios, a\u00fan sin pago","author":"grieta","date":"10 diciembre, 2015","format":false,"excerpt":"Ahora les se\u00f1alan que ser\u00e1 antes de que inicien las vacaciones oficiales Los ejidatarios de Pueblo Nuevo siguen a la espera del pago por sus tierras, las que fueron usadas para la supercarretera Durango-Mazatl\u00e1n; les dieron un plazo para antes de salir de vacaciones, al menos el primero de los\u2026","rel":"","context":"En &quot;CINTILLO&quot;","block_context":{"text":"CINTILLO","link":"http:\/\/www.grieta.org.mx\/index.php\/category\/cintillo\/"},"img":{"alt_text":"","src":"https:\/\/i0.wp.com\/www.grieta.org.mx\/wp-content\/uploads\/2018\/03\/14524434_1106112876131411_958039263622046936_o.jpg?resize=350%2C200","width":350,"height":200,"srcset":"https:\/\/i0.wp.com\/www.grieta.org.mx\/wp-content\/uploads\/2018\/03\/14524434_1106112876131411_958039263622046936_o.jpg?resize=350%2C200 1x, https:\/\/i0.wp.com\/www.grieta.org.mx\/wp-content\/uploads\/2018\/03\/14524434_1106112876131411_958039263622046936_o.jpg?resize=525%2C300 1.5x, https:\/\/i0.wp.com\/www.grieta.org.mx\/wp-content\/uploads\/2018\/03\/14524434_1106112876131411_958039263622046936_o.jpg?resize=700%2C400 2x"},"classes":[]}],"_links":{"self":[{"href":"http:\/\/www.grieta.org.mx\/index.php\/wp-json\/wp\/v2\/posts\/1312","targetHints":{"allow":["GET"]}}],"collection":[{"href":"http:\/\/www.grieta.org.mx\/index.php\/wp-json\/wp\/v2\/posts"}],"about":[{"href":"http:\/\/www.grieta.org.mx\/index.php\/wp-json\/wp\/v2\/types\/post"}],"author":[{"embeddable":true,"href":"http:\/\/www.grieta.org.mx\/index.php\/wp-json\/wp\/v2\/users\/2"}],"replies":[{"embeddable":true,"href":"http:\/\/www.grieta.org.mx\/index.php\/wp-json\/wp\/v2\/comments?post=1312"}],"version-history":[{"count":1,"href":"http:\/\/www.grieta.org.mx\/index.php\/wp-json\/wp\/v2\/posts\/1312\/revisions"}],"predecessor-version":[{"id":1314,"href":"http:\/\/www.grieta.org.mx\/index.php\/wp-json\/wp\/v2\/posts\/1312\/revisions\/1314"}],"wp:featuredmedia":[{"embeddable":true,"href":"http:\/\/www.grieta.org.mx\/index.php\/wp-json\/wp\/v2\/media\/21928"}],"wp:attachment":[{"href":"http:\/\/www.grieta.org.mx\/index.php\/wp-json\/wp\/v2\/media?parent=1312"}],"wp:term":[{"taxonomy":"category","embeddable":true,"href":"http:\/\/www.grieta.org.mx\/index.php\/wp-json\/wp\/v2\/categories?post=1312"},{"taxonomy":"post_tag","embeddable":true,"href":"http:\/\/www.grieta.org.mx\/index.php\/wp-json\/wp\/v2\/tags?post=1312"}],"curies":[{"name":"wp","href":"https:\/\/api.w.org\/{rel}","templated":true}]}}