{"id":13075,"date":"2016-05-26T23:03:41","date_gmt":"2016-05-26T23:03:41","guid":{"rendered":"http:\/\/www.grieta.org.mx\/?p=13075"},"modified":"2016-05-27T23:07:20","modified_gmt":"2016-05-27T23:07:20","slug":"marchan-8-mil-contra-reforma-educativa-en-la-capital-de-guerrero","status":"publish","type":"post","link":"http:\/\/www.grieta.org.mx\/index.php\/2016\/05\/26\/marchan-8-mil-contra-reforma-educativa-en-la-capital-de-guerrero\/","title":{"rendered":"Marchan 8 mil contra reforma educativa en la capital de Guerrero"},"content":{"rendered":"<p>El Sur,<\/p>\n<p>Alina Navarrete Fern\u00e1ndez<\/p>\n<p>Chilpancingo. Unos 8 mil integrantes de los grupos opuestos de la Coordinadora Estatal de Trabajadores de la Educaci\u00f3n en Guerrero (CETEG), acompa\u00f1ados de estudiantes, padres de familia y activistas, marcharon en la capital por la unidad de las bases, en contra de la reforma educativa y de la evaluaci\u00f3n del Servicio Profesional Docente; luego, bloquearon cerca de 40 minutos los cuatro carriles de la Autopista del Sol e hicieron un mitin en el Palacio de Gobierno.<\/p>\n<p>El secretario general de la CETEG, Ramos Reyes Guerrero, acompa\u00f1ado de una comisi\u00f3n en la que no se incluyeron los representantes de la CETEG opositora, entreg\u00f3 en el Congreso local y el Palacio de Gobierno el pliego petitorio del magisterio disidente, mientras que el integrante de la Comisi\u00f3n Pol\u00edtica y abogado, Jorge \u00c1ngel Valdez V\u00e9jar, present\u00f3 ante el Juzgado S\u00e9ptimo de Distrito del Vig\u00e9simo Primer Circuito, un amparo por regi\u00f3n, como parte de la defensa legal de los maestros del estado.<\/p>\n<p>Durante la protesta, los maestros condenaron las declaraciones del secretario de Gobernaci\u00f3n, Miguel \u00c1ngel Osorio Chong, quien dijo que no se permitir\u00e1 que los docentes inconformes generen conflictos y enfrentamientos, que se aplicar\u00e1 \u201cmano firme\u201d de acuerdo con la ley. Aseguraron que se trata de otra intimidaci\u00f3n del gobierno federal.<\/p>\n<p>En la marcha participaron la fracci\u00f3n de la CETEG af\u00edn a Reyes Guerrero, mientras que del grupo opositor asistieron las regiones Acapulco, Costa Grande y Tierra Caliente, encabezadas por los integrantes de la Comisi\u00f3n Pol\u00edtica, Manuel Salvador Rosas Z\u00fa\u00f1iga y Walter Emanuel A\u00f1orve Rodr\u00edguez; la regi\u00f3n Centro, que representa la integrante de la Comisi\u00f3n Pol\u00edtica opositora, Antonia Morales V\u00e9lez, no se integr\u00f3 a la protesta.<\/p>\n<p>Tambi\u00e9n marcharon padres de los 43 estudiantes desaparecidos, normalistas de Ayotzinapa, secci\u00f3n 18 del Sindicato \u00danico de Servidores P\u00fablicos del Estado de Guerrero (SUSPEG), Direcci\u00f3n Pol\u00edtica, damnificados de El Mirador, maestros de nivel medio superior, integrantes del Sindicato de Trabajadores Acad\u00e9micos de la Universidad Aut\u00f3noma de Guerrero (STAUAG), alumnos y padres de familia de escuelas de educaci\u00f3n b\u00e1sica.<br \/>\nRosas Z\u00fa\u00f1iga expres\u00f3 que la marcha por la unidad de las bases \u201ces el primer paso\u201d para lograr la unidad real de la CETEG, por lo que llam\u00f3 a la fracci\u00f3n a Reyes Guerrero a participar en la marcha que se llevar\u00e1 a cabo hoy, a la que convocaron los representantes del grupo opositor.<\/p>\n<p>Los cetegistas tambi\u00e9n se manifestaron en Iguala, donde marcharon e hicieron un mitin en la plaza de las Tres Garant\u00edas, y en Zihuatanejo, en donde marcharon e hicieron un mitin en el Palacio Municipal, en contra de la reforma educativa y de la evaluaci\u00f3n docente.<\/p>\n<p>La marcha<\/p>\n<p>En la capital, a las 11:20 de la ma\u00f1ana, los manifestantes partieron en marcha desde el monumento a Nicol\u00e1s Bravo, El Caballito, hacia el sur de la ciudad. Al frente iban Reyes Guerrero y los integrantes de la Comisi\u00f3n Pol\u00edtica, Carlos Botello Barrera y Saturnino Garc\u00eda Cordero, mientras que Rosas Z\u00fa\u00f1iga y A\u00f1orve Rodr\u00edguez cerraban el contingente.<br \/>\nDurante la marcha los manifestantes corearon consignas como \u201cunidad, unidad, unidad\u201d, \u201cmagisterio unido jam\u00e1s ser\u00e1 vencido\u201d, \u201caqu\u00ed y ahora con la coordinadora\u201d, y portaban carteles en los que se ley\u00f3: \u201cFuera Gobierno represor\u201d, \u201c\u00fanete pueblo\u201d y otros mensajes similares.<\/p>\n<p>En el recorrido se escuch\u00f3 que a trav\u00e9s de meg\u00e1fonos, los manifestantes reconocieron que en la CETEG hay \u201cdiferencias pol\u00edticas\u201d, pero \u201cahora lo m\u00e1s importante es mantenernos unidos, para poder echar abajo esa reforma laboral (la educativa) y esa evaluaci\u00f3n que no tiene raz\u00f3n de ser\u201d.<\/p>\n<p>En declaraciones durante la marcha, Rosas Z\u00fa\u00f1iga dijo que \u201ceste es un primer paso en el llamado a la unidad que hemos hecho ambas partes (los grupos opuestos de la CETEG), en el entendido de que tenemos que respetar la autonom\u00eda de las bases\u201d.<\/p>\n<p>Precis\u00f3 que las regiones Acapulco, Costa Grande y Tierra Caliente asistieron a la marcha como \u201cuna muestra de humildad y de unidad en las acciones, no s\u00f3lo en los micr\u00f3fonos ni ante los medios de comunicaci\u00f3n\u201d.<\/p>\n<p>Llam\u00f3 a \u201clos compa\u00f1eros de la CETEG con los que hemos tenido diferencias\u201d, a participar en la marcha de la unidad a la que convoc\u00f3 el grupo opositor, la cual se llevar\u00e1 a cabo hoy en la capital, \u201ccomo representantes nos debemos a las bases, es momento de hacer a un lado las diferencias, buscar las coincidencias, que son el paro nacional y la lucha por la defensa de los trabajadores de la educaci\u00f3n, y eso es m\u00e1s grande que cualquier inter\u00e9s de grupo\u201d.<br \/>\nProtestan en el Congreso y bloquean la autopista<\/p>\n<p>El contingente se detuvo en el Congreso local unos 15 minutos, una comisi\u00f3n a la que no se integraron los representantes de la CETEG opositora, se reuni\u00f3 con la presidenta de la Comisi\u00f3n de Gobierno, la diputada pri\u00edsta Flor A\u00f1orve Ocampo, a quien le entregaron el pliego petitorio del magisterio disidente.<\/p>\n<p>En conferencia de prensa al concluir la reuni\u00f3n con A\u00f1orve Ocampo, Reyes Guerrero dijo que la mesa de trabajo fue iniciativa de la diputada pri\u00edsta, adem\u00e1s de que el Congreso local tiene la facultad de revisar la reforma educativa y la Ley General del Servicio Profesional Docente.<\/p>\n<p>Se\u00f1al\u00f3 que se acord\u00f3 que el Congreso local analizar\u00e1 las peticiones del magisterio disidente, y despu\u00e9s la Comisi\u00f3n de Educaci\u00f3n, Ciencia y Tecnolog\u00eda se comunicar\u00e1 con los dirigentes, para informales la conclusi\u00f3n a la que lleg\u00f3.<\/p>\n<p>Mientras la comisi\u00f3n se reun\u00eda con A\u00f1orve Ocampo en el Congreso local, la marcha continu\u00f3 hasta el Juzgado S\u00e9ptimo de Distrito, ubicado en el bulevar Vicente Guerrero, en donde Valdez V\u00e9jar present\u00f3 un amparo por cada regi\u00f3n de la CETEG, en contra de los descuentos que la Secretar\u00eda de Educaci\u00f3n Guerrero (SEG) aplicar\u00e1 a los paristas.<br \/>\nCuando Valdez V\u00e9jar ingres\u00f3 al juzgado a realizar el tr\u00e1mite correspondiente, los manifestantes bloquearon de manera total los cuatro carriles de la Autopista del Sol frente al edificio e hicieron un mitin en ese punto, en el que participaron maestros, estudiantes y activistas, quienes coincidieron en la necesidad de emprender una lucha de manera conjunta.<\/p>\n<p>Al bloqueo, que dur\u00f3 unos 40 minutos, llegaron polic\u00edas federales antimotines y hubo tensi\u00f3n, ya que el comandante a cargo de los agentes pidi\u00f3 dialogar con \u201cel representante\u201d de los inconformes, de manera inmediata normalistas de Ayotzinapa y maestros de La Monta\u00f1a contestaron que todos estaban en la lucha.<\/p>\n<p>Algunos de los manifestantes le gritaron a los polic\u00edas \u201casesinos\u201d, el descontento por la llegada de los agentes provoc\u00f3 insultos de ambas partes; sin embargo, Botello Barrera intervino e indic\u00f3 que la marcha continuar\u00eda hacia el Palacio de Gobierno y llam\u00f3 a los inconformes a no permitir una confrontaci\u00f3n.<\/p>\n<p>La marcha concluy\u00f3 en el Palacio de Gobierno, para entonces el contingente se redujo a menos de la mitad de los que comenzaron la acci\u00f3n y representantes de las organizaciones justificaron el hecho, diciendo que muchos tuvieron que retirarse para atender asuntos personales pero agradecieron que llegaran \u201chasta donde aguantaron\u201d.<\/p>\n<p>La comisi\u00f3n que se reuni\u00f3 con A\u00f1orve Ocampo, fue atendida en el Palacio de Gobierno, primero por el subsecretario de Asuntos Pol\u00edticos, Mart\u00edn Maldonado del Moral, y despu\u00e9s por otro funcionario, pero los maestros no especificaron qui\u00e9n.<\/p>\n<p>Al representante del gobierno estatal tambi\u00e9n se le entreg\u00f3 el pliego petitorio de la CETEG.<\/p>\n<p>http:\/\/suracapulco.mx\/3\/marchan-8-mil-maestros-contra-la-reforma-educativa-en-la-capital-y-cierran-la-autopista\/<\/p>\n","protected":false},"excerpt":{"rendered":"<p>El Sur, Alina Navarrete Fern\u00e1ndez Chilpancingo. Unos 8 mil integrantes de los grupos opuestos de la Coordinadora Estatal de Trabajadores de la Educaci\u00f3n en Guerrero (CETEG), acompa\u00f1ados de estudiantes, padres &hellip; <a href=\"http:\/\/www.grieta.org.mx\/index.php\/2016\/05\/26\/marchan-8-mil-contra-reforma-educativa-en-la-capital-de-guerrero\/\" class=\"more-link\">Leer m\u00e1s<\/a><\/p>\n","protected":false},"author":2,"featured_media":21928,"comment_status":"closed","ping_status":"closed","sticky":false,"template":"","format":"standard","meta":{"ngg_post_thumbnail":0,"_jetpack_newsletter_access":"","_jetpack_dont_email_post_to_subs":false,"_jetpack_newsletter_tier_id":0,"_jetpack_memberships_contains_paywalled_content":false,"_jetpack_memberships_contains_paid_content":false,"footnotes":""},"categories":[80],"tags":[668,113,133,135],"class_list":["post-13075","post","type-post","status-publish","format-standard","has-post-thumbnail","hentry","category-cintillo","tag-ceteg","tag-conflictos-laborales","tag-maestros","tag-reforma-educativa","entry"],"jetpack_featured_media_url":"http:\/\/www.grieta.org.mx\/wp-content\/uploads\/2018\/03\/14524434_1106112876131411_958039263622046936_o.jpg","jetpack_sharing_enabled":true,"jetpack_shortlink":"https:\/\/wp.me\/p7ZJR4-3oT","jetpack_likes_enabled":false,"jetpack-related-posts":[{"id":12528,"url":"http:\/\/www.grieta.org.mx\/index.php\/2016\/09\/09\/movilizaciones-de-maestros-en-guerrero\/","url_meta":{"origin":13075,"position":0},"title":"Movilizaciones contra la Reforma educativa en Guerrero","author":"grieta","date":"9 septiembre, 2016","format":false,"excerpt":"08\/09\/16. CETEG toma una hora caseta de Palo Blanco, GuerreroMilenio 24\/08\/16. Contin\u00faan movilizaciones de Ceteg en Guerrero para abrogar la reforma educativa La Jornada 04\/08\/16. Antimotines repliegan a maestros de Guerrero sobre la autopista del sol El Financiero 01\/08\/16. La CETEG cierra dos gasolineras en la Cuernavaca-Acapulco en protesta contra\u2026","rel":"","context":"En &quot;Guerrero&quot;","block_context":{"text":"Guerrero","link":"http:\/\/www.grieta.org.mx\/index.php\/category\/noticias-nacionales\/guerrero\/"},"img":{"alt_text":"","src":"https:\/\/i0.wp.com\/www.grieta.org.mx\/wp-content\/uploads\/2018\/03\/14524434_1106112876131411_958039263622046936_o.jpg?resize=350%2C200","width":350,"height":200,"srcset":"https:\/\/i0.wp.com\/www.grieta.org.mx\/wp-content\/uploads\/2018\/03\/14524434_1106112876131411_958039263622046936_o.jpg?resize=350%2C200 1x, https:\/\/i0.wp.com\/www.grieta.org.mx\/wp-content\/uploads\/2018\/03\/14524434_1106112876131411_958039263622046936_o.jpg?resize=525%2C300 1.5x, https:\/\/i0.wp.com\/www.grieta.org.mx\/wp-content\/uploads\/2018\/03\/14524434_1106112876131411_958039263622046936_o.jpg?resize=700%2C400 2x"},"classes":[]},{"id":12850,"url":"http:\/\/www.grieta.org.mx\/index.php\/2016\/05\/18\/no-se-permitira-ingreso-de-docentes-a-escuelas-para-reanudar-labores-ceteg\/","url_meta":{"origin":13075,"position":1},"title":"No se permitir\u00e1 ingreso de docentes a escuelas para reanudar labores: Ceteg","author":"grieta","date":"18 mayo, 2016","format":false,"excerpt":"Proceso Ezequiel Flores Contreras Chilpancingo (apro). Miembros de la Coordinadora Estatal de Trabajadores de la Educaci\u00f3n en Guerrero (Ceteg) marcharon por calles de esta capital y desafiaron una vez m\u00e1s al gobierno de Enrique Pe\u00f1a Nieto al expresar su rechazo a la reforma educativa y la evaluaci\u00f3n magisterial. Los manifestantes\u2026","rel":"","context":"En &quot;CINTILLO&quot;","block_context":{"text":"CINTILLO","link":"http:\/\/www.grieta.org.mx\/index.php\/category\/cintillo\/"},"img":{"alt_text":"","src":"https:\/\/i0.wp.com\/www.grieta.org.mx\/wp-content\/uploads\/2018\/03\/14524434_1106112876131411_958039263622046936_o.jpg?resize=350%2C200","width":350,"height":200,"srcset":"https:\/\/i0.wp.com\/www.grieta.org.mx\/wp-content\/uploads\/2018\/03\/14524434_1106112876131411_958039263622046936_o.jpg?resize=350%2C200 1x, https:\/\/i0.wp.com\/www.grieta.org.mx\/wp-content\/uploads\/2018\/03\/14524434_1106112876131411_958039263622046936_o.jpg?resize=525%2C300 1.5x, https:\/\/i0.wp.com\/www.grieta.org.mx\/wp-content\/uploads\/2018\/03\/14524434_1106112876131411_958039263622046936_o.jpg?resize=700%2C400 2x"},"classes":[]},{"id":18805,"url":"http:\/\/www.grieta.org.mx\/index.php\/2016\/08\/01\/la-ceteg-cierra-dos-gasolineras-en-la-cuernavaca-acapulco-en-protesta-contra-gasolinazos-y-reforma-educativa\/","url_meta":{"origin":13075,"position":2},"title":"La CETEG cierra dos gasolineras en la Cuernavaca-Acapulco en protesta contra gasolinazos y Reforma Educativa","author":"grieta","date":"1 agosto, 2016","format":false,"excerpt":"CHILPANCINGO, GUERRERO (01\/AGO\/2016).- Maestros de la CETEG que dirige Ramos Reyes Guerrero, bloquearon intermitentemente los cuatro carriles de la autopista Cuernavaca-Acapulco, a la altura del Parador del Marqu\u00e9z, donde cerraron las dos gasolineras que existen en ese lugar, en protesta por el \u201cgasolinazo\u201d que aplic\u00f3 el gobierno federal a partir\u2026","rel":"","context":"En &quot;CINTILLO&quot;","block_context":{"text":"CINTILLO","link":"http:\/\/www.grieta.org.mx\/index.php\/category\/cintillo\/"},"img":{"alt_text":"","src":"https:\/\/i0.wp.com\/www.grieta.org.mx\/wp-content\/uploads\/2018\/03\/14524434_1106112876131411_958039263622046936_o.jpg?resize=350%2C200","width":350,"height":200,"srcset":"https:\/\/i0.wp.com\/www.grieta.org.mx\/wp-content\/uploads\/2018\/03\/14524434_1106112876131411_958039263622046936_o.jpg?resize=350%2C200 1x, https:\/\/i0.wp.com\/www.grieta.org.mx\/wp-content\/uploads\/2018\/03\/14524434_1106112876131411_958039263622046936_o.jpg?resize=525%2C300 1.5x, https:\/\/i0.wp.com\/www.grieta.org.mx\/wp-content\/uploads\/2018\/03\/14524434_1106112876131411_958039263622046936_o.jpg?resize=700%2C400 2x"},"classes":[]},{"id":12531,"url":"http:\/\/www.grieta.org.mx\/index.php\/2016\/05\/17\/suman-2-mil-escuelas-en-paro-laboral-en-guerrero-ceteg\/","url_meta":{"origin":13075,"position":3},"title":"Suman 2 mil escuelas en paro laboral en Guerrero: Ceteg","author":"grieta","date":"17 mayo, 2016","format":false,"excerpt":"Proceso Ezequiel Flores Contreras Chilpancingo (apro). Integrantes del magisterio disidente se manifestaron de forma pac\u00edfica esta ma\u00f1ana en la sede de los ayuntamientos de Acapulco y Chilpancingo para seguir insistiendo en su rechazo a la reforma educativa y la evaluaci\u00f3n. Al respecto, el miembro de la Comisi\u00f3n Pol\u00edtica de la\u2026","rel":"","context":"En &quot;CINTILLO&quot;","block_context":{"text":"CINTILLO","link":"http:\/\/www.grieta.org.mx\/index.php\/category\/cintillo\/"},"img":{"alt_text":"","src":"https:\/\/i0.wp.com\/www.grieta.org.mx\/wp-content\/uploads\/2018\/03\/14524434_1106112876131411_958039263622046936_o.jpg?resize=350%2C200","width":350,"height":200,"srcset":"https:\/\/i0.wp.com\/www.grieta.org.mx\/wp-content\/uploads\/2018\/03\/14524434_1106112876131411_958039263622046936_o.jpg?resize=350%2C200 1x, https:\/\/i0.wp.com\/www.grieta.org.mx\/wp-content\/uploads\/2018\/03\/14524434_1106112876131411_958039263622046936_o.jpg?resize=525%2C300 1.5x, https:\/\/i0.wp.com\/www.grieta.org.mx\/wp-content\/uploads\/2018\/03\/14524434_1106112876131411_958039263622046936_o.jpg?resize=700%2C400 2x"},"classes":[]},{"id":15089,"url":"http:\/\/www.grieta.org.mx\/index.php\/2016\/06\/21\/ceteg-y-padres-de-familia-marchan-en-cinco-puntos-de-guerrero-en-repudio-a-violencia-en-oaxaca\/","url_meta":{"origin":13075,"position":4},"title":"CETEG y padres de familia marchan en cinco puntos de Guerrero en repudio a violencia en Oaxaca","author":"grieta","date":"21 junio, 2016","format":false,"excerpt":"Francisca Santiaguez En Chilpancingo, los maestros de la Coordinadora Estatal marcharon por las calles de la ciudad, efectuaron paradas de protesta en Palacio de Gobierno, en la Fiscal\u00eda General del Estado (FGE), y recorrieron algunas tiendas de autoservicio; posteriormente, tomaron un tramo de la Autopista del Sol y retornaron a\u2026","rel":"","context":"En &quot;CINTILLO&quot;","block_context":{"text":"CINTILLO","link":"http:\/\/www.grieta.org.mx\/index.php\/category\/cintillo\/"},"img":{"alt_text":"","src":"https:\/\/i0.wp.com\/www.grieta.org.mx\/wp-content\/uploads\/2018\/03\/14524434_1106112876131411_958039263622046936_o.jpg?resize=350%2C200","width":350,"height":200,"srcset":"https:\/\/i0.wp.com\/www.grieta.org.mx\/wp-content\/uploads\/2018\/03\/14524434_1106112876131411_958039263622046936_o.jpg?resize=350%2C200 1x, https:\/\/i0.wp.com\/www.grieta.org.mx\/wp-content\/uploads\/2018\/03\/14524434_1106112876131411_958039263622046936_o.jpg?resize=525%2C300 1.5x, https:\/\/i0.wp.com\/www.grieta.org.mx\/wp-content\/uploads\/2018\/03\/14524434_1106112876131411_958039263622046936_o.jpg?resize=700%2C400 2x"},"classes":[]},{"id":13325,"url":"http:\/\/www.grieta.org.mx\/index.php\/2016\/05\/31\/irrumpen-y-destrozan-integrantes-de-la-ceteg-equipo-en-dos-sedes-de-la-seg\/","url_meta":{"origin":13075,"position":5},"title":"Irrumpen y destrozan integrantes de la CETEG equipo en dos sedes de la SEG","author":"grieta","date":"31 mayo, 2016","format":false,"excerpt":"El Sur Alfonso Mar\u00edn Amezcua Chilpancingo. Un grupo de integrantes de la Coordinadora Estatal de Trabajadores de la Educaci\u00f3n en Guerrero (CETEG) con el rostro cubierto, incorporados a la facci\u00f3n de Ramos Reyes Guerrero, irrumpieron en dos oficinas de la Secretar\u00eda de Educaci\u00f3n Guerrero (SEG), donde hicieron destrozos en los\u2026","rel":"","context":"En &quot;CINTILLO&quot;","block_context":{"text":"CINTILLO","link":"http:\/\/www.grieta.org.mx\/index.php\/category\/cintillo\/"},"img":{"alt_text":"","src":"https:\/\/i0.wp.com\/www.grieta.org.mx\/wp-content\/uploads\/2018\/03\/14524434_1106112876131411_958039263622046936_o.jpg?resize=350%2C200","width":350,"height":200,"srcset":"https:\/\/i0.wp.com\/www.grieta.org.mx\/wp-content\/uploads\/2018\/03\/14524434_1106112876131411_958039263622046936_o.jpg?resize=350%2C200 1x, https:\/\/i0.wp.com\/www.grieta.org.mx\/wp-content\/uploads\/2018\/03\/14524434_1106112876131411_958039263622046936_o.jpg?resize=525%2C300 1.5x, https:\/\/i0.wp.com\/www.grieta.org.mx\/wp-content\/uploads\/2018\/03\/14524434_1106112876131411_958039263622046936_o.jpg?resize=700%2C400 2x"},"classes":[]}],"_links":{"self":[{"href":"http:\/\/www.grieta.org.mx\/index.php\/wp-json\/wp\/v2\/posts\/13075","targetHints":{"allow":["GET"]}}],"collection":[{"href":"http:\/\/www.grieta.org.mx\/index.php\/wp-json\/wp\/v2\/posts"}],"about":[{"href":"http:\/\/www.grieta.org.mx\/index.php\/wp-json\/wp\/v2\/types\/post"}],"author":[{"embeddable":true,"href":"http:\/\/www.grieta.org.mx\/index.php\/wp-json\/wp\/v2\/users\/2"}],"replies":[{"embeddable":true,"href":"http:\/\/www.grieta.org.mx\/index.php\/wp-json\/wp\/v2\/comments?post=13075"}],"version-history":[{"count":1,"href":"http:\/\/www.grieta.org.mx\/index.php\/wp-json\/wp\/v2\/posts\/13075\/revisions"}],"predecessor-version":[{"id":13076,"href":"http:\/\/www.grieta.org.mx\/index.php\/wp-json\/wp\/v2\/posts\/13075\/revisions\/13076"}],"wp:featuredmedia":[{"embeddable":true,"href":"http:\/\/www.grieta.org.mx\/index.php\/wp-json\/wp\/v2\/media\/21928"}],"wp:attachment":[{"href":"http:\/\/www.grieta.org.mx\/index.php\/wp-json\/wp\/v2\/media?parent=13075"}],"wp:term":[{"taxonomy":"category","embeddable":true,"href":"http:\/\/www.grieta.org.mx\/index.php\/wp-json\/wp\/v2\/categories?post=13075"},{"taxonomy":"post_tag","embeddable":true,"href":"http:\/\/www.grieta.org.mx\/index.php\/wp-json\/wp\/v2\/tags?post=13075"}],"curies":[{"name":"wp","href":"https:\/\/api.w.org\/{rel}","templated":true}]}}