{"id":13060,"date":"2016-05-25T22:25:24","date_gmt":"2016-05-25T22:25:24","guid":{"rendered":"http:\/\/www.grieta.org.mx\/?p=13060"},"modified":"2016-05-27T22:32:55","modified_gmt":"2016-05-27T22:32:55","slug":"si-se-analiza-legalizar-siembra-de-amapola-osorio-chong","status":"publish","type":"post","link":"http:\/\/www.grieta.org.mx\/index.php\/2016\/05\/25\/si-se-analiza-legalizar-siembra-de-amapola-osorio-chong\/","title":{"rendered":"S\u00ed se analiza legalizar siembra de amapola, Osorio Chong"},"content":{"rendered":"<p>El Sur<\/p>\n<p>Karina Contreras<\/p>\n<p>El secretario de Gobernaci\u00f3n, Miguel \u00c1ngel Osorio Chong, reconoci\u00f3 que el gobierno federal analiza la legalizaci\u00f3n de la siembra de amapola con fines medicinales como lo ha propuesto el gobernador H\u00e9ctor Astudillo Flores.<\/p>\n<p>Dijo que se tiene que analizar \u201cqu\u00e9 es lo que nos conviene, qu\u00e9 es lo que nos dar\u00eda mayor tranquilidad, si legalizar, si utilizar de manera industrial, empresarial ese insumo que se ocupa para medicamentos\u201d.<\/p>\n<p>Durante una conferencia de prensa realizada al finalizar la Sesi\u00f3n Extraordinaria de la Comisi\u00f3n Intersecretarial de Prevenci\u00f3n Social de la Violencia y la Delincuencia, que se llev\u00f3 a cabo en el F\u00f3rum Mundo Imperial, ubicado en la zona Diamante de Acapulco, donde estuvo el gobernador H\u00e9ctor Astudillo Flores, Osorio Chong se refiri\u00f3 a las cifras que dio a conocer la dependencia que encabeza sobre los asesinatos en Guerrero y se\u00f1al\u00f3 que los \u00edndices delictivos son transparentes y se est\u00e1 avanzando para reducirlos.<\/p>\n<p>En una nota que public\u00f3 El Sur este martes, la Secretar\u00eda de Gobernaci\u00f3n (Segob) inform\u00f3 que en abril se registraron 178 homicidios dolosos, lo que representa 5.9 asesinatos por d\u00eda en Guerrero, seg\u00fan el recuento del Secretariado Ejecutivo del Sistema Nacional de Seguridad P\u00fablica (SESNSP) de dicha dependencia. La nota agrega que en marzo hubo 188 asesinatos, 10 casos m\u00e1s que el mes pasado, de los cuales 93 se registraron en Acapulco.<br \/>\nSobre esa informaci\u00f3n, Osorio Chong dijo: \u201csobre los \u00edndices delictivos, efectivamente, son transparentes. Cuando hemos anunciado, los hemos anunciado respecto a lo que estamos teniendo en informaci\u00f3n, nunca se ocultan, ni se cambia una informaci\u00f3n que es p\u00fablica, adem\u00e1s, que se da a conocer mes a mes, y que es el resultado de la informaci\u00f3n que se nos da de parte de los estados. As\u00ed que nunca faltaremos a ello\u201d.<\/p>\n<p>Asegur\u00f3 que hay avances y han sido detenidos los m\u00e1s importantes l\u00edderes de organizaciones delictivas de Acapulco y de todo el estado de Guerrero, y \u201cvamos a seguir adelante. Vamos a devolver la tranquilidad a este estado\u201d.<\/p>\n<p>Al secretario de Gobernaci\u00f3n se le pregunt\u00f3 si considera que la legalizaci\u00f3n de la siembra de amapola con fines medicinales pueda bajar los \u00edndices de inseguridad que hay en el estado, como lo ha comentado el gobernador Astudillo, y si el gobierno lo impulsar\u00eda para que se d\u00e9, y respondi\u00f3 que como se hace en el gobierno de la Rep\u00fablica, \u201ccualquiera de estas posibilidades siempre se analiza con cuidado\u201d.<\/p>\n<p>A\u00f1adi\u00f3 que incluso en la mesa de seguridad se ha platicado con el gobernador y \u201cvamos a analizar qu\u00e9 es lo que conviene, qu\u00e9 es lo que nos dar\u00eda mayor tranquilidad, si legalizar, si utilizar de manera industrial, empresarial este insumo que se ocupa para medicamentos, o pues se sigue en el camino que hoy estamos, para no permitir que el mal uso del mismo lleve a la drogadicci\u00f3n, lleve a generar problemas sociales incluso donde se siembra y donde se cosecha\u201d.<\/p>\n<p>A\u00f1adi\u00f3 que est\u00e1 en curso ese proceso y \u201cya lo hicimos con la mariguana y ahora estamos analizando el tema de la amapola\u201d.<\/p>\n<p>Transparencia, ofrece<\/p>\n<p>Antes de las preguntas, el secretario Miguel \u00c1ngel Osorio Chong dijo que visit\u00f3 Acapulco para una sesi\u00f3n de la Comisi\u00f3n Intersecretarial con el objetivo de dar cuenta de todos los programas y acciones que se van a hacer en diferentes pol\u00edgonos, en diferentes municipios del estado, y que por eso estaban con \u00e9l varios funcionarios de dependencias federales.<\/p>\n<p>Indic\u00f3 que toda la informaci\u00f3n se va a subir a una p\u00e1gina para que se pueda evaluar, checar, supervisar que las obras se hagan y el dinero se aplique de manera transparente.<\/p>\n<p>A\u00f1adi\u00f3 que las acciones a realizar se suman a las que llevar\u00e1 a cabo el gobierno del estado y el gobierno municipal de Acapulco, y que la misma acci\u00f3n se va a llevar a cabo en los dem\u00e1s municipios para que \u201cel recurso se pueda estar vigilando, porque as\u00ed se requiere hacer y as\u00ed se debe de hacer\u201d.<\/p>\n<p>Sin dar detalles, Osorio Chong indic\u00f3 que su visita fue para anunciar acciones muy importantes, acciones que van a ir en muchos de los casos a los pol\u00edgonos donde m\u00e1s preocupaci\u00f3n se tiene en materia de seguridad, el que se puedan ver espacios para capacitaci\u00f3n, para convivencia, y carreteras.<\/p>\n<p>Indic\u00f3 que la obra p\u00fablica es importante porque todo pasa por ah\u00ed, porque \u201csi asistimos a una familia donde se da el rompimiento del tejido social, donde hay violencia, donde faltan valores, ah\u00ed tienen que llegar las escuelas, ah\u00ed tiene que llegar la educaci\u00f3n, ah\u00ed tiene que llegar la obra, el alumbrado, la calle pavimentada y la cl\u00ednica que nos pidieron, la reconstrucci\u00f3n de la escuela, y muchas otras acciones que nos pidieron y que se asumieron compromisos, y que se van a estar checando estos compromisos\u201d<\/p>\n<p>Dijo que en la mesa de seguridad se est\u00e1n viendo todas las acciones, c\u00f3mo est\u00e1n las unidades antisecuestros, c\u00f3mo va el tema del terreno en donde se habr\u00e1 de construir el C-5 que se anunci\u00f3; ver si ya est\u00e1 el Ej\u00e9rcito en control del C-4, como ya est\u00e1 sucediendo.<br \/>\nIndic\u00f3 que en las mesas de seguridad, donde estar\u00e1n organismos de la sociedad civil, \u201ctendr\u00e1n la posibilidad de poderse checar, evaluar y que se le d\u00e9 seguimiento por parte de los propios ciudadanos, de los propios representantes de diferentes organismos, no s\u00f3lo empresariales, sino tambi\u00e9n de colegios, de organizaciones civiles\u201d.<\/p>\n<p>Ejemplific\u00f3 que en Michoac\u00e1n entre m\u00e1s particip\u00f3 la gente, los ciudadanos, entre m\u00e1s denunciaron, entre m\u00e1s defendieron su comunidad, entonces \u201cpudimos ir recuperando palmo a palmo el terreno en Michoac\u00e1n. As\u00ed va a suceder en Guerrero, y por eso estamos haciendo este tipo de acciones\u201d.<\/p>\n<p>Sobre la balacera ocurrida en la Costera el pasado 24 de abril, entre fuerzas federales y sicarios, y que ha provocado la cancelaci\u00f3n de llegadas de cruceros a Acapulco y qu\u00e9 har\u00e1 la federaci\u00f3n para revertir la situaci\u00f3n,  Osorio Chong dijo que desde la Secretar\u00eda de Turismo se est\u00e1 haciendo todo el esfuerzo para seguir promoviendo a Acapulco, y que no ha bajado la presencia de visitantes.<\/p>\n<p>Osorio Chong reconoci\u00f3 que hubo intranquilidad, s\u00ed hubo temor, pero \u201csi ustedes ven las cifras de ocupaci\u00f3n en las semanas siguientes, ha estado recuper\u00e1ndose y es la normalidad que queremos para Acapulco\u201d.<\/p>\n<p>A\u00f1adi\u00f3 que sobre ese crucero y otros visitantes internacionales, \u201ces lo que queremos hacer, darles tranquilidad para que puedan regresar, para que puedan verlo como un puerto al que les gusta venir, y que sepan que est\u00e1n dadas las condiciones para que as\u00ed pueda suceder, en tranquilidad y en seguridad, y en atenci\u00f3n\u201d.<\/p>\n<p>En la reuni\u00f3n tambi\u00e9n estuvieron el presidente municipal de Acapulco, Evodio Vel\u00e1zquez Aguirre, y los subsecretarios de Planeaci\u00f3n, Evaluaci\u00f3n y Desarrollo Regional de Sedesol, Vanessa Rubio M\u00e1rquez; de Infraestructura de la SCT, Ra\u00fal Murrieta Cummings; de Desarrollo Urbano y Vivienda de la Sedatu, Juan Carlos Lastiri Quir\u00f3s, as\u00ed como de Empleo y Productividad Laboral, Flora Patricia Mart\u00ednez Cranss, y el rector de la UAG, Javier Salda\u00f1a Almaz\u00e1n.<\/p>\n<p>http:\/\/suracapulco.mx\/grafico\/si-se-analiza-legalizar-la-siembra-de-amapola-con-fines-medicinales-confirma-osorio-chong-2\/<\/p>\n","protected":false},"excerpt":{"rendered":"<p>El Sur Karina Contreras El secretario de Gobernaci\u00f3n, Miguel \u00c1ngel Osorio Chong, reconoci\u00f3 que el gobierno federal analiza la legalizaci\u00f3n de la siembra de amapola con fines medicinales como lo &hellip; <a href=\"http:\/\/www.grieta.org.mx\/index.php\/2016\/05\/25\/si-se-analiza-legalizar-siembra-de-amapola-osorio-chong\/\" class=\"more-link\">Leer m\u00e1s<\/a><\/p>\n","protected":false},"author":2,"featured_media":21928,"comment_status":"closed","ping_status":"closed","sticky":false,"template":"","format":"standard","meta":{"ngg_post_thumbnail":0,"_jetpack_newsletter_access":"","_jetpack_dont_email_post_to_subs":false,"_jetpack_newsletter_tier_id":0,"_jetpack_memberships_contains_paywalled_content":false,"_jetpack_memberships_contains_paid_content":false,"footnotes":""},"categories":[80],"tags":[683],"class_list":["post-13060","post","type-post","status-publish","format-standard","has-post-thumbnail","hentry","category-cintillo","tag-legalizacion-amapola","entry"],"jetpack_featured_media_url":"http:\/\/www.grieta.org.mx\/wp-content\/uploads\/2018\/03\/14524434_1106112876131411_958039263622046936_o.jpg","jetpack_sharing_enabled":true,"jetpack_shortlink":"https:\/\/wp.me\/p7ZJR4-3oE","jetpack_likes_enabled":false,"jetpack-related-posts":[{"id":13563,"url":"http:\/\/www.grieta.org.mx\/index.php\/2016\/06\/08\/la-industria-de-la-amapola-en-guerrero-2\/","url_meta":{"origin":13060,"position":0},"title":"La industria de la amapola en Guerrero","author":"grieta","date":"8 junio, 2016","format":false,"excerpt":"08\/06\/16. Secuestran ni\u00f1os de Guerrero para cultivar droga: OIT Bajo Palabra 27\/05\/16. Guerrero, el mayor productor de opio en Am\u00e9rica, advierte el diario El Pa\u00eds El Sur \/ Proceso \/ El Pa\u00eds\/ NYT 25\/05\/16. En Guerrero 58 por ciento de narcolaboratorios destruidos por el ej\u00e9rcito El Sur 25\/05\/16. S\u00ed se\u2026","rel":"","context":"En &quot;CINTILLO&quot;","block_context":{"text":"CINTILLO","link":"http:\/\/www.grieta.org.mx\/index.php\/category\/cintillo\/"},"img":{"alt_text":"","src":"https:\/\/i0.wp.com\/www.grieta.org.mx\/wp-content\/uploads\/2018\/03\/14524434_1106112876131411_958039263622046936_o.jpg?resize=350%2C200","width":350,"height":200,"srcset":"https:\/\/i0.wp.com\/www.grieta.org.mx\/wp-content\/uploads\/2018\/03\/14524434_1106112876131411_958039263622046936_o.jpg?resize=350%2C200 1x, https:\/\/i0.wp.com\/www.grieta.org.mx\/wp-content\/uploads\/2018\/03\/14524434_1106112876131411_958039263622046936_o.jpg?resize=525%2C300 1.5x, https:\/\/i0.wp.com\/www.grieta.org.mx\/wp-content\/uploads\/2018\/03\/14524434_1106112876131411_958039263622046936_o.jpg?resize=700%2C400 2x"},"classes":[]},{"id":12862,"url":"http:\/\/www.grieta.org.mx\/index.php\/2016\/05\/09\/astudillo-mando-unico-legalizacion-de-amapola-y-situacion-en-chilapa\/","url_meta":{"origin":13060,"position":1},"title":"Astudillo: Mando \u00danico, legalizaci\u00f3n de amapola y situaci\u00f3n en Chilapa","author":"grieta","date":"9 mayo, 2016","format":false,"excerpt":"El Sur Abel Salgado Coyuca de Ben\u00edtez. El gobernador asegura que en Chilapa hay \u201cserenidad\u201d con la presencia del Ej\u00e9rcito, la Polic\u00eda Federal y del estado. Reitera que mantiene su propuesta de que se legalice la siembra de amapola para usos medicinales. En Coyuca de Ben\u00edtez da el banderazo para\u2026","rel":"","context":"En &quot;CINTILLO&quot;","block_context":{"text":"CINTILLO","link":"http:\/\/www.grieta.org.mx\/index.php\/category\/cintillo\/"},"img":{"alt_text":"","src":"https:\/\/i0.wp.com\/www.grieta.org.mx\/wp-content\/uploads\/2018\/03\/14524434_1106112876131411_958039263622046936_o.jpg?resize=350%2C200","width":350,"height":200,"srcset":"https:\/\/i0.wp.com\/www.grieta.org.mx\/wp-content\/uploads\/2018\/03\/14524434_1106112876131411_958039263622046936_o.jpg?resize=350%2C200 1x, https:\/\/i0.wp.com\/www.grieta.org.mx\/wp-content\/uploads\/2018\/03\/14524434_1106112876131411_958039263622046936_o.jpg?resize=525%2C300 1.5x, https:\/\/i0.wp.com\/www.grieta.org.mx\/wp-content\/uploads\/2018\/03\/14524434_1106112876131411_958039263622046936_o.jpg?resize=700%2C400 2x"},"classes":[]},{"id":11872,"url":"http:\/\/www.grieta.org.mx\/index.php\/2016\/05\/02\/se-reune-osorio-chong-con-empresarios-en-acapulco\/","url_meta":{"origin":13060,"position":2},"title":"Se re\u00fane Osorio Chong con empresarios en Acapulco","author":"grieta","date":"2 mayo, 2016","format":false,"excerpt":"La Jornada H\u00e9ctor Brise\u00f1o, corresponsal El secretario de Gobernaci\u00f3n, Miguel \u00c1ngel Osorio Chong, asisti\u00f3 este lunes a una reuni\u00f3n de l\u00edderes empresariales en la zona Diamante de este puerto. El encuentro inici\u00f3 alrededor de la 11:30 de la ma\u00f1ana; participan el gobernador H\u00e9ctor Astudillo Flores y el alcalde de Acapulco,\u2026","rel":"","context":"En &quot;CINTILLO&quot;","block_context":{"text":"CINTILLO","link":"http:\/\/www.grieta.org.mx\/index.php\/category\/cintillo\/"},"img":{"alt_text":"","src":"https:\/\/i0.wp.com\/www.grieta.org.mx\/wp-content\/uploads\/2018\/03\/14524434_1106112876131411_958039263622046936_o.jpg?resize=350%2C200","width":350,"height":200,"srcset":"https:\/\/i0.wp.com\/www.grieta.org.mx\/wp-content\/uploads\/2018\/03\/14524434_1106112876131411_958039263622046936_o.jpg?resize=350%2C200 1x, https:\/\/i0.wp.com\/www.grieta.org.mx\/wp-content\/uploads\/2018\/03\/14524434_1106112876131411_958039263622046936_o.jpg?resize=525%2C300 1.5x, https:\/\/i0.wp.com\/www.grieta.org.mx\/wp-content\/uploads\/2018\/03\/14524434_1106112876131411_958039263622046936_o.jpg?resize=700%2C400 2x"},"classes":[]},{"id":12487,"url":"http:\/\/www.grieta.org.mx\/index.php\/2016\/05\/09\/no-han-firmado-mando-unico-alrededor-de-26-municipios-astudillo\/","url_meta":{"origin":13060,"position":3},"title":"No han firmado Mando \u00danico 26 municipios: Astudillo","author":"grieta","date":"9 mayo, 2016","format":false,"excerpt":"El Sur Abel Salgado Coyuca de Benitez. El gobernador H\u00e9ctor Astudillo Flores inform\u00f3 que \u201cm\u00e1s de 55\u201d municipios han firmado el acuerdo para la creaci\u00f3n del Mando \u00danico, mientras que los restantes \u2013podr\u00edan ser cuando mucho 26\u2013 no han querido hacerlo o no se sabe por qu\u00e9 sus cabildos no\u2026","rel":"","context":"En &quot;CINTILLO&quot;","block_context":{"text":"CINTILLO","link":"http:\/\/www.grieta.org.mx\/index.php\/category\/cintillo\/"},"img":{"alt_text":"","src":"https:\/\/i0.wp.com\/www.grieta.org.mx\/wp-content\/uploads\/2018\/03\/14524434_1106112876131411_958039263622046936_o.jpg?resize=350%2C200","width":350,"height":200,"srcset":"https:\/\/i0.wp.com\/www.grieta.org.mx\/wp-content\/uploads\/2018\/03\/14524434_1106112876131411_958039263622046936_o.jpg?resize=350%2C200 1x, https:\/\/i0.wp.com\/www.grieta.org.mx\/wp-content\/uploads\/2018\/03\/14524434_1106112876131411_958039263622046936_o.jpg?resize=525%2C300 1.5x, https:\/\/i0.wp.com\/www.grieta.org.mx\/wp-content\/uploads\/2018\/03\/14524434_1106112876131411_958039263622046936_o.jpg?resize=700%2C400 2x"},"classes":[]},{"id":11868,"url":"http:\/\/www.grieta.org.mx\/index.php\/2016\/05\/02\/ejercito-manejara-centro-de-vigilancia-en-guerrero-segob\/","url_meta":{"origin":13060,"position":4},"title":"Ej\u00e9rcito manejar\u00e1 Centro de Vigilancia en Guerrero: SEGOB","author":"grieta","date":"2 mayo, 2016","format":false,"excerpt":"La Jornada, H\u00e9ctor Brise\u00f1o, corresponsal El secretario de Gobernaci\u00f3n, Miguel \u00c1ngel Osorio Chong, inform\u00f3 que el Ej\u00e9rcito mexicano se har\u00e1 cargo, a partir de esta semana, de las c\u00e1maras del Centro de Control y Vigilancia 4 (C-4) en Guerrero. Anunci\u00f3 tambi\u00e9n la construcci\u00f3n de otro C-5, que tendr\u00e1 cobertura en\u2026","rel":"","context":"En &quot;CINTILLO&quot;","block_context":{"text":"CINTILLO","link":"http:\/\/www.grieta.org.mx\/index.php\/category\/cintillo\/"},"img":{"alt_text":"","src":"https:\/\/i0.wp.com\/www.grieta.org.mx\/wp-content\/uploads\/2018\/03\/14524434_1106112876131411_958039263622046936_o.jpg?resize=350%2C200","width":350,"height":200,"srcset":"https:\/\/i0.wp.com\/www.grieta.org.mx\/wp-content\/uploads\/2018\/03\/14524434_1106112876131411_958039263622046936_o.jpg?resize=350%2C200 1x, https:\/\/i0.wp.com\/www.grieta.org.mx\/wp-content\/uploads\/2018\/03\/14524434_1106112876131411_958039263622046936_o.jpg?resize=525%2C300 1.5x, https:\/\/i0.wp.com\/www.grieta.org.mx\/wp-content\/uploads\/2018\/03\/14524434_1106112876131411_958039263622046936_o.jpg?resize=700%2C400 2x"},"classes":[]},{"id":12688,"url":"http:\/\/www.grieta.org.mx\/index.php\/2016\/05\/10\/ejercito-y-pf-no-los-ardillos-bajaron-el-crimen-en-chilapa-responde-astudillo-al-obispo-rangel\/","url_meta":{"origin":13060,"position":5},"title":"Ej\u00e9rcito y PF, no Los Ardillos, bajaron el crimen en Chilapa, responde Astudillo al obispo Rangel","author":"grieta","date":"10 mayo, 2016","format":false,"excerpt":"El Sur Abel Salgado El gobernador H\u00e9ctor Astudillo Flores defendi\u00f3 la presencia del Ej\u00e9rcito y la Polic\u00eda Federal (PF) en Chilapa y dijo que con ellos han disminuido los \u201ccr\u00edmenes dolosos\u201d, adem\u00e1s de que inhibieron que se repitieran hechos de violencia. Con relaci\u00f3n a la declaraci\u00f3n del obispo de la\u2026","rel":"","context":"En &quot;CINTILLO&quot;","block_context":{"text":"CINTILLO","link":"http:\/\/www.grieta.org.mx\/index.php\/category\/cintillo\/"},"img":{"alt_text":"","src":"https:\/\/i0.wp.com\/www.grieta.org.mx\/wp-content\/uploads\/2018\/03\/14524434_1106112876131411_958039263622046936_o.jpg?resize=350%2C200","width":350,"height":200,"srcset":"https:\/\/i0.wp.com\/www.grieta.org.mx\/wp-content\/uploads\/2018\/03\/14524434_1106112876131411_958039263622046936_o.jpg?resize=350%2C200 1x, https:\/\/i0.wp.com\/www.grieta.org.mx\/wp-content\/uploads\/2018\/03\/14524434_1106112876131411_958039263622046936_o.jpg?resize=525%2C300 1.5x, https:\/\/i0.wp.com\/www.grieta.org.mx\/wp-content\/uploads\/2018\/03\/14524434_1106112876131411_958039263622046936_o.jpg?resize=700%2C400 2x"},"classes":[]}],"_links":{"self":[{"href":"http:\/\/www.grieta.org.mx\/index.php\/wp-json\/wp\/v2\/posts\/13060","targetHints":{"allow":["GET"]}}],"collection":[{"href":"http:\/\/www.grieta.org.mx\/index.php\/wp-json\/wp\/v2\/posts"}],"about":[{"href":"http:\/\/www.grieta.org.mx\/index.php\/wp-json\/wp\/v2\/types\/post"}],"author":[{"embeddable":true,"href":"http:\/\/www.grieta.org.mx\/index.php\/wp-json\/wp\/v2\/users\/2"}],"replies":[{"embeddable":true,"href":"http:\/\/www.grieta.org.mx\/index.php\/wp-json\/wp\/v2\/comments?post=13060"}],"version-history":[{"count":1,"href":"http:\/\/www.grieta.org.mx\/index.php\/wp-json\/wp\/v2\/posts\/13060\/revisions"}],"predecessor-version":[{"id":13062,"href":"http:\/\/www.grieta.org.mx\/index.php\/wp-json\/wp\/v2\/posts\/13060\/revisions\/13062"}],"wp:featuredmedia":[{"embeddable":true,"href":"http:\/\/www.grieta.org.mx\/index.php\/wp-json\/wp\/v2\/media\/21928"}],"wp:attachment":[{"href":"http:\/\/www.grieta.org.mx\/index.php\/wp-json\/wp\/v2\/media?parent=13060"}],"wp:term":[{"taxonomy":"category","embeddable":true,"href":"http:\/\/www.grieta.org.mx\/index.php\/wp-json\/wp\/v2\/categories?post=13060"},{"taxonomy":"post_tag","embeddable":true,"href":"http:\/\/www.grieta.org.mx\/index.php\/wp-json\/wp\/v2\/tags?post=13060"}],"curies":[{"name":"wp","href":"https:\/\/api.w.org\/{rel}","templated":true}]}}