{"id":12959,"date":"2016-05-25T10:56:27","date_gmt":"2016-05-25T10:56:27","guid":{"rendered":"http:\/\/www.grieta.org.mx\/?p=12959"},"modified":"2016-05-25T21:58:10","modified_gmt":"2016-05-25T21:58:10","slug":"niegan-amparo-al-sueum-la-huelga-sera-a-puertas-abiertas","status":"publish","type":"post","link":"http:\/\/www.grieta.org.mx\/index.php\/2016\/05\/25\/niegan-amparo-al-sueum-la-huelga-sera-a-puertas-abiertas\/","title":{"rendered":"Niegan amparo al SUEUM; la huelga ser\u00e1 a puertas abiertas"},"content":{"rendered":"<p>Roberto Perfino<\/p>\n<p>Morelia, Michoac\u00e1n.- La juez neg\u00f3 al Sindicato \u00danico de Empleados de la Universidad Michoacana (SUEUM) la suspensi\u00f3n del acto reclamado en el amparo contra la huelga de puertas abiertas, por lo que las instalaciones de la m\u00e1xima casa de estudios seguir\u00e1n abiertas a los docentes y universitarios. <\/p>\n<p>El sindicato anunci\u00f3 que en caso de no resultar favorecido con el amparo, llevar\u00e1 la huelga a las calles por lo que implicar\u00e1 cierre de calles y posible plant\u00f3n en el Centro Hist\u00f3rico. (Foto: Cambio de Michoac\u00e1n) En el expediente 522\/2016 se le neg\u00f3 la suspensi\u00f3n del acto reclamado fijando audiencia incidental 31 de mayo. <\/p>\n<p>Asimismo, la juez de distrito se\u00f1al\u00f3 que los criterios de la suprema Corte de Justicia de la Naci\u00f3n refuerzan el criterio adoptado por la Junta Local de Conciliaci\u00f3n y Arbitraje en el sentido de hacer una ponderaci\u00f3n de derechos. <\/p>\n<p>Define que el derecho a la huelga, no podr\u00e1 estar por encima del derecho a la educaci\u00f3n de calidad, la UMSNH al ser una instituci\u00f3n de calidad en la educaci\u00f3n superior trasciende en esta resoluci\u00f3n. <\/p>\n<p>Es de se\u00f1alar que el sindicato anunci\u00f3 que en caso de no resultar favorecido con el amparo, llevar\u00e1 la huelga a las calles por lo que implicar\u00e1 cierre de calles y posible plant\u00f3n en el Centro Hist\u00f3rico.<\/p>\n<p><a href=\"http:\/\/www.cambiodemichoacan.com.mx\/nota-n4987\" target=\"_blank\">http:\/\/www.cambiodemichoacan.com.mx\/nota-n4987<\/a><\/p>\n","protected":false},"excerpt":{"rendered":"<p>Roberto Perfino Morelia, Michoac\u00e1n.- La juez neg\u00f3 al Sindicato \u00danico de Empleados de la Universidad Michoacana (SUEUM) la suspensi\u00f3n del acto reclamado en el amparo contra la huelga de puertas &hellip; <a href=\"http:\/\/www.grieta.org.mx\/index.php\/2016\/05\/25\/niegan-amparo-al-sueum-la-huelga-sera-a-puertas-abiertas\/\" class=\"more-link\">Leer m\u00e1s<\/a><\/p>\n","protected":false},"author":2,"featured_media":21928,"comment_status":"closed","ping_status":"closed","sticky":false,"template":"","format":"standard","meta":{"ngg_post_thumbnail":0,"_jetpack_newsletter_access":"","_jetpack_dont_email_post_to_subs":false,"_jetpack_newsletter_tier_id":0,"_jetpack_memberships_contains_paywalled_content":false,"_jetpack_memberships_contains_paid_content":false,"footnotes":""},"categories":[80,82],"tags":[104,679],"class_list":["post-12959","post","type-post","status-publish","format-standard","has-post-thumbnail","hentry","category-cintillo","category-michoacan","tag-huelga","tag-umsnh","entry"],"jetpack_featured_media_url":"http:\/\/www.grieta.org.mx\/wp-content\/uploads\/2018\/03\/14524434_1106112876131411_958039263622046936_o.jpg","jetpack_sharing_enabled":true,"jetpack_shortlink":"https:\/\/wp.me\/p7ZJR4-3n1","jetpack_likes_enabled":false,"jetpack-related-posts":[{"id":12949,"url":"http:\/\/www.grieta.org.mx\/index.php\/2016\/06\/27\/conflictos-en-la-universidad-michoacana-de-san-nicolas-de-hidalgo\/","url_meta":{"origin":12959,"position":0},"title":"Conflictos en la Universidad Michoacana de San Nicol\u00e1s de Hidalgo","author":"grieta","date":"27 junio, 2016","format":false,"excerpt":"Huelga en la UMSNH 27\/06\/16. SUEUM levanta la huelga en la UMSNH La Voz Michoac\u00e1n 20\/06\/16. Sin avances en la huelga de la UMSNH Provincia 16\/06\/16. SUEUM y UMSNH, en di\u00e1logo interno para solucionar huelga La Voz de Michoac\u00e1n 06\/06\/16. Podr\u00eda levantarse huelga en la UMSNH ante avances en las\u2026","rel":"","context":"En &quot;Michoac\u00e1n&quot;","block_context":{"text":"Michoac\u00e1n","link":"http:\/\/www.grieta.org.mx\/index.php\/category\/noticias-nacionales\/michoacan\/"},"img":{"alt_text":"","src":"https:\/\/i0.wp.com\/www.grieta.org.mx\/wp-content\/uploads\/2018\/03\/14524434_1106112876131411_958039263622046936_o.jpg?resize=350%2C200","width":350,"height":200,"srcset":"https:\/\/i0.wp.com\/www.grieta.org.mx\/wp-content\/uploads\/2018\/03\/14524434_1106112876131411_958039263622046936_o.jpg?resize=350%2C200 1x, https:\/\/i0.wp.com\/www.grieta.org.mx\/wp-content\/uploads\/2018\/03\/14524434_1106112876131411_958039263622046936_o.jpg?resize=525%2C300 1.5x, https:\/\/i0.wp.com\/www.grieta.org.mx\/wp-content\/uploads\/2018\/03\/14524434_1106112876131411_958039263622046936_o.jpg?resize=700%2C400 2x"},"classes":[]},{"id":12957,"url":"http:\/\/www.grieta.org.mx\/index.php\/2016\/05\/22\/sueum-iria-a-planton-en-el-centro-si-huelga-sigue-de-puertas-abiertas\/","url_meta":{"origin":12959,"position":1},"title":"SUEUM ir\u00eda a plant\u00f3n en el Centro si huelga sigue de puertas abiertas","author":"grieta","date":"22 mayo, 2016","format":false,"excerpt":"Uriel Morales P\u00e9rez MORELIA, Mich., 22 de mayo de 2016.- El Sindicato \u00danico de Empleados de la Universidad Michoacana (SUEUM) concluy\u00f3 la reuni\u00f3n de este domingo con un amago de ir a plant\u00f3n en el Centro de Morelia si se mantiene la disposici\u00f3n de huelga de puertas abiertas. Se indic\u00f3\u2026","rel":"","context":"En &quot;CINTILLO&quot;","block_context":{"text":"CINTILLO","link":"http:\/\/www.grieta.org.mx\/index.php\/category\/cintillo\/"},"img":{"alt_text":"","src":"https:\/\/i0.wp.com\/www.grieta.org.mx\/wp-content\/uploads\/2018\/03\/14524434_1106112876131411_958039263622046936_o.jpg?resize=350%2C200","width":350,"height":200,"srcset":"https:\/\/i0.wp.com\/www.grieta.org.mx\/wp-content\/uploads\/2018\/03\/14524434_1106112876131411_958039263622046936_o.jpg?resize=350%2C200 1x, https:\/\/i0.wp.com\/www.grieta.org.mx\/wp-content\/uploads\/2018\/03\/14524434_1106112876131411_958039263622046936_o.jpg?resize=525%2C300 1.5x, https:\/\/i0.wp.com\/www.grieta.org.mx\/wp-content\/uploads\/2018\/03\/14524434_1106112876131411_958039263622046936_o.jpg?resize=700%2C400 2x"},"classes":[]},{"id":12954,"url":"http:\/\/www.grieta.org.mx\/index.php\/2016\/05\/20\/sueum-estalla-huelga-de-puertas-abiertas-en-umsnh\/","url_meta":{"origin":12959,"position":2},"title":"SUEUM estalla huelga de \u201cpuertas abiertas\u201d en UMSNH","author":"grieta","date":"20 mayo, 2016","format":false,"excerpt":"Mar\u00eda Yedid Zapi\u00e9n Morelia, Michoac\u00e1n.- A pesar de que el grupo disidente del Sindicato \u00danico de Empleados de la Universidad Michoacana hizo un llamado a no irse a huelga, esta ma\u00f1ana luego de una asamblea con 1,125 votos a favor 186 en contra y 10 abstenciones, se decidi\u00f3 que el\u2026","rel":"","context":"En &quot;CINTILLO&quot;","block_context":{"text":"CINTILLO","link":"http:\/\/www.grieta.org.mx\/index.php\/category\/cintillo\/"},"img":{"alt_text":"","src":"https:\/\/i0.wp.com\/www.grieta.org.mx\/wp-content\/uploads\/2018\/03\/14524434_1106112876131411_958039263622046936_o.jpg?resize=350%2C200","width":350,"height":200,"srcset":"https:\/\/i0.wp.com\/www.grieta.org.mx\/wp-content\/uploads\/2018\/03\/14524434_1106112876131411_958039263622046936_o.jpg?resize=350%2C200 1x, https:\/\/i0.wp.com\/www.grieta.org.mx\/wp-content\/uploads\/2018\/03\/14524434_1106112876131411_958039263622046936_o.jpg?resize=525%2C300 1.5x, https:\/\/i0.wp.com\/www.grieta.org.mx\/wp-content\/uploads\/2018\/03\/14524434_1106112876131411_958039263622046936_o.jpg?resize=700%2C400 2x"},"classes":[]},{"id":15881,"url":"http:\/\/www.grieta.org.mx\/index.php\/2016\/06\/27\/sueum-levanta-la-huelga-en-la-umsnh\/","url_meta":{"origin":12959,"position":3},"title":"SUEUM levanta la huelga en la UMSNH","author":"Admin","date":"27 junio, 2016","format":false,"excerpt":"Ver\u00f3nica Torres\/ La Voz de Michoac\u00e1n. Morelia, Michoac\u00e1n.- Luego de 38 d\u00edas de huelga, el Sindicato \u00danico de Empleados de la Universidad Michoacana (SUEUM) vot\u00f3 por unanimidad levantar la huelga a puertas abiertas que sosten\u00edan en la Universidad Michoacana de San Nicol\u00e1s de Hidalgo. Ello se logr\u00f3 tras cerca de\u2026","rel":"","context":"En &quot;CINTILLO&quot;","block_context":{"text":"CINTILLO","link":"http:\/\/www.grieta.org.mx\/index.php\/category\/cintillo\/"},"img":{"alt_text":"","src":"https:\/\/i0.wp.com\/www.grieta.org.mx\/wp-content\/uploads\/2018\/03\/14524434_1106112876131411_958039263622046936_o.jpg?resize=350%2C200","width":350,"height":200,"srcset":"https:\/\/i0.wp.com\/www.grieta.org.mx\/wp-content\/uploads\/2018\/03\/14524434_1106112876131411_958039263622046936_o.jpg?resize=350%2C200 1x, https:\/\/i0.wp.com\/www.grieta.org.mx\/wp-content\/uploads\/2018\/03\/14524434_1106112876131411_958039263622046936_o.jpg?resize=525%2C300 1.5x, https:\/\/i0.wp.com\/www.grieta.org.mx\/wp-content\/uploads\/2018\/03\/14524434_1106112876131411_958039263622046936_o.jpg?resize=700%2C400 2x"},"classes":[]},{"id":12952,"url":"http:\/\/www.grieta.org.mx\/index.php\/2016\/05\/20\/estalla-la-huelga-en-la-umsnh\/","url_meta":{"origin":12959,"position":4},"title":"Estalla la huelga en la UMSNH","author":"grieta","date":"20 mayo, 2016","format":false,"excerpt":"Ana Mar\u00eda Cano El Sindicato \u00danico de Empleados de la Universidad Michoacana (SUEUM) declara estallar la huelga en la Universidad Michoacana de San Nicol\u00e1s de Higdalgo (UMSNH), por lo que este d\u00eda, a las 19:00 horas, en punto, se colocar\u00e1n las banderas rojinegras en todas las dependencias universitarias. El estallamiento\u2026","rel":"","context":"En &quot;CINTILLO&quot;","block_context":{"text":"CINTILLO","link":"http:\/\/www.grieta.org.mx\/index.php\/category\/cintillo\/"},"img":{"alt_text":"","src":"https:\/\/i0.wp.com\/www.grieta.org.mx\/wp-content\/uploads\/2018\/03\/14524434_1106112876131411_958039263622046936_o.jpg?resize=350%2C200","width":350,"height":200,"srcset":"https:\/\/i0.wp.com\/www.grieta.org.mx\/wp-content\/uploads\/2018\/03\/14524434_1106112876131411_958039263622046936_o.jpg?resize=350%2C200 1x, https:\/\/i0.wp.com\/www.grieta.org.mx\/wp-content\/uploads\/2018\/03\/14524434_1106112876131411_958039263622046936_o.jpg?resize=525%2C300 1.5x, https:\/\/i0.wp.com\/www.grieta.org.mx\/wp-content\/uploads\/2018\/03\/14524434_1106112876131411_958039263622046936_o.jpg?resize=700%2C400 2x"},"classes":[]},{"id":14689,"url":"http:\/\/www.grieta.org.mx\/index.php\/2016\/06\/16\/sueum-y-umsnh-en-dialogo-interno-para-solucionar-huelga\/","url_meta":{"origin":12959,"position":5},"title":"SUEUM y UMSNH, en di\u00e1logo interno para solucionar huelga","author":"grieta","date":"16 junio, 2016","format":false,"excerpt":"Mar\u00eda Yedid Zapi\u00e9n\/ La Voz de Michoac\u00e1n. Morelia, Michoac\u00e1n.- En reuni\u00f3n del Consejo General de Huelga y autoridades se ley\u00f3 la propuesta de las autoridades para que las Comisiones Mixtas de Escalaf\u00f3n y Tabuladores reinicien sus reuniones de trabajo y ponen fecha del 12 de septiembre como l\u00edmite para que\u2026","rel":"","context":"En &quot;CINTILLO&quot;","block_context":{"text":"CINTILLO","link":"http:\/\/www.grieta.org.mx\/index.php\/category\/cintillo\/"},"img":{"alt_text":"","src":"https:\/\/i0.wp.com\/www.grieta.org.mx\/wp-content\/uploads\/2018\/03\/14524434_1106112876131411_958039263622046936_o.jpg?resize=350%2C200","width":350,"height":200,"srcset":"https:\/\/i0.wp.com\/www.grieta.org.mx\/wp-content\/uploads\/2018\/03\/14524434_1106112876131411_958039263622046936_o.jpg?resize=350%2C200 1x, https:\/\/i0.wp.com\/www.grieta.org.mx\/wp-content\/uploads\/2018\/03\/14524434_1106112876131411_958039263622046936_o.jpg?resize=525%2C300 1.5x, https:\/\/i0.wp.com\/www.grieta.org.mx\/wp-content\/uploads\/2018\/03\/14524434_1106112876131411_958039263622046936_o.jpg?resize=700%2C400 2x"},"classes":[]}],"_links":{"self":[{"href":"http:\/\/www.grieta.org.mx\/index.php\/wp-json\/wp\/v2\/posts\/12959","targetHints":{"allow":["GET"]}}],"collection":[{"href":"http:\/\/www.grieta.org.mx\/index.php\/wp-json\/wp\/v2\/posts"}],"about":[{"href":"http:\/\/www.grieta.org.mx\/index.php\/wp-json\/wp\/v2\/types\/post"}],"author":[{"embeddable":true,"href":"http:\/\/www.grieta.org.mx\/index.php\/wp-json\/wp\/v2\/users\/2"}],"replies":[{"embeddable":true,"href":"http:\/\/www.grieta.org.mx\/index.php\/wp-json\/wp\/v2\/comments?post=12959"}],"version-history":[{"count":1,"href":"http:\/\/www.grieta.org.mx\/index.php\/wp-json\/wp\/v2\/posts\/12959\/revisions"}],"predecessor-version":[{"id":12960,"href":"http:\/\/www.grieta.org.mx\/index.php\/wp-json\/wp\/v2\/posts\/12959\/revisions\/12960"}],"wp:featuredmedia":[{"embeddable":true,"href":"http:\/\/www.grieta.org.mx\/index.php\/wp-json\/wp\/v2\/media\/21928"}],"wp:attachment":[{"href":"http:\/\/www.grieta.org.mx\/index.php\/wp-json\/wp\/v2\/media?parent=12959"}],"wp:term":[{"taxonomy":"category","embeddable":true,"href":"http:\/\/www.grieta.org.mx\/index.php\/wp-json\/wp\/v2\/categories?post=12959"},{"taxonomy":"post_tag","embeddable":true,"href":"http:\/\/www.grieta.org.mx\/index.php\/wp-json\/wp\/v2\/tags?post=12959"}],"curies":[{"name":"wp","href":"https:\/\/api.w.org\/{rel}","templated":true}]}}