{"id":12950,"date":"2016-05-19T21:34:39","date_gmt":"2016-05-19T21:34:39","guid":{"rendered":"http:\/\/www.grieta.org.mx\/?p=12950"},"modified":"2016-05-25T21:37:12","modified_gmt":"2016-05-25T21:37:12","slug":"umsnh-en-vilo-sueum-define-este-viernes-si-se-va-a-huelga","status":"publish","type":"post","link":"http:\/\/www.grieta.org.mx\/index.php\/2016\/05\/19\/umsnh-en-vilo-sueum-define-este-viernes-si-se-va-a-huelga\/","title":{"rendered":"UMSNH, en vilo; SUEUM define este viernes si se va a huelga"},"content":{"rendered":"<p>Uriel Morales P\u00e9rez<\/p>\n<p>MORELIA, Mich., 19 de mayo de 2016.- La Universidad Michoacana de San Nicol\u00e1s de Hidalgo (UMSNH) se encuentra este viernes en vilo, pues podr\u00eda estallar una huelga. Y es que este d\u00eda vence el plazo que dio el Sindicato \u00danico de Empleados de la Universidad Michoacana (SUEUM) para que la Rector\u00eda, encabezada por Medardo Serna Gonz\u00e1lez, resuelva las demandas del gremio. Estas se centran en atender y resolver las violaciones contractuales que se\u00f1alan los sindicalizados, y las cuales son 26, y una adicional que ya fue resuelta. <\/p>\n<p>Este mi\u00e9rcoles, durante una reuni\u00f3n con las autoridades nicolaitas, se dio formalmente el ofrecimiento salarial y de prestaciones al SUEUM, cuyos montos son de 3.15 por ciento al salario y 1 por ciento a prestaciones no ligadas al salario. <\/p>\n<p>En tanto, el tesorero de la m\u00e1xima casa de estudios se comprometi\u00f3 a actualizar las fechas de incremento correspondiente y hacerla llegar al gremio este jueves. <\/p>\n<p>El rector tambi\u00e9n dio a conocer que se autoriz\u00f3 los pagos pendientes \u00fanicamente por un a\u00f1o, de tiempos extraordinarios, en el caso de entrenadores, talleristas y guardias, adem\u00e1s se acord\u00f3 la adquisici\u00f3n de material de oficina, para lo cual se firmar\u00e1 una minuta. <\/p>\n<p>Ante ello, el Consejo General de Huelga del sindicato convoc\u00f3 a los agremiados a que a partir de las 10:00 horas se re\u00fanan en el Auditorio de Usos M\u00faltiples de Ciudad Universitaria para efectuar una asamblea donde se escuchen los ofrecimientos econ\u00f3micos y reparaci\u00f3n de dichas cl\u00e1usulas. <\/p>\n<p>En esta reuni\u00f3n se decidir\u00e1 si aceptan o no este planteamiento de aumento, y en dado caso de que no lo acepten la huelga estallar\u00e1 a las 19:00 horas y con ello la aparici\u00f3n de las banderas rojinegras.<\/p>\n<p><a href=\"https:\/\/www.quadratin.com.mx\/educativas\/UMSNH-vilo-SUEUM-define-este-viernes-se-va-huelga\/\" target=\"_blank\">https:\/\/www.quadratin.com.mx\/educativas\/UMSNH-vilo-SUEUM-define-este-viernes-se-va-huelga\/<\/a><\/p>\n","protected":false},"excerpt":{"rendered":"<p>Uriel Morales P\u00e9rez MORELIA, Mich., 19 de mayo de 2016.- La Universidad Michoacana de San Nicol\u00e1s de Hidalgo (UMSNH) se encuentra este viernes en vilo, pues podr\u00eda estallar una huelga. &hellip; <a href=\"http:\/\/www.grieta.org.mx\/index.php\/2016\/05\/19\/umsnh-en-vilo-sueum-define-este-viernes-si-se-va-a-huelga\/\" class=\"more-link\">Leer m\u00e1s<\/a><\/p>\n","protected":false},"author":2,"featured_media":21928,"comment_status":"closed","ping_status":"closed","sticky":false,"template":"","format":"standard","meta":{"ngg_post_thumbnail":0,"_jetpack_newsletter_access":"","_jetpack_dont_email_post_to_subs":false,"_jetpack_newsletter_tier_id":0,"_jetpack_memberships_contains_paywalled_content":false,"_jetpack_memberships_contains_paid_content":false,"footnotes":""},"categories":[80,82],"tags":[104,679],"class_list":["post-12950","post","type-post","status-publish","format-standard","has-post-thumbnail","hentry","category-cintillo","category-michoacan","tag-huelga","tag-umsnh","entry"],"jetpack_featured_media_url":"http:\/\/www.grieta.org.mx\/wp-content\/uploads\/2018\/03\/14524434_1106112876131411_958039263622046936_o.jpg","jetpack_sharing_enabled":true,"jetpack_shortlink":"https:\/\/wp.me\/p7ZJR4-3mS","jetpack_likes_enabled":false,"jetpack-related-posts":[{"id":12949,"url":"http:\/\/www.grieta.org.mx\/index.php\/2016\/06\/27\/conflictos-en-la-universidad-michoacana-de-san-nicolas-de-hidalgo\/","url_meta":{"origin":12950,"position":0},"title":"Conflictos en la Universidad Michoacana de San Nicol\u00e1s de Hidalgo","author":"grieta","date":"27 junio, 2016","format":false,"excerpt":"Huelga en la UMSNH 27\/06\/16. SUEUM levanta la huelga en la UMSNH La Voz Michoac\u00e1n 20\/06\/16. Sin avances en la huelga de la UMSNH Provincia 16\/06\/16. SUEUM y UMSNH, en di\u00e1logo interno para solucionar huelga La Voz de Michoac\u00e1n 06\/06\/16. Podr\u00eda levantarse huelga en la UMSNH ante avances en las\u2026","rel":"","context":"En &quot;Michoac\u00e1n&quot;","block_context":{"text":"Michoac\u00e1n","link":"http:\/\/www.grieta.org.mx\/index.php\/category\/noticias-nacionales\/michoacan\/"},"img":{"alt_text":"","src":"https:\/\/i0.wp.com\/www.grieta.org.mx\/wp-content\/uploads\/2018\/03\/14524434_1106112876131411_958039263622046936_o.jpg?resize=350%2C200","width":350,"height":200,"srcset":"https:\/\/i0.wp.com\/www.grieta.org.mx\/wp-content\/uploads\/2018\/03\/14524434_1106112876131411_958039263622046936_o.jpg?resize=350%2C200 1x, https:\/\/i0.wp.com\/www.grieta.org.mx\/wp-content\/uploads\/2018\/03\/14524434_1106112876131411_958039263622046936_o.jpg?resize=525%2C300 1.5x, https:\/\/i0.wp.com\/www.grieta.org.mx\/wp-content\/uploads\/2018\/03\/14524434_1106112876131411_958039263622046936_o.jpg?resize=700%2C400 2x"},"classes":[]},{"id":15881,"url":"http:\/\/www.grieta.org.mx\/index.php\/2016\/06\/27\/sueum-levanta-la-huelga-en-la-umsnh\/","url_meta":{"origin":12950,"position":1},"title":"SUEUM levanta la huelga en la UMSNH","author":"Admin","date":"27 junio, 2016","format":false,"excerpt":"Ver\u00f3nica Torres\/ La Voz de Michoac\u00e1n. Morelia, Michoac\u00e1n.- Luego de 38 d\u00edas de huelga, el Sindicato \u00danico de Empleados de la Universidad Michoacana (SUEUM) vot\u00f3 por unanimidad levantar la huelga a puertas abiertas que sosten\u00edan en la Universidad Michoacana de San Nicol\u00e1s de Hidalgo. Ello se logr\u00f3 tras cerca de\u2026","rel":"","context":"En &quot;CINTILLO&quot;","block_context":{"text":"CINTILLO","link":"http:\/\/www.grieta.org.mx\/index.php\/category\/cintillo\/"},"img":{"alt_text":"","src":"https:\/\/i0.wp.com\/www.grieta.org.mx\/wp-content\/uploads\/2018\/03\/14524434_1106112876131411_958039263622046936_o.jpg?resize=350%2C200","width":350,"height":200,"srcset":"https:\/\/i0.wp.com\/www.grieta.org.mx\/wp-content\/uploads\/2018\/03\/14524434_1106112876131411_958039263622046936_o.jpg?resize=350%2C200 1x, https:\/\/i0.wp.com\/www.grieta.org.mx\/wp-content\/uploads\/2018\/03\/14524434_1106112876131411_958039263622046936_o.jpg?resize=525%2C300 1.5x, https:\/\/i0.wp.com\/www.grieta.org.mx\/wp-content\/uploads\/2018\/03\/14524434_1106112876131411_958039263622046936_o.jpg?resize=700%2C400 2x"},"classes":[]},{"id":12954,"url":"http:\/\/www.grieta.org.mx\/index.php\/2016\/05\/20\/sueum-estalla-huelga-de-puertas-abiertas-en-umsnh\/","url_meta":{"origin":12950,"position":2},"title":"SUEUM estalla huelga de \u201cpuertas abiertas\u201d en UMSNH","author":"grieta","date":"20 mayo, 2016","format":false,"excerpt":"Mar\u00eda Yedid Zapi\u00e9n Morelia, Michoac\u00e1n.- A pesar de que el grupo disidente del Sindicato \u00danico de Empleados de la Universidad Michoacana hizo un llamado a no irse a huelga, esta ma\u00f1ana luego de una asamblea con 1,125 votos a favor 186 en contra y 10 abstenciones, se decidi\u00f3 que el\u2026","rel":"","context":"En &quot;CINTILLO&quot;","block_context":{"text":"CINTILLO","link":"http:\/\/www.grieta.org.mx\/index.php\/category\/cintillo\/"},"img":{"alt_text":"","src":"https:\/\/i0.wp.com\/www.grieta.org.mx\/wp-content\/uploads\/2018\/03\/14524434_1106112876131411_958039263622046936_o.jpg?resize=350%2C200","width":350,"height":200,"srcset":"https:\/\/i0.wp.com\/www.grieta.org.mx\/wp-content\/uploads\/2018\/03\/14524434_1106112876131411_958039263622046936_o.jpg?resize=350%2C200 1x, https:\/\/i0.wp.com\/www.grieta.org.mx\/wp-content\/uploads\/2018\/03\/14524434_1106112876131411_958039263622046936_o.jpg?resize=525%2C300 1.5x, https:\/\/i0.wp.com\/www.grieta.org.mx\/wp-content\/uploads\/2018\/03\/14524434_1106112876131411_958039263622046936_o.jpg?resize=700%2C400 2x"},"classes":[]},{"id":12952,"url":"http:\/\/www.grieta.org.mx\/index.php\/2016\/05\/20\/estalla-la-huelga-en-la-umsnh\/","url_meta":{"origin":12950,"position":3},"title":"Estalla la huelga en la UMSNH","author":"grieta","date":"20 mayo, 2016","format":false,"excerpt":"Ana Mar\u00eda Cano El Sindicato \u00danico de Empleados de la Universidad Michoacana (SUEUM) declara estallar la huelga en la Universidad Michoacana de San Nicol\u00e1s de Higdalgo (UMSNH), por lo que este d\u00eda, a las 19:00 horas, en punto, se colocar\u00e1n las banderas rojinegras en todas las dependencias universitarias. El estallamiento\u2026","rel":"","context":"En &quot;CINTILLO&quot;","block_context":{"text":"CINTILLO","link":"http:\/\/www.grieta.org.mx\/index.php\/category\/cintillo\/"},"img":{"alt_text":"","src":"https:\/\/i0.wp.com\/www.grieta.org.mx\/wp-content\/uploads\/2018\/03\/14524434_1106112876131411_958039263622046936_o.jpg?resize=350%2C200","width":350,"height":200,"srcset":"https:\/\/i0.wp.com\/www.grieta.org.mx\/wp-content\/uploads\/2018\/03\/14524434_1106112876131411_958039263622046936_o.jpg?resize=350%2C200 1x, https:\/\/i0.wp.com\/www.grieta.org.mx\/wp-content\/uploads\/2018\/03\/14524434_1106112876131411_958039263622046936_o.jpg?resize=525%2C300 1.5x, https:\/\/i0.wp.com\/www.grieta.org.mx\/wp-content\/uploads\/2018\/03\/14524434_1106112876131411_958039263622046936_o.jpg?resize=700%2C400 2x"},"classes":[]},{"id":43264,"url":"http:\/\/www.grieta.org.mx\/index.php\/2020\/01\/21\/sueum-tomara-oficinas-administrativas-de-la-umsnh-el-jueves-michoacan\/","url_meta":{"origin":12950,"position":4},"title":"SUEUM tomar\u00e1 oficinas administrativas de la UMSNH el jueves  (Michoac\u00e1n)","author":"grieta","date":"21 enero, 2020","format":false,"excerpt":"Por Guadalupe Mart\u00ednez \/ Mi Morelia, 21 de enero de 2020 Morelia, Michoac\u00e1n (MiMorelia.com).- Integrantes del Consejo General de Huelga del Sindicato \u00danico de Empleados de la Universidad Michoacana (SUEUM) aprobaron tomar de manera indefinida este jueves todas las oficinas administrativas de la Casa de Hidalgo en protesta por los\u2026","rel":"","context":"En &quot;CINTILLO&quot;","block_context":{"text":"CINTILLO","link":"http:\/\/www.grieta.org.mx\/index.php\/category\/cintillo\/"},"img":{"alt_text":"","src":"https:\/\/i0.wp.com\/www.grieta.org.mx\/wp-content\/uploads\/2020\/01\/mimorelia_sueum_umsnh_huelga.jpg?resize=350%2C200","width":350,"height":200,"srcset":"https:\/\/i0.wp.com\/www.grieta.org.mx\/wp-content\/uploads\/2020\/01\/mimorelia_sueum_umsnh_huelga.jpg?resize=350%2C200 1x, https:\/\/i0.wp.com\/www.grieta.org.mx\/wp-content\/uploads\/2020\/01\/mimorelia_sueum_umsnh_huelga.jpg?resize=525%2C300 1.5x"},"classes":[]},{"id":42407,"url":"http:\/\/www.grieta.org.mx\/index.php\/2019\/12\/13\/paralizan-la-umsnh-por-12-horas-sueum-rechaza-jubilaciones-y-pensiones-michoacan\/","url_meta":{"origin":12950,"position":5},"title":"Paralizan la UMSNH por 12 horas; SUEUM rechaza jubilaciones y pensiones (Michoac\u00e1n)","author":"grieta","date":"13 diciembre, 2019","format":false,"excerpt":"Luego de m\u00e1s de tres horas de discusi\u00f3n, autoridades de la Universidad Michoacana de San Nicol\u00e1s de Hidalgo (UMSNH y miembros del Consejo General de Huelga acordaron la formaci\u00f3n de una comisi\u00f3n para dar otra revisada al documento. Juan Bustos \/ La Voz de Michoac\u00e1n, 13 de diciembre de 2019\u2026","rel":"","context":"En &quot;CINTILLO&quot;","block_context":{"text":"CINTILLO","link":"http:\/\/www.grieta.org.mx\/index.php\/category\/cintillo\/"},"img":{"alt_text":"","src":"https:\/\/i0.wp.com\/www.grieta.org.mx\/wp-content\/uploads\/2019\/12\/umsnh-1.jpg?resize=350%2C200","width":350,"height":200,"srcset":"https:\/\/i0.wp.com\/www.grieta.org.mx\/wp-content\/uploads\/2019\/12\/umsnh-1.jpg?resize=350%2C200 1x, https:\/\/i0.wp.com\/www.grieta.org.mx\/wp-content\/uploads\/2019\/12\/umsnh-1.jpg?resize=525%2C300 1.5x, https:\/\/i0.wp.com\/www.grieta.org.mx\/wp-content\/uploads\/2019\/12\/umsnh-1.jpg?resize=700%2C400 2x"},"classes":[]}],"_links":{"self":[{"href":"http:\/\/www.grieta.org.mx\/index.php\/wp-json\/wp\/v2\/posts\/12950","targetHints":{"allow":["GET"]}}],"collection":[{"href":"http:\/\/www.grieta.org.mx\/index.php\/wp-json\/wp\/v2\/posts"}],"about":[{"href":"http:\/\/www.grieta.org.mx\/index.php\/wp-json\/wp\/v2\/types\/post"}],"author":[{"embeddable":true,"href":"http:\/\/www.grieta.org.mx\/index.php\/wp-json\/wp\/v2\/users\/2"}],"replies":[{"embeddable":true,"href":"http:\/\/www.grieta.org.mx\/index.php\/wp-json\/wp\/v2\/comments?post=12950"}],"version-history":[{"count":1,"href":"http:\/\/www.grieta.org.mx\/index.php\/wp-json\/wp\/v2\/posts\/12950\/revisions"}],"predecessor-version":[{"id":12951,"href":"http:\/\/www.grieta.org.mx\/index.php\/wp-json\/wp\/v2\/posts\/12950\/revisions\/12951"}],"wp:featuredmedia":[{"embeddable":true,"href":"http:\/\/www.grieta.org.mx\/index.php\/wp-json\/wp\/v2\/media\/21928"}],"wp:attachment":[{"href":"http:\/\/www.grieta.org.mx\/index.php\/wp-json\/wp\/v2\/media?parent=12950"}],"wp:term":[{"taxonomy":"category","embeddable":true,"href":"http:\/\/www.grieta.org.mx\/index.php\/wp-json\/wp\/v2\/categories?post=12950"},{"taxonomy":"post_tag","embeddable":true,"href":"http:\/\/www.grieta.org.mx\/index.php\/wp-json\/wp\/v2\/tags?post=12950"}],"curies":[{"name":"wp","href":"https:\/\/api.w.org\/{rel}","templated":true}]}}