{"id":12944,"date":"2016-05-20T21:24:53","date_gmt":"2016-05-20T21:24:53","guid":{"rendered":"http:\/\/www.grieta.org.mx\/?p=12944"},"modified":"2016-05-25T21:27:23","modified_gmt":"2016-05-25T21:27:23","slug":"pichataro-tendra-gobierno-comunal-ordena-tepjf","status":"publish","type":"post","link":"http:\/\/www.grieta.org.mx\/index.php\/2016\/05\/20\/pichataro-tendra-gobierno-comunal-ordena-tepjf\/","title":{"rendered":"Pich\u00e1taro tendr\u00e1 gobierno comunal, ordena TEPJF"},"content":{"rendered":"<p><img decoding=\"async\" data-attachment-id=\"12945\" data-permalink=\"http:\/\/www.grieta.org.mx\/index.php\/2016\/05\/20\/pichataro-tendra-gobierno-comunal-ordena-tepjf\/pichataro-2\/\" data-orig-file=\"http:\/\/www.grieta.org.mx\/wp-content\/uploads\/2016\/05\/Picha?taro-2.jpg\" data-orig-size=\"\" data-comments-opened=\"0\" data-image-meta=\"[]\" data-image-title=\"Picha?taro-2\" data-image-description=\"\" data-image-caption=\"\" data-medium-file=\"http:\/\/www.grieta.org.mx\/wp-content\/uploads\/2016\/05\/Picha?taro-2.jpg\" data-large-file=\"http:\/\/www.grieta.org.mx\/wp-content\/uploads\/2016\/05\/Picha?taro-2.jpg\" src=\"http:\/\/www.grieta.org.mx\/wp-content\/uploads\/2016\/05\/Picha?taro-2.jpg\" alt=\"Picha?taro-2\" width=\"100%\" class=\"aligncenter size-full wp-image-12945\" \/><\/p>\n<p>Guadalupe Mart\u00ednez<\/p>\n<p>Pich\u00e1taro, Michoac\u00e1n.- Tras un reconocimiento a los pueblos y comunidades ind\u00edgenas para proveer de recursos econ\u00f3micos de manera aut\u00f3noma, la Sala Superior del Tribunal Electoral del Poder Judicial de la Federaci\u00f3n (TEPJF) emiti\u00f3 el fallo a favor de San Francisco Pich\u00e1taro en el municipio de Tingambato a fin de que los habitantes sean quienes ejerzan los presupuestos que llegan a la cabecera municipal.<\/p>\n<p>Mediante una sesi\u00f3n cuatro magistrados emitieron su voto en contra y s\u00f3lo uno fue en contra sobre el juicio SUP-JDC-1865\/2015 promovido por habitantes de dicha comunidad ind\u00edgena para la Protecci\u00f3n de los Derechos Pol\u00edtico-Electorales del Ciudadano, en el cual, el m\u00e1ximo \u00f3rgano reconoci\u00f3 su derecho a administrar directamente la parte proporcional de los recursos p\u00fablicos que se destinan al municipio, esto, como parte de su derecho a la libre determinaci\u00f3n.<\/p>\n<p>En un comunicado, se dio cuenta de que el TEPJF orden\u00f3 al Instituto Electoral de Michoac\u00e1n (IEM) a fin de que en colaboraci\u00f3n con las autoridades municipales y comunitarias, organice la consulta previa e informada a la comunidad antes mencionada con la transferencia de responsabilidades respecto a su derecho a la administraci\u00f3n directa de los recursos econ\u00f3micos que le corresponden.<\/p>\n<p>Es preciso recordar que 2015, la comunidad en conjunto con el Colectivo Emancipaciones, promovi\u00f3 dicho recurso judicial tras d\u00e9cadas de sufrir la \u201cdiscriminaci\u00f3n de las autoridades del municipio de Tingambato\u201d, quienes a decir de los interesados, nunca han hecho una distribuci\u00f3n equitativa y transparente del erario p\u00fablico que corresponde a Pich\u00e1taro, la tenencia de mayor poblaci\u00f3n ind\u00edgena en el municipio.<\/p>\n<p>Asimismo, los magistrados vincularon al Ayuntamiento de Tingambato para que en caso de que la consulta en dado caso de que resulte \u201cfavorable\u201d se adopten las acciones necesarias para garantizar que la comunidad actora administre directamente los recursos presupuestales que le corresponden, al tomar en cuenta sus prioridades y estrategias definidas por la propia comunidad en el ejercicio pleno de sus derechos al autogobierno y desarrollo social. Tambi\u00e9n, se se\u00f1al\u00f3, que los habitantes tienen el derecho de la propia administraci\u00f3n de los programas respectivos mediante sus instituciones pol\u00edticas y econ\u00f3micas en una l\u00f3gica de progresividad.<\/p>\n<p><a href=\"http:\/\/www.lavozdemichoacan.com.mx\/pichataro-tendra-gobierno-comunal-ordena-tepjf\/\" target=\"_blank\">http:\/\/www.lavozdemichoacan.com.mx\/pichataro-tendra-gobierno-comunal-ordena-tepjf\/<\/a><\/p>\n","protected":false},"excerpt":{"rendered":"<p>Guadalupe Mart\u00ednez Pich\u00e1taro, Michoac\u00e1n.- Tras un reconocimiento a los pueblos y comunidades ind\u00edgenas para proveer de recursos econ\u00f3micos de manera aut\u00f3noma, la Sala Superior del Tribunal Electoral del Poder Judicial &hellip; <a href=\"http:\/\/www.grieta.org.mx\/index.php\/2016\/05\/20\/pichataro-tendra-gobierno-comunal-ordena-tepjf\/\" class=\"more-link\">Leer m\u00e1s<\/a><\/p>\n","protected":false},"author":2,"featured_media":21928,"comment_status":"closed","ping_status":"closed","sticky":false,"template":"","format":"standard","meta":{"ngg_post_thumbnail":0,"_jetpack_newsletter_access":"","_jetpack_dont_email_post_to_subs":false,"_jetpack_newsletter_tier_id":0,"_jetpack_memberships_contains_paywalled_content":false,"_jetpack_memberships_contains_paid_content":false,"footnotes":""},"categories":[80,82],"tags":[474,647],"class_list":["post-12944","post","type-post","status-publish","format-standard","has-post-thumbnail","hentry","category-cintillo","category-michoacan","tag-autonomia","tag-pichataro","entry"],"jetpack_featured_media_url":"http:\/\/www.grieta.org.mx\/wp-content\/uploads\/2018\/03\/14524434_1106112876131411_958039263622046936_o.jpg","jetpack_sharing_enabled":true,"jetpack_shortlink":"https:\/\/wp.me\/p7ZJR4-3mM","jetpack_likes_enabled":false,"jetpack-related-posts":[{"id":8841,"url":"http:\/\/www.grieta.org.mx\/index.php\/2016\/05\/20\/resistencia-de-las-autodefensas-rurales-en-michoacan\/","url_meta":{"origin":12944,"position":0},"title":"Resistencia y construcci\u00f3n de autonom\u00eda de las comunidades rurales en Michoac\u00e1n","author":"Admin","date":"20 mayo, 2016","format":false,"excerpt":"Lucha de la comunidad ind\u00edgena de Pich\u00e1taro por su autonom\u00eda financiera 20\/05\/16. Pich\u00e1taro tendr\u00e1 gobierno comunal, ordena TEPJF La Voz de Michoac\u00e1n 05\/05\/16. La resistencia en v\u00edas de expandirse en la meseta El Despertar 26\/04\/16. Pich\u00e1taro escribir\u00e1 historia como Cher\u00e1n de obtener fallo favorable del TEPJF Michoac\u00e1n 3.0 El Consejo\u2026","rel":"","context":"En &quot;Michoac\u00e1n&quot;","block_context":{"text":"Michoac\u00e1n","link":"http:\/\/www.grieta.org.mx\/index.php\/category\/noticias-nacionales\/michoacan\/"},"img":{"alt_text":"","src":"https:\/\/i0.wp.com\/www.grieta.org.mx\/wp-content\/uploads\/2018\/03\/14524434_1106112876131411_958039263622046936_o.jpg?resize=350%2C200","width":350,"height":200,"srcset":"https:\/\/i0.wp.com\/www.grieta.org.mx\/wp-content\/uploads\/2018\/03\/14524434_1106112876131411_958039263622046936_o.jpg?resize=350%2C200 1x, https:\/\/i0.wp.com\/www.grieta.org.mx\/wp-content\/uploads\/2018\/03\/14524434_1106112876131411_958039263622046936_o.jpg?resize=525%2C300 1.5x, https:\/\/i0.wp.com\/www.grieta.org.mx\/wp-content\/uploads\/2018\/03\/14524434_1106112876131411_958039263622046936_o.jpg?resize=700%2C400 2x"},"classes":[]},{"id":11931,"url":"http:\/\/www.grieta.org.mx\/index.php\/2016\/04\/26\/pichataro-escribira-historia-como-cheran-de-obtener-fallo-favorable-del-tepjf\/","url_meta":{"origin":12944,"position":1},"title":"Pich\u00e1taro escribir\u00e1 historia como Cher\u00e1n de obtener fallo favorable del TEPJF","author":"grieta","date":"26 abril, 2016","format":false,"excerpt":"Patricia Monreal La comunidad ind\u00edgena de Pich\u00e1taro estar\u00e1 escribiendo historia en torno a la defensa de los derechos ind\u00edgenas tal y como lo hizo Cher\u00e1n en su momento, esto en caso de que la Sala Superior del Tribunal Electoral de la Federaci\u00f3n falle a su favor en torno al Juicio\u2026","rel":"","context":"En &quot;CINTILLO&quot;","block_context":{"text":"CINTILLO","link":"http:\/\/www.grieta.org.mx\/index.php\/category\/cintillo\/"},"img":{"alt_text":"","src":"https:\/\/i0.wp.com\/www.grieta.org.mx\/wp-content\/uploads\/2018\/03\/14524434_1106112876131411_958039263622046936_o.jpg?resize=350%2C200","width":350,"height":200,"srcset":"https:\/\/i0.wp.com\/www.grieta.org.mx\/wp-content\/uploads\/2018\/03\/14524434_1106112876131411_958039263622046936_o.jpg?resize=350%2C200 1x, https:\/\/i0.wp.com\/www.grieta.org.mx\/wp-content\/uploads\/2018\/03\/14524434_1106112876131411_958039263622046936_o.jpg?resize=525%2C300 1.5x, https:\/\/i0.wp.com\/www.grieta.org.mx\/wp-content\/uploads\/2018\/03\/14524434_1106112876131411_958039263622046936_o.jpg?resize=700%2C400 2x"},"classes":[]},{"id":11933,"url":"http:\/\/www.grieta.org.mx\/index.php\/2016\/05\/05\/la-resistencia-en-vias-de-expandirse-en-la-meseta\/","url_meta":{"origin":12944,"position":2},"title":"La resistencia en v\u00edas de expandirse en la meseta","author":"grieta","date":"5 mayo, 2016","format":false,"excerpt":"Por: Esteban Patricio M. Los signos se han venido manifestando desde tiempo atr\u00e1s, Cher\u00e1n impuso un ejemplo y sus cercanos vecinos podr\u00edan continuar esa l\u00ednea; es el caso de Pich\u00e1taro, la comunidad que podr\u00eda pr\u00f3ximamente tomar las riendas de su propia existencia. Apenas la semana pasada , en este mismo\u2026","rel":"","context":"En &quot;CINTILLO&quot;","block_context":{"text":"CINTILLO","link":"http:\/\/www.grieta.org.mx\/index.php\/category\/cintillo\/"},"img":{"alt_text":"","src":"https:\/\/i0.wp.com\/www.grieta.org.mx\/wp-content\/uploads\/2018\/03\/14524434_1106112876131411_958039263622046936_o.jpg?resize=350%2C200","width":350,"height":200,"srcset":"https:\/\/i0.wp.com\/www.grieta.org.mx\/wp-content\/uploads\/2018\/03\/14524434_1106112876131411_958039263622046936_o.jpg?resize=350%2C200 1x, https:\/\/i0.wp.com\/www.grieta.org.mx\/wp-content\/uploads\/2018\/03\/14524434_1106112876131411_958039263622046936_o.jpg?resize=525%2C300 1.5x, https:\/\/i0.wp.com\/www.grieta.org.mx\/wp-content\/uploads\/2018\/03\/14524434_1106112876131411_958039263622046936_o.jpg?resize=700%2C400 2x"},"classes":[]},{"id":56568,"url":"http:\/\/www.grieta.org.mx\/index.php\/2021\/01\/18\/comunidades-defenderan-en-tribunales-la-no-instalacion-de-casillas-michoacan\/","url_meta":{"origin":12944,"position":3},"title":"Comunidades defender\u00e1n en tribunales la no instalaci\u00f3n de casillas  (Michoac\u00e1n)","author":"grieta","date":"18 enero, 2021","format":false,"excerpt":"Las poblaciones ind\u00edgenas de Arantepacua, San Felipe de los Herreros, Pichataro y Cher\u00e1n le notificaron al INE su negativa ante las presiones \u00d3scar Guerrero | El Sol de Morelia, 18 de enero de 2021 Morelia, Michoac\u00e1n-(OEM-Infomex).-Las comunidades ind\u00edgenas de Arantepacua, San Felipe de los Herreros, Pichataro y Cher\u00e1n le notificaron\u2026","rel":"","context":"En &quot;CINTILLO&quot;","block_context":{"text":"CINTILLO","link":"http:\/\/www.grieta.org.mx\/index.php\/category\/cintillo\/"},"img":{"alt_text":"","src":"https:\/\/i0.wp.com\/www.grieta.org.mx\/wp-content\/uploads\/2021\/01\/INE.jpg?resize=350%2C200","width":350,"height":200,"srcset":"https:\/\/i0.wp.com\/www.grieta.org.mx\/wp-content\/uploads\/2021\/01\/INE.jpg?resize=350%2C200 1x, https:\/\/i0.wp.com\/www.grieta.org.mx\/wp-content\/uploads\/2021\/01\/INE.jpg?resize=525%2C300 1.5x, https:\/\/i0.wp.com\/www.grieta.org.mx\/wp-content\/uploads\/2021\/01\/INE.jpg?resize=700%2C400 2x"},"classes":[]},{"id":8873,"url":"http:\/\/www.grieta.org.mx\/index.php\/2015\/08\/24\/conforman-comunidades-concejo-supremo-indigena-de-michoacan\/","url_meta":{"origin":12944,"position":4},"title":"Conforman comunidades Concejo Supremo Ind\u00edgena de Michoac\u00e1n","author":"Admin","date":"24 agosto, 2015","format":false,"excerpt":"El Concejo Supremo, est\u00e1 encabezado por 14 comunidades y mantiene los principios org\u00e1nicos de ser apartidistas y de nunca negociar de forma individual. Morelia, Michoac\u00e1n.- La conformaci\u00f3n del Concejo Supremo Ind\u00edgena de Michoac\u00e1n, la toma simult\u00e1nea de carreteras estatales el pr\u00f3ximo primero de septiembre, y un llamado a la Comunidad\u2026","rel":"","context":"En &quot;CINTILLO&quot;","block_context":{"text":"CINTILLO","link":"http:\/\/www.grieta.org.mx\/index.php\/category\/cintillo\/"},"img":{"alt_text":"","src":"https:\/\/i0.wp.com\/www.grieta.org.mx\/wp-content\/uploads\/2018\/03\/14524434_1106112876131411_958039263622046936_o.jpg?resize=350%2C200","width":350,"height":200,"srcset":"https:\/\/i0.wp.com\/www.grieta.org.mx\/wp-content\/uploads\/2018\/03\/14524434_1106112876131411_958039263622046936_o.jpg?resize=350%2C200 1x, https:\/\/i0.wp.com\/www.grieta.org.mx\/wp-content\/uploads\/2018\/03\/14524434_1106112876131411_958039263622046936_o.jpg?resize=525%2C300 1.5x, https:\/\/i0.wp.com\/www.grieta.org.mx\/wp-content\/uploads\/2018\/03\/14524434_1106112876131411_958039263622046936_o.jpg?resize=700%2C400 2x"},"classes":[]},{"id":8638,"url":"http:\/\/www.grieta.org.mx\/index.php\/2015\/06\/15\/nos-reservamos-el-derecho-a-votar-el-ejemplo-de-cheran-en-las-comunidades-purepechas\/","url_meta":{"origin":12944,"position":5},"title":"\u201cNos reservamos el derecho a votar\u201d, el ejemplo de Cher\u00e1n en las comunidades p\u2019urepechas","author":"Admin","date":"15 junio, 2015","format":false,"excerpt":"Por: Daliri Oropeza y Aldabi Olvera \/ Con informaci\u00f3n de Nora Hinojo, Celso Alvarado y Mayra Terrones (Cher\u00e1n K\u2019eri, Michoac\u00e1n).- As\u00ed como Cher\u00e1n expuls\u00f3 al crimen organizado y a los partidos pol\u00edticos hace cuatro a\u00f1os, siete pueblos p\u2019urepecha se atrincheraron durante las elecciones del pasado 7 de junio para impedir\u2026","rel":"","context":"En &quot;CINTILLO&quot;","block_context":{"text":"CINTILLO","link":"http:\/\/www.grieta.org.mx\/index.php\/category\/cintillo\/"},"img":{"alt_text":"","src":"https:\/\/i0.wp.com\/www.grieta.org.mx\/wp-content\/uploads\/2018\/03\/14524434_1106112876131411_958039263622046936_o.jpg?resize=350%2C200","width":350,"height":200,"srcset":"https:\/\/i0.wp.com\/www.grieta.org.mx\/wp-content\/uploads\/2018\/03\/14524434_1106112876131411_958039263622046936_o.jpg?resize=350%2C200 1x, https:\/\/i0.wp.com\/www.grieta.org.mx\/wp-content\/uploads\/2018\/03\/14524434_1106112876131411_958039263622046936_o.jpg?resize=525%2C300 1.5x, https:\/\/i0.wp.com\/www.grieta.org.mx\/wp-content\/uploads\/2018\/03\/14524434_1106112876131411_958039263622046936_o.jpg?resize=700%2C400 2x"},"classes":[]}],"_links":{"self":[{"href":"http:\/\/www.grieta.org.mx\/index.php\/wp-json\/wp\/v2\/posts\/12944","targetHints":{"allow":["GET"]}}],"collection":[{"href":"http:\/\/www.grieta.org.mx\/index.php\/wp-json\/wp\/v2\/posts"}],"about":[{"href":"http:\/\/www.grieta.org.mx\/index.php\/wp-json\/wp\/v2\/types\/post"}],"author":[{"embeddable":true,"href":"http:\/\/www.grieta.org.mx\/index.php\/wp-json\/wp\/v2\/users\/2"}],"replies":[{"embeddable":true,"href":"http:\/\/www.grieta.org.mx\/index.php\/wp-json\/wp\/v2\/comments?post=12944"}],"version-history":[{"count":1,"href":"http:\/\/www.grieta.org.mx\/index.php\/wp-json\/wp\/v2\/posts\/12944\/revisions"}],"predecessor-version":[{"id":12946,"href":"http:\/\/www.grieta.org.mx\/index.php\/wp-json\/wp\/v2\/posts\/12944\/revisions\/12946"}],"wp:featuredmedia":[{"embeddable":true,"href":"http:\/\/www.grieta.org.mx\/index.php\/wp-json\/wp\/v2\/media\/21928"}],"wp:attachment":[{"href":"http:\/\/www.grieta.org.mx\/index.php\/wp-json\/wp\/v2\/media?parent=12944"}],"wp:term":[{"taxonomy":"category","embeddable":true,"href":"http:\/\/www.grieta.org.mx\/index.php\/wp-json\/wp\/v2\/categories?post=12944"},{"taxonomy":"post_tag","embeddable":true,"href":"http:\/\/www.grieta.org.mx\/index.php\/wp-json\/wp\/v2\/tags?post=12944"}],"curies":[{"name":"wp","href":"https:\/\/api.w.org\/{rel}","templated":true}]}}