{"id":12926,"date":"2016-05-19T18:58:32","date_gmt":"2016-05-19T18:58:32","guid":{"rendered":"http:\/\/www.grieta.org.mx\/?p=12926"},"modified":"2016-05-25T19:02:53","modified_gmt":"2016-05-25T19:02:53","slug":"despidos-de-maestros-no-se-justifican-cnte-michoacan","status":"publish","type":"post","link":"http:\/\/www.grieta.org.mx\/index.php\/2016\/05\/19\/despidos-de-maestros-no-se-justifican-cnte-michoacan\/","title":{"rendered":"Despidos de maestros no se justifican: CNTE Michoac\u00e1n"},"content":{"rendered":"<blockquote><p>\nAdvierte la Secci\u00f3n XVIII que emprender\u00e1n medidas de tipo jur\u00eddico y de movilizaci\u00f3n, luego del anuncio de la SEP. Dicen desconocer a Aurelio Nu\u00f1o como interlocutor v\u00e1lido <\/p><\/blockquote>\n<p>V\u00edctor Manuel Zavala Hurtado, secretario general de la Secci\u00f3n XVIII de la Coordinadora Nacional de Trabajadores de la Educaci\u00f3n (CNTE), indic\u00f3 que emprender\u00e1n las medidas que tienen previstas para los casos de despidos de profesores.<\/p>\n<p>Lo anterior, despu\u00e9s de que&nbsp;la tarde de este jueves el titular de la Secretar\u00eda de Educaci\u00f3n P\u00fablica (SEP), Aurelio Nu\u00f1o Mayer, anunciara&nbsp;el despido de 3 mil 119 profesores en Oaxaca, Guerrero y Michoac\u00e1n, por ausentarse de las aulas tras&nbsp;participar en el paro indefinido de labores.<\/p>\n<p>\u201cEl gobierno no se atrever\u00eda a despedir a profesores cuando su reforma est\u00e1 totalmente tronada, ser\u00e1 incorrecto, no se justifica el hecho; tenemos cuatro formas de lucha, la parte jur\u00eddica, la parte educativa, la parte administrativa y la movilizaci\u00f3n\u201d.<\/p>\n<p>Refiri\u00f3 que recurrir\u00e1n a estas acciones y adem\u00e1s fortalecer\u00e1n el plant\u00f3n nacional; en tanto, aprovech\u00f3 para desconocer a Nu\u00f1o como un interlocutor v\u00e1lido, pues exigi\u00f3 que sea la Secretar\u00eda de Gobernaci\u00f3n la que atienda y analice su pliego de demandas.<\/p>\n<p>\u201cYo no s\u00e9 qu\u00e9 va a hacer el se\u00f1or, si m\u00e1s de medio mill\u00f3n de maestros estamos inconformes con la Reforma Educativa, muchos maestros est\u00e1n en el paro indefinido de labores y aunque diga que tiene m\u00e1s de 26 mil maestros para poder atender aquellos maestros que estamos en paro de labores, le decimos que solamente en Chiapas, Oaxaca, Michoac\u00e1n, Guerrero y Veracruz, estamos en paro y no le va a alcanzar\u201d.<\/p>\n<p>Asever\u00f3 que si insiste en ello, probablemente tenga que \u201cechar mano\u201d de maestros que apenas tengan la licenciatura.<\/p>\n<p>Reiter\u00f3 que el plan de acci\u00f3n a nivel nacional se centra en buscar y exigir que la Secretar\u00eda de Gobernaci\u00f3n vea la problem\u00e1tica que tiene el pa\u00eds.<\/p>\n<p><a href=\"http:\/\/www.eluniversal.com.mx\/articulo\/estados\/2016\/05\/19\/despidos-de-maestros-no-se-justifican-cnte-michoacan\" target=\"_blank\">http:\/\/www.eluniversal.com.mx\/articulo\/estados\/2016\/05\/19\/despidos-de-maestros-no-se-justifican-cnte-michoacan<\/a><\/p>\n","protected":false},"excerpt":{"rendered":"<p>Advierte la Secci\u00f3n XVIII que emprender\u00e1n medidas de tipo jur\u00eddico y de movilizaci\u00f3n, luego del anuncio de la SEP. Dicen desconocer a Aurelio Nu\u00f1o como interlocutor v\u00e1lido V\u00edctor Manuel Zavala &hellip; <a href=\"http:\/\/www.grieta.org.mx\/index.php\/2016\/05\/19\/despidos-de-maestros-no-se-justifican-cnte-michoacan\/\" class=\"more-link\">Leer m\u00e1s<\/a><\/p>\n","protected":false},"author":2,"featured_media":21928,"comment_status":"closed","ping_status":"closed","sticky":false,"template":"","format":"standard","meta":{"ngg_post_thumbnail":0,"_jetpack_newsletter_access":"","_jetpack_dont_email_post_to_subs":false,"_jetpack_newsletter_tier_id":0,"_jetpack_memberships_contains_paywalled_content":false,"_jetpack_memberships_contains_paid_content":false,"footnotes":""},"categories":[80,82],"tags":[134,480,135],"class_list":["post-12926","post","type-post","status-publish","format-standard","has-post-thumbnail","hentry","category-cintillo","category-michoacan","tag-cnte","tag-evaluacion-magisterial","tag-reforma-educativa","entry"],"jetpack_featured_media_url":"http:\/\/www.grieta.org.mx\/wp-content\/uploads\/2018\/03\/14524434_1106112876131411_958039263622046936_o.jpg","jetpack_sharing_enabled":true,"jetpack_shortlink":"https:\/\/wp.me\/p7ZJR4-3mu","jetpack_likes_enabled":false,"jetpack-related-posts":[{"id":8984,"url":"http:\/\/www.grieta.org.mx\/index.php\/2015\/10\/12\/se-unira-cnte-michoacan-a-paro-nacional-tomaran-casetas\/","url_meta":{"origin":12926,"position":0},"title":"Se unir\u00e1 CNTE Michoac\u00e1n a paro nacional, tomar\u00e1n casetas","author":"Admin","date":"12 octubre, 2015","format":false,"excerpt":"Un paro de labores por 24 horas y la toma de varias casetas forman parte de las acciones que este lunes encabezar\u00e1n profesores de la Secci\u00f3n 22 en Michoac\u00e1n Un paro de labores por 24 horas y la toma de varias casetas forman parte de las acciones que este lunes\u2026","rel":"","context":"En &quot;CINTILLO&quot;","block_context":{"text":"CINTILLO","link":"http:\/\/www.grieta.org.mx\/index.php\/category\/cintillo\/"},"img":{"alt_text":"","src":"https:\/\/i0.wp.com\/www.grieta.org.mx\/wp-content\/uploads\/2018\/03\/14524434_1106112876131411_958039263622046936_o.jpg?resize=350%2C200","width":350,"height":200,"srcset":"https:\/\/i0.wp.com\/www.grieta.org.mx\/wp-content\/uploads\/2018\/03\/14524434_1106112876131411_958039263622046936_o.jpg?resize=350%2C200 1x, https:\/\/i0.wp.com\/www.grieta.org.mx\/wp-content\/uploads\/2018\/03\/14524434_1106112876131411_958039263622046936_o.jpg?resize=525%2C300 1.5x, https:\/\/i0.wp.com\/www.grieta.org.mx\/wp-content\/uploads\/2018\/03\/14524434_1106112876131411_958039263622046936_o.jpg?resize=700%2C400 2x"},"classes":[]},{"id":18495,"url":"http:\/\/www.grieta.org.mx\/index.php\/2016\/07\/18\/cnte-bloquea-bancos-en-michoacan\/","url_meta":{"origin":12926,"position":1},"title":"CNTE bloquea bancos en Michoac\u00e1n","author":"grieta","date":"18 julio, 2016","format":false,"excerpt":"Los profesores hacen presencia en los establecimientos en rechazo al pago de n\u00f3mina a trav\u00e9s de tarjeta bancaria; se realizar\u00e1 durante todo la semana Aunque en d\u00edas pasados indicaron que esperar\u00edan a tener respuesta de la autoridad federal a sus demandas a m\u00e1s tardar este mi\u00e9rcoles, maestros de la Secci\u00f3n\u2026","rel":"","context":"En &quot;CINTILLO&quot;","block_context":{"text":"CINTILLO","link":"http:\/\/www.grieta.org.mx\/index.php\/category\/cintillo\/"},"img":{"alt_text":"","src":"https:\/\/i0.wp.com\/www.grieta.org.mx\/wp-content\/uploads\/2018\/03\/14524434_1106112876131411_958039263622046936_o.jpg?resize=350%2C200","width":350,"height":200,"srcset":"https:\/\/i0.wp.com\/www.grieta.org.mx\/wp-content\/uploads\/2018\/03\/14524434_1106112876131411_958039263622046936_o.jpg?resize=350%2C200 1x, https:\/\/i0.wp.com\/www.grieta.org.mx\/wp-content\/uploads\/2018\/03\/14524434_1106112876131411_958039263622046936_o.jpg?resize=525%2C300 1.5x, https:\/\/i0.wp.com\/www.grieta.org.mx\/wp-content\/uploads\/2018\/03\/14524434_1106112876131411_958039263622046936_o.jpg?resize=700%2C400 2x"},"classes":[]},{"id":12922,"url":"http:\/\/www.grieta.org.mx\/index.php\/2016\/05\/23\/marcha-cnte-al-grito-de-michoacan-no-se-vende\/","url_meta":{"origin":12926,"position":2},"title":"Marcha CNTE al grito de \u00a1Michoac\u00e1n no se vende!","author":"grieta","date":"23 mayo, 2016","format":false,"excerpt":"Uriel Morales P\u00e9rez MORELIA, Mich., 23 de mayo de 2016.- La serie de contingentes de profesores de la Secci\u00f3n XVIII de la Coordinadora Nacional de Trabajadores de la Educaci\u00f3n (CNTE) inici\u00f3 su andar hacia el primer cuadro de la capital michoacana. Organizados por regiones, los profesores conocidos como democr\u00e1ticos avanzaron\u2026","rel":"","context":"En &quot;CINTILLO&quot;","block_context":{"text":"CINTILLO","link":"http:\/\/www.grieta.org.mx\/index.php\/category\/cintillo\/"},"img":{"alt_text":"","src":"https:\/\/i0.wp.com\/www.grieta.org.mx\/wp-content\/uploads\/2018\/03\/14524434_1106112876131411_958039263622046936_o.jpg?resize=350%2C200","width":350,"height":200,"srcset":"https:\/\/i0.wp.com\/www.grieta.org.mx\/wp-content\/uploads\/2018\/03\/14524434_1106112876131411_958039263622046936_o.jpg?resize=350%2C200 1x, https:\/\/i0.wp.com\/www.grieta.org.mx\/wp-content\/uploads\/2018\/03\/14524434_1106112876131411_958039263622046936_o.jpg?resize=525%2C300 1.5x, https:\/\/i0.wp.com\/www.grieta.org.mx\/wp-content\/uploads\/2018\/03\/14524434_1106112876131411_958039263622046936_o.jpg?resize=700%2C400 2x"},"classes":[]},{"id":15900,"url":"http:\/\/www.grieta.org.mx\/index.php\/2016\/07\/01\/inician-comuneros-movilizaciones-a-favor-de-la-cnte\/","url_meta":{"origin":12926,"position":3},"title":"Inician comuneros movilizaciones a favor de la CNTE","author":"Admin","date":"1 julio, 2016","format":false,"excerpt":"Uriel Morales P\u00e9rez MORELIA, Mich., 1 de julio de 2016.- Habitantes de diferentes comunidades de Michoac\u00e1n emprenden una marcha en las carreteras aleda\u00f1as a sus zonas en apoyo a los profesores de la Coordinadora Nacional de Trabajadores de la Educaci\u00f3n (CNTE). Esto se suma a las acciones que desde temprano\u2026","rel":"","context":"En &quot;CINTILLO&quot;","block_context":{"text":"CINTILLO","link":"http:\/\/www.grieta.org.mx\/index.php\/category\/cintillo\/"},"img":{"alt_text":"","src":"https:\/\/i0.wp.com\/www.grieta.org.mx\/wp-content\/uploads\/2018\/03\/14524434_1106112876131411_958039263622046936_o.jpg?resize=350%2C200","width":350,"height":200,"srcset":"https:\/\/i0.wp.com\/www.grieta.org.mx\/wp-content\/uploads\/2018\/03\/14524434_1106112876131411_958039263622046936_o.jpg?resize=350%2C200 1x, https:\/\/i0.wp.com\/www.grieta.org.mx\/wp-content\/uploads\/2018\/03\/14524434_1106112876131411_958039263622046936_o.jpg?resize=525%2C300 1.5x, https:\/\/i0.wp.com\/www.grieta.org.mx\/wp-content\/uploads\/2018\/03\/14524434_1106112876131411_958039263622046936_o.jpg?resize=700%2C400 2x"},"classes":[]},{"id":925,"url":"http:\/\/www.grieta.org.mx\/index.php\/2015\/12\/16\/exige-cnte-liberacion-de-cuatro-miembros\/","url_meta":{"origin":12926,"position":4},"title":"Exige CNTE liberaci\u00f3n de cuatro miembros","author":"grieta","date":"16 diciembre, 2015","format":false,"excerpt":"Erick Alvarez Rub\u00e9n N\u00fa\u00f1ez Giles, Secretario General de la Secci\u00f3n 22 de la CNTE de Oaxaca, se\u00f1al\u00f3 que los cuatro profesores, que fueron detenidos el pasado mes de octubre en Oaxaca, no cometieron los delitos que se les han imputado y que el \u00fanico delito de ellos es ser un\u2026","rel":"","context":"En &quot;CINTILLO&quot;","block_context":{"text":"CINTILLO","link":"http:\/\/www.grieta.org.mx\/index.php\/category\/cintillo\/"},"img":{"alt_text":"","src":"https:\/\/i0.wp.com\/www.grieta.org.mx\/wp-content\/uploads\/2018\/03\/14524434_1106112876131411_958039263622046936_o.jpg?resize=350%2C200","width":350,"height":200,"srcset":"https:\/\/i0.wp.com\/www.grieta.org.mx\/wp-content\/uploads\/2018\/03\/14524434_1106112876131411_958039263622046936_o.jpg?resize=350%2C200 1x, https:\/\/i0.wp.com\/www.grieta.org.mx\/wp-content\/uploads\/2018\/03\/14524434_1106112876131411_958039263622046936_o.jpg?resize=525%2C300 1.5x, https:\/\/i0.wp.com\/www.grieta.org.mx\/wp-content\/uploads\/2018\/03\/14524434_1106112876131411_958039263622046936_o.jpg?resize=700%2C400 2x"},"classes":[]},{"id":32041,"url":"http:\/\/www.grieta.org.mx\/index.php\/2019\/04\/10\/cnte-protesta-en-centro-historico-de-morelia-michoacan\/","url_meta":{"origin":12926,"position":5},"title":"CNTE protesta en Centro Hist\u00f3rico de Morelia, Michoac\u00e1n","author":"grieta","date":"10 abril, 2019","format":false,"excerpt":"Marco Antonio Duarte \/ MVS Noticias ?10\/Abr\/19 Un millar de profesores marcharon, en exigencia del pago de bonos y salarios para docentes con clave estatal. La Secci\u00f3n XVIII de la CNTE protesta este mi\u00e9rcoles en el Centro Hist\u00f3rico de Morelia, contra la Reforma Educativa y en exigencia del pago de\u2026","rel":"","context":"En &quot;CINTILLO&quot;","block_context":{"text":"CINTILLO","link":"http:\/\/www.grieta.org.mx\/index.php\/category\/cintillo\/"},"img":{"alt_text":"","src":"https:\/\/i0.wp.com\/www.grieta.org.mx\/wp-content\/uploads\/2019\/04\/cnte-michoacan.jpg?resize=350%2C200","width":350,"height":200,"srcset":"https:\/\/i0.wp.com\/www.grieta.org.mx\/wp-content\/uploads\/2019\/04\/cnte-michoacan.jpg?resize=350%2C200 1x, https:\/\/i0.wp.com\/www.grieta.org.mx\/wp-content\/uploads\/2019\/04\/cnte-michoacan.jpg?resize=525%2C300 1.5x, https:\/\/i0.wp.com\/www.grieta.org.mx\/wp-content\/uploads\/2019\/04\/cnte-michoacan.jpg?resize=700%2C400 2x"},"classes":[]}],"_links":{"self":[{"href":"http:\/\/www.grieta.org.mx\/index.php\/wp-json\/wp\/v2\/posts\/12926","targetHints":{"allow":["GET"]}}],"collection":[{"href":"http:\/\/www.grieta.org.mx\/index.php\/wp-json\/wp\/v2\/posts"}],"about":[{"href":"http:\/\/www.grieta.org.mx\/index.php\/wp-json\/wp\/v2\/types\/post"}],"author":[{"embeddable":true,"href":"http:\/\/www.grieta.org.mx\/index.php\/wp-json\/wp\/v2\/users\/2"}],"replies":[{"embeddable":true,"href":"http:\/\/www.grieta.org.mx\/index.php\/wp-json\/wp\/v2\/comments?post=12926"}],"version-history":[{"count":1,"href":"http:\/\/www.grieta.org.mx\/index.php\/wp-json\/wp\/v2\/posts\/12926\/revisions"}],"predecessor-version":[{"id":12928,"href":"http:\/\/www.grieta.org.mx\/index.php\/wp-json\/wp\/v2\/posts\/12926\/revisions\/12928"}],"wp:featuredmedia":[{"embeddable":true,"href":"http:\/\/www.grieta.org.mx\/index.php\/wp-json\/wp\/v2\/media\/21928"}],"wp:attachment":[{"href":"http:\/\/www.grieta.org.mx\/index.php\/wp-json\/wp\/v2\/media?parent=12926"}],"wp:term":[{"taxonomy":"category","embeddable":true,"href":"http:\/\/www.grieta.org.mx\/index.php\/wp-json\/wp\/v2\/categories?post=12926"},{"taxonomy":"post_tag","embeddable":true,"href":"http:\/\/www.grieta.org.mx\/index.php\/wp-json\/wp\/v2\/tags?post=12926"}],"curies":[{"name":"wp","href":"https:\/\/api.w.org\/{rel}","templated":true}]}}