{"id":12914,"date":"2016-05-22T18:38:03","date_gmt":"2016-05-22T18:38:03","guid":{"rendered":"http:\/\/www.grieta.org.mx\/?p=12914"},"modified":"2016-05-25T18:40:13","modified_gmt":"2016-05-25T18:40:13","slug":"cnte-mantendra-cerradas-las-escuelas-en-michoacan","status":"publish","type":"post","link":"http:\/\/www.grieta.org.mx\/index.php\/2016\/05\/22\/cnte-mantendra-cerradas-las-escuelas-en-michoacan\/","title":{"rendered":"CNTE mantendr\u00e1 cerradas las escuelas en Michoac\u00e1n"},"content":{"rendered":"<blockquote><p>La CNTE anunci\u00f3 que este lunes tomar\u00e1 todas las dependencias federales y efectuar\u00e1n en Morelia una megamarcha estatal con una asistencia estimada en m\u00e1s de 5 mil trabajadores.<\/p><\/blockquote>\n<p>MORELIA.- A ocho d\u00edas de que inici\u00f3 el paro magisterial en Michoac\u00e1n, la Coordinadora Nacional de Trabajadores de la Educaci\u00f3n (CNTE) dijo que las escuelas seguir\u00e1n cerradas por tiempo indefinido, y reiter\u00f3 que soslayar\u00e1 la aplicaci\u00f3n de la reforma educativa.<\/p>\n<p>La coordinadora anunci\u00f3 que ma\u00f1ana lunes tomar\u00e1 adicionalmente todas las dependencias federales; adem\u00e1s, los maestros disidentes efectuar\u00e1n en Morelia una megamarcha estatal con una asistencia estimada en m\u00e1s de 5 mil trabajadores.<\/p>\n<p>El dirigente en Michoac\u00e1n de la CNTE, V\u00edctor Manuel Zavala Hurtado, dijo que los maestros michoacanos recrudecer\u00e1n las acciones debido a que el gobierno federal y el gobierno de la Ciudad de M\u00e9xico los desaloj\u00f3 y los reprimi\u00f3 la madrugada del s\u00e1bado.<\/p>\n<p>E hizo notar que no permitir\u00e1 que el gobierno federal sancione a los mil 620 maestros por no acudir a la evaluaci\u00f3n magisterial, pues habr\u00e1 una lucha legal y pol\u00edtica para evitar la baja de maestros.<\/p>\n<p>Adem\u00e1s, Zavala Hurtado manifest\u00f3 que existe el consenso para regresar a la Ciudad de M\u00e9xico, con la finalidad de repudiar la aplicaci\u00f3n de la reforma educativa federal y paralelamente explicar el pliego de peticiones de la CNTE a nivel nacional.<\/p>\n<p>Por su parte, la secretaria de Educaci\u00f3n en Michoac\u00e1n, Silvia Figueroa Zamudio, anunci\u00f3 que iniciar\u00e1 la gesti\u00f3n ante el gobierno federal con la finalidad de que se realice una evaluaci\u00f3n extraordinaria, toda vez que los maestros radicales coaccionaron a los docentes para que no acudieran a la evaluaci\u00f3n celebrada el jueves 19 de mayo.<\/p>\n<p>Figueroa Zamudio reconoci\u00f3 que el despido de maestros en el estado tendr\u00e1 serias repercusiones, toda vez que en Michoac\u00e1n tienen una fuerte presencia los maestros disidentes.<\/p>\n<p>Y en lo que hace al paro magisterial que cumple una semana en el estado, la secretaria de Educaci\u00f3n estim\u00f3 que solamente est\u00e1n paradas el 18 por ciento de las poco m\u00e1s de 9 mil escuelas de nivel b\u00e1sico, mientras que la CNTE estima que son el 80 por ciento.<\/p>\n<p><a href=\"http:\/\/www.elfinanciero.com.mx\/nacional\/cnte-reitera-paro-indefinodo-en-michoacan.html\" target=\"_blank\">http:\/\/www.elfinanciero.com.mx\/nacional\/cnte-reitera-paro-indefinodo-en-michoacan.html<\/a><\/p>\n","protected":false},"excerpt":{"rendered":"<p>La CNTE anunci\u00f3 que este lunes tomar\u00e1 todas las dependencias federales y efectuar\u00e1n en Morelia una megamarcha estatal con una asistencia estimada en m\u00e1s de 5 mil trabajadores. MORELIA.- A &hellip; <a href=\"http:\/\/www.grieta.org.mx\/index.php\/2016\/05\/22\/cnte-mantendra-cerradas-las-escuelas-en-michoacan\/\" class=\"more-link\">Leer m\u00e1s<\/a><\/p>\n","protected":false},"author":2,"featured_media":21928,"comment_status":"closed","ping_status":"closed","sticky":false,"template":"","format":"standard","meta":{"ngg_post_thumbnail":0,"_jetpack_newsletter_access":"","_jetpack_dont_email_post_to_subs":false,"_jetpack_newsletter_tier_id":0,"_jetpack_memberships_contains_paywalled_content":false,"_jetpack_memberships_contains_paid_content":false,"footnotes":""},"categories":[80,82],"tags":[134,480,135],"class_list":["post-12914","post","type-post","status-publish","format-standard","has-post-thumbnail","hentry","category-cintillo","category-michoacan","tag-cnte","tag-evaluacion-magisterial","tag-reforma-educativa","entry"],"jetpack_featured_media_url":"http:\/\/www.grieta.org.mx\/wp-content\/uploads\/2018\/03\/14524434_1106112876131411_958039263622046936_o.jpg","jetpack_sharing_enabled":true,"jetpack_shortlink":"https:\/\/wp.me\/p7ZJR4-3mi","jetpack_likes_enabled":false,"jetpack-related-posts":[{"id":13695,"url":"http:\/\/www.grieta.org.mx\/index.php\/2016\/05\/31\/cnte-toma-70-alcaldias-en-michoacan\/","url_meta":{"origin":12914,"position":0},"title":"CNTE toma 70 alcald\u00edas en Michoac\u00e1n","author":"grieta","date":"31 mayo, 2016","format":false,"excerpt":"La CNTE inform\u00f3 que entre las instalaciones que tomaron est\u00e1 Morelia, Zacapu, Zamora, Zit\u00e1cuaro, Puru\u00e1ndiro, P\u00e1tzcuaro, Uruapan, Maravat\u00edo, La Piedad, Cher\u00e1n, L\u00e1zaro C\u00e1rdenas, entre otras. PUERTO L\u00c1ZARO C\u00c1RDENAS.- La Coordinadora Nacional de Trabajadores de la Educaci\u00f3n (CNTE) en Michoac\u00e1n inform\u00f3 que fueron tomadas 70 presidencias municipales de las 113 del\u2026","rel":"","context":"En &quot;CINTILLO&quot;","block_context":{"text":"CINTILLO","link":"http:\/\/www.grieta.org.mx\/index.php\/category\/cintillo\/"},"img":{"alt_text":"","src":"https:\/\/i0.wp.com\/www.grieta.org.mx\/wp-content\/uploads\/2018\/03\/14524434_1106112876131411_958039263622046936_o.jpg?resize=350%2C200","width":350,"height":200,"srcset":"https:\/\/i0.wp.com\/www.grieta.org.mx\/wp-content\/uploads\/2018\/03\/14524434_1106112876131411_958039263622046936_o.jpg?resize=350%2C200 1x, https:\/\/i0.wp.com\/www.grieta.org.mx\/wp-content\/uploads\/2018\/03\/14524434_1106112876131411_958039263622046936_o.jpg?resize=525%2C300 1.5x, https:\/\/i0.wp.com\/www.grieta.org.mx\/wp-content\/uploads\/2018\/03\/14524434_1106112876131411_958039263622046936_o.jpg?resize=700%2C400 2x"},"classes":[]},{"id":19858,"url":"http:\/\/www.grieta.org.mx\/index.php\/2016\/08\/08\/no-arrancaria-ciclo-escolar-en-michoacan-amenaza-la-cnte\/","url_meta":{"origin":12914,"position":1},"title":"No arrancar\u00eda ciclo escolar en Michoac\u00e1n, amenaza la CNTE","author":"grieta","date":"8 agosto, 2016","format":false,"excerpt":"De no iniciar el ciclo escolar 2016-2017 en Michoac\u00e1n, se afectar\u00edan a m\u00e1s de un mill\u00f3n de alumnos tanto de nivel primaria como de secundaria y quedar\u00edan cerradas 9 mil 200 escuelas. Las clases inician el 22 de agosto. Artuto Estrada MORELIA.- La Coordinadora Nacional de Trabajadores de la Educaci\u00f3n\u2026","rel":"","context":"En &quot;CINTILLO&quot;","block_context":{"text":"CINTILLO","link":"http:\/\/www.grieta.org.mx\/index.php\/category\/cintillo\/"},"img":{"alt_text":"","src":"https:\/\/i0.wp.com\/www.grieta.org.mx\/wp-content\/uploads\/2018\/03\/14524434_1106112876131411_958039263622046936_o.jpg?resize=350%2C200","width":350,"height":200,"srcset":"https:\/\/i0.wp.com\/www.grieta.org.mx\/wp-content\/uploads\/2018\/03\/14524434_1106112876131411_958039263622046936_o.jpg?resize=350%2C200 1x, https:\/\/i0.wp.com\/www.grieta.org.mx\/wp-content\/uploads\/2018\/03\/14524434_1106112876131411_958039263622046936_o.jpg?resize=525%2C300 1.5x, https:\/\/i0.wp.com\/www.grieta.org.mx\/wp-content\/uploads\/2018\/03\/14524434_1106112876131411_958039263622046936_o.jpg?resize=700%2C400 2x"},"classes":[]},{"id":12919,"url":"http:\/\/www.grieta.org.mx\/index.php\/2016\/05\/23\/no-hay-condiciones-en-michoacan-para-despedir-a-maestros-dice-la-cnte\/","url_meta":{"origin":12914,"position":2},"title":"No hay condiciones en Michoac\u00e1n para despedir a maestros, dice la CNTE","author":"grieta","date":"23 mayo, 2016","format":false,"excerpt":"El gobierno de Muchoac\u00e1n no podr\u00e1 despedir a los maestros de la entidad porque no cuenta con el respaldo social para ello, afirm\u00f3 el dirigente de la CNTE, V\u00edctor Manuel Zavala, quien afirm\u00f3 tomar\u00e1n acciones contra quienes sancionen a estos docentes. Arturo Estrada El dirigente de la Coordinadora Nacional de\u2026","rel":"","context":"En &quot;CINTILLO&quot;","block_context":{"text":"CINTILLO","link":"http:\/\/www.grieta.org.mx\/index.php\/category\/cintillo\/"},"img":{"alt_text":"","src":"https:\/\/i0.wp.com\/www.grieta.org.mx\/wp-content\/uploads\/2018\/03\/14524434_1106112876131411_958039263622046936_o.jpg?resize=350%2C200","width":350,"height":200,"srcset":"https:\/\/i0.wp.com\/www.grieta.org.mx\/wp-content\/uploads\/2018\/03\/14524434_1106112876131411_958039263622046936_o.jpg?resize=350%2C200 1x, https:\/\/i0.wp.com\/www.grieta.org.mx\/wp-content\/uploads\/2018\/03\/14524434_1106112876131411_958039263622046936_o.jpg?resize=525%2C300 1.5x, https:\/\/i0.wp.com\/www.grieta.org.mx\/wp-content\/uploads\/2018\/03\/14524434_1106112876131411_958039263622046936_o.jpg?resize=700%2C400 2x"},"classes":[]},{"id":12207,"url":"http:\/\/www.grieta.org.mx\/index.php\/2016\/05\/13\/sin-pago-docentes-en-michoacan-para-quitar-leyenda-en-cheques\/","url_meta":{"origin":12914,"position":3},"title":"Sin pago, docentes en Michoac\u00e1n para quitar leyenda en cheques","author":"grieta","date":"13 mayo, 2016","format":false,"excerpt":"El secretario de Organizaci\u00f3n de la CNTE dijo que se lleg\u00f3 a un acuerdo con el gobierno estatal, a fin de que emita 10 mil nuevos cheques sin el texto que llama a presentarse a la evaluaci\u00f3n que se realizar\u00e1 el 19 de mayo. Arturo Estrada MORELIA.- Los profesores de\u2026","rel":"","context":"En &quot;CINTILLO&quot;","block_context":{"text":"CINTILLO","link":"http:\/\/www.grieta.org.mx\/index.php\/category\/cintillo\/"},"img":{"alt_text":"","src":"https:\/\/i0.wp.com\/www.grieta.org.mx\/wp-content\/uploads\/2018\/03\/14524434_1106112876131411_958039263622046936_o.jpg?resize=350%2C200","width":350,"height":200,"srcset":"https:\/\/i0.wp.com\/www.grieta.org.mx\/wp-content\/uploads\/2018\/03\/14524434_1106112876131411_958039263622046936_o.jpg?resize=350%2C200 1x, https:\/\/i0.wp.com\/www.grieta.org.mx\/wp-content\/uploads\/2018\/03\/14524434_1106112876131411_958039263622046936_o.jpg?resize=525%2C300 1.5x, https:\/\/i0.wp.com\/www.grieta.org.mx\/wp-content\/uploads\/2018\/03\/14524434_1106112876131411_958039263622046936_o.jpg?resize=700%2C400 2x"},"classes":[]},{"id":8986,"url":"http:\/\/www.grieta.org.mx\/index.php\/2015\/10\/11\/toma-cnte-la-secretaria-de-educacion-en-michoacan\/","url_meta":{"origin":12914,"position":4},"title":"Toma CNTE la Secretar\u00eda de Educaci\u00f3n en Michoac\u00e1n","author":"Admin","date":"11 octubre, 2015","format":false,"excerpt":"Morelia, Mich., a 11 de octubre de 2015.- Maestros de la Coordinadora Nacional de Trabajadores de la Educaci\u00f3n (CNTE) tomaron las instalaciones de la Secretar\u00eda de Educaci\u00f3n en Michoac\u00e1n, como parte de las acciones anunciadas para este lunes 12 de octubre, en contra de la reforma educativa. Fue por la\u2026","rel":"","context":"En &quot;CINTILLO&quot;","block_context":{"text":"CINTILLO","link":"http:\/\/www.grieta.org.mx\/index.php\/category\/cintillo\/"},"img":{"alt_text":"","src":"https:\/\/i0.wp.com\/www.grieta.org.mx\/wp-content\/uploads\/2018\/03\/14524434_1106112876131411_958039263622046936_o.jpg?resize=350%2C200","width":350,"height":200,"srcset":"https:\/\/i0.wp.com\/www.grieta.org.mx\/wp-content\/uploads\/2018\/03\/14524434_1106112876131411_958039263622046936_o.jpg?resize=350%2C200 1x, https:\/\/i0.wp.com\/www.grieta.org.mx\/wp-content\/uploads\/2018\/03\/14524434_1106112876131411_958039263622046936_o.jpg?resize=525%2C300 1.5x, https:\/\/i0.wp.com\/www.grieta.org.mx\/wp-content\/uploads\/2018\/03\/14524434_1106112876131411_958039263622046936_o.jpg?resize=700%2C400 2x"},"classes":[]},{"id":15890,"url":"http:\/\/www.grieta.org.mx\/index.php\/2016\/07\/03\/sep-despide-a-1609-maestros-de-michoacan\/","url_meta":{"origin":12914,"position":5},"title":"SEP despide a 1,609 maestros de Michoac\u00e1n","author":"Admin","date":"3 julio, 2016","format":false,"excerpt":"La Coordinadora Nacional de Trabajadores de la Educaci\u00f3n reiter\u00f3 que no permitir\u00e1 despidos de maestros en el estado e inform\u00f3 que seguir\u00e1 manteniendo el paro magisterial que inici\u00f3 el 15 de mayo. Arturo Estrada Ch\u00e1vez MORELIA.- Un total de mil 609 maestros fueron notificados como despedidos del servicio educativo en\u2026","rel":"","context":"En &quot;CINTILLO&quot;","block_context":{"text":"CINTILLO","link":"http:\/\/www.grieta.org.mx\/index.php\/category\/cintillo\/"},"img":{"alt_text":"","src":"https:\/\/i0.wp.com\/www.grieta.org.mx\/wp-content\/uploads\/2018\/03\/14524434_1106112876131411_958039263622046936_o.jpg?resize=350%2C200","width":350,"height":200,"srcset":"https:\/\/i0.wp.com\/www.grieta.org.mx\/wp-content\/uploads\/2018\/03\/14524434_1106112876131411_958039263622046936_o.jpg?resize=350%2C200 1x, https:\/\/i0.wp.com\/www.grieta.org.mx\/wp-content\/uploads\/2018\/03\/14524434_1106112876131411_958039263622046936_o.jpg?resize=525%2C300 1.5x, https:\/\/i0.wp.com\/www.grieta.org.mx\/wp-content\/uploads\/2018\/03\/14524434_1106112876131411_958039263622046936_o.jpg?resize=700%2C400 2x"},"classes":[]}],"_links":{"self":[{"href":"http:\/\/www.grieta.org.mx\/index.php\/wp-json\/wp\/v2\/posts\/12914","targetHints":{"allow":["GET"]}}],"collection":[{"href":"http:\/\/www.grieta.org.mx\/index.php\/wp-json\/wp\/v2\/posts"}],"about":[{"href":"http:\/\/www.grieta.org.mx\/index.php\/wp-json\/wp\/v2\/types\/post"}],"author":[{"embeddable":true,"href":"http:\/\/www.grieta.org.mx\/index.php\/wp-json\/wp\/v2\/users\/2"}],"replies":[{"embeddable":true,"href":"http:\/\/www.grieta.org.mx\/index.php\/wp-json\/wp\/v2\/comments?post=12914"}],"version-history":[{"count":1,"href":"http:\/\/www.grieta.org.mx\/index.php\/wp-json\/wp\/v2\/posts\/12914\/revisions"}],"predecessor-version":[{"id":12916,"href":"http:\/\/www.grieta.org.mx\/index.php\/wp-json\/wp\/v2\/posts\/12914\/revisions\/12916"}],"wp:featuredmedia":[{"embeddable":true,"href":"http:\/\/www.grieta.org.mx\/index.php\/wp-json\/wp\/v2\/media\/21928"}],"wp:attachment":[{"href":"http:\/\/www.grieta.org.mx\/index.php\/wp-json\/wp\/v2\/media?parent=12914"}],"wp:term":[{"taxonomy":"category","embeddable":true,"href":"http:\/\/www.grieta.org.mx\/index.php\/wp-json\/wp\/v2\/categories?post=12914"},{"taxonomy":"post_tag","embeddable":true,"href":"http:\/\/www.grieta.org.mx\/index.php\/wp-json\/wp\/v2\/tags?post=12914"}],"curies":[{"name":"wp","href":"https:\/\/api.w.org\/{rel}","templated":true}]}}