{"id":12903,"date":"2016-05-24T03:13:23","date_gmt":"2016-05-24T03:13:23","guid":{"rendered":"http:\/\/www.grieta.org.mx\/?p=12903"},"modified":"2016-05-25T03:15:02","modified_gmt":"2016-05-25T03:15:02","slug":"seccion-22-custodia-el-ieepo-en-el-istmo","status":"publish","type":"post","link":"http:\/\/www.grieta.org.mx\/index.php\/2016\/05\/24\/seccion-22-custodia-el-ieepo-en-el-istmo\/","title":{"rendered":"Secci\u00f3n 22 custodia el IEEPO en el istmo"},"content":{"rendered":"<p>Diana Manzo, Oaxaca. <\/p>\n<p>#Juchit\u00e1n 24 may (#Istmopress) .- Profesores de la Secci\u00f3n 22 de la CNTE cumplieron una semana de mantener \u201ctomada\u201d las oficinas principales de la Delegaci\u00f3n regi\u00f3n Istmo del Instituto Estatal de Educaci\u00f3n P\u00fablica de Oaxaca (IEEPO) como parte de sus acciones del paro nacional en contra de la reforma educativa.<\/p>\n<p>Unos 200 maestros  del sector Juchit\u00e1n se concentran a diario desde el pasado lunes hasta esta fecha en este lugar en donde manifestaron que la exigencia al estado y al gobierno federal  es una mesa de negociaci\u00f3n en cuanto al tema de la reforma educativa y liberaci\u00f3n de presos pol\u00edticos.<\/p>\n<p>Los profesores se turnan por d\u00edas y por hora para resguardar este inmueble y al igual se han organizado para participar en el plant\u00f3n en la capital oaxaque\u00f1a pese a que fueron desalojados de la Ciudad de M\u00e9xico.<\/p>\n<p>Adri\u00e1n Ram\u00edrez Castillo, comisionado pol\u00edtico de la Secci\u00f3n 22 inform\u00f3 que la lucha continuar\u00e1 en este segunda semana de paro de labores e invit\u00f3 a los padres de familia y profesores a no bajar la guardia en sus acciones.<\/p>\n<p>\u201cEs momento de solidarizarnos y luchar por este movimiento, no se trata de defender intereses individuales sino colectivos, se trata de que juntos logremos que la educaci\u00f3n en la entidad sea laica, gratuita y obligatoria\u201d, indic\u00f3.<\/p>\n<p>Al igual, Jos\u00e9 \u00c1ngel Santiago Pineda, Coordinador pol\u00edtico sector Juchit\u00e1n detall\u00f3 que no se trata de una \u201ctoma\u201d de oficinas del IEEPO pero s\u00ed de una manifestaci\u00f3n como parte de su lucha nacional.<\/p>\n<p>Santiago Pineda inform\u00f3 que durante las brigadas invitaran a los profesores a que se sumen a la jornada de lucha e invitaran a los padres de familia a que se solidaricen  y respalden este movimiento.<\/p>\n<p>\u201cNo se trata de da\u00f1ar la educaci\u00f3n de los ni\u00f1os y ni\u00f1as pero si ver que esta reforma educativa no es m\u00e1s que una reforma laboral en donde no solo salimos afectados los profesores sino los padres de familia y los educandos\u201d, indic\u00f3.<\/p>\n<p>En la  regi\u00f3n del Istmo de Tehuantepec el 90 por ciento de las escuelas est\u00e1n cerradas, los padres de familia de  las ciudades de Tehuantepec y Juchit\u00e1n  han marchado en solidaridad a esta huelga nacional que comenz\u00f3 el pasado 15 de mayo (d\u00eda del maestro).<\/p>\n<p><a href=\"http:\/\/www.istmopress.com.mx\/istmo\/seccion-22-no-custodia-ieepo-istmo\/\" target=\"_blank\">http:\/\/www.istmopress.com.mx\/istmo\/seccion-22-no-custodia-ieepo-istmo\/<\/a><\/p>\n","protected":false},"excerpt":{"rendered":"<p>Diana Manzo, Oaxaca. #Juchit\u00e1n 24 may (#Istmopress) .- Profesores de la Secci\u00f3n 22 de la CNTE cumplieron una semana de mantener \u201ctomada\u201d las oficinas principales de la Delegaci\u00f3n regi\u00f3n Istmo &hellip; <a href=\"http:\/\/www.grieta.org.mx\/index.php\/2016\/05\/24\/seccion-22-custodia-el-ieepo-en-el-istmo\/\" class=\"more-link\">Leer m\u00e1s<\/a><\/p>\n","protected":false},"author":2,"featured_media":21928,"comment_status":"closed","ping_status":"closed","sticky":false,"template":"","format":"standard","meta":{"ngg_post_thumbnail":0,"_jetpack_newsletter_access":"","_jetpack_dont_email_post_to_subs":false,"_jetpack_newsletter_tier_id":0,"_jetpack_memberships_contains_paywalled_content":false,"_jetpack_memberships_contains_paid_content":false,"footnotes":""},"categories":[80],"tags":[105,133,93,135],"class_list":["post-12903","post","type-post","status-publish","format-standard","has-post-thumbnail","hentry","category-cintillo","tag-derechos-laborales","tag-maestros","tag-oaxaca","tag-reforma-educativa","entry"],"jetpack_featured_media_url":"http:\/\/www.grieta.org.mx\/wp-content\/uploads\/2018\/03\/14524434_1106112876131411_958039263622046936_o.jpg","jetpack_sharing_enabled":true,"jetpack_shortlink":"https:\/\/wp.me\/p7ZJR4-3m7","jetpack_likes_enabled":false,"jetpack-related-posts":[{"id":5110,"url":"http:\/\/www.grieta.org.mx\/index.php\/2015\/08\/10\/maestros-de-la-seccion-22-toman-de-forma-indefinida-coordinacion-de-ieepo-en-juchitan\/","url_meta":{"origin":12903,"position":0},"title":"Maestros de la secci\u00f3n 22 \u201ctoman\u201d de forma indefinida coordinaci\u00f3n de IEEPO en Juchit\u00e1n","author":"grieta","date":"10 agosto, 2015","format":false,"excerpt":"P\u00e1gina 3. Diana Manzo, Jucht\u00e1n, Oaxaca.- Maestros de la secci\u00f3n 22 de la regi\u00f3n Istmo despu\u00e9s de reunirse con trabajadores de la coordinaci\u00f3n regional del IEEPO en Juchit\u00e1n acordaron una \u201ctoma\u201d de forma indefinida para el resguardo de las instalaciones y exigir al gobierno de Oaxaca la instalaci\u00f3n de una\u2026","rel":"","context":"En &quot;CINTILLO&quot;","block_context":{"text":"CINTILLO","link":"http:\/\/www.grieta.org.mx\/index.php\/category\/cintillo\/"},"img":{"alt_text":"","src":"https:\/\/i0.wp.com\/www.grieta.org.mx\/wp-content\/uploads\/2018\/03\/14524434_1106112876131411_958039263622046936_o.jpg?resize=350%2C200","width":350,"height":200,"srcset":"https:\/\/i0.wp.com\/www.grieta.org.mx\/wp-content\/uploads\/2018\/03\/14524434_1106112876131411_958039263622046936_o.jpg?resize=350%2C200 1x, https:\/\/i0.wp.com\/www.grieta.org.mx\/wp-content\/uploads\/2018\/03\/14524434_1106112876131411_958039263622046936_o.jpg?resize=525%2C300 1.5x, https:\/\/i0.wp.com\/www.grieta.org.mx\/wp-content\/uploads\/2018\/03\/14524434_1106112876131411_958039263622046936_o.jpg?resize=700%2C400 2x"},"classes":[]},{"id":13631,"url":"http:\/\/www.grieta.org.mx\/index.php\/2016\/06\/02\/por-tercer-semana-maestros-toman-oficinas-de-ieepo-en-juchitan\/","url_meta":{"origin":12903,"position":1},"title":"Por tercer semana maestros \u201ctoman\u201d oficinas de IEEPO en Juchit\u00e1n","author":"grieta","date":"2 junio, 2016","format":false,"excerpt":"P\u00e1gina 3. Diana Manzo, Juchit\u00e1n, Oaxaca.- Por tercera semana consecutiva profesores de la Secci\u00f3n 22 de la CNTE encabezan la toma de las oficinas de los Servicios regionales del Instituto Estatal de Educaci\u00f3n P\u00fablica de Oaxaca (IEEPO) como parte de su movilizaci\u00f3n nacional y la exigencia de una mesa de\u2026","rel":"","context":"En &quot;CINTILLO&quot;","block_context":{"text":"CINTILLO","link":"http:\/\/www.grieta.org.mx\/index.php\/category\/cintillo\/"},"img":{"alt_text":"","src":"https:\/\/i0.wp.com\/www.grieta.org.mx\/wp-content\/uploads\/2018\/03\/14524434_1106112876131411_958039263622046936_o.jpg?resize=350%2C200","width":350,"height":200,"srcset":"https:\/\/i0.wp.com\/www.grieta.org.mx\/wp-content\/uploads\/2018\/03\/14524434_1106112876131411_958039263622046936_o.jpg?resize=350%2C200 1x, https:\/\/i0.wp.com\/www.grieta.org.mx\/wp-content\/uploads\/2018\/03\/14524434_1106112876131411_958039263622046936_o.jpg?resize=525%2C300 1.5x, https:\/\/i0.wp.com\/www.grieta.org.mx\/wp-content\/uploads\/2018\/03\/14524434_1106112876131411_958039263622046936_o.jpg?resize=700%2C400 2x"},"classes":[]},{"id":1974,"url":"http:\/\/www.grieta.org.mx\/index.php\/2015\/11\/21\/de-protesta-dia-de-la-revolucion-mexicana-en-el-istmo\/","url_meta":{"origin":12903,"position":2},"title":"De protesta, D\u00eda de la Revoluci\u00f3n Mexicana en el istmo","author":"grieta","date":"21 noviembre, 2015","format":false,"excerpt":"Istmo Press, Oaxaca #Ixtepec 21 nov (#istmopress).- El 20 de noviembre fue de protesta, tanto en Juchit\u00e1n de Zaragoza durante el desfile c\u00edvico conmemorativo al 105 aniversario de la Revoluci\u00f3n Mexicana, como en Ciudad Ixtepec, donde los docentes marcharon por la tarde en contra de la reforma educativa y el\u2026","rel":"","context":"En &quot;CINTILLO&quot;","block_context":{"text":"CINTILLO","link":"http:\/\/www.grieta.org.mx\/index.php\/category\/cintillo\/"},"img":{"alt_text":"","src":"https:\/\/i0.wp.com\/www.grieta.org.mx\/wp-content\/uploads\/2018\/03\/14524434_1106112876131411_958039263622046936_o.jpg?resize=350%2C200","width":350,"height":200,"srcset":"https:\/\/i0.wp.com\/www.grieta.org.mx\/wp-content\/uploads\/2018\/03\/14524434_1106112876131411_958039263622046936_o.jpg?resize=350%2C200 1x, https:\/\/i0.wp.com\/www.grieta.org.mx\/wp-content\/uploads\/2018\/03\/14524434_1106112876131411_958039263622046936_o.jpg?resize=525%2C300 1.5x, https:\/\/i0.wp.com\/www.grieta.org.mx\/wp-content\/uploads\/2018\/03\/14524434_1106112876131411_958039263622046936_o.jpg?resize=700%2C400 2x"},"classes":[]},{"id":12371,"url":"http:\/\/www.grieta.org.mx\/index.php\/2016\/05\/16\/en-el-istmo-el-90-por-ciento-de-escuelas-sin-clases-profesores-se-manifiestan-en-instalaciones-de-ieepo\/","url_meta":{"origin":12903,"position":3},"title":"En el Istmo el 90 por ciento de escuelas sin clases, profesores se manifiestan en instalaciones de IEEPO","author":"grieta","date":"16 mayo, 2016","format":false,"excerpt":"Diana Manzo, Oaxaca JUCHIT\u00c1N,OAX.- En la regi\u00f3n del Istmo de Tehuantepec el 90 por ciento de las escuelas se sumaron al paro de labores que encabez\u00f3 este 15 de mayo la secci\u00f3n 22 de la CNTE, y solo el 10 por ciento entre ellos el Centro de Educaci\u00f3n Preescolar Cozijopi\u2026","rel":"","context":"En &quot;CINTILLO&quot;","block_context":{"text":"CINTILLO","link":"http:\/\/www.grieta.org.mx\/index.php\/category\/cintillo\/"},"img":{"alt_text":"","src":"https:\/\/i0.wp.com\/www.grieta.org.mx\/wp-content\/uploads\/2018\/03\/14524434_1106112876131411_958039263622046936_o.jpg?resize=350%2C200","width":350,"height":200,"srcset":"https:\/\/i0.wp.com\/www.grieta.org.mx\/wp-content\/uploads\/2018\/03\/14524434_1106112876131411_958039263622046936_o.jpg?resize=350%2C200 1x, https:\/\/i0.wp.com\/www.grieta.org.mx\/wp-content\/uploads\/2018\/03\/14524434_1106112876131411_958039263622046936_o.jpg?resize=525%2C300 1.5x, https:\/\/i0.wp.com\/www.grieta.org.mx\/wp-content\/uploads\/2018\/03\/14524434_1106112876131411_958039263622046936_o.jpg?resize=700%2C400 2x"},"classes":[]},{"id":1909,"url":"http:\/\/www.grieta.org.mx\/index.php\/2016\/01\/26\/realizan-profesores-de-la-seccion-22-marcha-en-juchitan\/","url_meta":{"origin":12903,"position":4},"title":"Realizan profesores de la secci\u00f3n 22 marcha en Juchitan","author":"grieta","date":"26 enero, 2016","format":false,"excerpt":"Istmopress. E. Santiago, Juchit\u00e1n, Oaxaca.- Unos doscientos profesores de la secci\u00f3n 22 marchan en esta ciudad, para exigir liberaci\u00f3n de cuatro compa\u00f1eros detenidos. Encabezados por l\u00edder magisterial de la regi\u00f3n del Istmo Adrian Ram\u00edrez Castillo, los mentores iniciaron su movilizaci\u00f3n partiendo del Crucero hasta llegar al palacio municipal. Frente al\u2026","rel":"","context":"En &quot;CINTILLO&quot;","block_context":{"text":"CINTILLO","link":"http:\/\/www.grieta.org.mx\/index.php\/category\/cintillo\/"},"img":{"alt_text":"","src":"https:\/\/i0.wp.com\/www.grieta.org.mx\/wp-content\/uploads\/2018\/03\/14524434_1106112876131411_958039263622046936_o.jpg?resize=350%2C200","width":350,"height":200,"srcset":"https:\/\/i0.wp.com\/www.grieta.org.mx\/wp-content\/uploads\/2018\/03\/14524434_1106112876131411_958039263622046936_o.jpg?resize=350%2C200 1x, https:\/\/i0.wp.com\/www.grieta.org.mx\/wp-content\/uploads\/2018\/03\/14524434_1106112876131411_958039263622046936_o.jpg?resize=525%2C300 1.5x, https:\/\/i0.wp.com\/www.grieta.org.mx\/wp-content\/uploads\/2018\/03\/14524434_1106112876131411_958039263622046936_o.jpg?resize=700%2C400 2x"},"classes":[]},{"id":21073,"url":"http:\/\/www.grieta.org.mx\/index.php\/2016\/09\/05\/bloquean-docentes-accesos-a-las-oficinas-centrales-del-ieepo-oaxaca\/","url_meta":{"origin":12903,"position":5},"title":"Bloquean docentes accesos a las oficinas centrales del IEEPO (Oaxaca)","author":"grieta","date":"5 septiembre, 2016","format":false,"excerpt":"Quadrat\u00edn. Ernesto Rojas, Oaxaca.- Un grupo de maestros disidentes de la Secci\u00f3n 22 del SNTE bloquearon este lunes los accesos a las oficinas centrales del Instituto Estatal de Educaci\u00f3n P\u00fablica de Oaxaca (IEEPO). Seg\u00fan la convocatoria de la dirigencia magisterial, correspondi\u00f3 a profesores de los sectores Ca\u00f1ada, Tuxtepec, Istmo, Sierra\u2026","rel":"","context":"En &quot;CINTILLO&quot;","block_context":{"text":"CINTILLO","link":"http:\/\/www.grieta.org.mx\/index.php\/category\/cintillo\/"},"img":{"alt_text":"","src":"https:\/\/i0.wp.com\/www.grieta.org.mx\/wp-content\/uploads\/2018\/03\/14524434_1106112876131411_958039263622046936_o.jpg?resize=350%2C200","width":350,"height":200,"srcset":"https:\/\/i0.wp.com\/www.grieta.org.mx\/wp-content\/uploads\/2018\/03\/14524434_1106112876131411_958039263622046936_o.jpg?resize=350%2C200 1x, https:\/\/i0.wp.com\/www.grieta.org.mx\/wp-content\/uploads\/2018\/03\/14524434_1106112876131411_958039263622046936_o.jpg?resize=525%2C300 1.5x, https:\/\/i0.wp.com\/www.grieta.org.mx\/wp-content\/uploads\/2018\/03\/14524434_1106112876131411_958039263622046936_o.jpg?resize=700%2C400 2x"},"classes":[]}],"_links":{"self":[{"href":"http:\/\/www.grieta.org.mx\/index.php\/wp-json\/wp\/v2\/posts\/12903","targetHints":{"allow":["GET"]}}],"collection":[{"href":"http:\/\/www.grieta.org.mx\/index.php\/wp-json\/wp\/v2\/posts"}],"about":[{"href":"http:\/\/www.grieta.org.mx\/index.php\/wp-json\/wp\/v2\/types\/post"}],"author":[{"embeddable":true,"href":"http:\/\/www.grieta.org.mx\/index.php\/wp-json\/wp\/v2\/users\/2"}],"replies":[{"embeddable":true,"href":"http:\/\/www.grieta.org.mx\/index.php\/wp-json\/wp\/v2\/comments?post=12903"}],"version-history":[{"count":1,"href":"http:\/\/www.grieta.org.mx\/index.php\/wp-json\/wp\/v2\/posts\/12903\/revisions"}],"predecessor-version":[{"id":12904,"href":"http:\/\/www.grieta.org.mx\/index.php\/wp-json\/wp\/v2\/posts\/12903\/revisions\/12904"}],"wp:featuredmedia":[{"embeddable":true,"href":"http:\/\/www.grieta.org.mx\/index.php\/wp-json\/wp\/v2\/media\/21928"}],"wp:attachment":[{"href":"http:\/\/www.grieta.org.mx\/index.php\/wp-json\/wp\/v2\/media?parent=12903"}],"wp:term":[{"taxonomy":"category","embeddable":true,"href":"http:\/\/www.grieta.org.mx\/index.php\/wp-json\/wp\/v2\/categories?post=12903"},{"taxonomy":"post_tag","embeddable":true,"href":"http:\/\/www.grieta.org.mx\/index.php\/wp-json\/wp\/v2\/tags?post=12903"}],"curies":[{"name":"wp","href":"https:\/\/api.w.org\/{rel}","templated":true}]}}