{"id":12850,"date":"2016-05-18T06:25:24","date_gmt":"2016-05-18T06:25:24","guid":{"rendered":"http:\/\/www.grieta.org.mx\/?p=12850"},"modified":"2016-05-24T06:34:07","modified_gmt":"2016-05-24T06:34:07","slug":"no-se-permitira-ingreso-de-docentes-a-escuelas-para-reanudar-labores-ceteg","status":"publish","type":"post","link":"http:\/\/www.grieta.org.mx\/index.php\/2016\/05\/18\/no-se-permitira-ingreso-de-docentes-a-escuelas-para-reanudar-labores-ceteg\/","title":{"rendered":"No se permitir\u00e1 ingreso de docentes a escuelas para reanudar labores: Ceteg"},"content":{"rendered":"<p>Proceso<\/p>\n<p>Ezequiel Flores Contreras<\/p>\n<p>Chilpancingo (apro). Miembros de la Coordinadora Estatal de Trabajadores de la Educaci\u00f3n en Guerrero (Ceteg) marcharon por calles de esta capital y desafiaron una vez m\u00e1s al gobierno de Enrique Pe\u00f1a Nieto al expresar su rechazo a la reforma educativa y la evaluaci\u00f3n magisterial.<\/p>\n<p>Los manifestantes advirtieron que no permitir\u00e1n el ingreso de los docentes que la Secretar\u00eda de Educaci\u00f3n P\u00fablica pretende imponer para reanudar las labores y acabar con el paro que iniciaron el pasado domingo 15, d\u00eda del maestro.<\/p>\n<p>Esta ma\u00f1ana alrededor de tres mil docentes se manifestaron de forma pac\u00edfica en esta capital, lanzando consignas contra los gobiernos estatal y federal. <\/p>\n<p>Polic\u00edas con equipo antimotines se limitaron a observar la protesta, dado que los mentores evitaron incidentes.<\/p>\n<p>Hasta el momento el gobierno estatal no ha emitido informaci\u00f3n sobre los planteles que permanecen cerrados. De acuerdo con el magisterio permanecen en paro alrededor de 2 mil escuelas.<\/p>\n<p>http:\/\/www.proceso.com.mx\/441075\/se-permitira-ingreso-docentes-a-escuelas-reanudar-labores-ceteg<\/p>\n","protected":false},"excerpt":{"rendered":"<p>Proceso Ezequiel Flores Contreras Chilpancingo (apro). Miembros de la Coordinadora Estatal de Trabajadores de la Educaci\u00f3n en Guerrero (Ceteg) marcharon por calles de esta capital y desafiaron una vez m\u00e1s &hellip; <a href=\"http:\/\/www.grieta.org.mx\/index.php\/2016\/05\/18\/no-se-permitira-ingreso-de-docentes-a-escuelas-para-reanudar-labores-ceteg\/\" class=\"more-link\">Leer m\u00e1s<\/a><\/p>\n","protected":false},"author":2,"featured_media":21928,"comment_status":"closed","ping_status":"closed","sticky":false,"template":"","format":"standard","meta":{"ngg_post_thumbnail":0,"_jetpack_newsletter_access":"","_jetpack_dont_email_post_to_subs":false,"_jetpack_newsletter_tier_id":0,"_jetpack_memberships_contains_paywalled_content":false,"_jetpack_memberships_contains_paid_content":false,"footnotes":""},"categories":[80],"tags":[668,674,135],"class_list":["post-12850","post","type-post","status-publish","format-standard","has-post-thumbnail","hentry","category-cintillo","tag-ceteg","tag-movilizaciones-maestros","tag-reforma-educativa","entry"],"jetpack_featured_media_url":"http:\/\/www.grieta.org.mx\/wp-content\/uploads\/2018\/03\/14524434_1106112876131411_958039263622046936_o.jpg","jetpack_sharing_enabled":true,"jetpack_shortlink":"https:\/\/wp.me\/p7ZJR4-3lg","jetpack_likes_enabled":false,"jetpack-related-posts":[{"id":12528,"url":"http:\/\/www.grieta.org.mx\/index.php\/2016\/09\/09\/movilizaciones-de-maestros-en-guerrero\/","url_meta":{"origin":12850,"position":0},"title":"Movilizaciones contra la Reforma educativa en Guerrero","author":"grieta","date":"9 septiembre, 2016","format":false,"excerpt":"08\/09\/16. CETEG toma una hora caseta de Palo Blanco, GuerreroMilenio 24\/08\/16. Contin\u00faan movilizaciones de Ceteg en Guerrero para abrogar la reforma educativa La Jornada 04\/08\/16. Antimotines repliegan a maestros de Guerrero sobre la autopista del sol El Financiero 01\/08\/16. La CETEG cierra dos gasolineras en la Cuernavaca-Acapulco en protesta contra\u2026","rel":"","context":"En &quot;Guerrero&quot;","block_context":{"text":"Guerrero","link":"http:\/\/www.grieta.org.mx\/index.php\/category\/noticias-nacionales\/guerrero\/"},"img":{"alt_text":"","src":"https:\/\/i0.wp.com\/www.grieta.org.mx\/wp-content\/uploads\/2018\/03\/14524434_1106112876131411_958039263622046936_o.jpg?resize=350%2C200","width":350,"height":200,"srcset":"https:\/\/i0.wp.com\/www.grieta.org.mx\/wp-content\/uploads\/2018\/03\/14524434_1106112876131411_958039263622046936_o.jpg?resize=350%2C200 1x, https:\/\/i0.wp.com\/www.grieta.org.mx\/wp-content\/uploads\/2018\/03\/14524434_1106112876131411_958039263622046936_o.jpg?resize=525%2C300 1.5x, https:\/\/i0.wp.com\/www.grieta.org.mx\/wp-content\/uploads\/2018\/03\/14524434_1106112876131411_958039263622046936_o.jpg?resize=700%2C400 2x"},"classes":[]},{"id":12531,"url":"http:\/\/www.grieta.org.mx\/index.php\/2016\/05\/17\/suman-2-mil-escuelas-en-paro-laboral-en-guerrero-ceteg\/","url_meta":{"origin":12850,"position":1},"title":"Suman 2 mil escuelas en paro laboral en Guerrero: Ceteg","author":"grieta","date":"17 mayo, 2016","format":false,"excerpt":"Proceso Ezequiel Flores Contreras Chilpancingo (apro). Integrantes del magisterio disidente se manifestaron de forma pac\u00edfica esta ma\u00f1ana en la sede de los ayuntamientos de Acapulco y Chilpancingo para seguir insistiendo en su rechazo a la reforma educativa y la evaluaci\u00f3n. Al respecto, el miembro de la Comisi\u00f3n Pol\u00edtica de la\u2026","rel":"","context":"En &quot;CINTILLO&quot;","block_context":{"text":"CINTILLO","link":"http:\/\/www.grieta.org.mx\/index.php\/category\/cintillo\/"},"img":{"alt_text":"","src":"https:\/\/i0.wp.com\/www.grieta.org.mx\/wp-content\/uploads\/2018\/03\/14524434_1106112876131411_958039263622046936_o.jpg?resize=350%2C200","width":350,"height":200,"srcset":"https:\/\/i0.wp.com\/www.grieta.org.mx\/wp-content\/uploads\/2018\/03\/14524434_1106112876131411_958039263622046936_o.jpg?resize=350%2C200 1x, https:\/\/i0.wp.com\/www.grieta.org.mx\/wp-content\/uploads\/2018\/03\/14524434_1106112876131411_958039263622046936_o.jpg?resize=525%2C300 1.5x, https:\/\/i0.wp.com\/www.grieta.org.mx\/wp-content\/uploads\/2018\/03\/14524434_1106112876131411_958039263622046936_o.jpg?resize=700%2C400 2x"},"classes":[]},{"id":12846,"url":"http:\/\/www.grieta.org.mx\/index.php\/2016\/05\/19\/maestros-de-la-ceteg-causan-destrozos-en-oficinas-de-educacion-en-guerrero\/","url_meta":{"origin":12850,"position":2},"title":"Ceteg causa destrozos en oficinas de Educaci\u00f3n en Guerrero","author":"grieta","date":"19 mayo, 2016","format":false,"excerpt":"Proceso Ezequiel Flores Contreras Chilpancingo (apro). Integrantes de la Coordinadora Estatal de Trabajadores de la Educaci\u00f3n en Guerrero (Ceteg) irrumpieron en la sede de la Direcci\u00f3n de Asuntos Jur\u00eddicos de la Secretar\u00eda de Educaci\u00f3n Guerrero (SEG), donde destrozaron mobiliario y quemaron documentaci\u00f3n oficial. Lo anterior en respuesta a las declaraciones\u2026","rel":"","context":"En &quot;CINTILLO&quot;","block_context":{"text":"CINTILLO","link":"http:\/\/www.grieta.org.mx\/index.php\/category\/cintillo\/"},"img":{"alt_text":"","src":"https:\/\/i0.wp.com\/www.grieta.org.mx\/wp-content\/uploads\/2018\/03\/14524434_1106112876131411_958039263622046936_o.jpg?resize=350%2C200","width":350,"height":200,"srcset":"https:\/\/i0.wp.com\/www.grieta.org.mx\/wp-content\/uploads\/2018\/03\/14524434_1106112876131411_958039263622046936_o.jpg?resize=350%2C200 1x, https:\/\/i0.wp.com\/www.grieta.org.mx\/wp-content\/uploads\/2018\/03\/14524434_1106112876131411_958039263622046936_o.jpg?resize=525%2C300 1.5x, https:\/\/i0.wp.com\/www.grieta.org.mx\/wp-content\/uploads\/2018\/03\/14524434_1106112876131411_958039263622046936_o.jpg?resize=700%2C400 2x"},"classes":[]},{"id":13325,"url":"http:\/\/www.grieta.org.mx\/index.php\/2016\/05\/31\/irrumpen-y-destrozan-integrantes-de-la-ceteg-equipo-en-dos-sedes-de-la-seg\/","url_meta":{"origin":12850,"position":3},"title":"Irrumpen y destrozan integrantes de la CETEG equipo en dos sedes de la SEG","author":"grieta","date":"31 mayo, 2016","format":false,"excerpt":"El Sur Alfonso Mar\u00edn Amezcua Chilpancingo. Un grupo de integrantes de la Coordinadora Estatal de Trabajadores de la Educaci\u00f3n en Guerrero (CETEG) con el rostro cubierto, incorporados a la facci\u00f3n de Ramos Reyes Guerrero, irrumpieron en dos oficinas de la Secretar\u00eda de Educaci\u00f3n Guerrero (SEG), donde hicieron destrozos en los\u2026","rel":"","context":"En &quot;CINTILLO&quot;","block_context":{"text":"CINTILLO","link":"http:\/\/www.grieta.org.mx\/index.php\/category\/cintillo\/"},"img":{"alt_text":"","src":"https:\/\/i0.wp.com\/www.grieta.org.mx\/wp-content\/uploads\/2018\/03\/14524434_1106112876131411_958039263622046936_o.jpg?resize=350%2C200","width":350,"height":200,"srcset":"https:\/\/i0.wp.com\/www.grieta.org.mx\/wp-content\/uploads\/2018\/03\/14524434_1106112876131411_958039263622046936_o.jpg?resize=350%2C200 1x, https:\/\/i0.wp.com\/www.grieta.org.mx\/wp-content\/uploads\/2018\/03\/14524434_1106112876131411_958039263622046936_o.jpg?resize=525%2C300 1.5x, https:\/\/i0.wp.com\/www.grieta.org.mx\/wp-content\/uploads\/2018\/03\/14524434_1106112876131411_958039263622046936_o.jpg?resize=700%2C400 2x"},"classes":[]},{"id":20270,"url":"http:\/\/www.grieta.org.mx\/index.php\/2016\/08\/24\/continuan-movilizaciones-de-ceteg-en-guerrero-para-abrogar-la-reforma-educativa\/","url_meta":{"origin":12850,"position":4},"title":"Contin\u00faan movilizaciones de Ceteg en Guerrero para abrogar la reforma educativa","author":"grieta","date":"24 agosto, 2016","format":false,"excerpt":"Margena de la O y Raymundo Ruiz Avil\u00e9s Los maestros disidentes tomaron la Direcci\u00f3n General de Secundarias y bloquearon una avenida del Centro de la capital del estado, como parte de las acciones contra la reforma educativa que dise\u00f1aron a nivel nacional. La Coordinadora Nacional de Trabajadores de la Educaci\u00f3n\u2026","rel":"","context":"En &quot;CINTILLO&quot;","block_context":{"text":"CINTILLO","link":"http:\/\/www.grieta.org.mx\/index.php\/category\/cintillo\/"},"img":{"alt_text":"","src":"https:\/\/i0.wp.com\/www.grieta.org.mx\/wp-content\/uploads\/2018\/03\/14524434_1106112876131411_958039263622046936_o.jpg?resize=350%2C200","width":350,"height":200,"srcset":"https:\/\/i0.wp.com\/www.grieta.org.mx\/wp-content\/uploads\/2018\/03\/14524434_1106112876131411_958039263622046936_o.jpg?resize=350%2C200 1x, https:\/\/i0.wp.com\/www.grieta.org.mx\/wp-content\/uploads\/2018\/03\/14524434_1106112876131411_958039263622046936_o.jpg?resize=525%2C300 1.5x, https:\/\/i0.wp.com\/www.grieta.org.mx\/wp-content\/uploads\/2018\/03\/14524434_1106112876131411_958039263622046936_o.jpg?resize=700%2C400 2x"},"classes":[]},{"id":12529,"url":"http:\/\/www.grieta.org.mx\/index.php\/2016\/05\/16\/magisterio-se-moviliza-en-guerrero-en-repudio-a-la-reforma\/","url_meta":{"origin":12850,"position":5},"title":"Magisterio se moviliza en Guerrero en repudio a la reforma","author":"grieta","date":"16 mayo, 2016","format":false,"excerpt":"Proceso Ezequiel Flores Contreras Chilpancingo (apro). Integrantes del magisterio disidente marcharon este d\u00eda en diferentes partes de la entidad y anunciaron el cierre de planteles escolares para exigir la derogaci\u00f3n de la reforma educativa y expresar su rechazo contra la evaluaci\u00f3n. En la capital, al menos mil docentes marcharon y\u2026","rel":"","context":"En &quot;CINTILLO&quot;","block_context":{"text":"CINTILLO","link":"http:\/\/www.grieta.org.mx\/index.php\/category\/cintillo\/"},"img":{"alt_text":"","src":"https:\/\/i0.wp.com\/www.grieta.org.mx\/wp-content\/uploads\/2018\/03\/14524434_1106112876131411_958039263622046936_o.jpg?resize=350%2C200","width":350,"height":200,"srcset":"https:\/\/i0.wp.com\/www.grieta.org.mx\/wp-content\/uploads\/2018\/03\/14524434_1106112876131411_958039263622046936_o.jpg?resize=350%2C200 1x, https:\/\/i0.wp.com\/www.grieta.org.mx\/wp-content\/uploads\/2018\/03\/14524434_1106112876131411_958039263622046936_o.jpg?resize=525%2C300 1.5x, https:\/\/i0.wp.com\/www.grieta.org.mx\/wp-content\/uploads\/2018\/03\/14524434_1106112876131411_958039263622046936_o.jpg?resize=700%2C400 2x"},"classes":[]}],"_links":{"self":[{"href":"http:\/\/www.grieta.org.mx\/index.php\/wp-json\/wp\/v2\/posts\/12850","targetHints":{"allow":["GET"]}}],"collection":[{"href":"http:\/\/www.grieta.org.mx\/index.php\/wp-json\/wp\/v2\/posts"}],"about":[{"href":"http:\/\/www.grieta.org.mx\/index.php\/wp-json\/wp\/v2\/types\/post"}],"author":[{"embeddable":true,"href":"http:\/\/www.grieta.org.mx\/index.php\/wp-json\/wp\/v2\/users\/2"}],"replies":[{"embeddable":true,"href":"http:\/\/www.grieta.org.mx\/index.php\/wp-json\/wp\/v2\/comments?post=12850"}],"version-history":[{"count":1,"href":"http:\/\/www.grieta.org.mx\/index.php\/wp-json\/wp\/v2\/posts\/12850\/revisions"}],"predecessor-version":[{"id":12851,"href":"http:\/\/www.grieta.org.mx\/index.php\/wp-json\/wp\/v2\/posts\/12850\/revisions\/12851"}],"wp:featuredmedia":[{"embeddable":true,"href":"http:\/\/www.grieta.org.mx\/index.php\/wp-json\/wp\/v2\/media\/21928"}],"wp:attachment":[{"href":"http:\/\/www.grieta.org.mx\/index.php\/wp-json\/wp\/v2\/media?parent=12850"}],"wp:term":[{"taxonomy":"category","embeddable":true,"href":"http:\/\/www.grieta.org.mx\/index.php\/wp-json\/wp\/v2\/categories?post=12850"},{"taxonomy":"post_tag","embeddable":true,"href":"http:\/\/www.grieta.org.mx\/index.php\/wp-json\/wp\/v2\/tags?post=12850"}],"curies":[{"name":"wp","href":"https:\/\/api.w.org\/{rel}","templated":true}]}}