{"id":12823,"date":"2016-05-19T18:32:27","date_gmt":"2016-05-19T18:32:27","guid":{"rendered":"http:\/\/www.grieta.org.mx\/?p=12823"},"modified":"2016-05-23T18:34:12","modified_gmt":"2016-05-23T18:34:12","slug":"vecinos-del-fracc-lagunas-clausuran-obra-realizada-en-vaso-regulador-tabasco","status":"publish","type":"post","link":"http:\/\/www.grieta.org.mx\/index.php\/2016\/05\/19\/vecinos-del-fracc-lagunas-clausuran-obra-realizada-en-vaso-regulador-tabasco\/","title":{"rendered":"Vecinos del Fracc. Lagunas clausuran obra realizada en vaso regulador (Tabasco)"},"content":{"rendered":"<p>Fernando Chabl\u00e9 <\/p>\n<p>Habitantes del fraccionamiento Lagunas, clausuraron simb\u00f3licamente la obra que se realiza sobre el vaso regulador que capta los escurrimientos de las lluvias y que las autoridades permiten esa irregularidad.<\/p>\n<p>Esta tarde los vecinos inconformes colocaron cartulinas con frases de protesta por todo el per\u00edmetro del predio ubicado en el kil\u00f3metro 5 de la carretera Villahermosa-Frontera, a la entrada del fraccionamiento Lagunas II.<\/p>\n<p>En las cartulinas de colores colocadas en la cerca por todo el per\u00edmetro, se\u00f1alan \u201cobras sin permiso\u201d, \u201cno a la construcci\u00f3n\u201d, \u201calto al ecocidio\u201d, entre otras frases de protesta.<\/p>\n<p>Los vecinos exigieron a las autoridades correspondientes actuar contra la empresa que rellena y quiere construir en el vaso regulador.<\/p>\n<p>Esto es un predio que se le quiere cambiar el uso del suelo para realizar construcciones comerciales sin importarles el da\u00f1o que le causan al medio ambiente.<\/p>\n<p>Se ignora si la empresa o las autoridades realizaron y autorizaron el respectivo estudio de impacto ambiental de este cuerpo de agua y que a su alrededor alojaba fauna de la regi\u00f3n como iguanas, hicoteas, lagartos y variedad de aves.<\/p>\n<p>Los vecinos dijeron que durante la temporada de lluvias se van a inundar las calles y las casas, a como sucede en diversos tramos de este sector.<\/p>\n<p><a href=\"http:\/\/www.diariopresente.com.mx\/noticia\/lcapital\/155614\/vecinos-fracc-lagunas-clausuran-obra-realizada-vaso-regulador\/\" target=\"_blank\">http:\/\/www.diariopresente.com.mx\/noticia\/lcapital\/155614\/vecinos-fracc-lagunas-clausuran-obra-realizada-vaso-regulador\/<\/a><\/p>\n","protected":false},"excerpt":{"rendered":"<p>Fernando Chabl\u00e9 Habitantes del fraccionamiento Lagunas, clausuraron simb\u00f3licamente la obra que se realiza sobre el vaso regulador que capta los escurrimientos de las lluvias y que las autoridades permiten esa &hellip; <a href=\"http:\/\/www.grieta.org.mx\/index.php\/2016\/05\/19\/vecinos-del-fracc-lagunas-clausuran-obra-realizada-en-vaso-regulador-tabasco\/\" class=\"more-link\">Leer m\u00e1s<\/a><\/p>\n","protected":false},"author":2,"featured_media":21928,"comment_status":"closed","ping_status":"closed","sticky":false,"template":"","format":"standard","meta":{"ngg_post_thumbnail":0,"_jetpack_newsletter_access":"","_jetpack_dont_email_post_to_subs":false,"_jetpack_newsletter_tier_id":0,"_jetpack_memberships_contains_paywalled_content":false,"_jetpack_memberships_contains_paid_content":false,"footnotes":""},"categories":[80,415],"tags":[464],"class_list":["post-12823","post","type-post","status-publish","format-standard","has-post-thumbnail","hentry","category-cintillo","category-tabasco","tag-impacto-ambiental","entry"],"jetpack_featured_media_url":"http:\/\/www.grieta.org.mx\/wp-content\/uploads\/2018\/03\/14524434_1106112876131411_958039263622046936_o.jpg","jetpack_sharing_enabled":true,"jetpack_shortlink":"https:\/\/wp.me\/p7ZJR4-3kP","jetpack_likes_enabled":false,"jetpack-related-posts":[{"id":12827,"url":"http:\/\/www.grieta.org.mx\/index.php\/2016\/01\/26\/rellenan-vaso-regulador-en-fracc-lagunas-tabasco\/","url_meta":{"origin":12823,"position":0},"title":"Rellenan vaso regulador en fracc. Lagunas (Tabasco)","author":"grieta","date":"26 enero, 2016","format":false,"excerpt":"Francisco Ol\u00e1n Alrededor de 3 mil habitantes del fraccionamiento Lagunas corren el riesgo de ser anegados durante la temporadas de lluvias, toda vez que un grupo de maquinar\u00edas de la empresa C.S.S.A empez\u00f3 a rellenar un vaso regulador de la zona. Versiones de los residentes indican que desde la semana\u2026","rel":"","context":"En &quot;CINTILLO&quot;","block_context":{"text":"CINTILLO","link":"http:\/\/www.grieta.org.mx\/index.php\/category\/cintillo\/"},"img":{"alt_text":"","src":"https:\/\/i0.wp.com\/www.grieta.org.mx\/wp-content\/uploads\/2018\/03\/14524434_1106112876131411_958039263622046936_o.jpg?resize=350%2C200","width":350,"height":200,"srcset":"https:\/\/i0.wp.com\/www.grieta.org.mx\/wp-content\/uploads\/2018\/03\/14524434_1106112876131411_958039263622046936_o.jpg?resize=350%2C200 1x, https:\/\/i0.wp.com\/www.grieta.org.mx\/wp-content\/uploads\/2018\/03\/14524434_1106112876131411_958039263622046936_o.jpg?resize=525%2C300 1.5x, https:\/\/i0.wp.com\/www.grieta.org.mx\/wp-content\/uploads\/2018\/03\/14524434_1106112876131411_958039263622046936_o.jpg?resize=700%2C400 2x"},"classes":[]},{"id":12825,"url":"http:\/\/www.grieta.org.mx\/index.php\/2016\/06\/29\/conflictos-ambientales-y-sociales-por-proyectos-inmobiliarios-e-industriales-en-tabasco\/","url_meta":{"origin":12823,"position":1},"title":"Conflictos ambientales y sociales por proyectos industriales e inmobiliarios en Tabasco","author":"grieta","date":"29 junio, 2016","format":false,"excerpt":"29\/06\/16. Rompen isla, y secan lagunaTabasco Hoy 30\/05\/16. 'Matan' constructores r\u00edo La Sierra en TacotalpaTabasco Hoy 19\/05\/16. Vecinos del Fracc. Lagunas clausuran obra realizada en vaso reguladorDiario Presente 26\/01\/16. Rellenan vaso regulador en fracc. LagunasTabasco Hoy","rel":"","context":"En &quot;NOTICIAS NACIONALES&quot;","block_context":{"text":"NOTICIAS NACIONALES","link":"http:\/\/www.grieta.org.mx\/index.php\/category\/noticias-nacionales\/"},"img":{"alt_text":"","src":"https:\/\/i0.wp.com\/www.grieta.org.mx\/wp-content\/uploads\/2018\/03\/14524434_1106112876131411_958039263622046936_o.jpg?resize=350%2C200","width":350,"height":200,"srcset":"https:\/\/i0.wp.com\/www.grieta.org.mx\/wp-content\/uploads\/2018\/03\/14524434_1106112876131411_958039263622046936_o.jpg?resize=350%2C200 1x, https:\/\/i0.wp.com\/www.grieta.org.mx\/wp-content\/uploads\/2018\/03\/14524434_1106112876131411_958039263622046936_o.jpg?resize=525%2C300 1.5x, https:\/\/i0.wp.com\/www.grieta.org.mx\/wp-content\/uploads\/2018\/03\/14524434_1106112876131411_958039263622046936_o.jpg?resize=700%2C400 2x"},"classes":[]},{"id":14474,"url":"http:\/\/www.grieta.org.mx\/index.php\/2016\/06\/17\/vecinos-se-oponen-a-contruccion-de-vaso-regulador-en-san-prdo-cholula-puebla\/","url_meta":{"origin":12823,"position":2},"title":"Vecinos contra contrucci\u00f3n de vaso regulador en San Pedro Cholula (Puebla)","author":"grieta","date":"17 junio, 2016","format":false,"excerpt":"17\/06\/16. Cholultecas marchan contra Jos\u00e9 Juan Espinosa; acusan \u201cun mal gobierno\u201d \u00c1ngulo 7 13\/06\/16. Impiden en Cocoyotla, Puebla, que comuna expropie terreno para vaso regulador Municipios Puebla 09\/06\/16. Familias de Cocoyotla denuncian acoso de edil de San Pedro para vender predios Municipios Puebla 07\/06\/16. Vecinos evitan expropiaci\u00f3n de predio para\u2026","rel":"","context":"En &quot;NOTICIAS NACIONALES&quot;","block_context":{"text":"NOTICIAS NACIONALES","link":"http:\/\/www.grieta.org.mx\/index.php\/category\/noticias-nacionales\/"},"img":{"alt_text":"","src":"https:\/\/i0.wp.com\/www.grieta.org.mx\/wp-content\/uploads\/2018\/03\/14524434_1106112876131411_958039263622046936_o.jpg?resize=350%2C200","width":350,"height":200,"srcset":"https:\/\/i0.wp.com\/www.grieta.org.mx\/wp-content\/uploads\/2018\/03\/14524434_1106112876131411_958039263622046936_o.jpg?resize=350%2C200 1x, https:\/\/i0.wp.com\/www.grieta.org.mx\/wp-content\/uploads\/2018\/03\/14524434_1106112876131411_958039263622046936_o.jpg?resize=525%2C300 1.5x, https:\/\/i0.wp.com\/www.grieta.org.mx\/wp-content\/uploads\/2018\/03\/14524434_1106112876131411_958039263622046936_o.jpg?resize=700%2C400 2x"},"classes":[]},{"id":14469,"url":"http:\/\/www.grieta.org.mx\/index.php\/2016\/06\/07\/vecinos-evitan-expropiacion-de-predio-para-vaso-regulador-en-san-pedro-puebla\/","url_meta":{"origin":12823,"position":3},"title":"Vecinos evitan expropiaci\u00f3n de predio para vaso regulador en San Pedro (Puebla)","author":"grieta","date":"7 junio, 2016","format":false,"excerpt":"Por Arturo Manzano San Pedro Cholula, Pue.- Vecinos de la junta auxiliar de San Mat\u00edas Cocoyotla se inconformaron por el retiro de una malla que proteg\u00eda el predio Acayac por elementos de la fuerza p\u00fablica, lo cual consideraron un acto de alevos\u00eda y ventaja del presidente municipal de San Pedro\u2026","rel":"","context":"En &quot;CINTILLO&quot;","block_context":{"text":"CINTILLO","link":"http:\/\/www.grieta.org.mx\/index.php\/category\/cintillo\/"},"img":{"alt_text":"","src":"https:\/\/i0.wp.com\/www.grieta.org.mx\/wp-content\/uploads\/2018\/03\/14524434_1106112876131411_958039263622046936_o.jpg?resize=350%2C200","width":350,"height":200,"srcset":"https:\/\/i0.wp.com\/www.grieta.org.mx\/wp-content\/uploads\/2018\/03\/14524434_1106112876131411_958039263622046936_o.jpg?resize=350%2C200 1x, https:\/\/i0.wp.com\/www.grieta.org.mx\/wp-content\/uploads\/2018\/03\/14524434_1106112876131411_958039263622046936_o.jpg?resize=525%2C300 1.5x, https:\/\/i0.wp.com\/www.grieta.org.mx\/wp-content\/uploads\/2018\/03\/14524434_1106112876131411_958039263622046936_o.jpg?resize=700%2C400 2x"},"classes":[]},{"id":14487,"url":"http:\/\/www.grieta.org.mx\/index.php\/2016\/06\/13\/impiden-en-cocoyotla-puebla-que-comuna-expropie-terreno-para-vaso-regulador\/","url_meta":{"origin":12823,"position":4},"title":"Impiden en Cocoyotla, Puebla, que comuna expropie terreno para vaso regulador","author":"grieta","date":"13 junio, 2016","format":false,"excerpt":"Por Arturo Manzano San Pedro Cholula, Pue.- Vecinos de San Mat\u00edas Cocoyotla impidieron nuevamente que el ayuntamiento de San Pedro Cholula tomara posesi\u00f3n de los predios en los que pretende construir el vaso regulador conocido como el antiguo barreal. A la llegada de unos 50 polic\u00edas municipales, los pobladores arremetieron\u2026","rel":"","context":"En &quot;CINTILLO&quot;","block_context":{"text":"CINTILLO","link":"http:\/\/www.grieta.org.mx\/index.php\/category\/cintillo\/"},"img":{"alt_text":"","src":"https:\/\/i0.wp.com\/www.grieta.org.mx\/wp-content\/uploads\/2018\/03\/14524434_1106112876131411_958039263622046936_o.jpg?resize=350%2C200","width":350,"height":200,"srcset":"https:\/\/i0.wp.com\/www.grieta.org.mx\/wp-content\/uploads\/2018\/03\/14524434_1106112876131411_958039263622046936_o.jpg?resize=350%2C200 1x, https:\/\/i0.wp.com\/www.grieta.org.mx\/wp-content\/uploads\/2018\/03\/14524434_1106112876131411_958039263622046936_o.jpg?resize=525%2C300 1.5x, https:\/\/i0.wp.com\/www.grieta.org.mx\/wp-content\/uploads\/2018\/03\/14524434_1106112876131411_958039263622046936_o.jpg?resize=700%2C400 2x"},"classes":[]},{"id":5250,"url":"http:\/\/www.grieta.org.mx\/index.php\/2016\/03\/09\/desechan-accion-popular-promovida-por-vecinos-por-cambios-en-el-uso-de-suelo\/","url_meta":{"origin":12823,"position":5},"title":"Desechan acci\u00f3n popular promovida por vecinos por cambios en el uso de suelo","author":"grieta","date":"9 marzo, 2016","format":false,"excerpt":"Cecilia Conde\/AM Quer\u00e9taro Marcos Aguilar Vega, asegur\u00f3 que la resoluci\u00f3n se debi\u00f3 a que si se cumpl\u00eda con las condiciones que pide la ley para otorgar ese cambio de uso de suelo El ayuntamiento de Quer\u00e9taro resolvi\u00f3 como \u2018inatendible\u2019 la acci\u00f3n popular interpuesta por el Comit\u00e9 de Vecinos Milenio III,\u2026","rel":"","context":"En &quot;CINTILLO&quot;","block_context":{"text":"CINTILLO","link":"http:\/\/www.grieta.org.mx\/index.php\/category\/cintillo\/"},"img":{"alt_text":"","src":"https:\/\/i0.wp.com\/www.grieta.org.mx\/wp-content\/uploads\/2018\/03\/14524434_1106112876131411_958039263622046936_o.jpg?resize=350%2C200","width":350,"height":200,"srcset":"https:\/\/i0.wp.com\/www.grieta.org.mx\/wp-content\/uploads\/2018\/03\/14524434_1106112876131411_958039263622046936_o.jpg?resize=350%2C200 1x, https:\/\/i0.wp.com\/www.grieta.org.mx\/wp-content\/uploads\/2018\/03\/14524434_1106112876131411_958039263622046936_o.jpg?resize=525%2C300 1.5x, https:\/\/i0.wp.com\/www.grieta.org.mx\/wp-content\/uploads\/2018\/03\/14524434_1106112876131411_958039263622046936_o.jpg?resize=700%2C400 2x"},"classes":[]}],"_links":{"self":[{"href":"http:\/\/www.grieta.org.mx\/index.php\/wp-json\/wp\/v2\/posts\/12823","targetHints":{"allow":["GET"]}}],"collection":[{"href":"http:\/\/www.grieta.org.mx\/index.php\/wp-json\/wp\/v2\/posts"}],"about":[{"href":"http:\/\/www.grieta.org.mx\/index.php\/wp-json\/wp\/v2\/types\/post"}],"author":[{"embeddable":true,"href":"http:\/\/www.grieta.org.mx\/index.php\/wp-json\/wp\/v2\/users\/2"}],"replies":[{"embeddable":true,"href":"http:\/\/www.grieta.org.mx\/index.php\/wp-json\/wp\/v2\/comments?post=12823"}],"version-history":[{"count":1,"href":"http:\/\/www.grieta.org.mx\/index.php\/wp-json\/wp\/v2\/posts\/12823\/revisions"}],"predecessor-version":[{"id":12824,"href":"http:\/\/www.grieta.org.mx\/index.php\/wp-json\/wp\/v2\/posts\/12823\/revisions\/12824"}],"wp:featuredmedia":[{"embeddable":true,"href":"http:\/\/www.grieta.org.mx\/index.php\/wp-json\/wp\/v2\/media\/21928"}],"wp:attachment":[{"href":"http:\/\/www.grieta.org.mx\/index.php\/wp-json\/wp\/v2\/media?parent=12823"}],"wp:term":[{"taxonomy":"category","embeddable":true,"href":"http:\/\/www.grieta.org.mx\/index.php\/wp-json\/wp\/v2\/categories?post=12823"},{"taxonomy":"post_tag","embeddable":true,"href":"http:\/\/www.grieta.org.mx\/index.php\/wp-json\/wp\/v2\/tags?post=12823"}],"curies":[{"name":"wp","href":"https:\/\/api.w.org\/{rel}","templated":true}]}}