{"id":12819,"date":"2016-05-22T18:17:39","date_gmt":"2016-05-22T18:17:39","guid":{"rendered":"http:\/\/www.grieta.org.mx\/?p=12819"},"modified":"2016-05-23T18:20:10","modified_gmt":"2016-05-23T18:20:10","slug":"reclaman-con-mitin-reinstalacion-de-docentes-jalisco","status":"publish","type":"post","link":"http:\/\/www.grieta.org.mx\/index.php\/2016\/05\/22\/reclaman-con-mitin-reinstalacion-de-docentes-jalisco\/","title":{"rendered":"Reclaman con mitin reinstalaci\u00f3n de docentes (Jalisco)"},"content":{"rendered":"<p>Violeta Mel\u00e9ndez<\/p>\n<p> Un grupo de maestros lleva un mes en protesta en la Plaza de la Liberaci\u00f3n para exigir se reinstalen a sus 185 hom\u00f3logos que fueron cesados del sistema educativo p\u00fablico por resistirse a presentar la evaluaci\u00f3n docente; los paristas, que han suspendido clases en algunas escuelas, sostienen que los despidos son ilegales.<\/p>\n<p>\u201cVenimos plante\u00e1ndole al gobierno del estado que resuelva dos demandas: la liberaci\u00f3n de pagos a los compa\u00f1eros cesados de salario devengado, que no sabemos qu\u00e9 pas\u00f3 con ese dinero; la otra es la reinstalaci\u00f3n de los compa\u00f1eros en los mismos t\u00e9rminos que estaban antes de que fueran cesados; es decir, sin que pierdan sus derechos\u201d.<\/p>\n<p>\u201cNos pretenden aplicar una reforma educativa que contraviene el art\u00edculo 14 de la Constituci\u00f3n que dice que ninguna ley debe ser retroactiva, compa\u00f1eros que tenemos con 10, 15 \u00f3 20 a\u00f1os de servicio, quieren borrarlos de un plumazo con la adquisici\u00f3n de estos derechos\u201d, coment\u00f3 en rueda de prensa Jos\u00e9 de Jes\u00fas Castro L\u00f3pez, maestro y vocero del Frente Magisterial de Jalisco.<\/p>\n<p>En el caso de Jalisco, la mayor\u00eda de los 185 maestros despedidos por no presentar la evaluaci\u00f3n docente, que a nivel nacional implic\u00f3 el despido de3 mil 100 docentes, pertenecen al Colegio de Bachilleres del Estado de Jalisco (Cobaej), cuya representaci\u00f3n en el plant\u00f3n local asegura que la reforma educativa pretende privatizar poco a poco la educaci\u00f3n.<\/p>\n<p>Adem\u00e1s, los maestros inconformes se\u00f1alaron que rechazan el despojo de sus hom\u00f3logos paristas de la Plaza de Santo Domingo en la Ciudad de M\u00e9xico, se solidarizaron con ellos y responsabilizaron al gobierno federal de cualquier da\u00f1o que sufran los docentes.<\/p>\n<p>Tambi\u00e9n se quejaron de que el movimiento magisterial en contra de la reforma educativa en el pa\u00eds ha sido minimizado por el gobierno y por los medios, de manera que aprovecharon para asegurar que actualmente son 200 mil los maestros que est\u00e1n en paros y que prev\u00e9n iniciar una huelga ante los despidos de 3 mil docentes reacios a la evaluaci\u00f3n. Finalmente, reconocieron no estar dando clases en diferentes partes del estado.<\/p>\n<p><a href=\"http:\/\/www.ntrguadalajara.com\/post.php?id_nota=39748\" target=\"_blank\">http:\/\/www.ntrguadalajara.com\/post.php?id_nota=39748<\/a><\/p>\n","protected":false},"excerpt":{"rendered":"<p>Violeta Mel\u00e9ndez Un grupo de maestros lleva un mes en protesta en la Plaza de la Liberaci\u00f3n para exigir se reinstalen a sus 185 hom\u00f3logos que fueron cesados del sistema &hellip; <a href=\"http:\/\/www.grieta.org.mx\/index.php\/2016\/05\/22\/reclaman-con-mitin-reinstalacion-de-docentes-jalisco\/\" class=\"more-link\">Leer m\u00e1s<\/a><\/p>\n","protected":false},"author":2,"featured_media":21928,"comment_status":"closed","ping_status":"closed","sticky":false,"template":"","format":"standard","meta":{"ngg_post_thumbnail":0,"_jetpack_newsletter_access":"","_jetpack_dont_email_post_to_subs":false,"_jetpack_newsletter_tier_id":0,"_jetpack_memberships_contains_paywalled_content":false,"_jetpack_memberships_contains_paid_content":false,"footnotes":""},"categories":[80,230],"tags":[135,147],"class_list":["post-12819","post","type-post","status-publish","format-standard","has-post-thumbnail","hentry","category-cintillo","category-jalisco","tag-reforma-educativa","tag-trabajo","entry"],"jetpack_featured_media_url":"http:\/\/www.grieta.org.mx\/wp-content\/uploads\/2018\/03\/14524434_1106112876131411_958039263622046936_o.jpg","jetpack_sharing_enabled":true,"jetpack_shortlink":"https:\/\/wp.me\/p7ZJR4-3kL","jetpack_likes_enabled":false,"jetpack-related-posts":[{"id":35489,"url":"http:\/\/www.grieta.org.mx\/index.php\/2019\/06\/21\/exigen-maestros-su-reinstalacion-tras-ser-cesados-por-la-anterior-reforma-educativa-jalisco\/","url_meta":{"origin":12819,"position":0},"title":"Exigen maestros su reinstalaci\u00f3n tras ser cesados por la anterior reforma educativa (Jalisco)","author":"grieta","date":"21 junio, 2019","format":false,"excerpt":"Foto: Rosario Bare\u00f1o Son 183\u00a0 docentes en Jalisco con antiguedad de hasta 20 a\u00f1os que fueron cesados; 72 de educaci\u00f3n b\u00e1sica y 111 de educaci\u00f3n media-superior Rosario Bare\u00f1o \/ El Occidental Exigen maestros la reinstalaci\u00f3n de sus plazas tras ser cesados en marzo del 2016 por no aceptar ser evaluados\u2026","rel":"","context":"En &quot;CINTILLO&quot;","block_context":{"text":"CINTILLO","link":"http:\/\/www.grieta.org.mx\/index.php\/category\/cintillo\/"},"img":{"alt_text":"","src":"https:\/\/i0.wp.com\/www.grieta.org.mx\/wp-content\/uploads\/2019\/06\/mestros.jpg?resize=350%2C200","width":350,"height":200,"srcset":"https:\/\/i0.wp.com\/www.grieta.org.mx\/wp-content\/uploads\/2019\/06\/mestros.jpg?resize=350%2C200 1x, https:\/\/i0.wp.com\/www.grieta.org.mx\/wp-content\/uploads\/2019\/06\/mestros.jpg?resize=525%2C300 1.5x, https:\/\/i0.wp.com\/www.grieta.org.mx\/wp-content\/uploads\/2019\/06\/mestros.jpg?resize=700%2C400 2x"},"classes":[]},{"id":30088,"url":"http:\/\/www.grieta.org.mx\/index.php\/2019\/01\/30\/maestros-cesados-con-la-reforma-educativa-montan-planton-en-el-congreso-de-sonora\/","url_meta":{"origin":12819,"position":1},"title":"Maestros cesados con la reforma educativa montan plant\u00f3n en el Congreso de Sonora","author":"grieta","date":"30 enero, 2019","format":false,"excerpt":"Milton Mart\u00ednez\/APRO HERMOSILLO, Son.- Un grupo de 52 maestros sonorenses que fueron desalojados de sus aulas con la ayuda de la polic\u00eda estatal por oponerse a la evaluaci\u00f3n exigida por la reforma educativa instal\u00f3 un plant\u00f3n permanente en las escalinatas principales que conducen al Congreso local para exigir su reinstalaci\u00f3n\u2026","rel":"","context":"En &quot;CINTILLO&quot;","block_context":{"text":"CINTILLO","link":"http:\/\/www.grieta.org.mx\/index.php\/category\/cintillo\/"},"img":{"alt_text":"","src":"https:\/\/i0.wp.com\/www.grieta.org.mx\/wp-content\/uploads\/2019\/03\/maestros-sonorenses.jpg?resize=350%2C200","width":350,"height":200,"srcset":"https:\/\/i0.wp.com\/www.grieta.org.mx\/wp-content\/uploads\/2019\/03\/maestros-sonorenses.jpg?resize=350%2C200 1x, https:\/\/i0.wp.com\/www.grieta.org.mx\/wp-content\/uploads\/2019\/03\/maestros-sonorenses.jpg?resize=525%2C300 1.5x, https:\/\/i0.wp.com\/www.grieta.org.mx\/wp-content\/uploads\/2019\/03\/maestros-sonorenses.jpg?resize=700%2C400 2x, https:\/\/i0.wp.com\/www.grieta.org.mx\/wp-content\/uploads\/2019\/03\/maestros-sonorenses.jpg?resize=1050%2C600 3x"},"classes":[]},{"id":34553,"url":"http:\/\/www.grieta.org.mx\/index.php\/2019\/06\/06\/protestan-maestros-en-morelos-exigen-su-reinstalacion\/","url_meta":{"origin":12819,"position":2},"title":"Protestan maestros en Morelos; exigen su reinstalaci\u00f3n","author":"grieta","date":"6 junio, 2019","format":false,"excerpt":"Rubicela Morelos Cruz \/ MSN Noticias Titular de la SFP, Irma Er\u00e9ndira Sandoval Ballesteros \/ ARCHIVO. EL UNIVERSAL Secretar\u00eda de la Funci\u00f3n P\u00fablica inhabilita a 400 Israel Ram\u00edrez Camacho fue asesinado al querer subir a su auto. Foto tomada del portal del municipio de Tlaquepaque Asesinan a funcionario del ayuntamiento\u2026","rel":"","context":"En &quot;CINTILLO&quot;","block_context":{"text":"CINTILLO","link":"http:\/\/www.grieta.org.mx\/index.php\/category\/cintillo\/"},"img":{"alt_text":"","src":"https:\/\/i0.wp.com\/www.grieta.org.mx\/wp-content\/uploads\/2019\/06\/AACv17u.img_.jpg?resize=350%2C200","width":350,"height":200,"srcset":"https:\/\/i0.wp.com\/www.grieta.org.mx\/wp-content\/uploads\/2019\/06\/AACv17u.img_.jpg?resize=350%2C200 1x, https:\/\/i0.wp.com\/www.grieta.org.mx\/wp-content\/uploads\/2019\/06\/AACv17u.img_.jpg?resize=525%2C300 1.5x, https:\/\/i0.wp.com\/www.grieta.org.mx\/wp-content\/uploads\/2019\/06\/AACv17u.img_.jpg?resize=700%2C400 2x"},"classes":[]},{"id":3171,"url":"http:\/\/www.grieta.org.mx\/index.php\/2016\/08\/23\/movilizaciones-contra-la-reforma-educativa-y-la-evaluacion-magisterial-en-jalisco\/","url_meta":{"origin":12819,"position":3},"title":"Movilizaciones contra la Reforma educativa y evaluaci\u00f3n magisterial en Jalisco","author":"grieta","date":"23 agosto, 2016","format":false,"excerpt":"23\/08\/16. Maestros se manifestaron en el Aeropuerto Internacional de Guadalajara contra la Reforma Educativa Canal 44 23\/08\/16. Maestros en la regi\u00f3n de Los Altos trabajan bajo protesta (Video)Canal 44 27\/07\/16. Bloquean maestros casetasAM Lagos de Moreno 17\/07\/16. Frente Magisterial advierte accionesNtr Guadalajara 04\/07\/16. Abuchean a Aurelio Nu\u00f1o en JaliscoProceso 23\/06\/16.\u2026","rel":"","context":"En &quot;Jalisco&quot;","block_context":{"text":"Jalisco","link":"http:\/\/www.grieta.org.mx\/index.php\/category\/noticias-nacionales\/jalisco\/"},"img":{"alt_text":"","src":"https:\/\/i0.wp.com\/www.grieta.org.mx\/wp-content\/uploads\/2018\/03\/14524434_1106112876131411_958039263622046936_o.jpg?resize=350%2C200","width":350,"height":200,"srcset":"https:\/\/i0.wp.com\/www.grieta.org.mx\/wp-content\/uploads\/2018\/03\/14524434_1106112876131411_958039263622046936_o.jpg?resize=350%2C200 1x, https:\/\/i0.wp.com\/www.grieta.org.mx\/wp-content\/uploads\/2018\/03\/14524434_1106112876131411_958039263622046936_o.jpg?resize=525%2C300 1.5x, https:\/\/i0.wp.com\/www.grieta.org.mx\/wp-content\/uploads\/2018\/03\/14524434_1106112876131411_958039263622046936_o.jpg?resize=700%2C400 2x"},"classes":[]},{"id":17183,"url":"http:\/\/www.grieta.org.mx\/index.php\/2016\/07\/17\/frente-magisterial-advierte-acciones-jalisco\/","url_meta":{"origin":12819,"position":4},"title":"Frente Magisterial advierte acciones (Jalisco)","author":"grieta","date":"17 julio, 2016","format":false,"excerpt":"Analy S. Nu\u00f1o, Con la advertencia de elevar el car\u00e1cter e intensidad de las acciones a lo largo de la pr\u00f3xima semana, en caso de no ser atendidas sus demandas, el Frente Magisterial de Jalisco exigi\u00f3 la reinstalaci\u00f3n y el pago inmediato de salarios devengados a los 181 maestros cesados.\u2026","rel":"","context":"En &quot;CINTILLO&quot;","block_context":{"text":"CINTILLO","link":"http:\/\/www.grieta.org.mx\/index.php\/category\/cintillo\/"},"img":{"alt_text":"","src":"https:\/\/i0.wp.com\/www.grieta.org.mx\/wp-content\/uploads\/2018\/03\/14524434_1106112876131411_958039263622046936_o.jpg?resize=350%2C200","width":350,"height":200,"srcset":"https:\/\/i0.wp.com\/www.grieta.org.mx\/wp-content\/uploads\/2018\/03\/14524434_1106112876131411_958039263622046936_o.jpg?resize=350%2C200 1x, https:\/\/i0.wp.com\/www.grieta.org.mx\/wp-content\/uploads\/2018\/03\/14524434_1106112876131411_958039263622046936_o.jpg?resize=525%2C300 1.5x, https:\/\/i0.wp.com\/www.grieta.org.mx\/wp-content\/uploads\/2018\/03\/14524434_1106112876131411_958039263622046936_o.jpg?resize=700%2C400 2x"},"classes":[]},{"id":11431,"url":"http:\/\/www.grieta.org.mx\/index.php\/2016\/04\/27\/maestros-cesados-no-han-sido-dados-de-baja-solo-les-retienen-el-salario\/","url_meta":{"origin":12819,"position":5},"title":"Maestros cesados no han sido dados de baja, s\u00f3lo les retienen el salario","author":"grieta","date":"27 abril, 2016","format":false,"excerpt":"Por Adri\u00e1n Montiel Gonz\u00e1lez Acusan a L\u00f3pez Lara de inacci\u00f3n, pese a compromisos Profesores de la CNTE se\u00f1alaron que hasta el momento la SEP y la SEJ ha retenido los salarios de 179 profesores que presumiblemente iban a ser dados de baja Profesores de la Coordinadora Nacional de Trabajadores de\u2026","rel":"","context":"En &quot;CINTILLO&quot;","block_context":{"text":"CINTILLO","link":"http:\/\/www.grieta.org.mx\/index.php\/category\/cintillo\/"},"img":{"alt_text":"","src":"https:\/\/i0.wp.com\/www.grieta.org.mx\/wp-content\/uploads\/2018\/03\/14524434_1106112876131411_958039263622046936_o.jpg?resize=350%2C200","width":350,"height":200,"srcset":"https:\/\/i0.wp.com\/www.grieta.org.mx\/wp-content\/uploads\/2018\/03\/14524434_1106112876131411_958039263622046936_o.jpg?resize=350%2C200 1x, https:\/\/i0.wp.com\/www.grieta.org.mx\/wp-content\/uploads\/2018\/03\/14524434_1106112876131411_958039263622046936_o.jpg?resize=525%2C300 1.5x, https:\/\/i0.wp.com\/www.grieta.org.mx\/wp-content\/uploads\/2018\/03\/14524434_1106112876131411_958039263622046936_o.jpg?resize=700%2C400 2x"},"classes":[]}],"_links":{"self":[{"href":"http:\/\/www.grieta.org.mx\/index.php\/wp-json\/wp\/v2\/posts\/12819","targetHints":{"allow":["GET"]}}],"collection":[{"href":"http:\/\/www.grieta.org.mx\/index.php\/wp-json\/wp\/v2\/posts"}],"about":[{"href":"http:\/\/www.grieta.org.mx\/index.php\/wp-json\/wp\/v2\/types\/post"}],"author":[{"embeddable":true,"href":"http:\/\/www.grieta.org.mx\/index.php\/wp-json\/wp\/v2\/users\/2"}],"replies":[{"embeddable":true,"href":"http:\/\/www.grieta.org.mx\/index.php\/wp-json\/wp\/v2\/comments?post=12819"}],"version-history":[{"count":1,"href":"http:\/\/www.grieta.org.mx\/index.php\/wp-json\/wp\/v2\/posts\/12819\/revisions"}],"predecessor-version":[{"id":12821,"href":"http:\/\/www.grieta.org.mx\/index.php\/wp-json\/wp\/v2\/posts\/12819\/revisions\/12821"}],"wp:featuredmedia":[{"embeddable":true,"href":"http:\/\/www.grieta.org.mx\/index.php\/wp-json\/wp\/v2\/media\/21928"}],"wp:attachment":[{"href":"http:\/\/www.grieta.org.mx\/index.php\/wp-json\/wp\/v2\/media?parent=12819"}],"wp:term":[{"taxonomy":"category","embeddable":true,"href":"http:\/\/www.grieta.org.mx\/index.php\/wp-json\/wp\/v2\/categories?post=12819"},{"taxonomy":"post_tag","embeddable":true,"href":"http:\/\/www.grieta.org.mx\/index.php\/wp-json\/wp\/v2\/tags?post=12819"}],"curies":[{"name":"wp","href":"https:\/\/api.w.org\/{rel}","templated":true}]}}