{"id":12807,"date":"2016-05-12T17:43:03","date_gmt":"2016-05-12T17:43:03","guid":{"rendered":"http:\/\/www.grieta.org.mx\/?p=12807"},"modified":"2016-05-23T18:05:17","modified_gmt":"2016-05-23T18:05:17","slug":"para-tomarlo-en-cuenta-ecocidio-parte-i","status":"publish","type":"post","link":"http:\/\/www.grieta.org.mx\/index.php\/2016\/05\/12\/para-tomarlo-en-cuenta-ecocidio-parte-i\/","title":{"rendered":"Para Tomarlo en Cuenta: Ecocidio (Parte I)"},"content":{"rendered":"<p>Canal 44<\/p>\n<p>Una cat\u00e1strofe ambiental se cierne sobre Guadalajara a medida que los desarrollos inmobiliarios se multiplican por toda la ciudad a costa de las \u00e1reas verdes. Edificios departamentales y fraccionamientos de casas diminutas sustituyen los parques y jardines de una urbe que contin\u00faa creciendo sin control.<\/p>\n<div class=\"jetpack-video-wrapper\"><iframe loading=\"lazy\" title=\"Para Tomarlo en Cuenta: Ecocidio (Parte I)\" width=\"1170\" height=\"658\" src=\"https:\/\/www.youtube.com\/embed\/F7PjWwMPU0A?feature=oembed\" frameborder=\"0\" allow=\"accelerometer; autoplay; clipboard-write; encrypted-media; gyroscope; picture-in-picture\" allowfullscreen><\/iframe><\/div>\n","protected":false},"excerpt":{"rendered":"<p>Canal 44 Una cat\u00e1strofe ambiental se cierne sobre Guadalajara a medida que los desarrollos inmobiliarios se multiplican por toda la ciudad a costa de las \u00e1reas verdes. Edificios departamentales y &hellip; <a href=\"http:\/\/www.grieta.org.mx\/index.php\/2016\/05\/12\/para-tomarlo-en-cuenta-ecocidio-parte-i\/\" class=\"more-link\">Leer m\u00e1s<\/a><\/p>\n","protected":false},"author":2,"featured_media":21928,"comment_status":"closed","ping_status":"closed","sticky":false,"template":"","format":"standard","meta":{"ngg_post_thumbnail":0,"_jetpack_newsletter_access":"","_jetpack_dont_email_post_to_subs":false,"_jetpack_newsletter_tier_id":0,"_jetpack_memberships_contains_paywalled_content":false,"_jetpack_memberships_contains_paid_content":false,"footnotes":""},"categories":[80,230],"tags":[184,464,399],"class_list":["post-12807","post","type-post","status-publish","format-standard","has-post-thumbnail","hentry","category-cintillo","category-jalisco","tag-despojo","tag-impacto-ambiental","tag-proyecto-inmobiliario","entry"],"jetpack_featured_media_url":"http:\/\/www.grieta.org.mx\/wp-content\/uploads\/2018\/03\/14524434_1106112876131411_958039263622046936_o.jpg","jetpack_sharing_enabled":true,"jetpack_shortlink":"https:\/\/wp.me\/p7ZJR4-3kz","jetpack_likes_enabled":false,"jetpack-related-posts":[{"id":20814,"url":"http:\/\/www.grieta.org.mx\/index.php\/2016\/09\/03\/contaminacion-ambiental-en-guanajuato\/","url_meta":{"origin":12807,"position":0},"title":"Contaminaci\u00f3n ambiental en Guanajuato","author":"grieta","date":"3 septiembre, 2016","format":false,"excerpt":"03\/09\/16. Envenenan Salamanca Peri\u00f3dico am","rel":"","context":"En &quot;CINTILLO&quot;","block_context":{"text":"CINTILLO","link":"http:\/\/www.grieta.org.mx\/index.php\/category\/cintillo\/"},"img":{"alt_text":"","src":"https:\/\/i0.wp.com\/www.grieta.org.mx\/wp-content\/uploads\/2018\/03\/14524434_1106112876131411_958039263622046936_o.jpg?resize=350%2C200","width":350,"height":200,"srcset":"https:\/\/i0.wp.com\/www.grieta.org.mx\/wp-content\/uploads\/2018\/03\/14524434_1106112876131411_958039263622046936_o.jpg?resize=350%2C200 1x, https:\/\/i0.wp.com\/www.grieta.org.mx\/wp-content\/uploads\/2018\/03\/14524434_1106112876131411_958039263622046936_o.jpg?resize=525%2C300 1.5x, https:\/\/i0.wp.com\/www.grieta.org.mx\/wp-content\/uploads\/2018\/03\/14524434_1106112876131411_958039263622046936_o.jpg?resize=700%2C400 2x"},"classes":[]},{"id":3637,"url":"http:\/\/www.grieta.org.mx\/index.php\/2016\/03\/18\/impacto-ambiental-en-durango-por-mineria\/","url_meta":{"origin":12807,"position":1},"title":"Impacto ambiental en Durango por miner\u00eda","author":"grieta","date":"18 marzo, 2016","format":false,"excerpt":"04\/03\/16. Clausura Profepa mina en Ot\u00e1ez Hacemos Periodismo","rel":"","context":"En &quot;Durango&quot;","block_context":{"text":"Durango","link":"http:\/\/www.grieta.org.mx\/index.php\/category\/noticias-nacionales\/durango\/"},"img":{"alt_text":"","src":"https:\/\/i0.wp.com\/www.grieta.org.mx\/wp-content\/uploads\/2018\/03\/14524434_1106112876131411_958039263622046936_o.jpg?resize=350%2C200","width":350,"height":200,"srcset":"https:\/\/i0.wp.com\/www.grieta.org.mx\/wp-content\/uploads\/2018\/03\/14524434_1106112876131411_958039263622046936_o.jpg?resize=350%2C200 1x, https:\/\/i0.wp.com\/www.grieta.org.mx\/wp-content\/uploads\/2018\/03\/14524434_1106112876131411_958039263622046936_o.jpg?resize=525%2C300 1.5x, https:\/\/i0.wp.com\/www.grieta.org.mx\/wp-content\/uploads\/2018\/03\/14524434_1106112876131411_958039263622046936_o.jpg?resize=700%2C400 2x"},"classes":[]},{"id":15805,"url":"http:\/\/www.grieta.org.mx\/index.php\/2016\/07\/04\/impacto-ambiental-en-coahuila-por-mineria\/","url_meta":{"origin":12807,"position":2},"title":"Impacto ambiental en Coahuila por miner\u00eda","author":"grieta","date":"4 julio, 2016","format":false,"excerpt":"03\/07\/16. Derrame de t\u00f3xico de mina mata a animales en Coahuila El Tiempo","rel":"","context":"En &quot;Coahuila&quot;","block_context":{"text":"Coahuila","link":"http:\/\/www.grieta.org.mx\/index.php\/category\/noticias-nacionales\/coahuila\/"},"img":{"alt_text":"","src":"https:\/\/i0.wp.com\/www.grieta.org.mx\/wp-content\/uploads\/2018\/03\/14524434_1106112876131411_958039263622046936_o.jpg?resize=350%2C200","width":350,"height":200,"srcset":"https:\/\/i0.wp.com\/www.grieta.org.mx\/wp-content\/uploads\/2018\/03\/14524434_1106112876131411_958039263622046936_o.jpg?resize=350%2C200 1x, https:\/\/i0.wp.com\/www.grieta.org.mx\/wp-content\/uploads\/2018\/03\/14524434_1106112876131411_958039263622046936_o.jpg?resize=525%2C300 1.5x, https:\/\/i0.wp.com\/www.grieta.org.mx\/wp-content\/uploads\/2018\/03\/14524434_1106112876131411_958039263622046936_o.jpg?resize=700%2C400 2x"},"classes":[]},{"id":36617,"url":"http:\/\/www.grieta.org.mx\/index.php\/2019\/07\/19\/espejo-del-olvido-documental-sobre-la-vida-de-las-comunidades-aledanas-a-la-presa-endho-hidalgo\/","url_meta":{"origin":12807,"position":3},"title":"&#8220;Espejo del olvido&#8221; documental sobre la vida de las comunidades aleda\u00f1as a la Presa Endh\u00f3 (Hidalgo)","author":"Admin","date":"19 julio, 2019","format":false,"excerpt":"Direcci\u00f3n, fotograf\u00eda y edici\u00f3n: \u00a0Armando de la Cruz El siguiente cortometraje del 2011 documenta el desastre ambiental y sus repercusiones en la vida y la salud de la comunidades ribere\u00f1as de la Presa Endh\u00f3 en donde hasta la fecha se vierten los desechos t\u00f3xicos de\u00a0la refiner\u00eda de Petr\u00f3leos Mexicanos (Pemex),\u2026","rel":"","context":"En &quot;CINTILLO&quot;","block_context":{"text":"CINTILLO","link":"http:\/\/www.grieta.org.mx\/index.php\/category\/cintillo\/"},"img":{"alt_text":"","src":"https:\/\/i0.wp.com\/www.grieta.org.mx\/wp-content\/uploads\/2019\/07\/Captura-de-pantalla-2019-07-19-20.26.01.png?resize=350%2C200","width":350,"height":200,"srcset":"https:\/\/i0.wp.com\/www.grieta.org.mx\/wp-content\/uploads\/2019\/07\/Captura-de-pantalla-2019-07-19-20.26.01.png?resize=350%2C200 1x, https:\/\/i0.wp.com\/www.grieta.org.mx\/wp-content\/uploads\/2019\/07\/Captura-de-pantalla-2019-07-19-20.26.01.png?resize=525%2C300 1.5x, https:\/\/i0.wp.com\/www.grieta.org.mx\/wp-content\/uploads\/2019\/07\/Captura-de-pantalla-2019-07-19-20.26.01.png?resize=700%2C400 2x"},"classes":[]},{"id":36603,"url":"http:\/\/www.grieta.org.mx\/index.php\/2019\/07\/18\/hidalgo-enfrenta-emergencia-ambiental-por-aire-y-agua-contaminados\/","url_meta":{"origin":12807,"position":4},"title":"Hidalgo enfrenta emergencia ambiental por aire y agua contaminados","author":"Admin","date":"18 julio, 2019","format":false,"excerpt":"Redacci\u00f3n \/ Cultura Colectiva La Secretar\u00eda de Medio Ambiente y Recursos Naturales (Semarnat) declar\u00f3 el martes pasado la emergencia ambiental en varios municipios de Hidalgo, debido a que la contaminaci\u00f3n del aire y el agua ha convertido a ese lugar en una zona pr\u00e1cticamente inhabitable. V\u00edctor Toledo, titular de la\u2026","rel":"","context":"En &quot;CINTILLO&quot;","block_context":{"text":"CINTILLO","link":"http:\/\/www.grieta.org.mx\/index.php\/category\/cintillo\/"},"img":{"alt_text":"","src":"https:\/\/i0.wp.com\/www.grieta.org.mx\/wp-content\/uploads\/2019\/07\/presa-endho-high.jpg?resize=350%2C200","width":350,"height":200,"srcset":"https:\/\/i0.wp.com\/www.grieta.org.mx\/wp-content\/uploads\/2019\/07\/presa-endho-high.jpg?resize=350%2C200 1x, https:\/\/i0.wp.com\/www.grieta.org.mx\/wp-content\/uploads\/2019\/07\/presa-endho-high.jpg?resize=525%2C300 1.5x, https:\/\/i0.wp.com\/www.grieta.org.mx\/wp-content\/uploads\/2019\/07\/presa-endho-high.jpg?resize=700%2C400 2x"},"classes":[]},{"id":2804,"url":"http:\/\/www.grieta.org.mx\/index.php\/2016\/07\/13\/solapan-autoridades-destruccion-ambiental-en-el-sur-por-palma-africana-2\/","url_meta":{"origin":12807,"position":5},"title":"Solapan autoridades destrucci\u00f3n ambiental en el sur, por palma africana","author":"grieta","date":"13 julio, 2016","format":false,"excerpt":"13\/07\/16. Sin autorizaciones ambientales, Sagarpa promueve palma africana (Campeche) P\u00e1gin@bierta 14\/06\/16. Intenta SDR convencer a ambientalistas sobre palma africana (Campeche) P\u00e1gin@bierta 07\/05\/16. Sin autorizaci\u00f3n de Semarnat, otros 3 grandes proyectos de palma P\u00e1gin@bierta 21\/03\/16. Proyecto estrat\u00e9gico de palma de aceite en Campeche ImagenAgropecuaria 16\/03\/16. Aflora conflicto de intereses de secretario\u2026","rel":"","context":"En &quot;Agroindustria&quot;","block_context":{"text":"Agroindustria","link":"http:\/\/www.grieta.org.mx\/index.php\/category\/megaproyectos\/agroindustria\/"},"img":{"alt_text":"","src":"https:\/\/i0.wp.com\/www.grieta.org.mx\/wp-content\/uploads\/2018\/03\/14524434_1106112876131411_958039263622046936_o.jpg?resize=350%2C200","width":350,"height":200,"srcset":"https:\/\/i0.wp.com\/www.grieta.org.mx\/wp-content\/uploads\/2018\/03\/14524434_1106112876131411_958039263622046936_o.jpg?resize=350%2C200 1x, https:\/\/i0.wp.com\/www.grieta.org.mx\/wp-content\/uploads\/2018\/03\/14524434_1106112876131411_958039263622046936_o.jpg?resize=525%2C300 1.5x, https:\/\/i0.wp.com\/www.grieta.org.mx\/wp-content\/uploads\/2018\/03\/14524434_1106112876131411_958039263622046936_o.jpg?resize=700%2C400 2x"},"classes":[]}],"_links":{"self":[{"href":"http:\/\/www.grieta.org.mx\/index.php\/wp-json\/wp\/v2\/posts\/12807","targetHints":{"allow":["GET"]}}],"collection":[{"href":"http:\/\/www.grieta.org.mx\/index.php\/wp-json\/wp\/v2\/posts"}],"about":[{"href":"http:\/\/www.grieta.org.mx\/index.php\/wp-json\/wp\/v2\/types\/post"}],"author":[{"embeddable":true,"href":"http:\/\/www.grieta.org.mx\/index.php\/wp-json\/wp\/v2\/users\/2"}],"replies":[{"embeddable":true,"href":"http:\/\/www.grieta.org.mx\/index.php\/wp-json\/wp\/v2\/comments?post=12807"}],"version-history":[{"count":1,"href":"http:\/\/www.grieta.org.mx\/index.php\/wp-json\/wp\/v2\/posts\/12807\/revisions"}],"predecessor-version":[{"id":12809,"href":"http:\/\/www.grieta.org.mx\/index.php\/wp-json\/wp\/v2\/posts\/12807\/revisions\/12809"}],"wp:featuredmedia":[{"embeddable":true,"href":"http:\/\/www.grieta.org.mx\/index.php\/wp-json\/wp\/v2\/media\/21928"}],"wp:attachment":[{"href":"http:\/\/www.grieta.org.mx\/index.php\/wp-json\/wp\/v2\/media?parent=12807"}],"wp:term":[{"taxonomy":"category","embeddable":true,"href":"http:\/\/www.grieta.org.mx\/index.php\/wp-json\/wp\/v2\/categories?post=12807"},{"taxonomy":"post_tag","embeddable":true,"href":"http:\/\/www.grieta.org.mx\/index.php\/wp-json\/wp\/v2\/tags?post=12807"}],"curies":[{"name":"wp","href":"https:\/\/api.w.org\/{rel}","templated":true}]}}