{"id":12769,"date":"2016-05-20T04:22:10","date_gmt":"2016-05-20T04:22:10","guid":{"rendered":"http:\/\/www.grieta.org.mx\/?p=12769"},"modified":"2016-05-23T04:22:24","modified_gmt":"2016-05-23T04:22:24","slug":"explotacion-de-mina-dana-viviendas-en-tezoyuca","status":"publish","type":"post","link":"http:\/\/www.grieta.org.mx\/index.php\/2016\/05\/20\/explotacion-de-mina-dana-viviendas-en-tezoyuca\/","title":{"rendered":"Explotaci\u00f3n de mina da\u00f1a viviendas en Tezoyuca"},"content":{"rendered":"<p><img loading=\"lazy\" decoding=\"async\" class=\"alignnone\" src=\"http:\/\/400vocesoriente.com\/wp-content\/uploads\/2016\/05\/Tezoyuca-mina2.jpg\" width=\"728\" height=\"437\" \/><br \/>\nDa\u00f1os estructurales y riesgo de colapso a las viviendas contiguas a la mina.<\/p>\n<p>Tezoyuca, estado de M\u00e9xico- Vecinos de la comunidad de La Concepci\u00f3n en Tezoyuca demandaron el cierre de la mina \u201cEl Tezoyo o Ocupulco\u201d, de donde se extraen actualmente materiales p\u00e9treos como Tezontle para la construcci\u00f3n de Nuevo Aeropuerto Internacional de la Ciudad de M\u00e9xico (NAICM), debido a que por las constantes detonaciones por la utilizaci\u00f3n de explosivos para la fragmentaci\u00f3n de la roca, el funcionamiento de grandes taladros y el paso de camiones pesados y maquinaria, ha provocado el da\u00f1o en la estructura de m\u00e1s de 60 viviendas.<\/p>\n<p>La explotaci\u00f3n indiscriminada de la mina, que abarca 42 hect\u00e1reas entre los municipios de Tezoyuca y Chiautla, ha provocado que decenas de casas queden entre uno y cinco metros de los taludes y desfiladeros, poniendo en riesgo la integridad de cientos de familias. Asimismo m\u00e1s de 20 mil colonos se han visto afectados con el da\u00f1o en calles y accesos por el paso diario de decenas de g\u00f3ndolas y camiones de volteo.<\/p>\n<p>Los vecinos que se han opuesto a la operaci\u00f3n de la mina han recibido amenazas por parte de los due\u00f1os y encargados de la mina, incluso la casa de una de las inconformes fue baleada como forma a que desistan de sus movilizaciones.<\/p>\n<p>Los colonos informaron que desde diciembre pasado, la mina comenz\u00f3 a tener una actividad constante las 24 horas del d\u00eda, porque cientos de camiones trasladan el tezontle desde el banco del material hasta los terrenos federales donde se edifica el NAICM en la zona de San Salvador Atenco y Texcoco.<\/p>\n<p>Antes la mina, que existe desde 1966, oper\u00f2 bajo una concesi\u00f3n para la extracci\u00f3n de materiales para la construcci\u00f3n de la autopista Pe\u00f1\u00f2n-Texcoco; y a lo largo de los a\u00f1os recientes era explotada en algunos periodos. En 2007 ocurri\u00f3 una explosi\u00f3n de grandes magnitudes da\u00f1ando decenas de viviendas.<\/p>\n<p><img loading=\"lazy\" decoding=\"async\" class=\"alignnone\" src=\"http:\/\/400vocesoriente.com\/wp-content\/uploads\/2016\/05\/Tezoyuca-mina1.jpg\" width=\"730\" height=\"501\" \/><br \/>\nEl trabajo en la excavaci\u00f3n no para.<\/p>\n<p>Incluso en 2012, el expresidente municipal de Chiautla pidi\u00f3 a la federaci\u00f3n la donaci\u00f3n de la mina para \u00e1rea natural, en donde la Direcci\u00f3n General de Recursos Materiales de la Federaci\u00f3n dio el visto bueno al Instituto de Administraci\u00f3n Aval\u00faos y Bienes Nacionales (INDAABIN) para que fuera utilizada para otros fines \u00e9sta \u00e1rea, lo cual nunca se concret\u00f3.<\/p>\n<p>Con el inicio de la construcci\u00f3n del NAICM, la mina comenz\u00f3 su explotaci\u00f3n y a casi cinco meses miles de toneladas de tezontle han sido extra\u00eddas. Con explosivos y grandes taladros, los trabajadores fragmentan parte de los rocas, lo que ha causado vibraciones contantes; adem\u00e1s se habilit\u00f3 un camino para la salida y entrada de camiones pesados.<\/p>\n<p>\u201cNostros hemos acudido a diversas dependencias, incluso vino ya protecci\u00f3n civil a realizar un dictamen y afirm\u00f3 que la mina es de alto riesgo sino cuenta con medidas de protecci\u00f3n y Sedena vino a verificar el uso de explosivos, quienes nos informaron que no hay permisos para utilizar \u00e9stos\u201d.<\/p>\n<p>Los vecinos denunciaron que Ren\u00e9 Mart\u00ednez, qui\u00e9n aseguran se ha adjudicado ilegalmente la extracci\u00f3n del material porque la mina no es de su propiedad porque el due\u00f1o es la Federaci\u00f3n.<\/p>\n<p>Recientemente los vecinos se volvieron a reagrupar para exigir el cierre de la mina por los da\u00f1os que ha causado y han realizado ya varias movilizaciones, incluso bloqueos de calles para evitar el paso de camiones pesados.<\/p>\n<p>\u201cRen\u00e9 Mart\u00ednez nos ha dicho de manera prepotente que es amigo del presidente, Enrique Pe\u00f1a, nos ha amenazado que si bloqueamos sus camiones va actuar contra nosotros. Ya han baleado la casa de una de nuestras vecinas y ya hay amenazas de querer demandarnos por extorsi\u00f3n. Ha habido negligencia, apat\u00eda y corrupci\u00f3n por parte de las autoridades para hacernos caso y clausurar la mina\u201d, denunciaron.<\/p>\n<p>H\u00e9ctor Galindo Gochicoa, abogado de los vecinos inform\u00f3 que est\u00e1n en la elaboraci\u00f3n de una demanda y una solicitud de amparo en contra de la operaci\u00f3n de la mina. \u201cHay a todas luces un robo a la naci\u00f3n, hay una tortura sicol\u00f3gica hacia a los habitantes por las amenazas y hay un contubernio y campa\u00f1a de intimidaci\u00f3n\u201d.<\/p>\n<p><a href=\"http:\/\/400vocesoriente.com\/explotacion-de-mina-dana-viviendas\/\" target=\"_blank\">http:\/\/400vocesoriente.com\/explotacion-de-mina-dana-viviendas\/<\/a><\/p>\n","protected":false},"excerpt":{"rendered":"<p>Da\u00f1os estructurales y riesgo de colapso a las viviendas contiguas a la mina. Tezoyuca, estado de M\u00e9xico- Vecinos de la comunidad de La Concepci\u00f3n en Tezoyuca demandaron el cierre de &hellip; <a href=\"http:\/\/www.grieta.org.mx\/index.php\/2016\/05\/20\/explotacion-de-mina-dana-viviendas-en-tezoyuca\/\" class=\"more-link\">Leer m\u00e1s<\/a><\/p>\n","protected":false},"author":2,"featured_media":21928,"comment_status":"closed","ping_status":"closed","sticky":false,"template":"","format":"standard","meta":{"ngg_post_thumbnail":0,"_jetpack_newsletter_access":"","_jetpack_dont_email_post_to_subs":false,"_jetpack_newsletter_tier_id":0,"_jetpack_memberships_contains_paywalled_content":false,"_jetpack_memberships_contains_paid_content":false,"footnotes":""},"categories":[80],"tags":[143,97,92],"class_list":["post-12769","post","type-post","status-publish","format-standard","has-post-thumbnail","hentry","category-cintillo","tag-aeropuerto-de-la-ciudad-de-mexico","tag-comunicaciones-y-transportes","tag-estado-de-mexico","entry"],"jetpack_featured_media_url":"http:\/\/www.grieta.org.mx\/wp-content\/uploads\/2018\/03\/14524434_1106112876131411_958039263622046936_o.jpg","jetpack_sharing_enabled":true,"jetpack_shortlink":"https:\/\/wp.me\/p7ZJR4-3jX","jetpack_likes_enabled":false,"jetpack-related-posts":[{"id":12324,"url":"http:\/\/www.grieta.org.mx\/index.php\/2016\/05\/13\/peligran-familias-de-tezoyuca-al-quedar-sus-casas-en-orilla-de-mina\/","url_meta":{"origin":12769,"position":0},"title":"Peligran familias de Tezoyuca al quedar sus casas en orilla de mina","author":"grieta","date":"13 mayo, 2016","format":false,"excerpt":"TEZOYUCA. M\u00e9x. 13 de mayo 2016.- Maquinas y camiones de carga extraen sin consideraci\u00f3n tezontle de una mina que limita con casa de los barrios La Resurecci\u00f3n y La Concepci\u00f3n, para llevar el material a las obras del aeropuerto en el ex lago de Texcoco. Sin embargo, el sacar material\u2026","rel":"","context":"En &quot;CINTILLO&quot;","block_context":{"text":"CINTILLO","link":"http:\/\/www.grieta.org.mx\/index.php\/category\/cintillo\/"},"img":{"alt_text":"","src":"https:\/\/i0.wp.com\/www.grieta.org.mx\/wp-content\/uploads\/2018\/03\/14524434_1106112876131411_958039263622046936_o.jpg?resize=350%2C200","width":350,"height":200,"srcset":"https:\/\/i0.wp.com\/www.grieta.org.mx\/wp-content\/uploads\/2018\/03\/14524434_1106112876131411_958039263622046936_o.jpg?resize=350%2C200 1x, https:\/\/i0.wp.com\/www.grieta.org.mx\/wp-content\/uploads\/2018\/03\/14524434_1106112876131411_958039263622046936_o.jpg?resize=525%2C300 1.5x, https:\/\/i0.wp.com\/www.grieta.org.mx\/wp-content\/uploads\/2018\/03\/14524434_1106112876131411_958039263622046936_o.jpg?resize=700%2C400 2x"},"classes":[]},{"id":16529,"url":"http:\/\/www.grieta.org.mx\/index.php\/2016\/06\/17\/edomex-empresa-minera-reanuda-trabajos-ilegalmente\/","url_meta":{"origin":12769,"position":1},"title":"Edomex: Empresa minera reanuda trabajos ilegalmente","author":"grieta","date":"17 junio, 2016","format":false,"excerpt":"Javier Salinas Ces\u00e1reo Tezoyuca, M\u00e9x. Trabajadores de la mina \u201cEl Tezoyo o Ocupulco\u201d y la empresa Mart\u00ednez Villegas S.A de C.V, retiraron ilegalmente los sellos de clausura que el pasado mi\u00e9rcoles coloc\u00f3 la direcci\u00f3n de desarrollo urbano del gobierno del estado de M\u00e9xico para suspender temporalmente su operaci\u00f3n, en donde\u2026","rel":"","context":"En &quot;CINTILLO&quot;","block_context":{"text":"CINTILLO","link":"http:\/\/www.grieta.org.mx\/index.php\/category\/cintillo\/"},"img":{"alt_text":"","src":"https:\/\/i0.wp.com\/www.grieta.org.mx\/wp-content\/uploads\/2018\/03\/14524434_1106112876131411_958039263622046936_o.jpg?resize=350%2C200","width":350,"height":200,"srcset":"https:\/\/i0.wp.com\/www.grieta.org.mx\/wp-content\/uploads\/2018\/03\/14524434_1106112876131411_958039263622046936_o.jpg?resize=350%2C200 1x, https:\/\/i0.wp.com\/www.grieta.org.mx\/wp-content\/uploads\/2018\/03\/14524434_1106112876131411_958039263622046936_o.jpg?resize=525%2C300 1.5x, https:\/\/i0.wp.com\/www.grieta.org.mx\/wp-content\/uploads\/2018\/03\/14524434_1106112876131411_958039263622046936_o.jpg?resize=700%2C400 2x"},"classes":[]},{"id":1053,"url":"http:\/\/www.grieta.org.mx\/index.php\/2016\/08\/22\/despojo-de-tierra-por-nuevo-aeropuerto-en-el-edomex\/","url_meta":{"origin":12769,"position":2},"title":"Despojo de tierra por nuevo aeropuerto en el Edomex","author":"grieta","date":"22 agosto, 2016","format":false,"excerpt":"22\/08\/16. Exigen destituir al comisariado de Tocuila por desalojo contra FPDTRegeneraci\u00f3n 19\/08\/16. Grupo de choque desmantela plant\u00f3n de ejidatarios del FPDT en TocuilaReporteros en Movimiento 19\/08\/16. Golpeadores agreden a pedradas a reporteros en la zona del conflicto en el ejido de TocuilaReporteros en Movimiento 19\/08\/16. Agreden golpeadores a ejidatarios en\u2026","rel":"","context":"En &quot;Estado de M\u00e9xico&quot;","block_context":{"text":"Estado de M\u00e9xico","link":"http:\/\/www.grieta.org.mx\/index.php\/category\/noticias-nacionales\/estado-de-mexico\/"},"img":{"alt_text":"","src":"https:\/\/i0.wp.com\/www.grieta.org.mx\/wp-content\/uploads\/2018\/03\/14524434_1106112876131411_958039263622046936_o.jpg?resize=350%2C200","width":350,"height":200,"srcset":"https:\/\/i0.wp.com\/www.grieta.org.mx\/wp-content\/uploads\/2018\/03\/14524434_1106112876131411_958039263622046936_o.jpg?resize=350%2C200 1x, https:\/\/i0.wp.com\/www.grieta.org.mx\/wp-content\/uploads\/2018\/03\/14524434_1106112876131411_958039263622046936_o.jpg?resize=525%2C300 1.5x, https:\/\/i0.wp.com\/www.grieta.org.mx\/wp-content\/uploads\/2018\/03\/14524434_1106112876131411_958039263622046936_o.jpg?resize=700%2C400 2x"},"classes":[]},{"id":1005,"url":"http:\/\/www.grieta.org.mx\/index.php\/2015\/09\/05\/denuncian-despojo-de-tierras-en-tezoyuca-y-acolman-por-proyecto-aeroportuario\/","url_meta":{"origin":12769,"position":3},"title":"Denuncian despojo de tierras en Tezoyuca y Acolman por proyecto\u00a0aeroportuario","author":"grieta","date":"5 septiembre, 2015","format":false,"excerpt":"Los manifestantes afirmaron que en una segunda parte se van afectar m\u00e1s de 15 comunidades de los municipios de Atenco, Texcoco y Chimalhuac\u00e1n Ejidatarios de Atenco y propietarios de los terrenos expropiados en los municipios de Tezoyuca y Acolman se manifestaron para denunciar el despojo de sus tierras las cuales\u2026","rel":"","context":"En &quot;CINTILLO&quot;","block_context":{"text":"CINTILLO","link":"http:\/\/www.grieta.org.mx\/index.php\/category\/cintillo\/"},"img":{"alt_text":"","src":"https:\/\/i0.wp.com\/www.grieta.org.mx\/wp-content\/uploads\/2018\/03\/14524434_1106112876131411_958039263622046936_o.jpg?resize=350%2C200","width":350,"height":200,"srcset":"https:\/\/i0.wp.com\/www.grieta.org.mx\/wp-content\/uploads\/2018\/03\/14524434_1106112876131411_958039263622046936_o.jpg?resize=350%2C200 1x, https:\/\/i0.wp.com\/www.grieta.org.mx\/wp-content\/uploads\/2018\/03\/14524434_1106112876131411_958039263622046936_o.jpg?resize=525%2C300 1.5x, https:\/\/i0.wp.com\/www.grieta.org.mx\/wp-content\/uploads\/2018\/03\/14524434_1106112876131411_958039263622046936_o.jpg?resize=700%2C400 2x"},"classes":[]},{"id":1011,"url":"http:\/\/www.grieta.org.mx\/index.php\/2015\/09\/04\/desalojan-predios-por-autopista-que-llegara-al-nuevo-aeropuerto\/","url_meta":{"origin":12769,"position":4},"title":"Desalojan predios por autopista que llegar\u00e1 al nuevo Aeropuerto","author":"grieta","date":"4 septiembre, 2015","format":false,"excerpt":"Javier Salinas Ces\u00e1reo Tezoyuca, Edomex. Unos 400 elementos de la Polic\u00eda Federal y de la Comisi\u00f3n de Seguridad Ciudadana Estatal (CSCE) llevaron a cabo el desalojo de tres predios de mas de 8 mil metros cuadrados que el pasado 21 agosto fueron expropiados por el gobierno federal para las obras\u2026","rel":"","context":"En &quot;CINTILLO&quot;","block_context":{"text":"CINTILLO","link":"http:\/\/www.grieta.org.mx\/index.php\/category\/cintillo\/"},"img":{"alt_text":"","src":"https:\/\/i0.wp.com\/www.grieta.org.mx\/wp-content\/uploads\/2018\/03\/14524434_1106112876131411_958039263622046936_o.jpg?resize=350%2C200","width":350,"height":200,"srcset":"https:\/\/i0.wp.com\/www.grieta.org.mx\/wp-content\/uploads\/2018\/03\/14524434_1106112876131411_958039263622046936_o.jpg?resize=350%2C200 1x, https:\/\/i0.wp.com\/www.grieta.org.mx\/wp-content\/uploads\/2018\/03\/14524434_1106112876131411_958039263622046936_o.jpg?resize=525%2C300 1.5x, https:\/\/i0.wp.com\/www.grieta.org.mx\/wp-content\/uploads\/2018\/03\/14524434_1106112876131411_958039263622046936_o.jpg?resize=700%2C400 2x"},"classes":[]},{"id":1004,"url":"http:\/\/www.grieta.org.mx\/index.php\/2015\/09\/05\/el-frente-de-pueblos-en-defensa-de-la-tierra-apoya-protesta-de-afectados-por-autopista-piramides-texcoco\/","url_meta":{"origin":12769,"position":5},"title":"El Frente de Pueblos en Defensa de la Tierra apoya protesta de afectados por autopista Pir\u00e1mides-Texcoco","author":"grieta","date":"5 septiembre, 2015","format":false,"excerpt":"Gloria Aguilar Mateos TEZOYUCA. M\u00e9x., 5 de septiembre del 2015.- ejidatarios de Tequisistl\u00e1n en Tezoyuca, protestaron con el apoyo del Frente de Pueblos en Defensa de la tierra (FPDT) por la expropiaci\u00f3n de sus terrenos para la construcci\u00f3n de la autopista Pir\u00e1mides Texcoco, que ser\u00e1 parte del la infraestructura carretera\u2026","rel":"","context":"En &quot;CINTILLO&quot;","block_context":{"text":"CINTILLO","link":"http:\/\/www.grieta.org.mx\/index.php\/category\/cintillo\/"},"img":{"alt_text":"","src":"https:\/\/i0.wp.com\/www.grieta.org.mx\/wp-content\/uploads\/2018\/03\/14524434_1106112876131411_958039263622046936_o.jpg?resize=350%2C200","width":350,"height":200,"srcset":"https:\/\/i0.wp.com\/www.grieta.org.mx\/wp-content\/uploads\/2018\/03\/14524434_1106112876131411_958039263622046936_o.jpg?resize=350%2C200 1x, https:\/\/i0.wp.com\/www.grieta.org.mx\/wp-content\/uploads\/2018\/03\/14524434_1106112876131411_958039263622046936_o.jpg?resize=525%2C300 1.5x, https:\/\/i0.wp.com\/www.grieta.org.mx\/wp-content\/uploads\/2018\/03\/14524434_1106112876131411_958039263622046936_o.jpg?resize=700%2C400 2x"},"classes":[]}],"_links":{"self":[{"href":"http:\/\/www.grieta.org.mx\/index.php\/wp-json\/wp\/v2\/posts\/12769","targetHints":{"allow":["GET"]}}],"collection":[{"href":"http:\/\/www.grieta.org.mx\/index.php\/wp-json\/wp\/v2\/posts"}],"about":[{"href":"http:\/\/www.grieta.org.mx\/index.php\/wp-json\/wp\/v2\/types\/post"}],"author":[{"embeddable":true,"href":"http:\/\/www.grieta.org.mx\/index.php\/wp-json\/wp\/v2\/users\/2"}],"replies":[{"embeddable":true,"href":"http:\/\/www.grieta.org.mx\/index.php\/wp-json\/wp\/v2\/comments?post=12769"}],"version-history":[{"count":1,"href":"http:\/\/www.grieta.org.mx\/index.php\/wp-json\/wp\/v2\/posts\/12769\/revisions"}],"predecessor-version":[{"id":12773,"href":"http:\/\/www.grieta.org.mx\/index.php\/wp-json\/wp\/v2\/posts\/12769\/revisions\/12773"}],"wp:featuredmedia":[{"embeddable":true,"href":"http:\/\/www.grieta.org.mx\/index.php\/wp-json\/wp\/v2\/media\/21928"}],"wp:attachment":[{"href":"http:\/\/www.grieta.org.mx\/index.php\/wp-json\/wp\/v2\/media?parent=12769"}],"wp:term":[{"taxonomy":"category","embeddable":true,"href":"http:\/\/www.grieta.org.mx\/index.php\/wp-json\/wp\/v2\/categories?post=12769"},{"taxonomy":"post_tag","embeddable":true,"href":"http:\/\/www.grieta.org.mx\/index.php\/wp-json\/wp\/v2\/tags?post=12769"}],"curies":[{"name":"wp","href":"https:\/\/api.w.org\/{rel}","templated":true}]}}